{"id":148597,"date":"2026-01-17T15:31:34","date_gmt":"2026-01-17T18:31:34","guid":{"rendered":"https:\/\/portaltela.pt\/noticias\/2026\/01\/17\/bruno-santos-satisfeito-com-prestacao-no-dakar-2026\/"},"modified":"2026-01-17T15:31:34","modified_gmt":"2026-01-17T18:31:34","slug":"bruno-santos-satisfeito-com-prestacao-no-dakar-2026","status":"publish","type":"post","link":"https:\/\/portaltela.pt\/desporto\/2026\/01\/17\/bruno-santos-satisfeito-com-prestacao-no-dakar-2026\/","title":{"rendered":"Bruno Santos satisfeito com presta\u00e7\u00e3o no Dakar 2026"},"content":{"rendered":"<p>Bruno Santos concluiu este s\u00e1bado a participa\u00e7\u00e3o no Dakar&#8217;2026, a mais exigente prova de todo-o-terreno a n\u00edvel mundial. O piloto disputou a corrida aos comandos de uma Husqvarna 450 Rally, numa edi\u00e7\u00e3o marcada pela dureza do percurso.<\/p>\n<p>Foi o melhor entre os pilotos n\u00e3o profissionais no desporto motorizado, destacando-se pela sua performance ao longo das etapas. O ca\u00e7ula do time sueco garantiu tamb\u00e9m o lugar mais alto da marca na classifica\u00e7\u00e3o.<\/p>\n<p>Santos terminou no 7.\u00ba posto entre os pilotos da categoria Rally 2, ocupando a 17.\u00aa posi\u00e7\u00e3o na classifica\u00e7\u00e3o geral. O resultado situou-o no Top 20 absoluto j\u00e1 na quarta etapa, numa prova com mais de uma centena de concorrentes.<\/p>\n<h3>Desempenho e contexto<\/h3>\n<p>A prova realizou-se no deserto de areia da regi\u00e3o de destino, com etapas desafiantes e condi\u00e7\u00f5es adversas. O piloto mostrou consist\u00eancia e superou v\u00e1rias adversidades t\u00e9cnicas ao longo da competi\u00e7\u00e3o.<\/p>\n<h3>Classifica\u00e7\u00f5es finais<\/h3>\n<p>A posi\u00e7\u00e3o no Dakar&#8217;2026 refor\u00e7a a ambi\u00e7\u00e3o de Bruno Santos para futuras edi\u00e7\u00f5es, mantendo-se como refer\u00eancia para os pilotos amadores. A participa\u00e7\u00e3o evidencia o crescimento do curr\u00edculo desportivo do piloto e da marca Husqvarna no rally raid.<\/p>\n","protected":false},"excerpt":{"rendered":"<ul>\n<li>Bruno Santos concluiu com sucesso a participa\u00e7\u00e3o no Dakar&#8217;2026, a prova mais dura do todo-o-terreno.<\/li>\n<li>Pilotava uma Husqvarna 450 Rally e alcan\u00e7ou a melhor presta\u00e7\u00e3o entre pilotos n\u00e3o profissionais.<\/li>\n<li>Foi o melhor representante da Husqvarna, ao terminar em s\u00e9timo lugar entre os pilotos Rally 2.<\/li>\n<li>Ficou em posi\u00e7\u00e3o 17 da classifica\u00e7\u00e3o geral, mantendo-se no top 20 da prova.<\/li>\n<li>A corrida contou com mais de cem concorrentes, com o feito j\u00e1 alcan\u00e7ado na quarta etapa.<\/li>\n<\/ul>\n","protected":false},"author":2,"featured_media":148605,"comment_status":"closed","ping_status":"closed","sticky":false,"template":"","format":"standard","meta":{"footnotes":""},"categories":[21],"tags":[2614,2371,1285,152,3339,3144],"class_list":["post-148597","post","type-post","status-publish","format-standard","has-post-thumbnail","hentry","category-desporto","tag-amador","tag-automoveis","tag-competicao","tag-desporto","tag-desporto-motorizado","tag-rally-2"],"yoast_head":"<!-- This site is optimized with the Yoast SEO plugin v27.2 - https:\/\/yoast.com\/product\/yoast-seo-wordpress\/ -->\n<title>Bruno Santos satisfeito com presta\u00e7\u00e3o no Dakar 2026 - Portal Tela Portugal<\/title>\n<meta name=\"robots\" content=\"index, follow, max-snippet:-1, max-image-preview:large, max-video-preview:-1\" \/>\n<meta property=\"og:locale\" content=\"pt_PT\" \/>\n<meta property=\"og:type\" content=\"article\" \/>\n<meta property=\"og:title\" content=\"Bruno Santos satisfeito com presta\u00e7\u00e3o no Dakar 2026 - Portal Tela Portugal\" \/>\n<meta property=\"og:description\" content=\"Bruno Santos concluiu com sucesso a participa\u00e7\u00e3o no Dakar&#039;2026, a prova mais dura do todo-o-terreno. Pilotava uma Husqvarna 450 Rally e alcan\u00e7ou a melhor presta\u00e7\u00e3o entre pilotos n\u00e3o profissionais. Foi o melhor representante da Husqvarna, ao terminar em s\u00e9timo lugar entre os pilotos Rally 2. Ficou em posi\u00e7\u00e3o 17 da classifica\u00e7\u00e3o geral, mantendo-se no top 20 da prova. A corrida contou com mais de cem concorrentes, com o feito j\u00e1 alcan\u00e7ado na quarta etapa.\" \/>\n<meta property=\"og:url\" content=\"https:\/\/portaltela.pt\/noticias\/2026\/01\/17\/bruno-santos-satisfeito-com-prestacao-no-dakar-2026\/\" \/>\n<meta property=\"og:site_name\" content=\"Portal Tela Portugal\" \/>\n<meta property=\"article:published_time\" content=\"2026-01-17T18:31:34+00:00\" \/>\n<meta name=\"author\" content=\"Telinha\" \/>\n<meta name=\"twitter:card\" content=\"summary_large_image\" \/>\n<meta name=\"twitter:label1\" content=\"Escrito por\" \/>\n\t<meta name=\"twitter:data1\" content=\"Telinha\" \/>\n\t<meta name=\"twitter:label2\" content=\"Tempo estimado de leitura\" \/>\n\t<meta name=\"twitter:data2\" content=\"1 minuto\" \/>\n<script type=\"application\/ld+json\" class=\"yoast-schema-graph\">{\"@context\":\"https:\/\/schema.org\",\"@graph\":[{\"@type\":\"Article\",\"@id\":\"https:\/\/portaltela.pt\/noticias\/2026\/01\/17\/bruno-santos-satisfeito-com-prestacao-no-dakar-2026\/#article\",\"isPartOf\":{\"@id\":\"https:\/\/portaltela.pt\/noticias\/2026\/01\/17\/bruno-santos-satisfeito-com-prestacao-no-dakar-2026\/\"},\"author\":{\"name\":\"Telinha\",\"@id\":\"https:\/\/portaltela.pt\/#\/schema\/person\/c4278d4a6028830caff9ee44b42d32ed\"},\"headline\":\"Bruno Santos satisfeito com presta\u00e7\u00e3o no Dakar 2026\",\"datePublished\":\"2026-01-17T18:31:34+00:00\",\"mainEntityOfPage\":{\"@id\":\"https:\/\/portaltela.pt\/noticias\/2026\/01\/17\/bruno-santos-satisfeito-com-prestacao-no-dakar-2026\/\"},\"wordCount\":209,\"image\":{\"@id\":\"https:\/\/portaltela.pt\/noticias\/2026\/01\/17\/bruno-santos-satisfeito-com-prestacao-no-dakar-2026\/#primaryimage\"},\"thumbnailUrl\":\"https:\/\/portaltela.pt\/s.01k8rhncp4jt1\/2026\/01\/img_1200x721uu2026-01-17-18-31-07-2415386.jpg\",\"keywords\":[\"amador\",\"Autom\u00f3veis\",\"competi\u00e7\u00e3o\",\"desporto\",\"desporto motorizado\",\"Rally 2\"],\"articleSection\":[\"Desporto\"],\"inLanguage\":\"pt-PT\"},{\"@type\":\"WebPage\",\"@id\":\"https:\/\/portaltela.pt\/noticias\/2026\/01\/17\/bruno-santos-satisfeito-com-prestacao-no-dakar-2026\/\",\"url\":\"https:\/\/portaltela.pt\/noticias\/2026\/01\/17\/bruno-santos-satisfeito-com-prestacao-no-dakar-2026\/\",\"name\":\"Bruno Santos satisfeito com presta\u00e7\u00e3o no Dakar 2026 - Portal Tela Portugal\",\"isPartOf\":{\"@id\":\"https:\/\/portaltela.pt\/#website\"},\"primaryImageOfPage\":{\"@id\":\"https:\/\/portaltela.pt\/noticias\/2026\/01\/17\/bruno-santos-satisfeito-com-prestacao-no-dakar-2026\/#primaryimage\"},\"image\":{\"@id\":\"https:\/\/portaltela.pt\/noticias\/2026\/01\/17\/bruno-santos-satisfeito-com-prestacao-no-dakar-2026\/#primaryimage\"},\"thumbnailUrl\":\"https:\/\/portaltela.pt\/s.01k8rhncp4jt1\/2026\/01\/img_1200x721uu2026-01-17-18-31-07-2415386.jpg\",\"datePublished\":\"2026-01-17T18:31:34+00:00\",\"author\":{\"@id\":\"https:\/\/portaltela.pt\/#\/schema\/person\/c4278d4a6028830caff9ee44b42d32ed\"},\"breadcrumb\":{\"@id\":\"https:\/\/portaltela.pt\/noticias\/2026\/01\/17\/bruno-santos-satisfeito-com-prestacao-no-dakar-2026\/#breadcrumb\"},\"inLanguage\":\"pt-PT\",\"potentialAction\":[{\"@type\":\"ReadAction\",\"target\":[\"https:\/\/portaltela.pt\/noticias\/2026\/01\/17\/bruno-santos-satisfeito-com-prestacao-no-dakar-2026\/\"]}]},{\"@type\":\"ImageObject\",\"inLanguage\":\"pt-PT\",\"@id\":\"https:\/\/portaltela.pt\/noticias\/2026\/01\/17\/bruno-santos-satisfeito-com-prestacao-no-dakar-2026\/#primaryimage\",\"url\":\"https:\/\/portaltela.pt\/s.01k8rhncp4jt1\/2026\/01\/img_1200x721uu2026-01-17-18-31-07-2415386.jpg\",\"contentUrl\":\"https:\/\/portaltela.pt\/s.01k8rhncp4jt1\/2026\/01\/img_1200x721uu2026-01-17-18-31-07-2415386.jpg\",\"width\":796,\"height\":448,\"caption\":\"Bruno Santos radiante com presta\u00e7\u00e3o no Dakar'2026: \u00abMuito contente por poder competir a este n\u00edvel\u00bb\"},{\"@type\":\"BreadcrumbList\",\"@id\":\"https:\/\/portaltela.pt\/noticias\/2026\/01\/17\/bruno-santos-satisfeito-com-prestacao-no-dakar-2026\/#breadcrumb\",\"itemListElement\":[{\"@type\":\"ListItem\",\"position\":1,\"name\":\"In\u00edcio\",\"item\":\"https:\/\/portaltela.pt\/\"},{\"@type\":\"ListItem\",\"position\":2,\"name\":\"Bruno Santos satisfeito com presta\u00e7\u00e3o no Dakar 2026\"}]},{\"@type\":\"WebSite\",\"@id\":\"https:\/\/portaltela.pt\/#website\",\"url\":\"https:\/\/portaltela.pt\/\",\"name\":\"Portal Tela Portugal\",\"description\":\"\",\"potentialAction\":[{\"@type\":\"SearchAction\",\"target\":{\"@type\":\"EntryPoint\",\"urlTemplate\":\"https:\/\/portaltela.pt\/?s={search_term_string}\"},\"query-input\":{\"@type\":\"PropertyValueSpecification\",\"valueRequired\":true,\"valueName\":\"search_term_string\"}}],\"inLanguage\":\"pt-PT\"},{\"@type\":\"Person\",\"@id\":\"https:\/\/portaltela.pt\/#\/schema\/person\/c4278d4a6028830caff9ee44b42d32ed\",\"name\":\"Telinha\",\"image\":{\"@type\":\"ImageObject\",\"inLanguage\":\"pt-PT\",\"@id\":\"https:\/\/portaltela.pt\/s.01k8rhncp4jt1\/2025\/11\/talking-bot-125x125.png\",\"url\":\"https:\/\/portaltela.pt\/s.01k8rhncp4jt1\/2025\/11\/talking-bot-125x125.png\",\"contentUrl\":\"https:\/\/portaltela.pt\/s.01k8rhncp4jt1\/2025\/11\/talking-bot-125x125.png\",\"caption\":\"Telinha\"},\"sameAs\":[\"https:\/\/portaltela.pt\/\"],\"url\":\"https:\/\/portaltela.pt\/por\/367410592786\/\"}]}<\/script>\n<!-- \/ Yoast SEO plugin. -->","yoast_head_json":{"title":"Bruno Santos satisfeito com presta\u00e7\u00e3o no Dakar 2026 - Portal Tela Portugal","robots":{"index":"index","follow":"follow","max-snippet":"max-snippet:-1","max-image-preview":"max-image-preview:large","max-video-preview":"max-video-preview:-1"},"og_locale":"pt_PT","og_type":"article","og_title":"Bruno Santos satisfeito com presta\u00e7\u00e3o no Dakar 2026 - Portal Tela Portugal","og_description":"Bruno Santos concluiu com sucesso a participa\u00e7\u00e3o no Dakar'2026, a prova mais dura do todo-o-terreno. Pilotava uma Husqvarna 450 Rally e alcan\u00e7ou a melhor presta\u00e7\u00e3o entre pilotos n\u00e3o profissionais. Foi o melhor representante da Husqvarna, ao terminar em s\u00e9timo lugar entre os pilotos Rally 2. Ficou em posi\u00e7\u00e3o 17 da classifica\u00e7\u00e3o geral, mantendo-se no top 20 da prova. A corrida contou com mais de cem concorrentes, com o feito j\u00e1 alcan\u00e7ado na quarta etapa.","og_url":"https:\/\/portaltela.pt\/noticias\/2026\/01\/17\/bruno-santos-satisfeito-com-prestacao-no-dakar-2026\/","og_site_name":"Portal Tela Portugal","article_published_time":"2026-01-17T18:31:34+00:00","author":"Telinha","twitter_card":"summary_large_image","twitter_misc":{"Escrito por":"Telinha","Tempo estimado de leitura":"1 minuto"},"schema":{"@context":"https:\/\/schema.org","@graph":[{"@type":"Article","@id":"https:\/\/portaltela.pt\/noticias\/2026\/01\/17\/bruno-santos-satisfeito-com-prestacao-no-dakar-2026\/#article","isPartOf":{"@id":"https:\/\/portaltela.pt\/noticias\/2026\/01\/17\/bruno-santos-satisfeito-com-prestacao-no-dakar-2026\/"},"author":{"name":"Telinha","@id":"https:\/\/portaltela.pt\/#\/schema\/person\/c4278d4a6028830caff9ee44b42d32ed"},"headline":"Bruno Santos satisfeito com presta\u00e7\u00e3o no Dakar 2026","datePublished":"2026-01-17T18:31:34+00:00","mainEntityOfPage":{"@id":"https:\/\/portaltela.pt\/noticias\/2026\/01\/17\/bruno-santos-satisfeito-com-prestacao-no-dakar-2026\/"},"wordCount":209,"image":{"@id":"https:\/\/portaltela.pt\/noticias\/2026\/01\/17\/bruno-santos-satisfeito-com-prestacao-no-dakar-2026\/#primaryimage"},"thumbnailUrl":"https:\/\/portaltela.pt\/s.01k8rhncp4jt1\/2026\/01\/img_1200x721uu2026-01-17-18-31-07-2415386.jpg","keywords":["amador","Autom\u00f3veis","competi\u00e7\u00e3o","desporto","desporto motorizado","Rally 2"],"articleSection":["Desporto"],"inLanguage":"pt-PT"},{"@type":"WebPage","@id":"https:\/\/portaltela.pt\/noticias\/2026\/01\/17\/bruno-santos-satisfeito-com-prestacao-no-dakar-2026\/","url":"https:\/\/portaltela.pt\/noticias\/2026\/01\/17\/bruno-santos-satisfeito-com-prestacao-no-dakar-2026\/","name":"Bruno Santos satisfeito com presta\u00e7\u00e3o no Dakar 2026 - Portal Tela Portugal","isPartOf":{"@id":"https:\/\/portaltela.pt\/#website"},"primaryImageOfPage":{"@id":"https:\/\/portaltela.pt\/noticias\/2026\/01\/17\/bruno-santos-satisfeito-com-prestacao-no-dakar-2026\/#primaryimage"},"image":{"@id":"https:\/\/portaltela.pt\/noticias\/2026\/01\/17\/bruno-santos-satisfeito-com-prestacao-no-dakar-2026\/#primaryimage"},"thumbnailUrl":"https:\/\/portaltela.pt\/s.01k8rhncp4jt1\/2026\/01\/img_1200x721uu2026-01-17-18-31-07-2415386.jpg","datePublished":"2026-01-17T18:31:34+00:00","author":{"@id":"https:\/\/portaltela.pt\/#\/schema\/person\/c4278d4a6028830caff9ee44b42d32ed"},"breadcrumb":{"@id":"https:\/\/portaltela.pt\/noticias\/2026\/01\/17\/bruno-santos-satisfeito-com-prestacao-no-dakar-2026\/#breadcrumb"},"inLanguage":"pt-PT","potentialAction":[{"@type":"ReadAction","target":["https:\/\/portaltela.pt\/noticias\/2026\/01\/17\/bruno-santos-satisfeito-com-prestacao-no-dakar-2026\/"]}]},{"@type":"ImageObject","inLanguage":"pt-PT","@id":"https:\/\/portaltela.pt\/noticias\/2026\/01\/17\/bruno-santos-satisfeito-com-prestacao-no-dakar-2026\/#primaryimage","url":"https:\/\/portaltela.pt\/s.01k8rhncp4jt1\/2026\/01\/img_1200x721uu2026-01-17-18-31-07-2415386.jpg","contentUrl":"https:\/\/portaltela.pt\/s.01k8rhncp4jt1\/2026\/01\/img_1200x721uu2026-01-17-18-31-07-2415386.jpg","width":796,"height":448,"caption":"Bruno Santos radiante com presta\u00e7\u00e3o no Dakar'2026: \u00abMuito contente por poder competir a este n\u00edvel\u00bb"},{"@type":"BreadcrumbList","@id":"https:\/\/portaltela.pt\/noticias\/2026\/01\/17\/bruno-santos-satisfeito-com-prestacao-no-dakar-2026\/#breadcrumb","itemListElement":[{"@type":"ListItem","position":1,"name":"In\u00edcio","item":"https:\/\/portaltela.pt\/"},{"@type":"ListItem","position":2,"name":"Bruno Santos satisfeito com presta\u00e7\u00e3o no Dakar 2026"}]},{"@type":"WebSite","@id":"https:\/\/portaltela.pt\/#website","url":"https:\/\/portaltela.pt\/","name":"Portal Tela Portugal","description":"","potentialAction":[{"@type":"SearchAction","target":{"@type":"EntryPoint","urlTemplate":"https:\/\/portaltela.pt\/?s={search_term_string}"},"query-input":{"@type":"PropertyValueSpecification","valueRequired":true,"valueName":"search_term_string"}}],"inLanguage":"pt-PT"},{"@type":"Person","@id":"https:\/\/portaltela.pt\/#\/schema\/person\/c4278d4a6028830caff9ee44b42d32ed","name":"Telinha","image":{"@type":"ImageObject","inLanguage":"pt-PT","@id":"https:\/\/portaltela.pt\/s.01k8rhncp4jt1\/2025\/11\/talking-bot-125x125.png","url":"https:\/\/portaltela.pt\/s.01k8rhncp4jt1\/2025\/11\/talking-bot-125x125.png","contentUrl":"https:\/\/portaltela.pt\/s.01k8rhncp4jt1\/2025\/11\/talking-bot-125x125.png","caption":"Telinha"},"sameAs":["https:\/\/portaltela.pt\/"],"url":"https:\/\/portaltela.pt\/por\/367410592786\/"}]}},"_links":{"self":[{"href":"https:\/\/portaltela.pt\/api\/wp\/v2\/posts\/148597","targetHints":{"allow":["GET"]}}],"collection":[{"href":"https:\/\/portaltela.pt\/api\/wp\/v2\/posts"}],"about":[{"href":"https:\/\/portaltela.pt\/api\/wp\/v2\/types\/post"}],"author":[{"embeddable":true,"href":"https:\/\/portaltela.pt\/api\/wp\/v2\/users\/2"}],"replies":[{"embeddable":true,"href":"https:\/\/portaltela.pt\/api\/wp\/v2\/comments?post=148597"}],"version-history":[{"count":0,"href":"https:\/\/portaltela.pt\/api\/wp\/v2\/posts\/148597\/revisions"}],"wp:featuredmedia":[{"embeddable":true,"href":"https:\/\/portaltela.pt\/api\/wp\/v2\/media\/148605"}],"wp:attachment":[{"href":"https:\/\/portaltela.pt\/api\/wp\/v2\/media?parent=148597"}],"wp:term":[{"taxonomy":"category","embeddable":true,"href":"https:\/\/portaltela.pt\/api\/wp\/v2\/categories?post=148597"},{"taxonomy":"post_tag","embeddable":true,"href":"https:\/\/portaltela.pt\/api\/wp\/v2\/tags?post=148597"}],"curies":[{"name":"wp","href":"https:\/\/api.w.org\/{rel}","templated":true}]}}