{"id":148565,"date":"2026-01-17T06:56:00","date_gmt":"2026-01-17T09:56:00","guid":{"rendered":"https:\/\/portaltela.pt\/noticias\/2026\/01\/17\/ferdinand-sugere-que-o-manchester-united-contrate-um-lunatico-com-duas-opcoes\/"},"modified":"2026-01-17T06:56:00","modified_gmt":"2026-01-17T09:56:00","slug":"ferdinand-sugere-que-o-manchester-united-contrate-um-lunatico-com-duas-opcoes","status":"publish","type":"post","link":"https:\/\/portaltela.pt\/desporto\/futebol\/2026\/01\/17\/ferdinand-sugere-que-o-manchester-united-contrate-um-lunatico-com-duas-opcoes\/","title":{"rendered":"Ferdinand sugere que o Manchester United contrate um &#8216;lun\u00e1tico&#8217;, com duas op\u00e7\u00f5es"},"content":{"rendered":"<p>Rio Ferdinand pediu ao Manchester United uma escolha radical na equipa t\u00e9cnica, defendendo a contrata\u00e7\u00e3o de um treinador \u201clun\u00e1tico\u201d para devolver o sucesso ao clube. Em declara\u00e7\u00f5es \u00e0 BBC, o antigo defesa recordou os perfis dos t\u00e9cnicos que passaram por Old Trafford.<\/p>\n<p>O ex-jogador elogiou o leque de treinadores ao longo da hist\u00f3ria do United, desde o astuto Louis van Gaal ao peso de Jos\u00e9 Mourinho, passando por nomes em ascens\u00e3o como Ten Hag e Amorim, al\u00e9m de quem conhece bem o clube, como Velhas Lendas.<\/p>\n<p>Ferdinand referiu que o rumo atual exige uma figura apaixonada, desinibida pela press\u00e3o medi\u00e1tica, capaz de agarrar a oportunidade de imediato. Apontou dois nomes como adequados a esse estilo.<\/p>\n<h3>Nomes sugeridos por Ferdinand<\/h3>\n<p>Segundo o comentador, Conte \u00e9 uma hip\u00f3tese que surge com evid\u00eancia, por ter mostrado capacidade de entrar r\u00e1pido e de vencer com clubes em posi\u00e7\u00f5es baixas. O segundo candidato seria De Zerbi, reconhecido pelo constru\u00e7\u00e3o de identidade de jogo.<\/p>\n<p>A an\u00e1lise do antigo defesa surge numa altura em que o United atravessa mudan\u00e7as na lideran\u00e7a t\u00e9cnica, com Ruben Amorim j\u00e1 fora e Michael Carrick a orientar o clube de forma interina no d\u00e9rbi deste s\u00e1bado.<\/p>\n<p>No passado recente, Darren Fletcher assumiu responsabilidades interinas ap\u00f3s a sa\u00edda de Amorim, registando um empate e uma derrota. A partida deste fim de semana fica marcada pela presen\u00e7a de Carrick no banco.<\/p>\n","protected":false},"excerpt":{"rendered":"<ul>\n<li>Rio Ferdinand pediu ao Manchester United que contrate um treinador \u201clun\u00e1tico\u201d para devolver o sucesso, numa entrevista \u00e0 BBC.<\/li>\n<li>O antigo jogador fez uma leitura dos perfis de treinadores que passaram por Old Trafford, defendendo agora algu\u00e9m apaixonado e que n\u00e3o tenha medo dos media.<\/li>\n<li>Indicou duas possibilidades: Antonio Conte, que sabe agarrar oportunidades, e Roberto De Zerbi, que j\u00e1 implementou estilos de jogo em v\u00e1rios clubes.<\/li>\n<li>Ferdinand disse ficar satisfeito com qualquer um dos dois, desde que combinem agressividade com uma identidade clara de jogo.<\/li>\n<li>No presente, Ruben Amorim j\u00e1 foi substitu\u00eddo por Darren Fletcher, e no d\u00e9rbi de s\u00e1bado, Michael Carrick \u00e9 o treinador interino no banco.<\/li>\n<\/ul>\n","protected":false},"author":2,"featured_media":148570,"comment_status":"closed","ping_status":"closed","sticky":false,"template":"","format":"standard","meta":{"footnotes":""},"categories":[21,24],"tags":[2868,2513,32,3187,2512,1643],"class_list":["post-148565","post","type-post","status-publish","format-standard","has-post-thumbnail","hentry","category-desporto","category-futebol","tag-amorim","tag-darren-fletcher","tag-futebol","tag-manchester-united","tag-michael-carrick","tag-ruben-amorim"],"yoast_head":"<!-- This site is optimized with the Yoast SEO plugin v27.2 - https:\/\/yoast.com\/product\/yoast-seo-wordpress\/ -->\n<title>Ferdinand sugere que o Manchester United contrate um &#039;lun\u00e1tico&#039;, com duas op\u00e7\u00f5es - Portal Tela Portugal<\/title>\n<meta name=\"robots\" content=\"index, follow, max-snippet:-1, max-image-preview:large, max-video-preview:-1\" \/>\n<meta property=\"og:locale\" content=\"pt_PT\" \/>\n<meta property=\"og:type\" content=\"article\" \/>\n<meta property=\"og:title\" content=\"Ferdinand sugere que o Manchester United contrate um &#039;lun\u00e1tico&#039;, com duas op\u00e7\u00f5es - Portal Tela Portugal\" \/>\n<meta property=\"og:description\" content=\"Rio Ferdinand pediu ao Manchester United que contrate um treinador \u201clun\u00e1tico\u201d para devolver o sucesso, numa entrevista \u00e0 BBC. O antigo jogador fez uma leitura dos perfis de treinadores que passaram por Old Trafford, defendendo agora algu\u00e9m apaixonado e que n\u00e3o tenha medo dos media. Indicou duas possibilidades: Antonio Conte, que sabe agarrar oportunidades, e Roberto De Zerbi, que j\u00e1 implementou estilos de jogo em v\u00e1rios clubes. Ferdinand disse ficar satisfeito com qualquer um dos dois, desde que combinem agressividade com uma identidade clara de jogo. No presente, Ruben Amorim j\u00e1 foi substitu\u00eddo por Darren Fletcher, e no d\u00e9rbi de s\u00e1bado, Michael Carrick \u00e9 o treinador interino no banco.\" \/>\n<meta property=\"og:url\" content=\"https:\/\/portaltela.pt\/noticias\/2026\/01\/17\/ferdinand-sugere-que-o-manchester-united-contrate-um-lunatico-com-duas-opcoes\/\" \/>\n<meta property=\"og:site_name\" content=\"Portal Tela Portugal\" \/>\n<meta property=\"article:published_time\" content=\"2026-01-17T09:56:00+00:00\" \/>\n<meta name=\"author\" content=\"Telinha\" \/>\n<meta name=\"twitter:card\" content=\"summary_large_image\" \/>\n<meta name=\"twitter:label1\" content=\"Escrito por\" \/>\n\t<meta name=\"twitter:data1\" content=\"Telinha\" \/>\n\t<meta name=\"twitter:label2\" content=\"Tempo estimado de leitura\" \/>\n\t<meta name=\"twitter:data2\" content=\"1 minuto\" \/>\n<script type=\"application\/ld+json\" class=\"yoast-schema-graph\">{\"@context\":\"https:\/\/schema.org\",\"@graph\":[{\"@type\":\"Article\",\"@id\":\"https:\/\/portaltela.pt\/noticias\/2026\/01\/17\/ferdinand-sugere-que-o-manchester-united-contrate-um-lunatico-com-duas-opcoes\/#article\",\"isPartOf\":{\"@id\":\"https:\/\/portaltela.pt\/noticias\/2026\/01\/17\/ferdinand-sugere-que-o-manchester-united-contrate-um-lunatico-com-duas-opcoes\/\"},\"author\":{\"name\":\"Telinha\",\"@id\":\"https:\/\/portaltela.pt\/#\/schema\/person\/c4278d4a6028830caff9ee44b42d32ed\"},\"headline\":\"Ferdinand sugere que o Manchester United contrate um &#8216;lun\u00e1tico&#8217;, com duas op\u00e7\u00f5es\",\"datePublished\":\"2026-01-17T09:56:00+00:00\",\"mainEntityOfPage\":{\"@id\":\"https:\/\/portaltela.pt\/noticias\/2026\/01\/17\/ferdinand-sugere-que-o-manchester-united-contrate-um-lunatico-com-duas-opcoes\/\"},\"wordCount\":263,\"image\":{\"@id\":\"https:\/\/portaltela.pt\/noticias\/2026\/01\/17\/ferdinand-sugere-que-o-manchester-united-contrate-um-lunatico-com-duas-opcoes\/#primaryimage\"},\"thumbnailUrl\":\"https:\/\/portaltela.pt\/s.01k8rhncp4jt1\/2026\/01\/img_920x518uu2025-08-27-23-50-25-2386301-im-639042407098223202-4.jpg\",\"keywords\":[\"Amorim\",\"Darren Fletcher\",\"futebol\",\"Manchester United\",\"Michael Carrick\",\"Ruben Amorim\"],\"articleSection\":[\"Desporto\",\"Futebol\"],\"inLanguage\":\"pt-PT\"},{\"@type\":\"WebPage\",\"@id\":\"https:\/\/portaltela.pt\/noticias\/2026\/01\/17\/ferdinand-sugere-que-o-manchester-united-contrate-um-lunatico-com-duas-opcoes\/\",\"url\":\"https:\/\/portaltela.pt\/noticias\/2026\/01\/17\/ferdinand-sugere-que-o-manchester-united-contrate-um-lunatico-com-duas-opcoes\/\",\"name\":\"Ferdinand sugere que o Manchester United contrate um 'lun\u00e1tico', com duas op\u00e7\u00f5es - Portal Tela Portugal\",\"isPartOf\":{\"@id\":\"https:\/\/portaltela.pt\/#website\"},\"primaryImageOfPage\":{\"@id\":\"https:\/\/portaltela.pt\/noticias\/2026\/01\/17\/ferdinand-sugere-que-o-manchester-united-contrate-um-lunatico-com-duas-opcoes\/#primaryimage\"},\"image\":{\"@id\":\"https:\/\/portaltela.pt\/noticias\/2026\/01\/17\/ferdinand-sugere-que-o-manchester-united-contrate-um-lunatico-com-duas-opcoes\/#primaryimage\"},\"thumbnailUrl\":\"https:\/\/portaltela.pt\/s.01k8rhncp4jt1\/2026\/01\/img_920x518uu2025-08-27-23-50-25-2386301-im-639042407098223202-4.jpg\",\"datePublished\":\"2026-01-17T09:56:00+00:00\",\"author\":{\"@id\":\"https:\/\/portaltela.pt\/#\/schema\/person\/c4278d4a6028830caff9ee44b42d32ed\"},\"breadcrumb\":{\"@id\":\"https:\/\/portaltela.pt\/noticias\/2026\/01\/17\/ferdinand-sugere-que-o-manchester-united-contrate-um-lunatico-com-duas-opcoes\/#breadcrumb\"},\"inLanguage\":\"pt-PT\",\"potentialAction\":[{\"@type\":\"ReadAction\",\"target\":[\"https:\/\/portaltela.pt\/noticias\/2026\/01\/17\/ferdinand-sugere-que-o-manchester-united-contrate-um-lunatico-com-duas-opcoes\/\"]}]},{\"@type\":\"ImageObject\",\"inLanguage\":\"pt-PT\",\"@id\":\"https:\/\/portaltela.pt\/noticias\/2026\/01\/17\/ferdinand-sugere-que-o-manchester-united-contrate-um-lunatico-com-duas-opcoes\/#primaryimage\",\"url\":\"https:\/\/portaltela.pt\/s.01k8rhncp4jt1\/2026\/01\/img_920x518uu2025-08-27-23-50-25-2386301-im-639042407098223202-4.jpg\",\"contentUrl\":\"https:\/\/portaltela.pt\/s.01k8rhncp4jt1\/2026\/01\/img_920x518uu2025-08-27-23-50-25-2386301-im-639042407098223202-4.jpg\",\"width\":796,\"height\":448,\"caption\":\"Rio Ferdinand, lenda do Manchester United\"},{\"@type\":\"BreadcrumbList\",\"@id\":\"https:\/\/portaltela.pt\/noticias\/2026\/01\/17\/ferdinand-sugere-que-o-manchester-united-contrate-um-lunatico-com-duas-opcoes\/#breadcrumb\",\"itemListElement\":[{\"@type\":\"ListItem\",\"position\":1,\"name\":\"In\u00edcio\",\"item\":\"https:\/\/portaltela.pt\/\"},{\"@type\":\"ListItem\",\"position\":2,\"name\":\"Ferdinand sugere que o Manchester United contrate um &#8216;lun\u00e1tico&#8217;, com duas op\u00e7\u00f5es\"}]},{\"@type\":\"WebSite\",\"@id\":\"https:\/\/portaltela.pt\/#website\",\"url\":\"https:\/\/portaltela.pt\/\",\"name\":\"Portal Tela Portugal\",\"description\":\"\",\"potentialAction\":[{\"@type\":\"SearchAction\",\"target\":{\"@type\":\"EntryPoint\",\"urlTemplate\":\"https:\/\/portaltela.pt\/?s={search_term_string}\"},\"query-input\":{\"@type\":\"PropertyValueSpecification\",\"valueRequired\":true,\"valueName\":\"search_term_string\"}}],\"inLanguage\":\"pt-PT\"},{\"@type\":\"Person\",\"@id\":\"https:\/\/portaltela.pt\/#\/schema\/person\/c4278d4a6028830caff9ee44b42d32ed\",\"name\":\"Telinha\",\"image\":{\"@type\":\"ImageObject\",\"inLanguage\":\"pt-PT\",\"@id\":\"https:\/\/portaltela.pt\/s.01k8rhncp4jt1\/2025\/11\/talking-bot-125x125.png\",\"url\":\"https:\/\/portaltela.pt\/s.01k8rhncp4jt1\/2025\/11\/talking-bot-125x125.png\",\"contentUrl\":\"https:\/\/portaltela.pt\/s.01k8rhncp4jt1\/2025\/11\/talking-bot-125x125.png\",\"caption\":\"Telinha\"},\"sameAs\":[\"https:\/\/portaltela.pt\/\"],\"url\":\"https:\/\/portaltela.pt\/por\/367410592786\/\"}]}<\/script>\n<!-- \/ Yoast SEO plugin. -->","yoast_head_json":{"title":"Ferdinand sugere que o Manchester United contrate um 'lun\u00e1tico', com duas op\u00e7\u00f5es - Portal Tela Portugal","robots":{"index":"index","follow":"follow","max-snippet":"max-snippet:-1","max-image-preview":"max-image-preview:large","max-video-preview":"max-video-preview:-1"},"og_locale":"pt_PT","og_type":"article","og_title":"Ferdinand sugere que o Manchester United contrate um 'lun\u00e1tico', com duas op\u00e7\u00f5es - Portal Tela Portugal","og_description":"Rio Ferdinand pediu ao Manchester United que contrate um treinador \u201clun\u00e1tico\u201d para devolver o sucesso, numa entrevista \u00e0 BBC. O antigo jogador fez uma leitura dos perfis de treinadores que passaram por Old Trafford, defendendo agora algu\u00e9m apaixonado e que n\u00e3o tenha medo dos media. Indicou duas possibilidades: Antonio Conte, que sabe agarrar oportunidades, e Roberto De Zerbi, que j\u00e1 implementou estilos de jogo em v\u00e1rios clubes. Ferdinand disse ficar satisfeito com qualquer um dos dois, desde que combinem agressividade com uma identidade clara de jogo. No presente, Ruben Amorim j\u00e1 foi substitu\u00eddo por Darren Fletcher, e no d\u00e9rbi de s\u00e1bado, Michael Carrick \u00e9 o treinador interino no banco.","og_url":"https:\/\/portaltela.pt\/noticias\/2026\/01\/17\/ferdinand-sugere-que-o-manchester-united-contrate-um-lunatico-com-duas-opcoes\/","og_site_name":"Portal Tela Portugal","article_published_time":"2026-01-17T09:56:00+00:00","author":"Telinha","twitter_card":"summary_large_image","twitter_misc":{"Escrito por":"Telinha","Tempo estimado de leitura":"1 minuto"},"schema":{"@context":"https:\/\/schema.org","@graph":[{"@type":"Article","@id":"https:\/\/portaltela.pt\/noticias\/2026\/01\/17\/ferdinand-sugere-que-o-manchester-united-contrate-um-lunatico-com-duas-opcoes\/#article","isPartOf":{"@id":"https:\/\/portaltela.pt\/noticias\/2026\/01\/17\/ferdinand-sugere-que-o-manchester-united-contrate-um-lunatico-com-duas-opcoes\/"},"author":{"name":"Telinha","@id":"https:\/\/portaltela.pt\/#\/schema\/person\/c4278d4a6028830caff9ee44b42d32ed"},"headline":"Ferdinand sugere que o Manchester United contrate um &#8216;lun\u00e1tico&#8217;, com duas op\u00e7\u00f5es","datePublished":"2026-01-17T09:56:00+00:00","mainEntityOfPage":{"@id":"https:\/\/portaltela.pt\/noticias\/2026\/01\/17\/ferdinand-sugere-que-o-manchester-united-contrate-um-lunatico-com-duas-opcoes\/"},"wordCount":263,"image":{"@id":"https:\/\/portaltela.pt\/noticias\/2026\/01\/17\/ferdinand-sugere-que-o-manchester-united-contrate-um-lunatico-com-duas-opcoes\/#primaryimage"},"thumbnailUrl":"https:\/\/portaltela.pt\/s.01k8rhncp4jt1\/2026\/01\/img_920x518uu2025-08-27-23-50-25-2386301-im-639042407098223202-4.jpg","keywords":["Amorim","Darren Fletcher","futebol","Manchester United","Michael Carrick","Ruben Amorim"],"articleSection":["Desporto","Futebol"],"inLanguage":"pt-PT"},{"@type":"WebPage","@id":"https:\/\/portaltela.pt\/noticias\/2026\/01\/17\/ferdinand-sugere-que-o-manchester-united-contrate-um-lunatico-com-duas-opcoes\/","url":"https:\/\/portaltela.pt\/noticias\/2026\/01\/17\/ferdinand-sugere-que-o-manchester-united-contrate-um-lunatico-com-duas-opcoes\/","name":"Ferdinand sugere que o Manchester United contrate um 'lun\u00e1tico', com duas op\u00e7\u00f5es - Portal Tela Portugal","isPartOf":{"@id":"https:\/\/portaltela.pt\/#website"},"primaryImageOfPage":{"@id":"https:\/\/portaltela.pt\/noticias\/2026\/01\/17\/ferdinand-sugere-que-o-manchester-united-contrate-um-lunatico-com-duas-opcoes\/#primaryimage"},"image":{"@id":"https:\/\/portaltela.pt\/noticias\/2026\/01\/17\/ferdinand-sugere-que-o-manchester-united-contrate-um-lunatico-com-duas-opcoes\/#primaryimage"},"thumbnailUrl":"https:\/\/portaltela.pt\/s.01k8rhncp4jt1\/2026\/01\/img_920x518uu2025-08-27-23-50-25-2386301-im-639042407098223202-4.jpg","datePublished":"2026-01-17T09:56:00+00:00","author":{"@id":"https:\/\/portaltela.pt\/#\/schema\/person\/c4278d4a6028830caff9ee44b42d32ed"},"breadcrumb":{"@id":"https:\/\/portaltela.pt\/noticias\/2026\/01\/17\/ferdinand-sugere-que-o-manchester-united-contrate-um-lunatico-com-duas-opcoes\/#breadcrumb"},"inLanguage":"pt-PT","potentialAction":[{"@type":"ReadAction","target":["https:\/\/portaltela.pt\/noticias\/2026\/01\/17\/ferdinand-sugere-que-o-manchester-united-contrate-um-lunatico-com-duas-opcoes\/"]}]},{"@type":"ImageObject","inLanguage":"pt-PT","@id":"https:\/\/portaltela.pt\/noticias\/2026\/01\/17\/ferdinand-sugere-que-o-manchester-united-contrate-um-lunatico-com-duas-opcoes\/#primaryimage","url":"https:\/\/portaltela.pt\/s.01k8rhncp4jt1\/2026\/01\/img_920x518uu2025-08-27-23-50-25-2386301-im-639042407098223202-4.jpg","contentUrl":"https:\/\/portaltela.pt\/s.01k8rhncp4jt1\/2026\/01\/img_920x518uu2025-08-27-23-50-25-2386301-im-639042407098223202-4.jpg","width":796,"height":448,"caption":"Rio Ferdinand, lenda do Manchester United"},{"@type":"BreadcrumbList","@id":"https:\/\/portaltela.pt\/noticias\/2026\/01\/17\/ferdinand-sugere-que-o-manchester-united-contrate-um-lunatico-com-duas-opcoes\/#breadcrumb","itemListElement":[{"@type":"ListItem","position":1,"name":"In\u00edcio","item":"https:\/\/portaltela.pt\/"},{"@type":"ListItem","position":2,"name":"Ferdinand sugere que o Manchester United contrate um &#8216;lun\u00e1tico&#8217;, com duas op\u00e7\u00f5es"}]},{"@type":"WebSite","@id":"https:\/\/portaltela.pt\/#website","url":"https:\/\/portaltela.pt\/","name":"Portal Tela Portugal","description":"","potentialAction":[{"@type":"SearchAction","target":{"@type":"EntryPoint","urlTemplate":"https:\/\/portaltela.pt\/?s={search_term_string}"},"query-input":{"@type":"PropertyValueSpecification","valueRequired":true,"valueName":"search_term_string"}}],"inLanguage":"pt-PT"},{"@type":"Person","@id":"https:\/\/portaltela.pt\/#\/schema\/person\/c4278d4a6028830caff9ee44b42d32ed","name":"Telinha","image":{"@type":"ImageObject","inLanguage":"pt-PT","@id":"https:\/\/portaltela.pt\/s.01k8rhncp4jt1\/2025\/11\/talking-bot-125x125.png","url":"https:\/\/portaltela.pt\/s.01k8rhncp4jt1\/2025\/11\/talking-bot-125x125.png","contentUrl":"https:\/\/portaltela.pt\/s.01k8rhncp4jt1\/2025\/11\/talking-bot-125x125.png","caption":"Telinha"},"sameAs":["https:\/\/portaltela.pt\/"],"url":"https:\/\/portaltela.pt\/por\/367410592786\/"}]}},"_links":{"self":[{"href":"https:\/\/portaltela.pt\/api\/wp\/v2\/posts\/148565","targetHints":{"allow":["GET"]}}],"collection":[{"href":"https:\/\/portaltela.pt\/api\/wp\/v2\/posts"}],"about":[{"href":"https:\/\/portaltela.pt\/api\/wp\/v2\/types\/post"}],"author":[{"embeddable":true,"href":"https:\/\/portaltela.pt\/api\/wp\/v2\/users\/2"}],"replies":[{"embeddable":true,"href":"https:\/\/portaltela.pt\/api\/wp\/v2\/comments?post=148565"}],"version-history":[{"count":0,"href":"https:\/\/portaltela.pt\/api\/wp\/v2\/posts\/148565\/revisions"}],"wp:featuredmedia":[{"embeddable":true,"href":"https:\/\/portaltela.pt\/api\/wp\/v2\/media\/148570"}],"wp:attachment":[{"href":"https:\/\/portaltela.pt\/api\/wp\/v2\/media?parent=148565"}],"wp:term":[{"taxonomy":"category","embeddable":true,"href":"https:\/\/portaltela.pt\/api\/wp\/v2\/categories?post=148565"},{"taxonomy":"post_tag","embeddable":true,"href":"https:\/\/portaltela.pt\/api\/wp\/v2\/tags?post=148565"}],"curies":[{"name":"wp","href":"https:\/\/api.w.org\/{rel}","templated":true}]}}