{"id":148455,"date":"2026-01-17T07:38:00","date_gmt":"2026-01-17T10:38:00","guid":{"rendered":"https:\/\/portaltela.pt\/noticias\/2026\/01\/17\/caos-em-rabat-selecao-senegalesa-cercada-por-fas-numa-estacao-de-comboios-2\/"},"modified":"2026-01-17T07:38:00","modified_gmt":"2026-01-17T10:38:00","slug":"caos-em-rabat-selecao-senegalesa-cercada-por-fas-numa-estacao-de-comboios-2","status":"publish","type":"post","link":"https:\/\/portaltela.pt\/desporto\/futebol\/2026\/01\/17\/caos-em-rabat-selecao-senegalesa-cercada-por-fas-numa-estacao-de-comboios-2\/","title":{"rendered":"Caos em Rabat: sele\u00e7\u00e3o s\u00e9negalesa cercada por f\u00e3s numa esta\u00e7\u00e3o de comboios"},"content":{"rendered":"<p>Milhares de pessoas aguardaram a chegada da sele\u00e7\u00e3o senegalesa \u00e0 esta\u00e7\u00e3o de Rabat, onde amanh\u00e3 disputa a final da CAN frente a Marrocos \u00e0s 19h. Os adeptos conseguiram aproximar-se da comitiva, que se dirigiu para um autocarro, e o ambiente degringolou em tumulto.<\/p>\n<p>A multid\u00e3o instalou-se pr\u00f3ximo do percurso da comitiva, gerando desordem e entrave ao acesso a ve\u00edculos oficiais. N\u00e3o h\u00e1 registos oficiais de feridos at\u00e9 ao momento, mas o incidente atrasou o equipamento da equipa.<\/p>\n<p>A final da CAN disputa-se amanh\u00e3 em Rabat, envolvendo Senegal e Marrocos, com hor\u00e1rio de in\u00edcio marcado para as 19h locais. A tens\u00e3o no espa\u00e7o da esta\u00e7\u00e3o ressuscitou debates sobre seguran\u00e7a em eventos de grande dimens\u00e3o.<\/p>\n<h3>Contexto de seguran\u00e7a<\/h3>\n<p>A Federa\u00e7\u00e3o Senegalesa de Futebol lamentou a aus\u00eancia de um dispositivo de seguran\u00e7a adequado, que, segundo o organismo, deixou a equipa exposta a riscos e a uma situa\u00e7\u00e3o de grande promiscuidade que n\u00e3o se adequa a uma final de elevada competitividade.<\/p>\n<p>Segundo a federa\u00e7\u00e3o, o epis\u00f3dio demonstra falhas na organiza\u00e7\u00e3o do acolhimento da delega\u00e7\u00e3o. As autoridades ainda n\u00e3o divulgaram medidas adicionais, mas asseguram que v\u00e3o rever os procedimentos de seguran\u00e7a para futuras desloca\u00e7\u00f5es.<\/p>\n","protected":false},"excerpt":{"rendered":"<ul>\n<li>Milhares de pessoas aguardavam a chegada da sele\u00e7\u00e3o senegalesa \u00e0 esta\u00e7\u00e3o de Rabat, onde amanh\u00e3 se disputa a final da CAN frente a Marrocos \u00e0s 19h.<\/li>\n<li>Os adeptos conseguiram aproximar-se da comitiva quando esta se dirigia a um autocarro, instalando-se o caos.<\/li>\n<li>A Federa\u00e7\u00e3o Senegalesa de Futebol emitiu comunicado a lamentar a aus\u00eancia de um dispositivo de seguran\u00e7a adequado.<\/li>\n<li>A nota afirma que a falha exp\u00f4s jogadores e a equipa t\u00e9cnica a uma promiscuidade e a riscos incompat\u00edveis com os padr\u00f5es de uma final intercontinental.<\/li>\n<li>A final est\u00e1 marcada para amanh\u00e3, em Rabat.<\/li>\n<\/ul>\n","protected":false},"author":2,"featured_media":148464,"comment_status":"closed","ping_status":"closed","sticky":false,"template":"","format":"standard","meta":{"footnotes":""},"categories":[21,24],"tags":[32,2857,2508,250,2057,1883],"class_list":["post-148455","post","type-post","status-publish","format-standard","has-post-thumbnail","hentry","category-desporto","category-futebol","tag-futebol","tag-protestos","tag-rabat","tag-seguranca-publica","tag-selecao-nacional","tag-senegal"],"yoast_head":"<!-- This site is optimized with the Yoast SEO plugin v27.2 - https:\/\/yoast.com\/product\/yoast-seo-wordpress\/ -->\n<title>Caos em Rabat: sele\u00e7\u00e3o s\u00e9negalesa cercada por f\u00e3s numa esta\u00e7\u00e3o de comboios - Portal Tela Portugal<\/title>\n<meta name=\"robots\" content=\"index, follow, max-snippet:-1, max-image-preview:large, max-video-preview:-1\" \/>\n<meta property=\"og:locale\" content=\"pt_PT\" \/>\n<meta property=\"og:type\" content=\"article\" \/>\n<meta property=\"og:title\" content=\"Caos em Rabat: sele\u00e7\u00e3o s\u00e9negalesa cercada por f\u00e3s numa esta\u00e7\u00e3o de comboios - Portal Tela Portugal\" \/>\n<meta property=\"og:description\" content=\"Milhares de pessoas aguardavam a chegada da sele\u00e7\u00e3o senegalesa \u00e0 esta\u00e7\u00e3o de Rabat, onde amanh\u00e3 se disputa a final da CAN frente a Marrocos \u00e0s 19h. Os adeptos conseguiram aproximar-se da comitiva quando esta se dirigia a um autocarro, instalando-se o caos. A Federa\u00e7\u00e3o Senegalesa de Futebol emitiu comunicado a lamentar a aus\u00eancia de um dispositivo de seguran\u00e7a adequado. A nota afirma que a falha exp\u00f4s jogadores e a equipa t\u00e9cnica a uma promiscuidade e a riscos incompat\u00edveis com os padr\u00f5es de uma final intercontinental. A final est\u00e1 marcada para amanh\u00e3, em Rabat.\" \/>\n<meta property=\"og:url\" content=\"https:\/\/portaltela.pt\/noticias\/2026\/01\/17\/caos-em-rabat-selecao-senegalesa-cercada-por-fas-numa-estacao-de-comboios-2\/\" \/>\n<meta property=\"og:site_name\" content=\"Portal Tela Portugal\" \/>\n<meta property=\"article:published_time\" content=\"2026-01-17T10:38:00+00:00\" \/>\n<meta name=\"author\" content=\"Telinha\" \/>\n<meta name=\"twitter:card\" content=\"summary_large_image\" \/>\n<meta name=\"twitter:label1\" content=\"Escrito por\" \/>\n\t<meta name=\"twitter:data1\" content=\"Telinha\" \/>\n\t<meta name=\"twitter:label2\" content=\"Tempo estimado de leitura\" \/>\n\t<meta name=\"twitter:data2\" content=\"1 minuto\" \/>\n<script type=\"application\/ld+json\" class=\"yoast-schema-graph\">{\"@context\":\"https:\/\/schema.org\",\"@graph\":[{\"@type\":\"Article\",\"@id\":\"https:\/\/portaltela.pt\/noticias\/2026\/01\/17\/caos-em-rabat-selecao-senegalesa-cercada-por-fas-numa-estacao-de-comboios-2\/#article\",\"isPartOf\":{\"@id\":\"https:\/\/portaltela.pt\/noticias\/2026\/01\/17\/caos-em-rabat-selecao-senegalesa-cercada-por-fas-numa-estacao-de-comboios-2\/\"},\"author\":{\"name\":\"Telinha\",\"@id\":\"https:\/\/portaltela.pt\/#\/schema\/person\/c4278d4a6028830caff9ee44b42d32ed\"},\"headline\":\"Caos em Rabat: sele\u00e7\u00e3o s\u00e9negalesa cercada por f\u00e3s numa esta\u00e7\u00e3o de comboios\",\"datePublished\":\"2026-01-17T10:38:00+00:00\",\"mainEntityOfPage\":{\"@id\":\"https:\/\/portaltela.pt\/noticias\/2026\/01\/17\/caos-em-rabat-selecao-senegalesa-cercada-por-fas-numa-estacao-de-comboios-2\/\"},\"wordCount\":231,\"image\":{\"@id\":\"https:\/\/portaltela.pt\/noticias\/2026\/01\/17\/caos-em-rabat-selecao-senegalesa-cercada-por-fas-numa-estacao-de-comboios-2\/#primaryimage\"},\"thumbnailUrl\":\"https:\/\/portaltela.pt\/s.01k8rhncp4jt1\/2026\/01\/img_1200x721uu2026-01-17-10-45-01-2415298-2.jpg\",\"keywords\":[\"futebol\",\"protestos\",\"Rabat\",\"seguran\u00e7a p\u00fablica\",\"Sele\u00e7\u00e3o Nacional\",\"Senegal\"],\"articleSection\":[\"Desporto\",\"Futebol\"],\"inLanguage\":\"pt-PT\"},{\"@type\":\"WebPage\",\"@id\":\"https:\/\/portaltela.pt\/noticias\/2026\/01\/17\/caos-em-rabat-selecao-senegalesa-cercada-por-fas-numa-estacao-de-comboios-2\/\",\"url\":\"https:\/\/portaltela.pt\/noticias\/2026\/01\/17\/caos-em-rabat-selecao-senegalesa-cercada-por-fas-numa-estacao-de-comboios-2\/\",\"name\":\"Caos em Rabat: sele\u00e7\u00e3o s\u00e9negalesa cercada por f\u00e3s numa esta\u00e7\u00e3o de comboios - Portal Tela Portugal\",\"isPartOf\":{\"@id\":\"https:\/\/portaltela.pt\/#website\"},\"primaryImageOfPage\":{\"@id\":\"https:\/\/portaltela.pt\/noticias\/2026\/01\/17\/caos-em-rabat-selecao-senegalesa-cercada-por-fas-numa-estacao-de-comboios-2\/#primaryimage\"},\"image\":{\"@id\":\"https:\/\/portaltela.pt\/noticias\/2026\/01\/17\/caos-em-rabat-selecao-senegalesa-cercada-por-fas-numa-estacao-de-comboios-2\/#primaryimage\"},\"thumbnailUrl\":\"https:\/\/portaltela.pt\/s.01k8rhncp4jt1\/2026\/01\/img_1200x721uu2026-01-17-10-45-01-2415298-2.jpg\",\"datePublished\":\"2026-01-17T10:38:00+00:00\",\"author\":{\"@id\":\"https:\/\/portaltela.pt\/#\/schema\/person\/c4278d4a6028830caff9ee44b42d32ed\"},\"breadcrumb\":{\"@id\":\"https:\/\/portaltela.pt\/noticias\/2026\/01\/17\/caos-em-rabat-selecao-senegalesa-cercada-por-fas-numa-estacao-de-comboios-2\/#breadcrumb\"},\"inLanguage\":\"pt-PT\",\"potentialAction\":[{\"@type\":\"ReadAction\",\"target\":[\"https:\/\/portaltela.pt\/noticias\/2026\/01\/17\/caos-em-rabat-selecao-senegalesa-cercada-por-fas-numa-estacao-de-comboios-2\/\"]}]},{\"@type\":\"ImageObject\",\"inLanguage\":\"pt-PT\",\"@id\":\"https:\/\/portaltela.pt\/noticias\/2026\/01\/17\/caos-em-rabat-selecao-senegalesa-cercada-por-fas-numa-estacao-de-comboios-2\/#primaryimage\",\"url\":\"https:\/\/portaltela.pt\/s.01k8rhncp4jt1\/2026\/01\/img_1200x721uu2026-01-17-10-45-01-2415298-2.jpg\",\"contentUrl\":\"https:\/\/portaltela.pt\/s.01k8rhncp4jt1\/2026\/01\/img_1200x721uu2026-01-17-10-45-01-2415298-2.jpg\",\"width\":796,\"height\":448,\"caption\":\"Milhares de pessoas esperavam a chegada da sele\u00e7\u00e3o senegalesa \u00e0 esta\u00e7\u00e3o de comboios de Rabat, cidade onde amanh\u00e3 disputa a final da CAN frente a Marrocos (19h). Os adeptos conseguiram chegar perto da comitiva que se dirigia para um autocarro e instalou-se o caos.\"},{\"@type\":\"BreadcrumbList\",\"@id\":\"https:\/\/portaltela.pt\/noticias\/2026\/01\/17\/caos-em-rabat-selecao-senegalesa-cercada-por-fas-numa-estacao-de-comboios-2\/#breadcrumb\",\"itemListElement\":[{\"@type\":\"ListItem\",\"position\":1,\"name\":\"In\u00edcio\",\"item\":\"https:\/\/portaltela.pt\/\"},{\"@type\":\"ListItem\",\"position\":2,\"name\":\"Caos em Rabat: sele\u00e7\u00e3o s\u00e9negalesa cercada por f\u00e3s numa esta\u00e7\u00e3o de comboios\"}]},{\"@type\":\"WebSite\",\"@id\":\"https:\/\/portaltela.pt\/#website\",\"url\":\"https:\/\/portaltela.pt\/\",\"name\":\"Portal Tela Portugal\",\"description\":\"\",\"potentialAction\":[{\"@type\":\"SearchAction\",\"target\":{\"@type\":\"EntryPoint\",\"urlTemplate\":\"https:\/\/portaltela.pt\/?s={search_term_string}\"},\"query-input\":{\"@type\":\"PropertyValueSpecification\",\"valueRequired\":true,\"valueName\":\"search_term_string\"}}],\"inLanguage\":\"pt-PT\"},{\"@type\":\"Person\",\"@id\":\"https:\/\/portaltela.pt\/#\/schema\/person\/c4278d4a6028830caff9ee44b42d32ed\",\"name\":\"Telinha\",\"image\":{\"@type\":\"ImageObject\",\"inLanguage\":\"pt-PT\",\"@id\":\"https:\/\/portaltela.pt\/s.01k8rhncp4jt1\/2025\/11\/talking-bot-125x125.png\",\"url\":\"https:\/\/portaltela.pt\/s.01k8rhncp4jt1\/2025\/11\/talking-bot-125x125.png\",\"contentUrl\":\"https:\/\/portaltela.pt\/s.01k8rhncp4jt1\/2025\/11\/talking-bot-125x125.png\",\"caption\":\"Telinha\"},\"sameAs\":[\"https:\/\/portaltela.pt\/\"],\"url\":\"https:\/\/portaltela.pt\/por\/367410592786\/\"}]}<\/script>\n<!-- \/ Yoast SEO plugin. -->","yoast_head_json":{"title":"Caos em Rabat: sele\u00e7\u00e3o s\u00e9negalesa cercada por f\u00e3s numa esta\u00e7\u00e3o de comboios - Portal Tela Portugal","robots":{"index":"index","follow":"follow","max-snippet":"max-snippet:-1","max-image-preview":"max-image-preview:large","max-video-preview":"max-video-preview:-1"},"og_locale":"pt_PT","og_type":"article","og_title":"Caos em Rabat: sele\u00e7\u00e3o s\u00e9negalesa cercada por f\u00e3s numa esta\u00e7\u00e3o de comboios - Portal Tela Portugal","og_description":"Milhares de pessoas aguardavam a chegada da sele\u00e7\u00e3o senegalesa \u00e0 esta\u00e7\u00e3o de Rabat, onde amanh\u00e3 se disputa a final da CAN frente a Marrocos \u00e0s 19h. Os adeptos conseguiram aproximar-se da comitiva quando esta se dirigia a um autocarro, instalando-se o caos. A Federa\u00e7\u00e3o Senegalesa de Futebol emitiu comunicado a lamentar a aus\u00eancia de um dispositivo de seguran\u00e7a adequado. A nota afirma que a falha exp\u00f4s jogadores e a equipa t\u00e9cnica a uma promiscuidade e a riscos incompat\u00edveis com os padr\u00f5es de uma final intercontinental. A final est\u00e1 marcada para amanh\u00e3, em Rabat.","og_url":"https:\/\/portaltela.pt\/noticias\/2026\/01\/17\/caos-em-rabat-selecao-senegalesa-cercada-por-fas-numa-estacao-de-comboios-2\/","og_site_name":"Portal Tela Portugal","article_published_time":"2026-01-17T10:38:00+00:00","author":"Telinha","twitter_card":"summary_large_image","twitter_misc":{"Escrito por":"Telinha","Tempo estimado de leitura":"1 minuto"},"schema":{"@context":"https:\/\/schema.org","@graph":[{"@type":"Article","@id":"https:\/\/portaltela.pt\/noticias\/2026\/01\/17\/caos-em-rabat-selecao-senegalesa-cercada-por-fas-numa-estacao-de-comboios-2\/#article","isPartOf":{"@id":"https:\/\/portaltela.pt\/noticias\/2026\/01\/17\/caos-em-rabat-selecao-senegalesa-cercada-por-fas-numa-estacao-de-comboios-2\/"},"author":{"name":"Telinha","@id":"https:\/\/portaltela.pt\/#\/schema\/person\/c4278d4a6028830caff9ee44b42d32ed"},"headline":"Caos em Rabat: sele\u00e7\u00e3o s\u00e9negalesa cercada por f\u00e3s numa esta\u00e7\u00e3o de comboios","datePublished":"2026-01-17T10:38:00+00:00","mainEntityOfPage":{"@id":"https:\/\/portaltela.pt\/noticias\/2026\/01\/17\/caos-em-rabat-selecao-senegalesa-cercada-por-fas-numa-estacao-de-comboios-2\/"},"wordCount":231,"image":{"@id":"https:\/\/portaltela.pt\/noticias\/2026\/01\/17\/caos-em-rabat-selecao-senegalesa-cercada-por-fas-numa-estacao-de-comboios-2\/#primaryimage"},"thumbnailUrl":"https:\/\/portaltela.pt\/s.01k8rhncp4jt1\/2026\/01\/img_1200x721uu2026-01-17-10-45-01-2415298-2.jpg","keywords":["futebol","protestos","Rabat","seguran\u00e7a p\u00fablica","Sele\u00e7\u00e3o Nacional","Senegal"],"articleSection":["Desporto","Futebol"],"inLanguage":"pt-PT"},{"@type":"WebPage","@id":"https:\/\/portaltela.pt\/noticias\/2026\/01\/17\/caos-em-rabat-selecao-senegalesa-cercada-por-fas-numa-estacao-de-comboios-2\/","url":"https:\/\/portaltela.pt\/noticias\/2026\/01\/17\/caos-em-rabat-selecao-senegalesa-cercada-por-fas-numa-estacao-de-comboios-2\/","name":"Caos em Rabat: sele\u00e7\u00e3o s\u00e9negalesa cercada por f\u00e3s numa esta\u00e7\u00e3o de comboios - Portal Tela Portugal","isPartOf":{"@id":"https:\/\/portaltela.pt\/#website"},"primaryImageOfPage":{"@id":"https:\/\/portaltela.pt\/noticias\/2026\/01\/17\/caos-em-rabat-selecao-senegalesa-cercada-por-fas-numa-estacao-de-comboios-2\/#primaryimage"},"image":{"@id":"https:\/\/portaltela.pt\/noticias\/2026\/01\/17\/caos-em-rabat-selecao-senegalesa-cercada-por-fas-numa-estacao-de-comboios-2\/#primaryimage"},"thumbnailUrl":"https:\/\/portaltela.pt\/s.01k8rhncp4jt1\/2026\/01\/img_1200x721uu2026-01-17-10-45-01-2415298-2.jpg","datePublished":"2026-01-17T10:38:00+00:00","author":{"@id":"https:\/\/portaltela.pt\/#\/schema\/person\/c4278d4a6028830caff9ee44b42d32ed"},"breadcrumb":{"@id":"https:\/\/portaltela.pt\/noticias\/2026\/01\/17\/caos-em-rabat-selecao-senegalesa-cercada-por-fas-numa-estacao-de-comboios-2\/#breadcrumb"},"inLanguage":"pt-PT","potentialAction":[{"@type":"ReadAction","target":["https:\/\/portaltela.pt\/noticias\/2026\/01\/17\/caos-em-rabat-selecao-senegalesa-cercada-por-fas-numa-estacao-de-comboios-2\/"]}]},{"@type":"ImageObject","inLanguage":"pt-PT","@id":"https:\/\/portaltela.pt\/noticias\/2026\/01\/17\/caos-em-rabat-selecao-senegalesa-cercada-por-fas-numa-estacao-de-comboios-2\/#primaryimage","url":"https:\/\/portaltela.pt\/s.01k8rhncp4jt1\/2026\/01\/img_1200x721uu2026-01-17-10-45-01-2415298-2.jpg","contentUrl":"https:\/\/portaltela.pt\/s.01k8rhncp4jt1\/2026\/01\/img_1200x721uu2026-01-17-10-45-01-2415298-2.jpg","width":796,"height":448,"caption":"Milhares de pessoas esperavam a chegada da sele\u00e7\u00e3o senegalesa \u00e0 esta\u00e7\u00e3o de comboios de Rabat, cidade onde amanh\u00e3 disputa a final da CAN frente a Marrocos (19h). Os adeptos conseguiram chegar perto da comitiva que se dirigia para um autocarro e instalou-se o caos."},{"@type":"BreadcrumbList","@id":"https:\/\/portaltela.pt\/noticias\/2026\/01\/17\/caos-em-rabat-selecao-senegalesa-cercada-por-fas-numa-estacao-de-comboios-2\/#breadcrumb","itemListElement":[{"@type":"ListItem","position":1,"name":"In\u00edcio","item":"https:\/\/portaltela.pt\/"},{"@type":"ListItem","position":2,"name":"Caos em Rabat: sele\u00e7\u00e3o s\u00e9negalesa cercada por f\u00e3s numa esta\u00e7\u00e3o de comboios"}]},{"@type":"WebSite","@id":"https:\/\/portaltela.pt\/#website","url":"https:\/\/portaltela.pt\/","name":"Portal Tela Portugal","description":"","potentialAction":[{"@type":"SearchAction","target":{"@type":"EntryPoint","urlTemplate":"https:\/\/portaltela.pt\/?s={search_term_string}"},"query-input":{"@type":"PropertyValueSpecification","valueRequired":true,"valueName":"search_term_string"}}],"inLanguage":"pt-PT"},{"@type":"Person","@id":"https:\/\/portaltela.pt\/#\/schema\/person\/c4278d4a6028830caff9ee44b42d32ed","name":"Telinha","image":{"@type":"ImageObject","inLanguage":"pt-PT","@id":"https:\/\/portaltela.pt\/s.01k8rhncp4jt1\/2025\/11\/talking-bot-125x125.png","url":"https:\/\/portaltela.pt\/s.01k8rhncp4jt1\/2025\/11\/talking-bot-125x125.png","contentUrl":"https:\/\/portaltela.pt\/s.01k8rhncp4jt1\/2025\/11\/talking-bot-125x125.png","caption":"Telinha"},"sameAs":["https:\/\/portaltela.pt\/"],"url":"https:\/\/portaltela.pt\/por\/367410592786\/"}]}},"_links":{"self":[{"href":"https:\/\/portaltela.pt\/api\/wp\/v2\/posts\/148455","targetHints":{"allow":["GET"]}}],"collection":[{"href":"https:\/\/portaltela.pt\/api\/wp\/v2\/posts"}],"about":[{"href":"https:\/\/portaltela.pt\/api\/wp\/v2\/types\/post"}],"author":[{"embeddable":true,"href":"https:\/\/portaltela.pt\/api\/wp\/v2\/users\/2"}],"replies":[{"embeddable":true,"href":"https:\/\/portaltela.pt\/api\/wp\/v2\/comments?post=148455"}],"version-history":[{"count":0,"href":"https:\/\/portaltela.pt\/api\/wp\/v2\/posts\/148455\/revisions"}],"wp:featuredmedia":[{"embeddable":true,"href":"https:\/\/portaltela.pt\/api\/wp\/v2\/media\/148464"}],"wp:attachment":[{"href":"https:\/\/portaltela.pt\/api\/wp\/v2\/media?parent=148455"}],"wp:term":[{"taxonomy":"category","embeddable":true,"href":"https:\/\/portaltela.pt\/api\/wp\/v2\/categories?post=148455"},{"taxonomy":"post_tag","embeddable":true,"href":"https:\/\/portaltela.pt\/api\/wp\/v2\/tags?post=148455"}],"curies":[{"name":"wp","href":"https:\/\/api.w.org\/{rel}","templated":true}]}}