{"id":148431,"date":"2026-01-17T06:56:00","date_gmt":"2026-01-17T09:56:00","guid":{"rendered":"https:\/\/portaltela.pt\/noticias\/2026\/01\/17\/ferdinand-diz-que-o-manchester-united-deve-contratar-um-lunatico\/"},"modified":"2026-01-17T06:56:00","modified_gmt":"2026-01-17T09:56:00","slug":"ferdinand-diz-que-o-manchester-united-deve-contratar-um-lunatico","status":"publish","type":"post","link":"https:\/\/portaltela.pt\/desporto\/futebol\/2026\/01\/17\/ferdinand-diz-que-o-manchester-united-deve-contratar-um-lunatico\/","title":{"rendered":"Ferdinand diz que o Manchester United deve contratar um &#8216;lun\u00e1tico&#8217;"},"content":{"rendered":"<p>Rio Ferdinand deixou uma perspetiva in\u00e9dita sobre o futuro t\u00e9cnico do Manchester United, em entrevista \u00e0 BBC. O antigo defesa recordou os treinadores que passaram por Old Trafford e concluiu que o clube precisa de algu\u00e9m com um perfil \u201clun\u00e1tico\u201d que abrace o desafio sem temores.<\/p>\n<p>O comentador citou dois nomes como poss\u00edveis combina\u00e7\u00f5es ideais: Conte, reconhecido pela capacidade de agarrar oportunidades e de transformar equipas de imediato, e De Zerbi, capaz de imprimir um estilo de jogo e identidade com consist\u00eancia.<\/p>\n<p>Ferdinand explicou que o formato ideal seria uma mistura de ambos os perfis: algu\u00e9m capaz de estabilizar a equipa rapidamente e outro que imponha um processo de jogo claro. O objetivo \u00e9 devolver o sucesso ao clube.<\/p>\n<p>Recorda-se que, ap\u00f3s a rescis\u00e3o de Amorim, Darren Fletcher assumiu interinamente, conseguindo apenas resultados imprevis\u00edveis. Para o d\u00e9rbi de Manchester deste s\u00e1bado, Michael Carrick estar\u00e1 no banco como treinador interino.<\/p>\n","protected":false},"excerpt":{"rendered":"<ul>\n<li>Rio Ferdinand sugere que o Manchester United contrate um treinador &#8220;lun\u00e1tico&#8221; para voltar ao sucesso, apontando dois nomes: Antonio Conte e Roberto De Zerbi.<\/li>\n<li>O antigo jogador recorda perfis de treinadores j\u00e1 passados por Old Trafford: Louis van Gaal, Jos\u00e9 Mourinho, Erik ten Hag e Ruben Amorim, al\u00e9m de figuras ligadas ao clube.<\/li>\n<li>Diz que \u00e9 preciso algu\u00e9m que agarre a oportunidade de imediato, como Conte, que chegou ao Chelsea e ao Napoli quando estavam atr\u00e1s no campeonato e venceu.<\/li>\n<li>Tamb\u00e9m destaca De Zerbi, chamado a formar uma equipa com identidade e estilo, tendo j\u00e1 feito isso em tr\u00eas clubes.<\/li>\n<li>No imediato contexto do clube, Ruben Amorim foi substitu\u00eddo por Darren Fletcher; no d\u00e9rbi de s\u00e1bado, Michael Carrick fica no banco como treinador interino.<\/li>\n<\/ul>\n","protected":false},"author":2,"featured_media":148456,"comment_status":"closed","ping_status":"closed","sticky":false,"template":"","format":"standard","meta":{"footnotes":""},"categories":[21,24],"tags":[2868,152,32,81,3187,2477],"class_list":["post-148431","post","type-post","status-publish","format-standard","has-post-thumbnail","hentry","category-desporto","category-futebol","tag-amorim","tag-desporto","tag-futebol","tag-internacionais","tag-manchester-united","tag-treinadores"],"yoast_head":"<!-- This site is optimized with the Yoast SEO plugin v27.2 - https:\/\/yoast.com\/product\/yoast-seo-wordpress\/ -->\n<title>Ferdinand diz que o Manchester United deve contratar um &#039;lun\u00e1tico&#039; - Portal Tela Portugal<\/title>\n<meta name=\"robots\" content=\"index, follow, max-snippet:-1, max-image-preview:large, max-video-preview:-1\" \/>\n<meta property=\"og:locale\" content=\"pt_PT\" \/>\n<meta property=\"og:type\" content=\"article\" \/>\n<meta property=\"og:title\" content=\"Ferdinand diz que o Manchester United deve contratar um &#039;lun\u00e1tico&#039; - Portal Tela Portugal\" \/>\n<meta property=\"og:description\" content=\"Rio Ferdinand sugere que o Manchester United contrate um treinador &quot;lun\u00e1tico&quot; para voltar ao sucesso, apontando dois nomes: Antonio Conte e Roberto De Zerbi. O antigo jogador recorda perfis de treinadores j\u00e1 passados por Old Trafford: Louis van Gaal, Jos\u00e9 Mourinho, Erik ten Hag e Ruben Amorim, al\u00e9m de figuras ligadas ao clube. Diz que \u00e9 preciso algu\u00e9m que agarre a oportunidade de imediato, como Conte, que chegou ao Chelsea e ao Napoli quando estavam atr\u00e1s no campeonato e venceu. Tamb\u00e9m destaca De Zerbi, chamado a formar uma equipa com identidade e estilo, tendo j\u00e1 feito isso em tr\u00eas clubes. No imediato contexto do clube, Ruben Amorim foi substitu\u00eddo por Darren Fletcher; no d\u00e9rbi de s\u00e1bado, Michael Carrick fica no banco como treinador interino.\" \/>\n<meta property=\"og:url\" content=\"https:\/\/portaltela.pt\/noticias\/2026\/01\/17\/ferdinand-diz-que-o-manchester-united-deve-contratar-um-lunatico\/\" \/>\n<meta property=\"og:site_name\" content=\"Portal Tela Portugal\" \/>\n<meta property=\"article:published_time\" content=\"2026-01-17T09:56:00+00:00\" \/>\n<meta name=\"author\" content=\"Telinha\" \/>\n<meta name=\"twitter:card\" content=\"summary_large_image\" \/>\n<meta name=\"twitter:label1\" content=\"Escrito por\" \/>\n\t<meta name=\"twitter:data1\" content=\"Telinha\" \/>\n\t<meta name=\"twitter:label2\" content=\"Tempo estimado de leitura\" \/>\n\t<meta name=\"twitter:data2\" content=\"1 minuto\" \/>\n<script type=\"application\/ld+json\" class=\"yoast-schema-graph\">{\"@context\":\"https:\/\/schema.org\",\"@graph\":[{\"@type\":\"Article\",\"@id\":\"https:\/\/portaltela.pt\/noticias\/2026\/01\/17\/ferdinand-diz-que-o-manchester-united-deve-contratar-um-lunatico\/#article\",\"isPartOf\":{\"@id\":\"https:\/\/portaltela.pt\/noticias\/2026\/01\/17\/ferdinand-diz-que-o-manchester-united-deve-contratar-um-lunatico\/\"},\"author\":{\"name\":\"Telinha\",\"@id\":\"https:\/\/portaltela.pt\/#\/schema\/person\/c4278d4a6028830caff9ee44b42d32ed\"},\"headline\":\"Ferdinand diz que o Manchester United deve contratar um &#8216;lun\u00e1tico&#8217;\",\"datePublished\":\"2026-01-17T09:56:00+00:00\",\"mainEntityOfPage\":{\"@id\":\"https:\/\/portaltela.pt\/noticias\/2026\/01\/17\/ferdinand-diz-que-o-manchester-united-deve-contratar-um-lunatico\/\"},\"wordCount\":171,\"image\":{\"@id\":\"https:\/\/portaltela.pt\/noticias\/2026\/01\/17\/ferdinand-diz-que-o-manchester-united-deve-contratar-um-lunatico\/#primaryimage\"},\"thumbnailUrl\":\"https:\/\/portaltela.pt\/s.01k8rhncp4jt1\/2026\/01\/img_920x518uu2025-08-27-23-50-25-2386301-im-639042407098223202-3.jpg\",\"keywords\":[\"Amorim\",\"desporto\",\"futebol\",\"internacionais\",\"Manchester United\",\"treinadores\"],\"articleSection\":[\"Desporto\",\"Futebol\"],\"inLanguage\":\"pt-PT\"},{\"@type\":\"WebPage\",\"@id\":\"https:\/\/portaltela.pt\/noticias\/2026\/01\/17\/ferdinand-diz-que-o-manchester-united-deve-contratar-um-lunatico\/\",\"url\":\"https:\/\/portaltela.pt\/noticias\/2026\/01\/17\/ferdinand-diz-que-o-manchester-united-deve-contratar-um-lunatico\/\",\"name\":\"Ferdinand diz que o Manchester United deve contratar um 'lun\u00e1tico' - Portal Tela Portugal\",\"isPartOf\":{\"@id\":\"https:\/\/portaltela.pt\/#website\"},\"primaryImageOfPage\":{\"@id\":\"https:\/\/portaltela.pt\/noticias\/2026\/01\/17\/ferdinand-diz-que-o-manchester-united-deve-contratar-um-lunatico\/#primaryimage\"},\"image\":{\"@id\":\"https:\/\/portaltela.pt\/noticias\/2026\/01\/17\/ferdinand-diz-que-o-manchester-united-deve-contratar-um-lunatico\/#primaryimage\"},\"thumbnailUrl\":\"https:\/\/portaltela.pt\/s.01k8rhncp4jt1\/2026\/01\/img_920x518uu2025-08-27-23-50-25-2386301-im-639042407098223202-3.jpg\",\"datePublished\":\"2026-01-17T09:56:00+00:00\",\"author\":{\"@id\":\"https:\/\/portaltela.pt\/#\/schema\/person\/c4278d4a6028830caff9ee44b42d32ed\"},\"breadcrumb\":{\"@id\":\"https:\/\/portaltela.pt\/noticias\/2026\/01\/17\/ferdinand-diz-que-o-manchester-united-deve-contratar-um-lunatico\/#breadcrumb\"},\"inLanguage\":\"pt-PT\",\"potentialAction\":[{\"@type\":\"ReadAction\",\"target\":[\"https:\/\/portaltela.pt\/noticias\/2026\/01\/17\/ferdinand-diz-que-o-manchester-united-deve-contratar-um-lunatico\/\"]}]},{\"@type\":\"ImageObject\",\"inLanguage\":\"pt-PT\",\"@id\":\"https:\/\/portaltela.pt\/noticias\/2026\/01\/17\/ferdinand-diz-que-o-manchester-united-deve-contratar-um-lunatico\/#primaryimage\",\"url\":\"https:\/\/portaltela.pt\/s.01k8rhncp4jt1\/2026\/01\/img_920x518uu2025-08-27-23-50-25-2386301-im-639042407098223202-3.jpg\",\"contentUrl\":\"https:\/\/portaltela.pt\/s.01k8rhncp4jt1\/2026\/01\/img_920x518uu2025-08-27-23-50-25-2386301-im-639042407098223202-3.jpg\",\"width\":796,\"height\":448,\"caption\":\"Rio Ferdinand, lenda do Manchester United\"},{\"@type\":\"BreadcrumbList\",\"@id\":\"https:\/\/portaltela.pt\/noticias\/2026\/01\/17\/ferdinand-diz-que-o-manchester-united-deve-contratar-um-lunatico\/#breadcrumb\",\"itemListElement\":[{\"@type\":\"ListItem\",\"position\":1,\"name\":\"In\u00edcio\",\"item\":\"https:\/\/portaltela.pt\/\"},{\"@type\":\"ListItem\",\"position\":2,\"name\":\"Ferdinand diz que o Manchester United deve contratar um &#8216;lun\u00e1tico&#8217;\"}]},{\"@type\":\"WebSite\",\"@id\":\"https:\/\/portaltela.pt\/#website\",\"url\":\"https:\/\/portaltela.pt\/\",\"name\":\"Portal Tela Portugal\",\"description\":\"\",\"potentialAction\":[{\"@type\":\"SearchAction\",\"target\":{\"@type\":\"EntryPoint\",\"urlTemplate\":\"https:\/\/portaltela.pt\/?s={search_term_string}\"},\"query-input\":{\"@type\":\"PropertyValueSpecification\",\"valueRequired\":true,\"valueName\":\"search_term_string\"}}],\"inLanguage\":\"pt-PT\"},{\"@type\":\"Person\",\"@id\":\"https:\/\/portaltela.pt\/#\/schema\/person\/c4278d4a6028830caff9ee44b42d32ed\",\"name\":\"Telinha\",\"image\":{\"@type\":\"ImageObject\",\"inLanguage\":\"pt-PT\",\"@id\":\"https:\/\/portaltela.pt\/s.01k8rhncp4jt1\/2025\/11\/talking-bot-125x125.png\",\"url\":\"https:\/\/portaltela.pt\/s.01k8rhncp4jt1\/2025\/11\/talking-bot-125x125.png\",\"contentUrl\":\"https:\/\/portaltela.pt\/s.01k8rhncp4jt1\/2025\/11\/talking-bot-125x125.png\",\"caption\":\"Telinha\"},\"sameAs\":[\"https:\/\/portaltela.pt\/\"],\"url\":\"https:\/\/portaltela.pt\/por\/367410592786\/\"}]}<\/script>\n<!-- \/ Yoast SEO plugin. -->","yoast_head_json":{"title":"Ferdinand diz que o Manchester United deve contratar um 'lun\u00e1tico' - Portal Tela Portugal","robots":{"index":"index","follow":"follow","max-snippet":"max-snippet:-1","max-image-preview":"max-image-preview:large","max-video-preview":"max-video-preview:-1"},"og_locale":"pt_PT","og_type":"article","og_title":"Ferdinand diz que o Manchester United deve contratar um 'lun\u00e1tico' - Portal Tela Portugal","og_description":"Rio Ferdinand sugere que o Manchester United contrate um treinador \"lun\u00e1tico\" para voltar ao sucesso, apontando dois nomes: Antonio Conte e Roberto De Zerbi. O antigo jogador recorda perfis de treinadores j\u00e1 passados por Old Trafford: Louis van Gaal, Jos\u00e9 Mourinho, Erik ten Hag e Ruben Amorim, al\u00e9m de figuras ligadas ao clube. Diz que \u00e9 preciso algu\u00e9m que agarre a oportunidade de imediato, como Conte, que chegou ao Chelsea e ao Napoli quando estavam atr\u00e1s no campeonato e venceu. Tamb\u00e9m destaca De Zerbi, chamado a formar uma equipa com identidade e estilo, tendo j\u00e1 feito isso em tr\u00eas clubes. No imediato contexto do clube, Ruben Amorim foi substitu\u00eddo por Darren Fletcher; no d\u00e9rbi de s\u00e1bado, Michael Carrick fica no banco como treinador interino.","og_url":"https:\/\/portaltela.pt\/noticias\/2026\/01\/17\/ferdinand-diz-que-o-manchester-united-deve-contratar-um-lunatico\/","og_site_name":"Portal Tela Portugal","article_published_time":"2026-01-17T09:56:00+00:00","author":"Telinha","twitter_card":"summary_large_image","twitter_misc":{"Escrito por":"Telinha","Tempo estimado de leitura":"1 minuto"},"schema":{"@context":"https:\/\/schema.org","@graph":[{"@type":"Article","@id":"https:\/\/portaltela.pt\/noticias\/2026\/01\/17\/ferdinand-diz-que-o-manchester-united-deve-contratar-um-lunatico\/#article","isPartOf":{"@id":"https:\/\/portaltela.pt\/noticias\/2026\/01\/17\/ferdinand-diz-que-o-manchester-united-deve-contratar-um-lunatico\/"},"author":{"name":"Telinha","@id":"https:\/\/portaltela.pt\/#\/schema\/person\/c4278d4a6028830caff9ee44b42d32ed"},"headline":"Ferdinand diz que o Manchester United deve contratar um &#8216;lun\u00e1tico&#8217;","datePublished":"2026-01-17T09:56:00+00:00","mainEntityOfPage":{"@id":"https:\/\/portaltela.pt\/noticias\/2026\/01\/17\/ferdinand-diz-que-o-manchester-united-deve-contratar-um-lunatico\/"},"wordCount":171,"image":{"@id":"https:\/\/portaltela.pt\/noticias\/2026\/01\/17\/ferdinand-diz-que-o-manchester-united-deve-contratar-um-lunatico\/#primaryimage"},"thumbnailUrl":"https:\/\/portaltela.pt\/s.01k8rhncp4jt1\/2026\/01\/img_920x518uu2025-08-27-23-50-25-2386301-im-639042407098223202-3.jpg","keywords":["Amorim","desporto","futebol","internacionais","Manchester United","treinadores"],"articleSection":["Desporto","Futebol"],"inLanguage":"pt-PT"},{"@type":"WebPage","@id":"https:\/\/portaltela.pt\/noticias\/2026\/01\/17\/ferdinand-diz-que-o-manchester-united-deve-contratar-um-lunatico\/","url":"https:\/\/portaltela.pt\/noticias\/2026\/01\/17\/ferdinand-diz-que-o-manchester-united-deve-contratar-um-lunatico\/","name":"Ferdinand diz que o Manchester United deve contratar um 'lun\u00e1tico' - Portal Tela Portugal","isPartOf":{"@id":"https:\/\/portaltela.pt\/#website"},"primaryImageOfPage":{"@id":"https:\/\/portaltela.pt\/noticias\/2026\/01\/17\/ferdinand-diz-que-o-manchester-united-deve-contratar-um-lunatico\/#primaryimage"},"image":{"@id":"https:\/\/portaltela.pt\/noticias\/2026\/01\/17\/ferdinand-diz-que-o-manchester-united-deve-contratar-um-lunatico\/#primaryimage"},"thumbnailUrl":"https:\/\/portaltela.pt\/s.01k8rhncp4jt1\/2026\/01\/img_920x518uu2025-08-27-23-50-25-2386301-im-639042407098223202-3.jpg","datePublished":"2026-01-17T09:56:00+00:00","author":{"@id":"https:\/\/portaltela.pt\/#\/schema\/person\/c4278d4a6028830caff9ee44b42d32ed"},"breadcrumb":{"@id":"https:\/\/portaltela.pt\/noticias\/2026\/01\/17\/ferdinand-diz-que-o-manchester-united-deve-contratar-um-lunatico\/#breadcrumb"},"inLanguage":"pt-PT","potentialAction":[{"@type":"ReadAction","target":["https:\/\/portaltela.pt\/noticias\/2026\/01\/17\/ferdinand-diz-que-o-manchester-united-deve-contratar-um-lunatico\/"]}]},{"@type":"ImageObject","inLanguage":"pt-PT","@id":"https:\/\/portaltela.pt\/noticias\/2026\/01\/17\/ferdinand-diz-que-o-manchester-united-deve-contratar-um-lunatico\/#primaryimage","url":"https:\/\/portaltela.pt\/s.01k8rhncp4jt1\/2026\/01\/img_920x518uu2025-08-27-23-50-25-2386301-im-639042407098223202-3.jpg","contentUrl":"https:\/\/portaltela.pt\/s.01k8rhncp4jt1\/2026\/01\/img_920x518uu2025-08-27-23-50-25-2386301-im-639042407098223202-3.jpg","width":796,"height":448,"caption":"Rio Ferdinand, lenda do Manchester United"},{"@type":"BreadcrumbList","@id":"https:\/\/portaltela.pt\/noticias\/2026\/01\/17\/ferdinand-diz-que-o-manchester-united-deve-contratar-um-lunatico\/#breadcrumb","itemListElement":[{"@type":"ListItem","position":1,"name":"In\u00edcio","item":"https:\/\/portaltela.pt\/"},{"@type":"ListItem","position":2,"name":"Ferdinand diz que o Manchester United deve contratar um &#8216;lun\u00e1tico&#8217;"}]},{"@type":"WebSite","@id":"https:\/\/portaltela.pt\/#website","url":"https:\/\/portaltela.pt\/","name":"Portal Tela Portugal","description":"","potentialAction":[{"@type":"SearchAction","target":{"@type":"EntryPoint","urlTemplate":"https:\/\/portaltela.pt\/?s={search_term_string}"},"query-input":{"@type":"PropertyValueSpecification","valueRequired":true,"valueName":"search_term_string"}}],"inLanguage":"pt-PT"},{"@type":"Person","@id":"https:\/\/portaltela.pt\/#\/schema\/person\/c4278d4a6028830caff9ee44b42d32ed","name":"Telinha","image":{"@type":"ImageObject","inLanguage":"pt-PT","@id":"https:\/\/portaltela.pt\/s.01k8rhncp4jt1\/2025\/11\/talking-bot-125x125.png","url":"https:\/\/portaltela.pt\/s.01k8rhncp4jt1\/2025\/11\/talking-bot-125x125.png","contentUrl":"https:\/\/portaltela.pt\/s.01k8rhncp4jt1\/2025\/11\/talking-bot-125x125.png","caption":"Telinha"},"sameAs":["https:\/\/portaltela.pt\/"],"url":"https:\/\/portaltela.pt\/por\/367410592786\/"}]}},"_links":{"self":[{"href":"https:\/\/portaltela.pt\/api\/wp\/v2\/posts\/148431","targetHints":{"allow":["GET"]}}],"collection":[{"href":"https:\/\/portaltela.pt\/api\/wp\/v2\/posts"}],"about":[{"href":"https:\/\/portaltela.pt\/api\/wp\/v2\/types\/post"}],"author":[{"embeddable":true,"href":"https:\/\/portaltela.pt\/api\/wp\/v2\/users\/2"}],"replies":[{"embeddable":true,"href":"https:\/\/portaltela.pt\/api\/wp\/v2\/comments?post=148431"}],"version-history":[{"count":0,"href":"https:\/\/portaltela.pt\/api\/wp\/v2\/posts\/148431\/revisions"}],"wp:featuredmedia":[{"embeddable":true,"href":"https:\/\/portaltela.pt\/api\/wp\/v2\/media\/148456"}],"wp:attachment":[{"href":"https:\/\/portaltela.pt\/api\/wp\/v2\/media?parent=148431"}],"wp:term":[{"taxonomy":"category","embeddable":true,"href":"https:\/\/portaltela.pt\/api\/wp\/v2\/categories?post=148431"},{"taxonomy":"post_tag","embeddable":true,"href":"https:\/\/portaltela.pt\/api\/wp\/v2\/tags?post=148431"}],"curies":[{"name":"wp","href":"https:\/\/api.w.org\/{rel}","templated":true}]}}