{"id":148406,"date":"2026-01-17T09:52:00","date_gmt":"2026-01-17T12:52:00","guid":{"rendered":"https:\/\/portaltela.pt\/noticias\/2026\/01\/17\/jogadores-do-real-madrid-enfrentam-assobios-massivos-dos-adeptos\/"},"modified":"2026-01-17T09:52:00","modified_gmt":"2026-01-17T12:52:00","slug":"jogadores-do-real-madrid-enfrentam-assobios-massivos-dos-adeptos","status":"publish","type":"post","link":"https:\/\/portaltela.pt\/desporto\/futebol\/2026\/01\/17\/jogadores-do-real-madrid-enfrentam-assobios-massivos-dos-adeptos\/","title":{"rendered":"Jogadores do Real Madrid enfrentam assobios massivos dos adeptos"},"content":{"rendered":"<p>Os jogadores do Real Madrid ouviram uma assobiadela monumental ao entrarem em campo para o aquecimento no Santiago Bernab\u00e9u, antes do jogo frente ao Levante, orientado por Lu\u00eds Castro. O momento chamou a aten\u00e7\u00e3o pela intensidade das vaias entre os adeptos presentes no est\u00e1dio.<\/p>\n<p>O epis\u00f3dio ocorreu num contexto de mau momento desportivo para o clube. O Real Madrid foi eliminado da Ta\u00e7a de Espanha pelo Albacete, da 2.\u00aa divis\u00e3o, na estreia de Arbeloa no cargo de treinador interino. A derrota complicou a trajet\u00f3ria da equipa na competi\u00e7\u00e3o.<\/p>\n<p>Al\u00e9m disso, a dire\u00e7\u00e3o j\u00e1 tinha efetuado altera\u00e7\u00f5es a meio da \u00e9poca, com a sa\u00edda de Xabi Alonso ap\u00f3s a derrota na final da Superta\u00e7a Espanhola frente ao Barcelona. As mudan\u00e7as refletem a busca por altera\u00e7\u00f5es na equipa principal.<\/p>\n<h3>Contexto recente e pr\u00f3ximos passos<\/h3>\n<p>A press\u00e3o sobre a equipa intensificou-se ap\u00f3s a derrota na Ta\u00e7a e o in\u00edcio de novo ciclo t\u00e9cnico. Os adeptos esperam respostas no desempenho e nos resultados das pr\u00f3ximas jornadas da liga. A equipa regressa aos treinos com foco na recupera\u00e7\u00e3o e na prepara\u00e7\u00e3o para os pr\u00f3ximos compromissos.<\/p>\n<p>Os t\u00e9cnicos destacam a necessidade de estabilizar o plantel e de manter a concentra\u00e7\u00e3o, n\u00e3o obstante as cr\u00edticas externas. O clube, por sua vez, apenas confirmou as informa\u00e7\u00f5es oficiais sobre o planeamento desportivo e as consequ\u00eancias dos \u00faltimos resultados.<\/p>\n","protected":false},"excerpt":{"rendered":"<ul>\n<li>Jogadores do Real Madrid ouviram uma assobiadela monumental no Bernab\u00e9u, durante o aquecimento para o jogo com o Levante de Lu\u00eds Castro.<\/li>\n<li>A press\u00e3o acontece ap\u00f3s a elimina\u00e7\u00e3o da Ta\u00e7a de Espanha pelo Albacete, da 2.\u00aa divis\u00e3o, na estreia de Arbeloa como treinador.<\/li>\n<li>Dias antes, Xabi Alonso foi despedido ap\u00f3s perder a final da Superta\u00e7a espanhola frente ao Barcelona.<\/li>\n<li>A not\u00edcia mencionada inclui um v\u00eddeo relacionado, divulgado pelo programa El Chiringuito.<\/li>\n<\/ul>\n","protected":false},"author":2,"featured_media":148411,"comment_status":"closed","ping_status":"closed","sticky":false,"template":"","format":"standard","meta":{"footnotes":""},"categories":[21,24],"tags":[2960,2031,32,1789,2714,2664],"class_list":["post-148406","post","type-post","status-publish","format-standard","has-post-thumbnail","hentry","category-desporto","category-futebol","tag-arbeloa","tag-espanha","tag-futebol","tag-la-liga","tag-real-madrid","tag-xabi-alonso"],"yoast_head":"<!-- This site is optimized with the Yoast SEO plugin v27.2 - https:\/\/yoast.com\/product\/yoast-seo-wordpress\/ -->\n<title>Jogadores do Real Madrid enfrentam assobios massivos dos adeptos - Portal Tela Portugal<\/title>\n<meta name=\"robots\" content=\"index, follow, max-snippet:-1, max-image-preview:large, max-video-preview:-1\" \/>\n<meta property=\"og:locale\" content=\"pt_PT\" \/>\n<meta property=\"og:type\" content=\"article\" \/>\n<meta property=\"og:title\" content=\"Jogadores do Real Madrid enfrentam assobios massivos dos adeptos - Portal Tela Portugal\" \/>\n<meta property=\"og:description\" content=\"Jogadores do Real Madrid ouviram uma assobiadela monumental no Bernab\u00e9u, durante o aquecimento para o jogo com o Levante de Lu\u00eds Castro. A press\u00e3o acontece ap\u00f3s a elimina\u00e7\u00e3o da Ta\u00e7a de Espanha pelo Albacete, da 2.\u00aa divis\u00e3o, na estreia de Arbeloa como treinador. Dias antes, Xabi Alonso foi despedido ap\u00f3s perder a final da Superta\u00e7a espanhola frente ao Barcelona. A not\u00edcia mencionada inclui um v\u00eddeo relacionado, divulgado pelo programa El Chiringuito.\" \/>\n<meta property=\"og:url\" content=\"https:\/\/portaltela.pt\/noticias\/2026\/01\/17\/jogadores-do-real-madrid-enfrentam-assobios-massivos-dos-adeptos\/\" \/>\n<meta property=\"og:site_name\" content=\"Portal Tela Portugal\" \/>\n<meta property=\"article:published_time\" content=\"2026-01-17T12:52:00+00:00\" \/>\n<meta name=\"author\" content=\"Telinha\" \/>\n<meta name=\"twitter:card\" content=\"summary_large_image\" \/>\n<meta name=\"twitter:label1\" content=\"Escrito por\" \/>\n\t<meta name=\"twitter:data1\" content=\"Telinha\" \/>\n\t<meta name=\"twitter:label2\" content=\"Tempo estimado de leitura\" \/>\n\t<meta name=\"twitter:data2\" content=\"1 minuto\" \/>\n<script type=\"application\/ld+json\" class=\"yoast-schema-graph\">{\"@context\":\"https:\/\/schema.org\",\"@graph\":[{\"@type\":\"Article\",\"@id\":\"https:\/\/portaltela.pt\/noticias\/2026\/01\/17\/jogadores-do-real-madrid-enfrentam-assobios-massivos-dos-adeptos\/#article\",\"isPartOf\":{\"@id\":\"https:\/\/portaltela.pt\/noticias\/2026\/01\/17\/jogadores-do-real-madrid-enfrentam-assobios-massivos-dos-adeptos\/\"},\"author\":{\"name\":\"Telinha\",\"@id\":\"https:\/\/portaltela.pt\/#\/schema\/person\/c4278d4a6028830caff9ee44b42d32ed\"},\"headline\":\"Jogadores do Real Madrid enfrentam assobios massivos dos adeptos\",\"datePublished\":\"2026-01-17T12:52:00+00:00\",\"mainEntityOfPage\":{\"@id\":\"https:\/\/portaltela.pt\/noticias\/2026\/01\/17\/jogadores-do-real-madrid-enfrentam-assobios-massivos-dos-adeptos\/\"},\"wordCount\":260,\"image\":{\"@id\":\"https:\/\/portaltela.pt\/noticias\/2026\/01\/17\/jogadores-do-real-madrid-enfrentam-assobios-massivos-dos-adeptos\/#primaryimage\"},\"thumbnailUrl\":\"https:\/\/portaltela.pt\/s.01k8rhncp4jt1\/2026\/01\/img_1200x721uu2026-01-17-12-53-29-2415318-4.jpg\",\"keywords\":[\"Arbeloa\",\"Espanha\",\"futebol\",\"La Liga\",\"Real Madrid\",\"Xabi Alonso\"],\"articleSection\":[\"Desporto\",\"Futebol\"],\"inLanguage\":\"pt-PT\"},{\"@type\":\"WebPage\",\"@id\":\"https:\/\/portaltela.pt\/noticias\/2026\/01\/17\/jogadores-do-real-madrid-enfrentam-assobios-massivos-dos-adeptos\/\",\"url\":\"https:\/\/portaltela.pt\/noticias\/2026\/01\/17\/jogadores-do-real-madrid-enfrentam-assobios-massivos-dos-adeptos\/\",\"name\":\"Jogadores do Real Madrid enfrentam assobios massivos dos adeptos - Portal Tela Portugal\",\"isPartOf\":{\"@id\":\"https:\/\/portaltela.pt\/#website\"},\"primaryImageOfPage\":{\"@id\":\"https:\/\/portaltela.pt\/noticias\/2026\/01\/17\/jogadores-do-real-madrid-enfrentam-assobios-massivos-dos-adeptos\/#primaryimage\"},\"image\":{\"@id\":\"https:\/\/portaltela.pt\/noticias\/2026\/01\/17\/jogadores-do-real-madrid-enfrentam-assobios-massivos-dos-adeptos\/#primaryimage\"},\"thumbnailUrl\":\"https:\/\/portaltela.pt\/s.01k8rhncp4jt1\/2026\/01\/img_1200x721uu2026-01-17-12-53-29-2415318-4.jpg\",\"datePublished\":\"2026-01-17T12:52:00+00:00\",\"author\":{\"@id\":\"https:\/\/portaltela.pt\/#\/schema\/person\/c4278d4a6028830caff9ee44b42d32ed\"},\"breadcrumb\":{\"@id\":\"https:\/\/portaltela.pt\/noticias\/2026\/01\/17\/jogadores-do-real-madrid-enfrentam-assobios-massivos-dos-adeptos\/#breadcrumb\"},\"inLanguage\":\"pt-PT\",\"potentialAction\":[{\"@type\":\"ReadAction\",\"target\":[\"https:\/\/portaltela.pt\/noticias\/2026\/01\/17\/jogadores-do-real-madrid-enfrentam-assobios-massivos-dos-adeptos\/\"]}]},{\"@type\":\"ImageObject\",\"inLanguage\":\"pt-PT\",\"@id\":\"https:\/\/portaltela.pt\/noticias\/2026\/01\/17\/jogadores-do-real-madrid-enfrentam-assobios-massivos-dos-adeptos\/#primaryimage\",\"url\":\"https:\/\/portaltela.pt\/s.01k8rhncp4jt1\/2026\/01\/img_1200x721uu2026-01-17-12-53-29-2415318-4.jpg\",\"contentUrl\":\"https:\/\/portaltela.pt\/s.01k8rhncp4jt1\/2026\/01\/img_1200x721uu2026-01-17-12-53-29-2415318-4.jpg\",\"width\":796,\"height\":448,\"caption\":\"Jogadores do Real Madrid ouvem assobiadela monumental dos pr\u00f3prios adeptos\"},{\"@type\":\"BreadcrumbList\",\"@id\":\"https:\/\/portaltela.pt\/noticias\/2026\/01\/17\/jogadores-do-real-madrid-enfrentam-assobios-massivos-dos-adeptos\/#breadcrumb\",\"itemListElement\":[{\"@type\":\"ListItem\",\"position\":1,\"name\":\"In\u00edcio\",\"item\":\"https:\/\/portaltela.pt\/\"},{\"@type\":\"ListItem\",\"position\":2,\"name\":\"Jogadores do Real Madrid enfrentam assobios massivos dos adeptos\"}]},{\"@type\":\"WebSite\",\"@id\":\"https:\/\/portaltela.pt\/#website\",\"url\":\"https:\/\/portaltela.pt\/\",\"name\":\"Portal Tela Portugal\",\"description\":\"\",\"potentialAction\":[{\"@type\":\"SearchAction\",\"target\":{\"@type\":\"EntryPoint\",\"urlTemplate\":\"https:\/\/portaltela.pt\/?s={search_term_string}\"},\"query-input\":{\"@type\":\"PropertyValueSpecification\",\"valueRequired\":true,\"valueName\":\"search_term_string\"}}],\"inLanguage\":\"pt-PT\"},{\"@type\":\"Person\",\"@id\":\"https:\/\/portaltela.pt\/#\/schema\/person\/c4278d4a6028830caff9ee44b42d32ed\",\"name\":\"Telinha\",\"image\":{\"@type\":\"ImageObject\",\"inLanguage\":\"pt-PT\",\"@id\":\"https:\/\/portaltela.pt\/s.01k8rhncp4jt1\/2025\/11\/talking-bot-125x125.png\",\"url\":\"https:\/\/portaltela.pt\/s.01k8rhncp4jt1\/2025\/11\/talking-bot-125x125.png\",\"contentUrl\":\"https:\/\/portaltela.pt\/s.01k8rhncp4jt1\/2025\/11\/talking-bot-125x125.png\",\"caption\":\"Telinha\"},\"sameAs\":[\"https:\/\/portaltela.pt\/\"],\"url\":\"https:\/\/portaltela.pt\/por\/367410592786\/\"}]}<\/script>\n<!-- \/ Yoast SEO plugin. -->","yoast_head_json":{"title":"Jogadores do Real Madrid enfrentam assobios massivos dos adeptos - Portal Tela Portugal","robots":{"index":"index","follow":"follow","max-snippet":"max-snippet:-1","max-image-preview":"max-image-preview:large","max-video-preview":"max-video-preview:-1"},"og_locale":"pt_PT","og_type":"article","og_title":"Jogadores do Real Madrid enfrentam assobios massivos dos adeptos - Portal Tela Portugal","og_description":"Jogadores do Real Madrid ouviram uma assobiadela monumental no Bernab\u00e9u, durante o aquecimento para o jogo com o Levante de Lu\u00eds Castro. A press\u00e3o acontece ap\u00f3s a elimina\u00e7\u00e3o da Ta\u00e7a de Espanha pelo Albacete, da 2.\u00aa divis\u00e3o, na estreia de Arbeloa como treinador. Dias antes, Xabi Alonso foi despedido ap\u00f3s perder a final da Superta\u00e7a espanhola frente ao Barcelona. A not\u00edcia mencionada inclui um v\u00eddeo relacionado, divulgado pelo programa El Chiringuito.","og_url":"https:\/\/portaltela.pt\/noticias\/2026\/01\/17\/jogadores-do-real-madrid-enfrentam-assobios-massivos-dos-adeptos\/","og_site_name":"Portal Tela Portugal","article_published_time":"2026-01-17T12:52:00+00:00","author":"Telinha","twitter_card":"summary_large_image","twitter_misc":{"Escrito por":"Telinha","Tempo estimado de leitura":"1 minuto"},"schema":{"@context":"https:\/\/schema.org","@graph":[{"@type":"Article","@id":"https:\/\/portaltela.pt\/noticias\/2026\/01\/17\/jogadores-do-real-madrid-enfrentam-assobios-massivos-dos-adeptos\/#article","isPartOf":{"@id":"https:\/\/portaltela.pt\/noticias\/2026\/01\/17\/jogadores-do-real-madrid-enfrentam-assobios-massivos-dos-adeptos\/"},"author":{"name":"Telinha","@id":"https:\/\/portaltela.pt\/#\/schema\/person\/c4278d4a6028830caff9ee44b42d32ed"},"headline":"Jogadores do Real Madrid enfrentam assobios massivos dos adeptos","datePublished":"2026-01-17T12:52:00+00:00","mainEntityOfPage":{"@id":"https:\/\/portaltela.pt\/noticias\/2026\/01\/17\/jogadores-do-real-madrid-enfrentam-assobios-massivos-dos-adeptos\/"},"wordCount":260,"image":{"@id":"https:\/\/portaltela.pt\/noticias\/2026\/01\/17\/jogadores-do-real-madrid-enfrentam-assobios-massivos-dos-adeptos\/#primaryimage"},"thumbnailUrl":"https:\/\/portaltela.pt\/s.01k8rhncp4jt1\/2026\/01\/img_1200x721uu2026-01-17-12-53-29-2415318-4.jpg","keywords":["Arbeloa","Espanha","futebol","La Liga","Real Madrid","Xabi Alonso"],"articleSection":["Desporto","Futebol"],"inLanguage":"pt-PT"},{"@type":"WebPage","@id":"https:\/\/portaltela.pt\/noticias\/2026\/01\/17\/jogadores-do-real-madrid-enfrentam-assobios-massivos-dos-adeptos\/","url":"https:\/\/portaltela.pt\/noticias\/2026\/01\/17\/jogadores-do-real-madrid-enfrentam-assobios-massivos-dos-adeptos\/","name":"Jogadores do Real Madrid enfrentam assobios massivos dos adeptos - Portal Tela Portugal","isPartOf":{"@id":"https:\/\/portaltela.pt\/#website"},"primaryImageOfPage":{"@id":"https:\/\/portaltela.pt\/noticias\/2026\/01\/17\/jogadores-do-real-madrid-enfrentam-assobios-massivos-dos-adeptos\/#primaryimage"},"image":{"@id":"https:\/\/portaltela.pt\/noticias\/2026\/01\/17\/jogadores-do-real-madrid-enfrentam-assobios-massivos-dos-adeptos\/#primaryimage"},"thumbnailUrl":"https:\/\/portaltela.pt\/s.01k8rhncp4jt1\/2026\/01\/img_1200x721uu2026-01-17-12-53-29-2415318-4.jpg","datePublished":"2026-01-17T12:52:00+00:00","author":{"@id":"https:\/\/portaltela.pt\/#\/schema\/person\/c4278d4a6028830caff9ee44b42d32ed"},"breadcrumb":{"@id":"https:\/\/portaltela.pt\/noticias\/2026\/01\/17\/jogadores-do-real-madrid-enfrentam-assobios-massivos-dos-adeptos\/#breadcrumb"},"inLanguage":"pt-PT","potentialAction":[{"@type":"ReadAction","target":["https:\/\/portaltela.pt\/noticias\/2026\/01\/17\/jogadores-do-real-madrid-enfrentam-assobios-massivos-dos-adeptos\/"]}]},{"@type":"ImageObject","inLanguage":"pt-PT","@id":"https:\/\/portaltela.pt\/noticias\/2026\/01\/17\/jogadores-do-real-madrid-enfrentam-assobios-massivos-dos-adeptos\/#primaryimage","url":"https:\/\/portaltela.pt\/s.01k8rhncp4jt1\/2026\/01\/img_1200x721uu2026-01-17-12-53-29-2415318-4.jpg","contentUrl":"https:\/\/portaltela.pt\/s.01k8rhncp4jt1\/2026\/01\/img_1200x721uu2026-01-17-12-53-29-2415318-4.jpg","width":796,"height":448,"caption":"Jogadores do Real Madrid ouvem assobiadela monumental dos pr\u00f3prios adeptos"},{"@type":"BreadcrumbList","@id":"https:\/\/portaltela.pt\/noticias\/2026\/01\/17\/jogadores-do-real-madrid-enfrentam-assobios-massivos-dos-adeptos\/#breadcrumb","itemListElement":[{"@type":"ListItem","position":1,"name":"In\u00edcio","item":"https:\/\/portaltela.pt\/"},{"@type":"ListItem","position":2,"name":"Jogadores do Real Madrid enfrentam assobios massivos dos adeptos"}]},{"@type":"WebSite","@id":"https:\/\/portaltela.pt\/#website","url":"https:\/\/portaltela.pt\/","name":"Portal Tela Portugal","description":"","potentialAction":[{"@type":"SearchAction","target":{"@type":"EntryPoint","urlTemplate":"https:\/\/portaltela.pt\/?s={search_term_string}"},"query-input":{"@type":"PropertyValueSpecification","valueRequired":true,"valueName":"search_term_string"}}],"inLanguage":"pt-PT"},{"@type":"Person","@id":"https:\/\/portaltela.pt\/#\/schema\/person\/c4278d4a6028830caff9ee44b42d32ed","name":"Telinha","image":{"@type":"ImageObject","inLanguage":"pt-PT","@id":"https:\/\/portaltela.pt\/s.01k8rhncp4jt1\/2025\/11\/talking-bot-125x125.png","url":"https:\/\/portaltela.pt\/s.01k8rhncp4jt1\/2025\/11\/talking-bot-125x125.png","contentUrl":"https:\/\/portaltela.pt\/s.01k8rhncp4jt1\/2025\/11\/talking-bot-125x125.png","caption":"Telinha"},"sameAs":["https:\/\/portaltela.pt\/"],"url":"https:\/\/portaltela.pt\/por\/367410592786\/"}]}},"_links":{"self":[{"href":"https:\/\/portaltela.pt\/api\/wp\/v2\/posts\/148406","targetHints":{"allow":["GET"]}}],"collection":[{"href":"https:\/\/portaltela.pt\/api\/wp\/v2\/posts"}],"about":[{"href":"https:\/\/portaltela.pt\/api\/wp\/v2\/types\/post"}],"author":[{"embeddable":true,"href":"https:\/\/portaltela.pt\/api\/wp\/v2\/users\/2"}],"replies":[{"embeddable":true,"href":"https:\/\/portaltela.pt\/api\/wp\/v2\/comments?post=148406"}],"version-history":[{"count":0,"href":"https:\/\/portaltela.pt\/api\/wp\/v2\/posts\/148406\/revisions"}],"wp:featuredmedia":[{"embeddable":true,"href":"https:\/\/portaltela.pt\/api\/wp\/v2\/media\/148411"}],"wp:attachment":[{"href":"https:\/\/portaltela.pt\/api\/wp\/v2\/media?parent=148406"}],"wp:term":[{"taxonomy":"category","embeddable":true,"href":"https:\/\/portaltela.pt\/api\/wp\/v2\/categories?post=148406"},{"taxonomy":"post_tag","embeddable":true,"href":"https:\/\/portaltela.pt\/api\/wp\/v2\/tags?post=148406"}],"curies":[{"name":"wp","href":"https:\/\/api.w.org\/{rel}","templated":true}]}}