{"id":148374,"date":"2026-01-17T13:50:34","date_gmt":"2026-01-17T16:50:34","guid":{"rendered":"https:\/\/portaltela.pt\/noticias\/2026\/01\/17\/colonia-vence-mainz-apos-dramatica-reviravolta\/"},"modified":"2026-01-17T13:50:34","modified_gmt":"2026-01-17T16:50:34","slug":"colonia-vence-mainz-apos-dramatica-reviravolta","status":"publish","type":"post","link":"https:\/\/portaltela.pt\/desporto\/futebol\/2026\/01\/17\/colonia-vence-mainz-apos-dramatica-reviravolta\/","title":{"rendered":"Col\u00f3nia vence Mainz ap\u00f3s dram\u00e1tica reviravolta"},"content":{"rendered":"<p>O Col\u00f4nia venceu o Mainz na Bundesliga numa reviravolta dram\u00e1tica. Bell abriu o marcador aos 29 minutos, colocando os visitantes na frente. Ache empatou aos 57 minutos, dando nova esperan\u00e7a aos mos. O APO finalizou aos 85 minutos, garantindo o triunfo.<\/p>\n<p>O jogo ficou marcado pela recupera\u00e7\u00e3o do Mainz, que procurou manter a vantagem ap\u00f3s o 1-0 inicial. Ache voltou a marcar pouco depois para igualar antes do fim, selando a vit\u00f3ria do Col\u00f4nia.<\/p>\n<h3>Virada decisiva<\/h3>\n<p>No minuto final, Ache consolidou o resultado ao marcar mais um golo aos 85 minutos. A vit\u00f3ria coloca o Col\u00f4nia numa posi\u00e7\u00e3o mais favor\u00e1vel na tabela da liga. Mainz ficou sem reagir nos instantes finais, n\u00e3o conseguindo evitar a derrota.<\/p>\n","protected":false},"excerpt":{"rendered":"<ul>\n<li>O Col\u00f3nia venceu o Mainz na Bundesliga.<\/li>\n<li>Bell abriu o marcador aos 29 minutos.<\/li>\n<li>Ache empatou aos 57 minutos e fez o bis aos 85 minutos.<\/li>\n<\/ul>\n","protected":false},"author":2,"featured_media":148378,"comment_status":"closed","ping_status":"closed","sticky":false,"template":"","format":"standard","meta":{"footnotes":""},"categories":[21,24],"tags":[1603,2500,152,2681,32,1786],"class_list":["post-148374","post","type-post","status-publish","format-standard","has-post-thumbnail","hentry","category-desporto","category-futebol","tag-alemanha","tag-colonia","tag-desporto","tag-desporto-internacional","tag-futebol","tag-liga"],"yoast_head":"<!-- This site is optimized with the Yoast SEO plugin v27.2 - https:\/\/yoast.com\/product\/yoast-seo-wordpress\/ -->\n<title>Col\u00f3nia vence Mainz ap\u00f3s dram\u00e1tica reviravolta - Portal Tela Portugal<\/title>\n<meta name=\"robots\" content=\"index, follow, max-snippet:-1, max-image-preview:large, max-video-preview:-1\" \/>\n<meta property=\"og:locale\" content=\"pt_PT\" \/>\n<meta property=\"og:type\" content=\"article\" \/>\n<meta property=\"og:title\" content=\"Col\u00f3nia vence Mainz ap\u00f3s dram\u00e1tica reviravolta - Portal Tela Portugal\" \/>\n<meta property=\"og:description\" content=\"O Col\u00f3nia venceu o Mainz na Bundesliga. Bell abriu o marcador aos 29 minutos. Ache empatou aos 57 minutos e fez o bis aos 85 minutos.\" \/>\n<meta property=\"og:url\" content=\"https:\/\/portaltela.pt\/noticias\/2026\/01\/17\/colonia-vence-mainz-apos-dramatica-reviravolta\/\" \/>\n<meta property=\"og:site_name\" content=\"Portal Tela Portugal\" \/>\n<meta property=\"article:published_time\" content=\"2026-01-17T16:50:34+00:00\" \/>\n<meta name=\"author\" content=\"Telinha\" \/>\n<meta name=\"twitter:card\" content=\"summary_large_image\" \/>\n<meta name=\"twitter:label1\" content=\"Escrito por\" \/>\n\t<meta name=\"twitter:data1\" content=\"Telinha\" \/>\n\t<meta name=\"twitter:label2\" content=\"Tempo estimado de leitura\" \/>\n\t<meta name=\"twitter:data2\" content=\"1 minuto\" \/>\n<script type=\"application\/ld+json\" class=\"yoast-schema-graph\">{\"@context\":\"https:\/\/schema.org\",\"@graph\":[{\"@type\":\"Article\",\"@id\":\"https:\/\/portaltela.pt\/noticias\/2026\/01\/17\/colonia-vence-mainz-apos-dramatica-reviravolta\/#article\",\"isPartOf\":{\"@id\":\"https:\/\/portaltela.pt\/noticias\/2026\/01\/17\/colonia-vence-mainz-apos-dramatica-reviravolta\/\"},\"author\":{\"name\":\"Telinha\",\"@id\":\"https:\/\/portaltela.pt\/#\/schema\/person\/c4278d4a6028830caff9ee44b42d32ed\"},\"headline\":\"Col\u00f3nia vence Mainz ap\u00f3s dram\u00e1tica reviravolta\",\"datePublished\":\"2026-01-17T16:50:34+00:00\",\"mainEntityOfPage\":{\"@id\":\"https:\/\/portaltela.pt\/noticias\/2026\/01\/17\/colonia-vence-mainz-apos-dramatica-reviravolta\/\"},\"wordCount\":133,\"image\":{\"@id\":\"https:\/\/portaltela.pt\/noticias\/2026\/01\/17\/colonia-vence-mainz-apos-dramatica-reviravolta\/#primaryimage\"},\"thumbnailUrl\":\"https:\/\/portaltela.pt\/s.01k8rhncp4jt1\/2026\/01\/8d752570-471c-42b9-afa7-3d8071d88811.jpg\",\"keywords\":[\"Alemanha\",\"Col\u00f3nia\",\"desporto\",\"desporto internacional\",\"futebol\",\"Liga\"],\"articleSection\":[\"Desporto\",\"Futebol\"],\"inLanguage\":\"pt-PT\"},{\"@type\":\"WebPage\",\"@id\":\"https:\/\/portaltela.pt\/noticias\/2026\/01\/17\/colonia-vence-mainz-apos-dramatica-reviravolta\/\",\"url\":\"https:\/\/portaltela.pt\/noticias\/2026\/01\/17\/colonia-vence-mainz-apos-dramatica-reviravolta\/\",\"name\":\"Col\u00f3nia vence Mainz ap\u00f3s dram\u00e1tica reviravolta - Portal Tela Portugal\",\"isPartOf\":{\"@id\":\"https:\/\/portaltela.pt\/#website\"},\"primaryImageOfPage\":{\"@id\":\"https:\/\/portaltela.pt\/noticias\/2026\/01\/17\/colonia-vence-mainz-apos-dramatica-reviravolta\/#primaryimage\"},\"image\":{\"@id\":\"https:\/\/portaltela.pt\/noticias\/2026\/01\/17\/colonia-vence-mainz-apos-dramatica-reviravolta\/#primaryimage\"},\"thumbnailUrl\":\"https:\/\/portaltela.pt\/s.01k8rhncp4jt1\/2026\/01\/8d752570-471c-42b9-afa7-3d8071d88811.jpg\",\"datePublished\":\"2026-01-17T16:50:34+00:00\",\"author\":{\"@id\":\"https:\/\/portaltela.pt\/#\/schema\/person\/c4278d4a6028830caff9ee44b42d32ed\"},\"breadcrumb\":{\"@id\":\"https:\/\/portaltela.pt\/noticias\/2026\/01\/17\/colonia-vence-mainz-apos-dramatica-reviravolta\/#breadcrumb\"},\"inLanguage\":\"pt-PT\",\"potentialAction\":[{\"@type\":\"ReadAction\",\"target\":[\"https:\/\/portaltela.pt\/noticias\/2026\/01\/17\/colonia-vence-mainz-apos-dramatica-reviravolta\/\"]}]},{\"@type\":\"ImageObject\",\"inLanguage\":\"pt-PT\",\"@id\":\"https:\/\/portaltela.pt\/noticias\/2026\/01\/17\/colonia-vence-mainz-apos-dramatica-reviravolta\/#primaryimage\",\"url\":\"https:\/\/portaltela.pt\/s.01k8rhncp4jt1\/2026\/01\/8d752570-471c-42b9-afa7-3d8071d88811.jpg\",\"contentUrl\":\"https:\/\/portaltela.pt\/s.01k8rhncp4jt1\/2026\/01\/8d752570-471c-42b9-afa7-3d8071d88811.jpg\",\"width\":796,\"height\":448,\"caption\":\"Reviravolta dram\u00e1tica d\u00e1 vit\u00f3ria ao Col\u00f3nia frente ao Mainz (resumo)\"},{\"@type\":\"BreadcrumbList\",\"@id\":\"https:\/\/portaltela.pt\/noticias\/2026\/01\/17\/colonia-vence-mainz-apos-dramatica-reviravolta\/#breadcrumb\",\"itemListElement\":[{\"@type\":\"ListItem\",\"position\":1,\"name\":\"In\u00edcio\",\"item\":\"https:\/\/portaltela.pt\/\"},{\"@type\":\"ListItem\",\"position\":2,\"name\":\"Col\u00f3nia vence Mainz ap\u00f3s dram\u00e1tica reviravolta\"}]},{\"@type\":\"WebSite\",\"@id\":\"https:\/\/portaltela.pt\/#website\",\"url\":\"https:\/\/portaltela.pt\/\",\"name\":\"Portal Tela Portugal\",\"description\":\"\",\"potentialAction\":[{\"@type\":\"SearchAction\",\"target\":{\"@type\":\"EntryPoint\",\"urlTemplate\":\"https:\/\/portaltela.pt\/?s={search_term_string}\"},\"query-input\":{\"@type\":\"PropertyValueSpecification\",\"valueRequired\":true,\"valueName\":\"search_term_string\"}}],\"inLanguage\":\"pt-PT\"},{\"@type\":\"Person\",\"@id\":\"https:\/\/portaltela.pt\/#\/schema\/person\/c4278d4a6028830caff9ee44b42d32ed\",\"name\":\"Telinha\",\"image\":{\"@type\":\"ImageObject\",\"inLanguage\":\"pt-PT\",\"@id\":\"https:\/\/portaltela.pt\/s.01k8rhncp4jt1\/2025\/11\/talking-bot-125x125.png\",\"url\":\"https:\/\/portaltela.pt\/s.01k8rhncp4jt1\/2025\/11\/talking-bot-125x125.png\",\"contentUrl\":\"https:\/\/portaltela.pt\/s.01k8rhncp4jt1\/2025\/11\/talking-bot-125x125.png\",\"caption\":\"Telinha\"},\"sameAs\":[\"https:\/\/portaltela.pt\/\"],\"url\":\"https:\/\/portaltela.pt\/por\/367410592786\/\"}]}<\/script>\n<!-- \/ Yoast SEO plugin. -->","yoast_head_json":{"title":"Col\u00f3nia vence Mainz ap\u00f3s dram\u00e1tica reviravolta - Portal Tela Portugal","robots":{"index":"index","follow":"follow","max-snippet":"max-snippet:-1","max-image-preview":"max-image-preview:large","max-video-preview":"max-video-preview:-1"},"og_locale":"pt_PT","og_type":"article","og_title":"Col\u00f3nia vence Mainz ap\u00f3s dram\u00e1tica reviravolta - Portal Tela Portugal","og_description":"O Col\u00f3nia venceu o Mainz na Bundesliga. Bell abriu o marcador aos 29 minutos. Ache empatou aos 57 minutos e fez o bis aos 85 minutos.","og_url":"https:\/\/portaltela.pt\/noticias\/2026\/01\/17\/colonia-vence-mainz-apos-dramatica-reviravolta\/","og_site_name":"Portal Tela Portugal","article_published_time":"2026-01-17T16:50:34+00:00","author":"Telinha","twitter_card":"summary_large_image","twitter_misc":{"Escrito por":"Telinha","Tempo estimado de leitura":"1 minuto"},"schema":{"@context":"https:\/\/schema.org","@graph":[{"@type":"Article","@id":"https:\/\/portaltela.pt\/noticias\/2026\/01\/17\/colonia-vence-mainz-apos-dramatica-reviravolta\/#article","isPartOf":{"@id":"https:\/\/portaltela.pt\/noticias\/2026\/01\/17\/colonia-vence-mainz-apos-dramatica-reviravolta\/"},"author":{"name":"Telinha","@id":"https:\/\/portaltela.pt\/#\/schema\/person\/c4278d4a6028830caff9ee44b42d32ed"},"headline":"Col\u00f3nia vence Mainz ap\u00f3s dram\u00e1tica reviravolta","datePublished":"2026-01-17T16:50:34+00:00","mainEntityOfPage":{"@id":"https:\/\/portaltela.pt\/noticias\/2026\/01\/17\/colonia-vence-mainz-apos-dramatica-reviravolta\/"},"wordCount":133,"image":{"@id":"https:\/\/portaltela.pt\/noticias\/2026\/01\/17\/colonia-vence-mainz-apos-dramatica-reviravolta\/#primaryimage"},"thumbnailUrl":"https:\/\/portaltela.pt\/s.01k8rhncp4jt1\/2026\/01\/8d752570-471c-42b9-afa7-3d8071d88811.jpg","keywords":["Alemanha","Col\u00f3nia","desporto","desporto internacional","futebol","Liga"],"articleSection":["Desporto","Futebol"],"inLanguage":"pt-PT"},{"@type":"WebPage","@id":"https:\/\/portaltela.pt\/noticias\/2026\/01\/17\/colonia-vence-mainz-apos-dramatica-reviravolta\/","url":"https:\/\/portaltela.pt\/noticias\/2026\/01\/17\/colonia-vence-mainz-apos-dramatica-reviravolta\/","name":"Col\u00f3nia vence Mainz ap\u00f3s dram\u00e1tica reviravolta - Portal Tela Portugal","isPartOf":{"@id":"https:\/\/portaltela.pt\/#website"},"primaryImageOfPage":{"@id":"https:\/\/portaltela.pt\/noticias\/2026\/01\/17\/colonia-vence-mainz-apos-dramatica-reviravolta\/#primaryimage"},"image":{"@id":"https:\/\/portaltela.pt\/noticias\/2026\/01\/17\/colonia-vence-mainz-apos-dramatica-reviravolta\/#primaryimage"},"thumbnailUrl":"https:\/\/portaltela.pt\/s.01k8rhncp4jt1\/2026\/01\/8d752570-471c-42b9-afa7-3d8071d88811.jpg","datePublished":"2026-01-17T16:50:34+00:00","author":{"@id":"https:\/\/portaltela.pt\/#\/schema\/person\/c4278d4a6028830caff9ee44b42d32ed"},"breadcrumb":{"@id":"https:\/\/portaltela.pt\/noticias\/2026\/01\/17\/colonia-vence-mainz-apos-dramatica-reviravolta\/#breadcrumb"},"inLanguage":"pt-PT","potentialAction":[{"@type":"ReadAction","target":["https:\/\/portaltela.pt\/noticias\/2026\/01\/17\/colonia-vence-mainz-apos-dramatica-reviravolta\/"]}]},{"@type":"ImageObject","inLanguage":"pt-PT","@id":"https:\/\/portaltela.pt\/noticias\/2026\/01\/17\/colonia-vence-mainz-apos-dramatica-reviravolta\/#primaryimage","url":"https:\/\/portaltela.pt\/s.01k8rhncp4jt1\/2026\/01\/8d752570-471c-42b9-afa7-3d8071d88811.jpg","contentUrl":"https:\/\/portaltela.pt\/s.01k8rhncp4jt1\/2026\/01\/8d752570-471c-42b9-afa7-3d8071d88811.jpg","width":796,"height":448,"caption":"Reviravolta dram\u00e1tica d\u00e1 vit\u00f3ria ao Col\u00f3nia frente ao Mainz (resumo)"},{"@type":"BreadcrumbList","@id":"https:\/\/portaltela.pt\/noticias\/2026\/01\/17\/colonia-vence-mainz-apos-dramatica-reviravolta\/#breadcrumb","itemListElement":[{"@type":"ListItem","position":1,"name":"In\u00edcio","item":"https:\/\/portaltela.pt\/"},{"@type":"ListItem","position":2,"name":"Col\u00f3nia vence Mainz ap\u00f3s dram\u00e1tica reviravolta"}]},{"@type":"WebSite","@id":"https:\/\/portaltela.pt\/#website","url":"https:\/\/portaltela.pt\/","name":"Portal Tela Portugal","description":"","potentialAction":[{"@type":"SearchAction","target":{"@type":"EntryPoint","urlTemplate":"https:\/\/portaltela.pt\/?s={search_term_string}"},"query-input":{"@type":"PropertyValueSpecification","valueRequired":true,"valueName":"search_term_string"}}],"inLanguage":"pt-PT"},{"@type":"Person","@id":"https:\/\/portaltela.pt\/#\/schema\/person\/c4278d4a6028830caff9ee44b42d32ed","name":"Telinha","image":{"@type":"ImageObject","inLanguage":"pt-PT","@id":"https:\/\/portaltela.pt\/s.01k8rhncp4jt1\/2025\/11\/talking-bot-125x125.png","url":"https:\/\/portaltela.pt\/s.01k8rhncp4jt1\/2025\/11\/talking-bot-125x125.png","contentUrl":"https:\/\/portaltela.pt\/s.01k8rhncp4jt1\/2025\/11\/talking-bot-125x125.png","caption":"Telinha"},"sameAs":["https:\/\/portaltela.pt\/"],"url":"https:\/\/portaltela.pt\/por\/367410592786\/"}]}},"_links":{"self":[{"href":"https:\/\/portaltela.pt\/api\/wp\/v2\/posts\/148374","targetHints":{"allow":["GET"]}}],"collection":[{"href":"https:\/\/portaltela.pt\/api\/wp\/v2\/posts"}],"about":[{"href":"https:\/\/portaltela.pt\/api\/wp\/v2\/types\/post"}],"author":[{"embeddable":true,"href":"https:\/\/portaltela.pt\/api\/wp\/v2\/users\/2"}],"replies":[{"embeddable":true,"href":"https:\/\/portaltela.pt\/api\/wp\/v2\/comments?post=148374"}],"version-history":[{"count":0,"href":"https:\/\/portaltela.pt\/api\/wp\/v2\/posts\/148374\/revisions"}],"wp:featuredmedia":[{"embeddable":true,"href":"https:\/\/portaltela.pt\/api\/wp\/v2\/media\/148378"}],"wp:attachment":[{"href":"https:\/\/portaltela.pt\/api\/wp\/v2\/media?parent=148374"}],"wp:term":[{"taxonomy":"category","embeddable":true,"href":"https:\/\/portaltela.pt\/api\/wp\/v2\/categories?post=148374"},{"taxonomy":"post_tag","embeddable":true,"href":"https:\/\/portaltela.pt\/api\/wp\/v2\/tags?post=148374"}],"curies":[{"name":"wp","href":"https:\/\/api.w.org\/{rel}","templated":true}]}}