{"id":148182,"date":"2026-01-17T12:02:00","date_gmt":"2026-01-17T15:02:00","guid":{"rendered":"https:\/\/portaltela.pt\/noticias\/2026\/01\/17\/paulo-fiuza-torna-se-o-primeiro-portugues-a-vencer-o-rali-dakar\/"},"modified":"2026-01-17T12:02:00","modified_gmt":"2026-01-17T15:02:00","slug":"paulo-fiuza-torna-se-o-primeiro-portugues-a-vencer-o-rali-dakar","status":"publish","type":"post","link":"https:\/\/portaltela.pt\/desporto\/2026\/01\/17\/paulo-fiuza-torna-se-o-primeiro-portugues-a-vencer-o-rali-dakar\/","title":{"rendered":"Paulo Fi\u00faza torna-se o primeiro portugu\u00eas a vencer o rali Dakar"},"content":{"rendered":"<p>Paulo Fi\u00faza tornou-se o primeiro portugu\u00eas a vencer uma categoria da classifica\u00e7\u00e3o geral do rali Dakar. O feito ocorreu na 48.\u00aa edi\u00e7\u00e3o, disputada na Ar\u00e1bia Saudita, conclu\u00edda no s\u00e1bado. Fi\u00faza integrou a equipa do lituano Vaidotas Zala, na categoria de cami\u00f5es, com Max van Grol como mec\u00e2nico.<\/p>\n<p>A equipa terminou a prova com 20m18s de avan\u00e7o sobre o checo Ales Loprais (Iveco) e 29m03s sobre Mitchel van den Brink (TRK). O sexto lugar na \u00faltima etapa, em Yanbu, ajudou a confirmar a vit\u00f3ria na geral. Fi\u00faza, de 50 anos, disse ter cumprido um sonho de 20 anos de participa\u00e7\u00e3o no Dakar.<\/p>\n<h3>Vit\u00f3ria hist\u00f3rica e declara\u00e7\u00f5es<\/h3>\n<p>Nasser Al-Attiyah venceu a prova nos autom\u00f3veis, com 9m42s de avan\u00e7o sobre Nani Roma (Ford) na \u00faltima etapa de 105 km em Yanbu. Este \u00e9 o sexto triunfo do piloto qatari, que j\u00e1 venceu o rali noutras edi\u00e7\u00f5es com VW, Mini, Toyota e, recentemente, com a Dacia.<\/p>\n<p>Nos motores, Luciano Benavides (KTM) sagrou-se campe\u00e3o, enquanto Martim Ventura (Honda) foi terceiro na classe Rally 2. O argentino venceu por apenas dois segundos sobre Ricky Brabec (Honda) na etapa decisiva, ap\u00f3s uma recupera\u00e7\u00e3o nos quil\u00f3metros finais. Ventura alcan\u00e7ou o seu primeiro p\u00f3dio no Dakar.<\/p>\n","protected":false},"excerpt":{"rendered":"<ul>\n<li>Nasser Al-Attiyah (Dacia) venceu a prova de autom\u00f3veis da 48.\u00aa edi\u00e7\u00e3o do rali Dakar, disputada na Ar\u00e1bia Saudita, alcan\u00e7ando o sexto triunfo no rali.<\/li>\n<li>Paulo Fi\u00faza tornou-se o primeiro portugu\u00eas a vencer uma categoria da classifica\u00e7\u00e3o geral no Dakar, ao triunfar nos cami\u00f5es ao lado do piloto lituano Vaidotas Zala.<\/li>\n<li>A equipa de Fi\u00faza terminou o Dakar 2026 com 20m18s de avan\u00e7o sobre o checo Ales Loprais (Iveco) e 29m03s sobre o neerland\u00eas Mitchel van den Brink (TRK), ap\u00f3s terminar a \u00faltima etapa no sexto posto.<\/li>\n<li>O piloto portugu\u00eas, de 50 anos, considerou cumprir um sonho de vinte anos, agradecendo a quem participou no processo.<\/li>\n<li>Nas motos, Luciano Benavides (KTM) venceu por dois segundos sobre Ricky Brabec (Honda); Martim Ventura (Honda) terminou em terceiro na classe Rally 2.<\/li>\n<\/ul>\n","protected":false},"author":2,"featured_media":148199,"comment_status":"closed","ping_status":"closed","sticky":false,"template":"","format":"standard","meta":{"footnotes":""},"categories":[21],"tags":[2371,152,2748,1014],"class_list":["post-148182","post","type-post","status-publish","format-standard","has-post-thumbnail","hentry","category-desporto","tag-automoveis","tag-desporto","tag-motores-ssv-e-challenger","tag-portugal"],"yoast_head":"<!-- This site is optimized with the Yoast SEO plugin v27.2 - https:\/\/yoast.com\/product\/yoast-seo-wordpress\/ -->\n<title>Paulo Fi\u00faza torna-se o primeiro portugu\u00eas a vencer o rali Dakar - Portal Tela Portugal<\/title>\n<meta name=\"robots\" content=\"index, follow, max-snippet:-1, max-image-preview:large, max-video-preview:-1\" \/>\n<meta property=\"og:locale\" content=\"pt_PT\" \/>\n<meta property=\"og:type\" content=\"article\" \/>\n<meta property=\"og:title\" content=\"Paulo Fi\u00faza torna-se o primeiro portugu\u00eas a vencer o rali Dakar - Portal Tela Portugal\" \/>\n<meta property=\"og:description\" content=\"Nasser Al-Attiyah (Dacia) venceu a prova de autom\u00f3veis da 48.\u00aa edi\u00e7\u00e3o do rali Dakar, disputada na Ar\u00e1bia Saudita, alcan\u00e7ando o sexto triunfo no rali. Paulo Fi\u00faza tornou-se o primeiro portugu\u00eas a vencer uma categoria da classifica\u00e7\u00e3o geral no Dakar, ao triunfar nos cami\u00f5es ao lado do piloto lituano Vaidotas Zala. A equipa de Fi\u00faza terminou o Dakar 2026 com 20m18s de avan\u00e7o sobre o checo Ales Loprais (Iveco) e 29m03s sobre o neerland\u00eas Mitchel van den Brink (TRK), ap\u00f3s terminar a \u00faltima etapa no sexto posto. O piloto portugu\u00eas, de 50 anos, considerou cumprir um sonho de vinte anos, agradecendo a quem participou no processo. Nas motos, Luciano Benavides (KTM) venceu por dois segundos sobre Ricky Brabec (Honda); Martim Ventura (Honda) terminou em terceiro na classe Rally 2.\" \/>\n<meta property=\"og:url\" content=\"https:\/\/portaltela.pt\/noticias\/2026\/01\/17\/paulo-fiuza-torna-se-o-primeiro-portugues-a-vencer-o-rali-dakar\/\" \/>\n<meta property=\"og:site_name\" content=\"Portal Tela Portugal\" \/>\n<meta property=\"article:published_time\" content=\"2026-01-17T15:02:00+00:00\" \/>\n<meta name=\"author\" content=\"Telinha\" \/>\n<meta name=\"twitter:card\" content=\"summary_large_image\" \/>\n<meta name=\"twitter:label1\" content=\"Escrito por\" \/>\n\t<meta name=\"twitter:data1\" content=\"Telinha\" \/>\n\t<meta name=\"twitter:label2\" content=\"Tempo estimado de leitura\" \/>\n\t<meta name=\"twitter:data2\" content=\"1 minuto\" \/>\n<script type=\"application\/ld+json\" class=\"yoast-schema-graph\">{\"@context\":\"https:\/\/schema.org\",\"@graph\":[{\"@type\":\"Article\",\"@id\":\"https:\/\/portaltela.pt\/noticias\/2026\/01\/17\/paulo-fiuza-torna-se-o-primeiro-portugues-a-vencer-o-rali-dakar\/#article\",\"isPartOf\":{\"@id\":\"https:\/\/portaltela.pt\/noticias\/2026\/01\/17\/paulo-fiuza-torna-se-o-primeiro-portugues-a-vencer-o-rali-dakar\/\"},\"author\":{\"name\":\"Telinha\",\"@id\":\"https:\/\/portaltela.pt\/#\/schema\/person\/c4278d4a6028830caff9ee44b42d32ed\"},\"headline\":\"Paulo Fi\u00faza torna-se o primeiro portugu\u00eas a vencer o rali Dakar\",\"datePublished\":\"2026-01-17T15:02:00+00:00\",\"mainEntityOfPage\":{\"@id\":\"https:\/\/portaltela.pt\/noticias\/2026\/01\/17\/paulo-fiuza-torna-se-o-primeiro-portugues-a-vencer-o-rali-dakar\/\"},\"wordCount\":233,\"image\":{\"@id\":\"https:\/\/portaltela.pt\/noticias\/2026\/01\/17\/paulo-fiuza-torna-se-o-primeiro-portugues-a-vencer-o-rali-dakar\/#primaryimage\"},\"thumbnailUrl\":\"https:\/\/portaltela.pt\/s.01k8rhncp4jt1\/2026\/01\/2060067.jpg\",\"keywords\":[\"Autom\u00f3veis\",\"desporto\",\"Motores, SSV e Challenger\",\"Portugal\"],\"articleSection\":[\"Desporto\"],\"inLanguage\":\"pt-PT\"},{\"@type\":\"WebPage\",\"@id\":\"https:\/\/portaltela.pt\/noticias\/2026\/01\/17\/paulo-fiuza-torna-se-o-primeiro-portugues-a-vencer-o-rali-dakar\/\",\"url\":\"https:\/\/portaltela.pt\/noticias\/2026\/01\/17\/paulo-fiuza-torna-se-o-primeiro-portugues-a-vencer-o-rali-dakar\/\",\"name\":\"Paulo Fi\u00faza torna-se o primeiro portugu\u00eas a vencer o rali Dakar - Portal Tela Portugal\",\"isPartOf\":{\"@id\":\"https:\/\/portaltela.pt\/#website\"},\"primaryImageOfPage\":{\"@id\":\"https:\/\/portaltela.pt\/noticias\/2026\/01\/17\/paulo-fiuza-torna-se-o-primeiro-portugues-a-vencer-o-rali-dakar\/#primaryimage\"},\"image\":{\"@id\":\"https:\/\/portaltela.pt\/noticias\/2026\/01\/17\/paulo-fiuza-torna-se-o-primeiro-portugues-a-vencer-o-rali-dakar\/#primaryimage\"},\"thumbnailUrl\":\"https:\/\/portaltela.pt\/s.01k8rhncp4jt1\/2026\/01\/2060067.jpg\",\"datePublished\":\"2026-01-17T15:02:00+00:00\",\"author\":{\"@id\":\"https:\/\/portaltela.pt\/#\/schema\/person\/c4278d4a6028830caff9ee44b42d32ed\"},\"breadcrumb\":{\"@id\":\"https:\/\/portaltela.pt\/noticias\/2026\/01\/17\/paulo-fiuza-torna-se-o-primeiro-portugues-a-vencer-o-rali-dakar\/#breadcrumb\"},\"inLanguage\":\"pt-PT\",\"potentialAction\":[{\"@type\":\"ReadAction\",\"target\":[\"https:\/\/portaltela.pt\/noticias\/2026\/01\/17\/paulo-fiuza-torna-se-o-primeiro-portugues-a-vencer-o-rali-dakar\/\"]}]},{\"@type\":\"ImageObject\",\"inLanguage\":\"pt-PT\",\"@id\":\"https:\/\/portaltela.pt\/noticias\/2026\/01\/17\/paulo-fiuza-torna-se-o-primeiro-portugues-a-vencer-o-rali-dakar\/#primaryimage\",\"url\":\"https:\/\/portaltela.pt\/s.01k8rhncp4jt1\/2026\/01\/2060067.jpg\",\"contentUrl\":\"https:\/\/portaltela.pt\/s.01k8rhncp4jt1\/2026\/01\/2060067.jpg\",\"width\":796,\"height\":448,\"caption\":\"Paulo Fi\u00faza (\u00e0 direita) satisfeito com o triunfo no Dakar 2026\"},{\"@type\":\"BreadcrumbList\",\"@id\":\"https:\/\/portaltela.pt\/noticias\/2026\/01\/17\/paulo-fiuza-torna-se-o-primeiro-portugues-a-vencer-o-rali-dakar\/#breadcrumb\",\"itemListElement\":[{\"@type\":\"ListItem\",\"position\":1,\"name\":\"In\u00edcio\",\"item\":\"https:\/\/portaltela.pt\/\"},{\"@type\":\"ListItem\",\"position\":2,\"name\":\"Paulo Fi\u00faza torna-se o primeiro portugu\u00eas a vencer o rali Dakar\"}]},{\"@type\":\"WebSite\",\"@id\":\"https:\/\/portaltela.pt\/#website\",\"url\":\"https:\/\/portaltela.pt\/\",\"name\":\"Portal Tela Portugal\",\"description\":\"\",\"potentialAction\":[{\"@type\":\"SearchAction\",\"target\":{\"@type\":\"EntryPoint\",\"urlTemplate\":\"https:\/\/portaltela.pt\/?s={search_term_string}\"},\"query-input\":{\"@type\":\"PropertyValueSpecification\",\"valueRequired\":true,\"valueName\":\"search_term_string\"}}],\"inLanguage\":\"pt-PT\"},{\"@type\":\"Person\",\"@id\":\"https:\/\/portaltela.pt\/#\/schema\/person\/c4278d4a6028830caff9ee44b42d32ed\",\"name\":\"Telinha\",\"image\":{\"@type\":\"ImageObject\",\"inLanguage\":\"pt-PT\",\"@id\":\"https:\/\/portaltela.pt\/s.01k8rhncp4jt1\/2025\/11\/talking-bot-125x125.png\",\"url\":\"https:\/\/portaltela.pt\/s.01k8rhncp4jt1\/2025\/11\/talking-bot-125x125.png\",\"contentUrl\":\"https:\/\/portaltela.pt\/s.01k8rhncp4jt1\/2025\/11\/talking-bot-125x125.png\",\"caption\":\"Telinha\"},\"sameAs\":[\"https:\/\/portaltela.pt\/\"],\"url\":\"https:\/\/portaltela.pt\/por\/367410592786\/\"}]}<\/script>\n<!-- \/ Yoast SEO plugin. -->","yoast_head_json":{"title":"Paulo Fi\u00faza torna-se o primeiro portugu\u00eas a vencer o rali Dakar - Portal Tela Portugal","robots":{"index":"index","follow":"follow","max-snippet":"max-snippet:-1","max-image-preview":"max-image-preview:large","max-video-preview":"max-video-preview:-1"},"og_locale":"pt_PT","og_type":"article","og_title":"Paulo Fi\u00faza torna-se o primeiro portugu\u00eas a vencer o rali Dakar - Portal Tela Portugal","og_description":"Nasser Al-Attiyah (Dacia) venceu a prova de autom\u00f3veis da 48.\u00aa edi\u00e7\u00e3o do rali Dakar, disputada na Ar\u00e1bia Saudita, alcan\u00e7ando o sexto triunfo no rali. Paulo Fi\u00faza tornou-se o primeiro portugu\u00eas a vencer uma categoria da classifica\u00e7\u00e3o geral no Dakar, ao triunfar nos cami\u00f5es ao lado do piloto lituano Vaidotas Zala. A equipa de Fi\u00faza terminou o Dakar 2026 com 20m18s de avan\u00e7o sobre o checo Ales Loprais (Iveco) e 29m03s sobre o neerland\u00eas Mitchel van den Brink (TRK), ap\u00f3s terminar a \u00faltima etapa no sexto posto. O piloto portugu\u00eas, de 50 anos, considerou cumprir um sonho de vinte anos, agradecendo a quem participou no processo. Nas motos, Luciano Benavides (KTM) venceu por dois segundos sobre Ricky Brabec (Honda); Martim Ventura (Honda) terminou em terceiro na classe Rally 2.","og_url":"https:\/\/portaltela.pt\/noticias\/2026\/01\/17\/paulo-fiuza-torna-se-o-primeiro-portugues-a-vencer-o-rali-dakar\/","og_site_name":"Portal Tela Portugal","article_published_time":"2026-01-17T15:02:00+00:00","author":"Telinha","twitter_card":"summary_large_image","twitter_misc":{"Escrito por":"Telinha","Tempo estimado de leitura":"1 minuto"},"schema":{"@context":"https:\/\/schema.org","@graph":[{"@type":"Article","@id":"https:\/\/portaltela.pt\/noticias\/2026\/01\/17\/paulo-fiuza-torna-se-o-primeiro-portugues-a-vencer-o-rali-dakar\/#article","isPartOf":{"@id":"https:\/\/portaltela.pt\/noticias\/2026\/01\/17\/paulo-fiuza-torna-se-o-primeiro-portugues-a-vencer-o-rali-dakar\/"},"author":{"name":"Telinha","@id":"https:\/\/portaltela.pt\/#\/schema\/person\/c4278d4a6028830caff9ee44b42d32ed"},"headline":"Paulo Fi\u00faza torna-se o primeiro portugu\u00eas a vencer o rali Dakar","datePublished":"2026-01-17T15:02:00+00:00","mainEntityOfPage":{"@id":"https:\/\/portaltela.pt\/noticias\/2026\/01\/17\/paulo-fiuza-torna-se-o-primeiro-portugues-a-vencer-o-rali-dakar\/"},"wordCount":233,"image":{"@id":"https:\/\/portaltela.pt\/noticias\/2026\/01\/17\/paulo-fiuza-torna-se-o-primeiro-portugues-a-vencer-o-rali-dakar\/#primaryimage"},"thumbnailUrl":"https:\/\/portaltela.pt\/s.01k8rhncp4jt1\/2026\/01\/2060067.jpg","keywords":["Autom\u00f3veis","desporto","Motores, SSV e Challenger","Portugal"],"articleSection":["Desporto"],"inLanguage":"pt-PT"},{"@type":"WebPage","@id":"https:\/\/portaltela.pt\/noticias\/2026\/01\/17\/paulo-fiuza-torna-se-o-primeiro-portugues-a-vencer-o-rali-dakar\/","url":"https:\/\/portaltela.pt\/noticias\/2026\/01\/17\/paulo-fiuza-torna-se-o-primeiro-portugues-a-vencer-o-rali-dakar\/","name":"Paulo Fi\u00faza torna-se o primeiro portugu\u00eas a vencer o rali Dakar - Portal Tela Portugal","isPartOf":{"@id":"https:\/\/portaltela.pt\/#website"},"primaryImageOfPage":{"@id":"https:\/\/portaltela.pt\/noticias\/2026\/01\/17\/paulo-fiuza-torna-se-o-primeiro-portugues-a-vencer-o-rali-dakar\/#primaryimage"},"image":{"@id":"https:\/\/portaltela.pt\/noticias\/2026\/01\/17\/paulo-fiuza-torna-se-o-primeiro-portugues-a-vencer-o-rali-dakar\/#primaryimage"},"thumbnailUrl":"https:\/\/portaltela.pt\/s.01k8rhncp4jt1\/2026\/01\/2060067.jpg","datePublished":"2026-01-17T15:02:00+00:00","author":{"@id":"https:\/\/portaltela.pt\/#\/schema\/person\/c4278d4a6028830caff9ee44b42d32ed"},"breadcrumb":{"@id":"https:\/\/portaltela.pt\/noticias\/2026\/01\/17\/paulo-fiuza-torna-se-o-primeiro-portugues-a-vencer-o-rali-dakar\/#breadcrumb"},"inLanguage":"pt-PT","potentialAction":[{"@type":"ReadAction","target":["https:\/\/portaltela.pt\/noticias\/2026\/01\/17\/paulo-fiuza-torna-se-o-primeiro-portugues-a-vencer-o-rali-dakar\/"]}]},{"@type":"ImageObject","inLanguage":"pt-PT","@id":"https:\/\/portaltela.pt\/noticias\/2026\/01\/17\/paulo-fiuza-torna-se-o-primeiro-portugues-a-vencer-o-rali-dakar\/#primaryimage","url":"https:\/\/portaltela.pt\/s.01k8rhncp4jt1\/2026\/01\/2060067.jpg","contentUrl":"https:\/\/portaltela.pt\/s.01k8rhncp4jt1\/2026\/01\/2060067.jpg","width":796,"height":448,"caption":"Paulo Fi\u00faza (\u00e0 direita) satisfeito com o triunfo no Dakar 2026"},{"@type":"BreadcrumbList","@id":"https:\/\/portaltela.pt\/noticias\/2026\/01\/17\/paulo-fiuza-torna-se-o-primeiro-portugues-a-vencer-o-rali-dakar\/#breadcrumb","itemListElement":[{"@type":"ListItem","position":1,"name":"In\u00edcio","item":"https:\/\/portaltela.pt\/"},{"@type":"ListItem","position":2,"name":"Paulo Fi\u00faza torna-se o primeiro portugu\u00eas a vencer o rali Dakar"}]},{"@type":"WebSite","@id":"https:\/\/portaltela.pt\/#website","url":"https:\/\/portaltela.pt\/","name":"Portal Tela Portugal","description":"","potentialAction":[{"@type":"SearchAction","target":{"@type":"EntryPoint","urlTemplate":"https:\/\/portaltela.pt\/?s={search_term_string}"},"query-input":{"@type":"PropertyValueSpecification","valueRequired":true,"valueName":"search_term_string"}}],"inLanguage":"pt-PT"},{"@type":"Person","@id":"https:\/\/portaltela.pt\/#\/schema\/person\/c4278d4a6028830caff9ee44b42d32ed","name":"Telinha","image":{"@type":"ImageObject","inLanguage":"pt-PT","@id":"https:\/\/portaltela.pt\/s.01k8rhncp4jt1\/2025\/11\/talking-bot-125x125.png","url":"https:\/\/portaltela.pt\/s.01k8rhncp4jt1\/2025\/11\/talking-bot-125x125.png","contentUrl":"https:\/\/portaltela.pt\/s.01k8rhncp4jt1\/2025\/11\/talking-bot-125x125.png","caption":"Telinha"},"sameAs":["https:\/\/portaltela.pt\/"],"url":"https:\/\/portaltela.pt\/por\/367410592786\/"}]}},"_links":{"self":[{"href":"https:\/\/portaltela.pt\/api\/wp\/v2\/posts\/148182","targetHints":{"allow":["GET"]}}],"collection":[{"href":"https:\/\/portaltela.pt\/api\/wp\/v2\/posts"}],"about":[{"href":"https:\/\/portaltela.pt\/api\/wp\/v2\/types\/post"}],"author":[{"embeddable":true,"href":"https:\/\/portaltela.pt\/api\/wp\/v2\/users\/2"}],"replies":[{"embeddable":true,"href":"https:\/\/portaltela.pt\/api\/wp\/v2\/comments?post=148182"}],"version-history":[{"count":0,"href":"https:\/\/portaltela.pt\/api\/wp\/v2\/posts\/148182\/revisions"}],"wp:featuredmedia":[{"embeddable":true,"href":"https:\/\/portaltela.pt\/api\/wp\/v2\/media\/148199"}],"wp:attachment":[{"href":"https:\/\/portaltela.pt\/api\/wp\/v2\/media?parent=148182"}],"wp:term":[{"taxonomy":"category","embeddable":true,"href":"https:\/\/portaltela.pt\/api\/wp\/v2\/categories?post=148182"},{"taxonomy":"post_tag","embeddable":true,"href":"https:\/\/portaltela.pt\/api\/wp\/v2\/tags?post=148182"}],"curies":[{"name":"wp","href":"https:\/\/api.w.org\/{rel}","templated":true}]}}