{"id":148126,"date":"2026-01-17T12:11:00","date_gmt":"2026-01-17T15:11:00","guid":{"rendered":"https:\/\/portaltela.pt\/noticias\/2026\/01\/17\/centro-de-juventude-de-santana-e-exemplo-de-articulacao-entre-juventude-educacao-e-inclusao\/"},"modified":"2026-01-17T12:11:00","modified_gmt":"2026-01-17T15:11:00","slug":"centro-de-juventude-de-santana-e-exemplo-de-articulacao-entre-juventude-educacao-e-inclusao","status":"publish","type":"post","link":"https:\/\/portaltela.pt\/noticias\/2026\/01\/17\/centro-de-juventude-de-santana-e-exemplo-de-articulacao-entre-juventude-educacao-e-inclusao\/","title":{"rendered":"Centro de Juventude de Santana \u00e9 exemplo de articula\u00e7\u00e3o entre juventude, educa\u00e7\u00e3o e inclus\u00e3o"},"content":{"rendered":"<p>O Centro de Juventude de Santana recebeu a visita da secret\u00e1ria Regional de Inclus\u00e3o, Trabalho e Juventude, Paula Margarido, para acompanhar o funcionamento da infraestrutura, atualmente com acolhimento de estudantes universit\u00e1rios em regime de resid\u00eancia. A visita realizou-se no \u00e2mbito de a\u00e7\u00f5es da agenda da regi\u00e3o, na sexta-feira, 16 de janeiro.<\/p>\n<p>Acompanhavam a secret\u00e1ria o reitor da Universidade da Madeira (UMa), S\u00edlvio Fernandes, o diretor Regional da Juventude, Andr\u00e9 Alves, e a deputada \u00e0 Assembleia Legislativa, Cl\u00e1udia Perestrelo. Durante o itiner\u00e1rio, analisaram as instala\u00e7\u00f5es e contactaram com estudantes de S\u00e3o Tom\u00e9 e Pr\u00edncipe que residem no local.<\/p>\n<p>Inaugurado em 2009, o Centro de Juventude de Santana est\u00e1 ligado \u00e0 UMa desde setembro de 2022, assegurando alojamento a estudantes universit\u00e1rios. Margarido destacou a import\u00e2ncia de condi\u00e7\u00f5es dignas e seguras, como investimento no futuro acad\u00e9mico e regional, sublinhando a articula\u00e7\u00e3o entre juventude, educa\u00e7\u00e3o e inclus\u00e3o.<\/p>\n<p>O equipamento funciona das 9h \u00e0s 24h e disp\u00f5e de 52 camas, distribu\u00eddas por 15 quartos. Trata-se de uma infraestrutura multifuncional integrada com a Casa da Cultura adjacente, pensada para promover acesso \u00e0 cultura, forma\u00e7\u00e3o e novas tecnologias, fortalecendo o alojamento jovem e a din\u00e2mica local.<\/p>\n<p>Esta desloca\u00e7\u00e3o integrou um conjunto de iniciativas no concelho de Santana, refor\u00e7ando a atua\u00e7\u00e3o da secret\u00e1ria na regi\u00e3o. Entre as atividades, houve conv\u00edvio com utentes da Casa do Povo da Ilha e a tomada de posse dos \u00d3rg\u00e3os Sociais da Associa\u00e7\u00e3o Santana Cidade Solid\u00e1ria para o quadri\u00e9nio 2026\u20132029, no Sal\u00e3o Paroquial.<\/p>\n","protected":false},"excerpt":{"rendered":"<ul>\n<li>Paula Margarido, secret\u00e1ria regional de Inclus\u00e3o, Trabalho e Juventude, visitou o Centro de Juventude de Santana para acompanhar o funcionamento da infraestrutura.<\/li>\n<li>O centro acolhe estudantes universit\u00e1rios em regime de resid\u00eancia, funciona das 9h \u00e0s 24h, tem 52 camas em 15 quartos e est\u00e1 ligado \u00e0 Universidade da Madeira desde setembro de 2022.<\/li>\n<li>A visita contou com o reitor da Universidade da Madeira, S\u00edlvio Fernandes, o diretor regional da Juventude, Andr\u00e9 Alves, e a deputada Cl\u00e1udia Perestrelo, com contacto direto com os estudantes de S\u00e3o Tom\u00e9 e Pr\u00edncipe residentes.<\/li>\n<li>Margarido destacou a import\u00e2ncia de condi\u00e7\u00f5es dignas e seguras de alojamento, afirmando que o equipamento representa uma aposta na forma\u00e7\u00e3o dos jovens e na regi\u00e3o, atrav\u00e9s da articula\u00e7\u00e3o entre juventude, educa\u00e7\u00e3o e inclus\u00e3o.<\/li>\n<li>O Centro de Juventude de Santana \u00e9 uma infraestrutura multifuncional ligada \u00e0 Casa da Cultura, visa promover acesso \u00e0 cultura, forma\u00e7\u00e3o e novas tecnologias, e funciona como projeto estruturante para o concelho.<\/li>\n<\/ul>\n","protected":false},"author":2,"featured_media":148146,"comment_status":"closed","ping_status":"closed","sticky":false,"template":"","format":"standard","meta":{"footnotes":""},"categories":[1],"tags":[1323,1409,163,150,251,2096],"class_list":["post-148126","post","type-post","status-publish","format-standard","has-post-thumbnail","hentry","category-noticias","tag-coesao-social","tag-desenvolvimento-regional","tag-educacao","tag-habitacao","tag-juventude","tag-santana"],"yoast_head":"<!-- This site is optimized with the Yoast SEO plugin v27.2 - https:\/\/yoast.com\/product\/yoast-seo-wordpress\/ -->\n<title>Centro de Juventude de Santana \u00e9 exemplo de articula\u00e7\u00e3o entre juventude, educa\u00e7\u00e3o e inclus\u00e3o - Portal Tela Portugal<\/title>\n<meta name=\"robots\" content=\"index, follow, max-snippet:-1, max-image-preview:large, max-video-preview:-1\" \/>\n<meta property=\"og:locale\" content=\"pt_PT\" \/>\n<meta property=\"og:type\" content=\"article\" \/>\n<meta property=\"og:title\" content=\"Centro de Juventude de Santana \u00e9 exemplo de articula\u00e7\u00e3o entre juventude, educa\u00e7\u00e3o e inclus\u00e3o - Portal Tela Portugal\" \/>\n<meta property=\"og:description\" content=\"Paula Margarido, secret\u00e1ria regional de Inclus\u00e3o, Trabalho e Juventude, visitou o Centro de Juventude de Santana para acompanhar o funcionamento da infraestrutura. O centro acolhe estudantes universit\u00e1rios em regime de resid\u00eancia, funciona das 9h \u00e0s 24h, tem 52 camas em 15 quartos e est\u00e1 ligado \u00e0 Universidade da Madeira desde setembro de 2022. A visita contou com o reitor da Universidade da Madeira, S\u00edlvio Fernandes, o diretor regional da Juventude, Andr\u00e9 Alves, e a deputada Cl\u00e1udia Perestrelo, com contacto direto com os estudantes de S\u00e3o Tom\u00e9 e Pr\u00edncipe residentes. Margarido destacou a import\u00e2ncia de condi\u00e7\u00f5es dignas e seguras de alojamento, afirmando que o equipamento representa uma aposta na forma\u00e7\u00e3o dos jovens e na regi\u00e3o, atrav\u00e9s da articula\u00e7\u00e3o entre juventude, educa\u00e7\u00e3o e inclus\u00e3o. O Centro de Juventude de Santana \u00e9 uma infraestrutura multifuncional ligada \u00e0 Casa da Cultura, visa promover acesso \u00e0 cultura, forma\u00e7\u00e3o e novas tecnologias, e funciona como projeto estruturante para o concelho.\" \/>\n<meta property=\"og:url\" content=\"https:\/\/portaltela.pt\/noticias\/2026\/01\/17\/centro-de-juventude-de-santana-e-exemplo-de-articulacao-entre-juventude-educacao-e-inclusao\/\" \/>\n<meta property=\"og:site_name\" content=\"Portal Tela Portugal\" \/>\n<meta property=\"article:published_time\" content=\"2026-01-17T15:11:00+00:00\" \/>\n<meta name=\"author\" content=\"Telinha\" \/>\n<meta name=\"twitter:card\" content=\"summary_large_image\" \/>\n<meta name=\"twitter:label1\" content=\"Escrito por\" \/>\n\t<meta name=\"twitter:data1\" content=\"Telinha\" \/>\n\t<meta name=\"twitter:label2\" content=\"Tempo estimado de leitura\" \/>\n\t<meta name=\"twitter:data2\" content=\"1 minuto\" \/>\n<script type=\"application\/ld+json\" class=\"yoast-schema-graph\">{\"@context\":\"https:\/\/schema.org\",\"@graph\":[{\"@type\":\"Article\",\"@id\":\"https:\/\/portaltela.pt\/noticias\/2026\/01\/17\/centro-de-juventude-de-santana-e-exemplo-de-articulacao-entre-juventude-educacao-e-inclusao\/#article\",\"isPartOf\":{\"@id\":\"https:\/\/portaltela.pt\/noticias\/2026\/01\/17\/centro-de-juventude-de-santana-e-exemplo-de-articulacao-entre-juventude-educacao-e-inclusao\/\"},\"author\":{\"name\":\"Telinha\",\"@id\":\"https:\/\/portaltela.pt\/#\/schema\/person\/c4278d4a6028830caff9ee44b42d32ed\"},\"headline\":\"Centro de Juventude de Santana \u00e9 exemplo de articula\u00e7\u00e3o entre juventude, educa\u00e7\u00e3o e inclus\u00e3o\",\"datePublished\":\"2026-01-17T15:11:00+00:00\",\"mainEntityOfPage\":{\"@id\":\"https:\/\/portaltela.pt\/noticias\/2026\/01\/17\/centro-de-juventude-de-santana-e-exemplo-de-articulacao-entre-juventude-educacao-e-inclusao\/\"},\"wordCount\":282,\"image\":{\"@id\":\"https:\/\/portaltela.pt\/noticias\/2026\/01\/17\/centro-de-juventude-de-santana-e-exemplo-de-articulacao-entre-juventude-educacao-e-inclusao\/#primaryimage\"},\"thumbnailUrl\":\"https:\/\/portaltela.pt\/s.01k8rhncp4jt1\/2026\/01\/unnamed-file-3489.jpg\",\"keywords\":[\"Coes\u00e3o social\",\"desenvolvimento regional\",\"educa\u00e7\u00e3o\",\"habita\u00e7\u00e3o\",\"juventude\",\"Santana\"],\"articleSection\":[\"Not\u00edcias\"],\"inLanguage\":\"pt-PT\"},{\"@type\":\"WebPage\",\"@id\":\"https:\/\/portaltela.pt\/noticias\/2026\/01\/17\/centro-de-juventude-de-santana-e-exemplo-de-articulacao-entre-juventude-educacao-e-inclusao\/\",\"url\":\"https:\/\/portaltela.pt\/noticias\/2026\/01\/17\/centro-de-juventude-de-santana-e-exemplo-de-articulacao-entre-juventude-educacao-e-inclusao\/\",\"name\":\"Centro de Juventude de Santana \u00e9 exemplo de articula\u00e7\u00e3o entre juventude, educa\u00e7\u00e3o e inclus\u00e3o - Portal Tela Portugal\",\"isPartOf\":{\"@id\":\"https:\/\/portaltela.pt\/#website\"},\"primaryImageOfPage\":{\"@id\":\"https:\/\/portaltela.pt\/noticias\/2026\/01\/17\/centro-de-juventude-de-santana-e-exemplo-de-articulacao-entre-juventude-educacao-e-inclusao\/#primaryimage\"},\"image\":{\"@id\":\"https:\/\/portaltela.pt\/noticias\/2026\/01\/17\/centro-de-juventude-de-santana-e-exemplo-de-articulacao-entre-juventude-educacao-e-inclusao\/#primaryimage\"},\"thumbnailUrl\":\"https:\/\/portaltela.pt\/s.01k8rhncp4jt1\/2026\/01\/unnamed-file-3489.jpg\",\"datePublished\":\"2026-01-17T15:11:00+00:00\",\"author\":{\"@id\":\"https:\/\/portaltela.pt\/#\/schema\/person\/c4278d4a6028830caff9ee44b42d32ed\"},\"breadcrumb\":{\"@id\":\"https:\/\/portaltela.pt\/noticias\/2026\/01\/17\/centro-de-juventude-de-santana-e-exemplo-de-articulacao-entre-juventude-educacao-e-inclusao\/#breadcrumb\"},\"inLanguage\":\"pt-PT\",\"potentialAction\":[{\"@type\":\"ReadAction\",\"target\":[\"https:\/\/portaltela.pt\/noticias\/2026\/01\/17\/centro-de-juventude-de-santana-e-exemplo-de-articulacao-entre-juventude-educacao-e-inclusao\/\"]}]},{\"@type\":\"ImageObject\",\"inLanguage\":\"pt-PT\",\"@id\":\"https:\/\/portaltela.pt\/noticias\/2026\/01\/17\/centro-de-juventude-de-santana-e-exemplo-de-articulacao-entre-juventude-educacao-e-inclusao\/#primaryimage\",\"url\":\"https:\/\/portaltela.pt\/s.01k8rhncp4jt1\/2026\/01\/unnamed-file-3489.jpg\",\"contentUrl\":\"https:\/\/portaltela.pt\/s.01k8rhncp4jt1\/2026\/01\/unnamed-file-3489.jpg\",\"width\":796,\"height\":448,\"caption\":\"Centro de Juventude de Santana \u00e9 \\\"exemplo de articula\u00e7\u00e3o entre pol\u00edticas de juventude, educa\u00e7\u00e3o e inclus\u00e3o\u201d\"},{\"@type\":\"BreadcrumbList\",\"@id\":\"https:\/\/portaltela.pt\/noticias\/2026\/01\/17\/centro-de-juventude-de-santana-e-exemplo-de-articulacao-entre-juventude-educacao-e-inclusao\/#breadcrumb\",\"itemListElement\":[{\"@type\":\"ListItem\",\"position\":1,\"name\":\"In\u00edcio\",\"item\":\"https:\/\/portaltela.pt\/\"},{\"@type\":\"ListItem\",\"position\":2,\"name\":\"Centro de Juventude de Santana \u00e9 exemplo de articula\u00e7\u00e3o entre juventude, educa\u00e7\u00e3o e inclus\u00e3o\"}]},{\"@type\":\"WebSite\",\"@id\":\"https:\/\/portaltela.pt\/#website\",\"url\":\"https:\/\/portaltela.pt\/\",\"name\":\"Portal Tela Portugal\",\"description\":\"\",\"potentialAction\":[{\"@type\":\"SearchAction\",\"target\":{\"@type\":\"EntryPoint\",\"urlTemplate\":\"https:\/\/portaltela.pt\/?s={search_term_string}\"},\"query-input\":{\"@type\":\"PropertyValueSpecification\",\"valueRequired\":true,\"valueName\":\"search_term_string\"}}],\"inLanguage\":\"pt-PT\"},{\"@type\":\"Person\",\"@id\":\"https:\/\/portaltela.pt\/#\/schema\/person\/c4278d4a6028830caff9ee44b42d32ed\",\"name\":\"Telinha\",\"image\":{\"@type\":\"ImageObject\",\"inLanguage\":\"pt-PT\",\"@id\":\"https:\/\/portaltela.pt\/s.01k8rhncp4jt1\/2025\/11\/talking-bot-125x125.png\",\"url\":\"https:\/\/portaltela.pt\/s.01k8rhncp4jt1\/2025\/11\/talking-bot-125x125.png\",\"contentUrl\":\"https:\/\/portaltela.pt\/s.01k8rhncp4jt1\/2025\/11\/talking-bot-125x125.png\",\"caption\":\"Telinha\"},\"sameAs\":[\"https:\/\/portaltela.pt\/\"],\"url\":\"https:\/\/portaltela.pt\/por\/367410592786\/\"}]}<\/script>\n<!-- \/ Yoast SEO plugin. -->","yoast_head_json":{"title":"Centro de Juventude de Santana \u00e9 exemplo de articula\u00e7\u00e3o entre juventude, educa\u00e7\u00e3o e inclus\u00e3o - Portal Tela Portugal","robots":{"index":"index","follow":"follow","max-snippet":"max-snippet:-1","max-image-preview":"max-image-preview:large","max-video-preview":"max-video-preview:-1"},"og_locale":"pt_PT","og_type":"article","og_title":"Centro de Juventude de Santana \u00e9 exemplo de articula\u00e7\u00e3o entre juventude, educa\u00e7\u00e3o e inclus\u00e3o - Portal Tela Portugal","og_description":"Paula Margarido, secret\u00e1ria regional de Inclus\u00e3o, Trabalho e Juventude, visitou o Centro de Juventude de Santana para acompanhar o funcionamento da infraestrutura. O centro acolhe estudantes universit\u00e1rios em regime de resid\u00eancia, funciona das 9h \u00e0s 24h, tem 52 camas em 15 quartos e est\u00e1 ligado \u00e0 Universidade da Madeira desde setembro de 2022. A visita contou com o reitor da Universidade da Madeira, S\u00edlvio Fernandes, o diretor regional da Juventude, Andr\u00e9 Alves, e a deputada Cl\u00e1udia Perestrelo, com contacto direto com os estudantes de S\u00e3o Tom\u00e9 e Pr\u00edncipe residentes. Margarido destacou a import\u00e2ncia de condi\u00e7\u00f5es dignas e seguras de alojamento, afirmando que o equipamento representa uma aposta na forma\u00e7\u00e3o dos jovens e na regi\u00e3o, atrav\u00e9s da articula\u00e7\u00e3o entre juventude, educa\u00e7\u00e3o e inclus\u00e3o. O Centro de Juventude de Santana \u00e9 uma infraestrutura multifuncional ligada \u00e0 Casa da Cultura, visa promover acesso \u00e0 cultura, forma\u00e7\u00e3o e novas tecnologias, e funciona como projeto estruturante para o concelho.","og_url":"https:\/\/portaltela.pt\/noticias\/2026\/01\/17\/centro-de-juventude-de-santana-e-exemplo-de-articulacao-entre-juventude-educacao-e-inclusao\/","og_site_name":"Portal Tela Portugal","article_published_time":"2026-01-17T15:11:00+00:00","author":"Telinha","twitter_card":"summary_large_image","twitter_misc":{"Escrito por":"Telinha","Tempo estimado de leitura":"1 minuto"},"schema":{"@context":"https:\/\/schema.org","@graph":[{"@type":"Article","@id":"https:\/\/portaltela.pt\/noticias\/2026\/01\/17\/centro-de-juventude-de-santana-e-exemplo-de-articulacao-entre-juventude-educacao-e-inclusao\/#article","isPartOf":{"@id":"https:\/\/portaltela.pt\/noticias\/2026\/01\/17\/centro-de-juventude-de-santana-e-exemplo-de-articulacao-entre-juventude-educacao-e-inclusao\/"},"author":{"name":"Telinha","@id":"https:\/\/portaltela.pt\/#\/schema\/person\/c4278d4a6028830caff9ee44b42d32ed"},"headline":"Centro de Juventude de Santana \u00e9 exemplo de articula\u00e7\u00e3o entre juventude, educa\u00e7\u00e3o e inclus\u00e3o","datePublished":"2026-01-17T15:11:00+00:00","mainEntityOfPage":{"@id":"https:\/\/portaltela.pt\/noticias\/2026\/01\/17\/centro-de-juventude-de-santana-e-exemplo-de-articulacao-entre-juventude-educacao-e-inclusao\/"},"wordCount":282,"image":{"@id":"https:\/\/portaltela.pt\/noticias\/2026\/01\/17\/centro-de-juventude-de-santana-e-exemplo-de-articulacao-entre-juventude-educacao-e-inclusao\/#primaryimage"},"thumbnailUrl":"https:\/\/portaltela.pt\/s.01k8rhncp4jt1\/2026\/01\/unnamed-file-3489.jpg","keywords":["Coes\u00e3o social","desenvolvimento regional","educa\u00e7\u00e3o","habita\u00e7\u00e3o","juventude","Santana"],"articleSection":["Not\u00edcias"],"inLanguage":"pt-PT"},{"@type":"WebPage","@id":"https:\/\/portaltela.pt\/noticias\/2026\/01\/17\/centro-de-juventude-de-santana-e-exemplo-de-articulacao-entre-juventude-educacao-e-inclusao\/","url":"https:\/\/portaltela.pt\/noticias\/2026\/01\/17\/centro-de-juventude-de-santana-e-exemplo-de-articulacao-entre-juventude-educacao-e-inclusao\/","name":"Centro de Juventude de Santana \u00e9 exemplo de articula\u00e7\u00e3o entre juventude, educa\u00e7\u00e3o e inclus\u00e3o - Portal Tela Portugal","isPartOf":{"@id":"https:\/\/portaltela.pt\/#website"},"primaryImageOfPage":{"@id":"https:\/\/portaltela.pt\/noticias\/2026\/01\/17\/centro-de-juventude-de-santana-e-exemplo-de-articulacao-entre-juventude-educacao-e-inclusao\/#primaryimage"},"image":{"@id":"https:\/\/portaltela.pt\/noticias\/2026\/01\/17\/centro-de-juventude-de-santana-e-exemplo-de-articulacao-entre-juventude-educacao-e-inclusao\/#primaryimage"},"thumbnailUrl":"https:\/\/portaltela.pt\/s.01k8rhncp4jt1\/2026\/01\/unnamed-file-3489.jpg","datePublished":"2026-01-17T15:11:00+00:00","author":{"@id":"https:\/\/portaltela.pt\/#\/schema\/person\/c4278d4a6028830caff9ee44b42d32ed"},"breadcrumb":{"@id":"https:\/\/portaltela.pt\/noticias\/2026\/01\/17\/centro-de-juventude-de-santana-e-exemplo-de-articulacao-entre-juventude-educacao-e-inclusao\/#breadcrumb"},"inLanguage":"pt-PT","potentialAction":[{"@type":"ReadAction","target":["https:\/\/portaltela.pt\/noticias\/2026\/01\/17\/centro-de-juventude-de-santana-e-exemplo-de-articulacao-entre-juventude-educacao-e-inclusao\/"]}]},{"@type":"ImageObject","inLanguage":"pt-PT","@id":"https:\/\/portaltela.pt\/noticias\/2026\/01\/17\/centro-de-juventude-de-santana-e-exemplo-de-articulacao-entre-juventude-educacao-e-inclusao\/#primaryimage","url":"https:\/\/portaltela.pt\/s.01k8rhncp4jt1\/2026\/01\/unnamed-file-3489.jpg","contentUrl":"https:\/\/portaltela.pt\/s.01k8rhncp4jt1\/2026\/01\/unnamed-file-3489.jpg","width":796,"height":448,"caption":"Centro de Juventude de Santana \u00e9 \"exemplo de articula\u00e7\u00e3o entre pol\u00edticas de juventude, educa\u00e7\u00e3o e inclus\u00e3o\u201d"},{"@type":"BreadcrumbList","@id":"https:\/\/portaltela.pt\/noticias\/2026\/01\/17\/centro-de-juventude-de-santana-e-exemplo-de-articulacao-entre-juventude-educacao-e-inclusao\/#breadcrumb","itemListElement":[{"@type":"ListItem","position":1,"name":"In\u00edcio","item":"https:\/\/portaltela.pt\/"},{"@type":"ListItem","position":2,"name":"Centro de Juventude de Santana \u00e9 exemplo de articula\u00e7\u00e3o entre juventude, educa\u00e7\u00e3o e inclus\u00e3o"}]},{"@type":"WebSite","@id":"https:\/\/portaltela.pt\/#website","url":"https:\/\/portaltela.pt\/","name":"Portal Tela Portugal","description":"","potentialAction":[{"@type":"SearchAction","target":{"@type":"EntryPoint","urlTemplate":"https:\/\/portaltela.pt\/?s={search_term_string}"},"query-input":{"@type":"PropertyValueSpecification","valueRequired":true,"valueName":"search_term_string"}}],"inLanguage":"pt-PT"},{"@type":"Person","@id":"https:\/\/portaltela.pt\/#\/schema\/person\/c4278d4a6028830caff9ee44b42d32ed","name":"Telinha","image":{"@type":"ImageObject","inLanguage":"pt-PT","@id":"https:\/\/portaltela.pt\/s.01k8rhncp4jt1\/2025\/11\/talking-bot-125x125.png","url":"https:\/\/portaltela.pt\/s.01k8rhncp4jt1\/2025\/11\/talking-bot-125x125.png","contentUrl":"https:\/\/portaltela.pt\/s.01k8rhncp4jt1\/2025\/11\/talking-bot-125x125.png","caption":"Telinha"},"sameAs":["https:\/\/portaltela.pt\/"],"url":"https:\/\/portaltela.pt\/por\/367410592786\/"}]}},"_links":{"self":[{"href":"https:\/\/portaltela.pt\/api\/wp\/v2\/posts\/148126","targetHints":{"allow":["GET"]}}],"collection":[{"href":"https:\/\/portaltela.pt\/api\/wp\/v2\/posts"}],"about":[{"href":"https:\/\/portaltela.pt\/api\/wp\/v2\/types\/post"}],"author":[{"embeddable":true,"href":"https:\/\/portaltela.pt\/api\/wp\/v2\/users\/2"}],"replies":[{"embeddable":true,"href":"https:\/\/portaltela.pt\/api\/wp\/v2\/comments?post=148126"}],"version-history":[{"count":0,"href":"https:\/\/portaltela.pt\/api\/wp\/v2\/posts\/148126\/revisions"}],"wp:featuredmedia":[{"embeddable":true,"href":"https:\/\/portaltela.pt\/api\/wp\/v2\/media\/148146"}],"wp:attachment":[{"href":"https:\/\/portaltela.pt\/api\/wp\/v2\/media?parent=148126"}],"wp:term":[{"taxonomy":"category","embeddable":true,"href":"https:\/\/portaltela.pt\/api\/wp\/v2\/categories?post=148126"},{"taxonomy":"post_tag","embeddable":true,"href":"https:\/\/portaltela.pt\/api\/wp\/v2\/tags?post=148126"}],"curies":[{"name":"wp","href":"https:\/\/api.w.org\/{rel}","templated":true}]}}