{"id":148106,"date":"2026-01-17T11:49:00","date_gmt":"2026-01-17T14:49:00","guid":{"rendered":"https:\/\/portaltela.pt\/noticias\/2026\/01\/17\/organizacoes-do-irao-pedem-reuniao-no-conselho-de-direitos-humanos-da-onu\/"},"modified":"2026-01-17T11:49:00","modified_gmt":"2026-01-17T14:49:00","slug":"organizacoes-do-irao-pedem-reuniao-no-conselho-de-direitos-humanos-da-onu","status":"publish","type":"post","link":"https:\/\/portaltela.pt\/noticias\/2026\/01\/17\/organizacoes-do-irao-pedem-reuniao-no-conselho-de-direitos-humanos-da-onu\/","title":{"rendered":"Organiza\u00e7\u00f5es do Ir\u00e3o pedem reuni\u00e3o no Conselho de Direitos Humanos da ONU"},"content":{"rendered":"<p>Organiza\u00e7\u00f5es iranianas e internacionais, entre elas a Amnistia Internacional e a Human Rights Watch, pediram ao Conselho de Direitos Humanos da ONU que convoque uma sess\u00e3o especial sobre o Ir\u00e3o. O apelo foi feito em comunicado conjunto.<\/p>\n<p>O grupo alerta para uma escalada de assassinatos em massa de manifestantes e para o bloqueio cont\u00ednuo da Internet desde 8 de janeiro, alegadamente para ocultar graves viola\u00e7\u00f5es dos direitos humanos. O pedido aponta para crimes de direito internacional praticados pelas autoridades iranianas.<\/p>\n<p>N\u00e3o \u00e9 poss\u00edvel precisar o n\u00famero real de mortos devido \u00e0 bloqueio de comunica\u00e7\u00e3o, dizem as organiza\u00e7\u00f5es. Contudo, a Iran Human Rights indica 3.428 mortes, enquanto o l\u00edder supremo Ali Khamenei reconhece \u201cv\u00e1rios milhares\u201d e responsabiliza EUA e Israel pelos dist\u00farbios.<\/p>\n<p>A IHRNGO indica que cerca de 20.000 pessoas foram detidas desde 28 de dezembro, data de in\u00edcio dos protestos contra o rial. O auge ocorreu a 8 e 9 de janeiro, com manifesta\u00e7\u00f5es em todo o pa\u00eds.<\/p>\n<p>Dados verificados por jornalistas, m\u00e9dicos e testemunhas citados no comunicado descrevem for\u00e7as de seguran\u00e7a a disparar contra manifestantes desarmados, com armas de fogo, canh\u00f5es de \u00e1gua e g\u00e1s lacrimog\u00e9neo. Tamb\u00e9m h\u00e1 pris\u00f5es arbitr\u00e1rias e desaparecimentos.<\/p>\n<h3>Contexto internacional<\/h3>\n<p>O alto-comiss\u00e1rio da ONU para os Direitos Humanos, Volker T\u00fcrk, disse estar horrorizado com os acontecimentos no Ir\u00e3o e pediu o fim da viol\u00eancia. A organiza\u00e7\u00e3o reiterou que a repress\u00e3o pode violar normas internacionais de direitos humanos.<\/p>\n<p>As organiza\u00e7\u00f5es solicitam uma sess\u00e3o especial para aprovar uma resolu\u00e7\u00e3o firme que condene a viol\u00eancia e declare que a impunidade deve cessar. Elas tamb\u00e9m pedem uma miss\u00e3o especial para investigar com urg\u00eancia os casos pendentes.<\/p>\n<p>O objetivo \u00e9 obter uma resposta clara do Conselho de Direitos Humanos da ONU, com mecanismos de monitoriza\u00e7\u00e3o e responsabiliza\u00e7\u00e3o, de modo a assegurar investiga\u00e7\u00e3o independente e prote\u00e7\u00e3o aos direitos civis no Ir\u00e3o.<\/p>\n","protected":false},"excerpt":{"rendered":"<ul>\n<li>Quase cinquenta organiza\u00e7\u00f5es iranianas e internacionais, incluindo a Amnistia Internacional e a Human Rights Watch, solicitaram ao Conselho de Direitos Humanos da ONU que convoque uma sess\u00e3o especial sobre o Ir\u00e3o.<\/li>\n<li>A sess\u00e3o dever\u00e1 abordar a escalada de assassinatos em massa de manifestantes e o bloqueio da Internet desde 8 de janeiro, alegadamente para ocultar graves viola\u00e7\u00f5es dos direitos humanos.<\/li>\n<li>Organiza\u00e7\u00f5es como a Iran Human Rights indicam j\u00e1 3.428 mortos, enquanto o l\u00edder supremo Ali Khamenei reconheceu \u201cv\u00e1rios milhares\u201d de mortos, atribuindo a culpa aos EUA e a Israel.<\/li>\n<li>Cerca de 20.000 pessoas foram detidas desde 28 de dezembro, com protestos de grande escala a 8 e 9 de janeiro; h\u00e1 relatos de viol\u00eancia policial, pris\u00f5es arbitr\u00e1rias, desaparecimentos for\u00e7ados e deten\u00e7\u00f5es de menores.<\/li>\n<li>As organiza\u00e7\u00f5es pedem uma resolu\u00e7\u00e3o contundente e uma miss\u00e3o especial para investigar rapidamente os acontecimentos e exigir o fim da repress\u00e3o e da impunidade.<\/li>\n<\/ul>\n","protected":false},"author":2,"featured_media":148114,"comment_status":"closed","ping_status":"closed","sticky":false,"template":"","format":"standard","meta":{"footnotes":""},"categories":[],"tags":[1730,2633,1465,2846,2127,2023],"class_list":["post-148106","post","type-post","status-publish","format-standard","has-post-thumbnail","hentry","tag-amnistia-internacional","tag-direitos-humanos","tag-direitos-internacionais","tag-human-rights-watch","tag-nacoes-unidas","tag-organizacoes-internacionais"],"yoast_head":"<!-- This site is optimized with the Yoast SEO plugin v27.2 - https:\/\/yoast.com\/product\/yoast-seo-wordpress\/ -->\n<title>Organiza\u00e7\u00f5es do Ir\u00e3o pedem reuni\u00e3o no Conselho de Direitos Humanos da ONU - Portal Tela Portugal<\/title>\n<meta name=\"robots\" content=\"index, follow, max-snippet:-1, max-image-preview:large, max-video-preview:-1\" \/>\n<meta property=\"og:locale\" content=\"pt_PT\" \/>\n<meta property=\"og:type\" content=\"article\" \/>\n<meta property=\"og:title\" content=\"Organiza\u00e7\u00f5es do Ir\u00e3o pedem reuni\u00e3o no Conselho de Direitos Humanos da ONU - Portal Tela Portugal\" \/>\n<meta property=\"og:description\" content=\"Quase cinquenta organiza\u00e7\u00f5es iranianas e internacionais, incluindo a Amnistia Internacional e a Human Rights Watch, solicitaram ao Conselho de Direitos Humanos da ONU que convoque uma sess\u00e3o especial sobre o Ir\u00e3o. A sess\u00e3o dever\u00e1 abordar a escalada de assassinatos em massa de manifestantes e o bloqueio da Internet desde 8 de janeiro, alegadamente para ocultar graves viola\u00e7\u00f5es dos direitos humanos. Organiza\u00e7\u00f5es como a Iran Human Rights indicam j\u00e1 3.428 mortos, enquanto o l\u00edder supremo Ali Khamenei reconheceu \u201cv\u00e1rios milhares\u201d de mortos, atribuindo a culpa aos EUA e a Israel. Cerca de 20.000 pessoas foram detidas desde 28 de dezembro, com protestos de grande escala a 8 e 9 de janeiro; h\u00e1 relatos de viol\u00eancia policial, pris\u00f5es arbitr\u00e1rias, desaparecimentos for\u00e7ados e deten\u00e7\u00f5es de menores. As organiza\u00e7\u00f5es pedem uma resolu\u00e7\u00e3o contundente e uma miss\u00e3o especial para investigar rapidamente os acontecimentos e exigir o fim da repress\u00e3o e da impunidade.\" \/>\n<meta property=\"og:url\" content=\"https:\/\/portaltela.pt\/noticias\/2026\/01\/17\/organizacoes-do-irao-pedem-reuniao-no-conselho-de-direitos-humanos-da-onu\/\" \/>\n<meta property=\"og:site_name\" content=\"Portal Tela Portugal\" \/>\n<meta property=\"article:published_time\" content=\"2026-01-17T14:49:00+00:00\" \/>\n<meta name=\"author\" content=\"Telinha\" \/>\n<meta name=\"twitter:card\" content=\"summary_large_image\" \/>\n<meta name=\"twitter:label1\" content=\"Escrito por\" \/>\n\t<meta name=\"twitter:data1\" content=\"Telinha\" \/>\n\t<meta name=\"twitter:label2\" content=\"Tempo estimado de leitura\" \/>\n\t<meta name=\"twitter:data2\" content=\"2 minutos\" \/>\n<script type=\"application\/ld+json\" class=\"yoast-schema-graph\">{\"@context\":\"https:\/\/schema.org\",\"@graph\":[{\"@type\":\"Article\",\"@id\":\"https:\/\/portaltela.pt\/noticias\/2026\/01\/17\/organizacoes-do-irao-pedem-reuniao-no-conselho-de-direitos-humanos-da-onu\/#article\",\"isPartOf\":{\"@id\":\"https:\/\/portaltela.pt\/noticias\/2026\/01\/17\/organizacoes-do-irao-pedem-reuniao-no-conselho-de-direitos-humanos-da-onu\/\"},\"author\":{\"name\":\"Telinha\",\"@id\":\"https:\/\/portaltela.pt\/#\/schema\/person\/c4278d4a6028830caff9ee44b42d32ed\"},\"headline\":\"Organiza\u00e7\u00f5es do Ir\u00e3o pedem reuni\u00e3o no Conselho de Direitos Humanos da ONU\",\"datePublished\":\"2026-01-17T14:49:00+00:00\",\"mainEntityOfPage\":{\"@id\":\"https:\/\/portaltela.pt\/noticias\/2026\/01\/17\/organizacoes-do-irao-pedem-reuniao-no-conselho-de-direitos-humanos-da-onu\/\"},\"wordCount\":349,\"image\":{\"@id\":\"https:\/\/portaltela.pt\/noticias\/2026\/01\/17\/organizacoes-do-irao-pedem-reuniao-no-conselho-de-direitos-humanos-da-onu\/#primaryimage\"},\"thumbnailUrl\":\"https:\/\/portaltela.pt\/s.01k8rhncp4jt1\/2026\/01\/naom_56b4c681230d0.jpg\",\"keywords\":[\"Amnistia Internacional\",\"direitos humanos\",\"direitos internacionais\",\"Human Rights Watch\",\"Na\u00e7\u00f5es Unidas\",\"organiza\u00e7\u00f5es internacionais\"],\"inLanguage\":\"pt-PT\"},{\"@type\":\"WebPage\",\"@id\":\"https:\/\/portaltela.pt\/noticias\/2026\/01\/17\/organizacoes-do-irao-pedem-reuniao-no-conselho-de-direitos-humanos-da-onu\/\",\"url\":\"https:\/\/portaltela.pt\/noticias\/2026\/01\/17\/organizacoes-do-irao-pedem-reuniao-no-conselho-de-direitos-humanos-da-onu\/\",\"name\":\"Organiza\u00e7\u00f5es do Ir\u00e3o pedem reuni\u00e3o no Conselho de Direitos Humanos da ONU - Portal Tela Portugal\",\"isPartOf\":{\"@id\":\"https:\/\/portaltela.pt\/#website\"},\"primaryImageOfPage\":{\"@id\":\"https:\/\/portaltela.pt\/noticias\/2026\/01\/17\/organizacoes-do-irao-pedem-reuniao-no-conselho-de-direitos-humanos-da-onu\/#primaryimage\"},\"image\":{\"@id\":\"https:\/\/portaltela.pt\/noticias\/2026\/01\/17\/organizacoes-do-irao-pedem-reuniao-no-conselho-de-direitos-humanos-da-onu\/#primaryimage\"},\"thumbnailUrl\":\"https:\/\/portaltela.pt\/s.01k8rhncp4jt1\/2026\/01\/naom_56b4c681230d0.jpg\",\"datePublished\":\"2026-01-17T14:49:00+00:00\",\"author\":{\"@id\":\"https:\/\/portaltela.pt\/#\/schema\/person\/c4278d4a6028830caff9ee44b42d32ed\"},\"breadcrumb\":{\"@id\":\"https:\/\/portaltela.pt\/noticias\/2026\/01\/17\/organizacoes-do-irao-pedem-reuniao-no-conselho-de-direitos-humanos-da-onu\/#breadcrumb\"},\"inLanguage\":\"pt-PT\",\"potentialAction\":[{\"@type\":\"ReadAction\",\"target\":[\"https:\/\/portaltela.pt\/noticias\/2026\/01\/17\/organizacoes-do-irao-pedem-reuniao-no-conselho-de-direitos-humanos-da-onu\/\"]}]},{\"@type\":\"ImageObject\",\"inLanguage\":\"pt-PT\",\"@id\":\"https:\/\/portaltela.pt\/noticias\/2026\/01\/17\/organizacoes-do-irao-pedem-reuniao-no-conselho-de-direitos-humanos-da-onu\/#primaryimage\",\"url\":\"https:\/\/portaltela.pt\/s.01k8rhncp4jt1\/2026\/01\/naom_56b4c681230d0.jpg\",\"contentUrl\":\"https:\/\/portaltela.pt\/s.01k8rhncp4jt1\/2026\/01\/naom_56b4c681230d0.jpg\",\"width\":796,\"height\":448,\"caption\":\"Photo\"},{\"@type\":\"BreadcrumbList\",\"@id\":\"https:\/\/portaltela.pt\/noticias\/2026\/01\/17\/organizacoes-do-irao-pedem-reuniao-no-conselho-de-direitos-humanos-da-onu\/#breadcrumb\",\"itemListElement\":[{\"@type\":\"ListItem\",\"position\":1,\"name\":\"In\u00edcio\",\"item\":\"https:\/\/portaltela.pt\/\"},{\"@type\":\"ListItem\",\"position\":2,\"name\":\"Organiza\u00e7\u00f5es do Ir\u00e3o pedem reuni\u00e3o no Conselho de Direitos Humanos da ONU\"}]},{\"@type\":\"WebSite\",\"@id\":\"https:\/\/portaltela.pt\/#website\",\"url\":\"https:\/\/portaltela.pt\/\",\"name\":\"Portal Tela Portugal\",\"description\":\"\",\"potentialAction\":[{\"@type\":\"SearchAction\",\"target\":{\"@type\":\"EntryPoint\",\"urlTemplate\":\"https:\/\/portaltela.pt\/?s={search_term_string}\"},\"query-input\":{\"@type\":\"PropertyValueSpecification\",\"valueRequired\":true,\"valueName\":\"search_term_string\"}}],\"inLanguage\":\"pt-PT\"},{\"@type\":\"Person\",\"@id\":\"https:\/\/portaltela.pt\/#\/schema\/person\/c4278d4a6028830caff9ee44b42d32ed\",\"name\":\"Telinha\",\"image\":{\"@type\":\"ImageObject\",\"inLanguage\":\"pt-PT\",\"@id\":\"https:\/\/portaltela.pt\/s.01k8rhncp4jt1\/2025\/11\/talking-bot-125x125.png\",\"url\":\"https:\/\/portaltela.pt\/s.01k8rhncp4jt1\/2025\/11\/talking-bot-125x125.png\",\"contentUrl\":\"https:\/\/portaltela.pt\/s.01k8rhncp4jt1\/2025\/11\/talking-bot-125x125.png\",\"caption\":\"Telinha\"},\"sameAs\":[\"https:\/\/portaltela.pt\/\"],\"url\":\"https:\/\/portaltela.pt\/por\/367410592786\/\"}]}<\/script>\n<!-- \/ Yoast SEO plugin. -->","yoast_head_json":{"title":"Organiza\u00e7\u00f5es do Ir\u00e3o pedem reuni\u00e3o no Conselho de Direitos Humanos da ONU - Portal Tela Portugal","robots":{"index":"index","follow":"follow","max-snippet":"max-snippet:-1","max-image-preview":"max-image-preview:large","max-video-preview":"max-video-preview:-1"},"og_locale":"pt_PT","og_type":"article","og_title":"Organiza\u00e7\u00f5es do Ir\u00e3o pedem reuni\u00e3o no Conselho de Direitos Humanos da ONU - Portal Tela Portugal","og_description":"Quase cinquenta organiza\u00e7\u00f5es iranianas e internacionais, incluindo a Amnistia Internacional e a Human Rights Watch, solicitaram ao Conselho de Direitos Humanos da ONU que convoque uma sess\u00e3o especial sobre o Ir\u00e3o. A sess\u00e3o dever\u00e1 abordar a escalada de assassinatos em massa de manifestantes e o bloqueio da Internet desde 8 de janeiro, alegadamente para ocultar graves viola\u00e7\u00f5es dos direitos humanos. Organiza\u00e7\u00f5es como a Iran Human Rights indicam j\u00e1 3.428 mortos, enquanto o l\u00edder supremo Ali Khamenei reconheceu \u201cv\u00e1rios milhares\u201d de mortos, atribuindo a culpa aos EUA e a Israel. Cerca de 20.000 pessoas foram detidas desde 28 de dezembro, com protestos de grande escala a 8 e 9 de janeiro; h\u00e1 relatos de viol\u00eancia policial, pris\u00f5es arbitr\u00e1rias, desaparecimentos for\u00e7ados e deten\u00e7\u00f5es de menores. As organiza\u00e7\u00f5es pedem uma resolu\u00e7\u00e3o contundente e uma miss\u00e3o especial para investigar rapidamente os acontecimentos e exigir o fim da repress\u00e3o e da impunidade.","og_url":"https:\/\/portaltela.pt\/noticias\/2026\/01\/17\/organizacoes-do-irao-pedem-reuniao-no-conselho-de-direitos-humanos-da-onu\/","og_site_name":"Portal Tela Portugal","article_published_time":"2026-01-17T14:49:00+00:00","author":"Telinha","twitter_card":"summary_large_image","twitter_misc":{"Escrito por":"Telinha","Tempo estimado de leitura":"2 minutos"},"schema":{"@context":"https:\/\/schema.org","@graph":[{"@type":"Article","@id":"https:\/\/portaltela.pt\/noticias\/2026\/01\/17\/organizacoes-do-irao-pedem-reuniao-no-conselho-de-direitos-humanos-da-onu\/#article","isPartOf":{"@id":"https:\/\/portaltela.pt\/noticias\/2026\/01\/17\/organizacoes-do-irao-pedem-reuniao-no-conselho-de-direitos-humanos-da-onu\/"},"author":{"name":"Telinha","@id":"https:\/\/portaltela.pt\/#\/schema\/person\/c4278d4a6028830caff9ee44b42d32ed"},"headline":"Organiza\u00e7\u00f5es do Ir\u00e3o pedem reuni\u00e3o no Conselho de Direitos Humanos da ONU","datePublished":"2026-01-17T14:49:00+00:00","mainEntityOfPage":{"@id":"https:\/\/portaltela.pt\/noticias\/2026\/01\/17\/organizacoes-do-irao-pedem-reuniao-no-conselho-de-direitos-humanos-da-onu\/"},"wordCount":349,"image":{"@id":"https:\/\/portaltela.pt\/noticias\/2026\/01\/17\/organizacoes-do-irao-pedem-reuniao-no-conselho-de-direitos-humanos-da-onu\/#primaryimage"},"thumbnailUrl":"https:\/\/portaltela.pt\/s.01k8rhncp4jt1\/2026\/01\/naom_56b4c681230d0.jpg","keywords":["Amnistia Internacional","direitos humanos","direitos internacionais","Human Rights Watch","Na\u00e7\u00f5es Unidas","organiza\u00e7\u00f5es internacionais"],"inLanguage":"pt-PT"},{"@type":"WebPage","@id":"https:\/\/portaltela.pt\/noticias\/2026\/01\/17\/organizacoes-do-irao-pedem-reuniao-no-conselho-de-direitos-humanos-da-onu\/","url":"https:\/\/portaltela.pt\/noticias\/2026\/01\/17\/organizacoes-do-irao-pedem-reuniao-no-conselho-de-direitos-humanos-da-onu\/","name":"Organiza\u00e7\u00f5es do Ir\u00e3o pedem reuni\u00e3o no Conselho de Direitos Humanos da ONU - Portal Tela Portugal","isPartOf":{"@id":"https:\/\/portaltela.pt\/#website"},"primaryImageOfPage":{"@id":"https:\/\/portaltela.pt\/noticias\/2026\/01\/17\/organizacoes-do-irao-pedem-reuniao-no-conselho-de-direitos-humanos-da-onu\/#primaryimage"},"image":{"@id":"https:\/\/portaltela.pt\/noticias\/2026\/01\/17\/organizacoes-do-irao-pedem-reuniao-no-conselho-de-direitos-humanos-da-onu\/#primaryimage"},"thumbnailUrl":"https:\/\/portaltela.pt\/s.01k8rhncp4jt1\/2026\/01\/naom_56b4c681230d0.jpg","datePublished":"2026-01-17T14:49:00+00:00","author":{"@id":"https:\/\/portaltela.pt\/#\/schema\/person\/c4278d4a6028830caff9ee44b42d32ed"},"breadcrumb":{"@id":"https:\/\/portaltela.pt\/noticias\/2026\/01\/17\/organizacoes-do-irao-pedem-reuniao-no-conselho-de-direitos-humanos-da-onu\/#breadcrumb"},"inLanguage":"pt-PT","potentialAction":[{"@type":"ReadAction","target":["https:\/\/portaltela.pt\/noticias\/2026\/01\/17\/organizacoes-do-irao-pedem-reuniao-no-conselho-de-direitos-humanos-da-onu\/"]}]},{"@type":"ImageObject","inLanguage":"pt-PT","@id":"https:\/\/portaltela.pt\/noticias\/2026\/01\/17\/organizacoes-do-irao-pedem-reuniao-no-conselho-de-direitos-humanos-da-onu\/#primaryimage","url":"https:\/\/portaltela.pt\/s.01k8rhncp4jt1\/2026\/01\/naom_56b4c681230d0.jpg","contentUrl":"https:\/\/portaltela.pt\/s.01k8rhncp4jt1\/2026\/01\/naom_56b4c681230d0.jpg","width":796,"height":448,"caption":"Photo"},{"@type":"BreadcrumbList","@id":"https:\/\/portaltela.pt\/noticias\/2026\/01\/17\/organizacoes-do-irao-pedem-reuniao-no-conselho-de-direitos-humanos-da-onu\/#breadcrumb","itemListElement":[{"@type":"ListItem","position":1,"name":"In\u00edcio","item":"https:\/\/portaltela.pt\/"},{"@type":"ListItem","position":2,"name":"Organiza\u00e7\u00f5es do Ir\u00e3o pedem reuni\u00e3o no Conselho de Direitos Humanos da ONU"}]},{"@type":"WebSite","@id":"https:\/\/portaltela.pt\/#website","url":"https:\/\/portaltela.pt\/","name":"Portal Tela Portugal","description":"","potentialAction":[{"@type":"SearchAction","target":{"@type":"EntryPoint","urlTemplate":"https:\/\/portaltela.pt\/?s={search_term_string}"},"query-input":{"@type":"PropertyValueSpecification","valueRequired":true,"valueName":"search_term_string"}}],"inLanguage":"pt-PT"},{"@type":"Person","@id":"https:\/\/portaltela.pt\/#\/schema\/person\/c4278d4a6028830caff9ee44b42d32ed","name":"Telinha","image":{"@type":"ImageObject","inLanguage":"pt-PT","@id":"https:\/\/portaltela.pt\/s.01k8rhncp4jt1\/2025\/11\/talking-bot-125x125.png","url":"https:\/\/portaltela.pt\/s.01k8rhncp4jt1\/2025\/11\/talking-bot-125x125.png","contentUrl":"https:\/\/portaltela.pt\/s.01k8rhncp4jt1\/2025\/11\/talking-bot-125x125.png","caption":"Telinha"},"sameAs":["https:\/\/portaltela.pt\/"],"url":"https:\/\/portaltela.pt\/por\/367410592786\/"}]}},"_links":{"self":[{"href":"https:\/\/portaltela.pt\/api\/wp\/v2\/posts\/148106","targetHints":{"allow":["GET"]}}],"collection":[{"href":"https:\/\/portaltela.pt\/api\/wp\/v2\/posts"}],"about":[{"href":"https:\/\/portaltela.pt\/api\/wp\/v2\/types\/post"}],"author":[{"embeddable":true,"href":"https:\/\/portaltela.pt\/api\/wp\/v2\/users\/2"}],"replies":[{"embeddable":true,"href":"https:\/\/portaltela.pt\/api\/wp\/v2\/comments?post=148106"}],"version-history":[{"count":0,"href":"https:\/\/portaltela.pt\/api\/wp\/v2\/posts\/148106\/revisions"}],"wp:featuredmedia":[{"embeddable":true,"href":"https:\/\/portaltela.pt\/api\/wp\/v2\/media\/148114"}],"wp:attachment":[{"href":"https:\/\/portaltela.pt\/api\/wp\/v2\/media?parent=148106"}],"wp:term":[{"taxonomy":"category","embeddable":true,"href":"https:\/\/portaltela.pt\/api\/wp\/v2\/categories?post=148106"},{"taxonomy":"post_tag","embeddable":true,"href":"https:\/\/portaltela.pt\/api\/wp\/v2\/tags?post=148106"}],"curies":[{"name":"wp","href":"https:\/\/api.w.org\/{rel}","templated":true}]}}