{"id":148101,"date":"2026-01-17T12:04:00","date_gmt":"2026-01-17T15:04:00","guid":{"rendered":"https:\/\/portaltela.pt\/noticias\/2026\/01\/17\/etica-no-desporto-escolar-reflexoes-necessarias-2\/"},"modified":"2026-01-17T12:04:00","modified_gmt":"2026-01-17T15:04:00","slug":"etica-no-desporto-escolar-reflexoes-necessarias-2","status":"publish","type":"post","link":"https:\/\/portaltela.pt\/desporto\/2026\/01\/17\/etica-no-desporto-escolar-reflexoes-necessarias-2\/","title":{"rendered":"\u00c9tica no Desporto Escolar: reflex\u00f5es necess\u00e1rias"},"content":{"rendered":"<p>O desporto escolar \u00e9 mais do que competi\u00e7\u00e3o f\u00edsica. Constitui um espa\u00e7o onde surgem emo\u00e7\u00f5es fortes, rivalidades e fragilidades que refletem o desporto federado. Por isso, \u00e9 visto como um campo f\u00e9rtil para a \u00e9tica em sala de aula.<\/p>\n<p>A escola enfrenta o desafio de formar cidad\u00e3os cr\u00edticos. Integrar a \u00e9tica no desporto escolar n\u00e3o \u00e9 opcional, \u00e9 uma exig\u00eancia. Valores como respeito, justi\u00e7a, solidariedade e di\u00e1logo precisam ser vividos no dia a dia.<\/p>\n<p>Basta observar competi\u00e7\u00f5es para perceber que o respeito nem sempre est\u00e1 presente. Professores relatam agressividade, deslealdade e a vis\u00e3o do professor como simples treinador.<\/p>\n<p>H\u00e1 alunos exclu\u00eddos por falta de habilidade e outros alvo de alcunhas. O papel do docente \u00e9 transformar o jogo num espa\u00e7o em que todos contam, adaptando modalidades e abrindo oportunidades.<\/p>\n<p>A justi\u00e7a exige reconhecer que igualdade n\u00e3o \u00e9 tratar todos da mesma forma, mas considerar diferen\u00e7as reais entre os alunos. O di\u00e1logo resolve conflitos e constr\u00f3i regras legitimadas pelos alunos.<\/p>\n<p>A solidariedade manifesta-se quando algu\u00e9m ajuda um colega, quando h\u00e1 inclus\u00e3o de alunos com necessidades especiais e quando a vit\u00f3ria deixa de ser a \u00fanica m\u00e9trica de sucesso.<\/p>\n<p>Prop\u00f5em-se medidas para impedir que apenas alunos federados compitam nas mesmas modalidades, tornando o desporto escolar complementar e abrindo espa\u00e7o a novas pr\u00e1ticas.<\/p>\n<p>Ainda existem relatos de competi\u00e7\u00f5es dominadas pela l\u00f3gica da vit\u00f3ria a qualquer custo. Alguns docentes refor\u00e7am comportamentos que o desporto deveria combater.<\/p>\n<p>Para promover o respeito m\u00fatuo, \u00e9 essencial que os professores demonstrem coer\u00eancia entre discurso e pr\u00e1tica. A \u00e9tica precisa de pr\u00e1tica di\u00e1ria.<\/p>\n<p>O desporto escolar tem potencial para ser um potente laborat\u00f3rio de cidadania. O jogo envolve conv\u00edvio, negocia\u00e7\u00e3o, falhas, repara\u00e7\u00e3o e aprendizagem cont\u00ednua.<\/p>\n<p>Quando bem orientado, o desporto escolar pode contribuir para a educa\u00e7\u00e3o para a cidadania. Jogar envolve muito mais do que o jogo em si.<\/p>\n","protected":false},"excerpt":{"rendered":"<ul>\n<li>O desporto escolar \u00e9 espa\u00e7o para emo\u00e7\u00f5es fortes e rivalidades, mas tamb\u00e9m para desenvolver \u00e9tica.<\/li>\n<li>Integrar \u00e9tica no desporto escolar \u00e9 uma exig\u00eancia, com respeito, justi\u00e7a, solidariedade e di\u00e1logo a serem vividos, n\u00e3o apenas enunciados.<\/li>\n<li>Existem desafios como agressividade, comportamentos desleais e a perce\u00e7\u00e3o do professor como treinador; \u00e9 essencial adaptar modalidades e promover participa\u00e7\u00e3o de todos.<\/li>\n<li>A justi\u00e7a implica reconhecer diferen\u00e7as reais entre alunos e usar o di\u00e1logo para construir regras leg\u00edtimas e acordadas.<\/li>\n<li>A solidariedade surge quando se ajuda colegas, se inclui quem tem necessidades especiais e se valoriza a coopera\u00e7\u00e3o para al\u00e9m da vit\u00f3ria; o desporto escolar pode ser um laborat\u00f3rio de cidadania quando praticado com \u00e9tica.<\/li>\n<\/ul>\n","protected":false},"author":2,"featured_media":148104,"comment_status":"closed","ping_status":"closed","sticky":false,"template":"","format":"standard","meta":{"footnotes":""},"categories":[21],"tags":[370,650,236,2153,233,2737],"class_list":["post-148101","post","type-post","status-publish","format-standard","has-post-thumbnail","hentry","category-desporto","tag-cidadania","tag-cidadania-desportiva","tag-desporto-escolar","tag-educacao-escolar","tag-etica-desportiva","tag-pessoas-com-deficiencia"],"yoast_head":"<!-- This site is optimized with the Yoast SEO plugin v27.2 - https:\/\/yoast.com\/product\/yoast-seo-wordpress\/ -->\n<title>\u00c9tica no Desporto Escolar: reflex\u00f5es necess\u00e1rias - Portal Tela Portugal<\/title>\n<meta name=\"robots\" content=\"index, follow, max-snippet:-1, max-image-preview:large, max-video-preview:-1\" \/>\n<meta property=\"og:locale\" content=\"pt_PT\" \/>\n<meta property=\"og:type\" content=\"article\" \/>\n<meta property=\"og:title\" content=\"\u00c9tica no Desporto Escolar: reflex\u00f5es necess\u00e1rias - Portal Tela Portugal\" \/>\n<meta property=\"og:description\" content=\"O desporto escolar \u00e9 espa\u00e7o para emo\u00e7\u00f5es fortes e rivalidades, mas tamb\u00e9m para desenvolver \u00e9tica. Integrar \u00e9tica no desporto escolar \u00e9 uma exig\u00eancia, com respeito, justi\u00e7a, solidariedade e di\u00e1logo a serem vividos, n\u00e3o apenas enunciados. Existem desafios como agressividade, comportamentos desleais e a perce\u00e7\u00e3o do professor como treinador; \u00e9 essencial adaptar modalidades e promover participa\u00e7\u00e3o de todos. A justi\u00e7a implica reconhecer diferen\u00e7as reais entre alunos e usar o di\u00e1logo para construir regras leg\u00edtimas e acordadas. A solidariedade surge quando se ajuda colegas, se inclui quem tem necessidades especiais e se valoriza a coopera\u00e7\u00e3o para al\u00e9m da vit\u00f3ria; o desporto escolar pode ser um laborat\u00f3rio de cidadania quando praticado com \u00e9tica.\" \/>\n<meta property=\"og:url\" content=\"https:\/\/portaltela.pt\/noticias\/2026\/01\/17\/etica-no-desporto-escolar-reflexoes-necessarias-2\/\" \/>\n<meta property=\"og:site_name\" content=\"Portal Tela Portugal\" \/>\n<meta property=\"article:published_time\" content=\"2026-01-17T15:04:00+00:00\" \/>\n<meta name=\"author\" content=\"Telinha\" \/>\n<meta name=\"twitter:card\" content=\"summary_large_image\" \/>\n<meta name=\"twitter:label1\" content=\"Escrito por\" \/>\n\t<meta name=\"twitter:data1\" content=\"Telinha\" \/>\n\t<meta name=\"twitter:label2\" content=\"Tempo estimado de leitura\" \/>\n\t<meta name=\"twitter:data2\" content=\"2 minutos\" \/>\n<script type=\"application\/ld+json\" class=\"yoast-schema-graph\">{\"@context\":\"https:\/\/schema.org\",\"@graph\":[{\"@type\":\"Article\",\"@id\":\"https:\/\/portaltela.pt\/noticias\/2026\/01\/17\/etica-no-desporto-escolar-reflexoes-necessarias-2\/#article\",\"isPartOf\":{\"@id\":\"https:\/\/portaltela.pt\/noticias\/2026\/01\/17\/etica-no-desporto-escolar-reflexoes-necessarias-2\/\"},\"author\":{\"name\":\"Telinha\",\"@id\":\"https:\/\/portaltela.pt\/#\/schema\/person\/c4278d4a6028830caff9ee44b42d32ed\"},\"headline\":\"\u00c9tica no Desporto Escolar: reflex\u00f5es necess\u00e1rias\",\"datePublished\":\"2026-01-17T15:04:00+00:00\",\"mainEntityOfPage\":{\"@id\":\"https:\/\/portaltela.pt\/noticias\/2026\/01\/17\/etica-no-desporto-escolar-reflexoes-necessarias-2\/\"},\"wordCount\":343,\"image\":{\"@id\":\"https:\/\/portaltela.pt\/noticias\/2026\/01\/17\/etica-no-desporto-escolar-reflexoes-necessarias-2\/#primaryimage\"},\"thumbnailUrl\":\"https:\/\/portaltela.pt\/s.01k8rhncp4jt1\/2026\/01\/vitor-santos.jpg\",\"keywords\":[\"cidadania\",\"cidadania desportiva\",\"desporto escolar\",\"educa\u00e7\u00e3o escolar\",\"\u00c9tica Desportiva\",\"pessoas com defici\u00eancia\"],\"articleSection\":[\"Desporto\"],\"inLanguage\":\"pt-PT\"},{\"@type\":\"WebPage\",\"@id\":\"https:\/\/portaltela.pt\/noticias\/2026\/01\/17\/etica-no-desporto-escolar-reflexoes-necessarias-2\/\",\"url\":\"https:\/\/portaltela.pt\/noticias\/2026\/01\/17\/etica-no-desporto-escolar-reflexoes-necessarias-2\/\",\"name\":\"\u00c9tica no Desporto Escolar: reflex\u00f5es necess\u00e1rias - Portal Tela Portugal\",\"isPartOf\":{\"@id\":\"https:\/\/portaltela.pt\/#website\"},\"primaryImageOfPage\":{\"@id\":\"https:\/\/portaltela.pt\/noticias\/2026\/01\/17\/etica-no-desporto-escolar-reflexoes-necessarias-2\/#primaryimage\"},\"image\":{\"@id\":\"https:\/\/portaltela.pt\/noticias\/2026\/01\/17\/etica-no-desporto-escolar-reflexoes-necessarias-2\/#primaryimage\"},\"thumbnailUrl\":\"https:\/\/portaltela.pt\/s.01k8rhncp4jt1\/2026\/01\/vitor-santos.jpg\",\"datePublished\":\"2026-01-17T15:04:00+00:00\",\"author\":{\"@id\":\"https:\/\/portaltela.pt\/#\/schema\/person\/c4278d4a6028830caff9ee44b42d32ed\"},\"breadcrumb\":{\"@id\":\"https:\/\/portaltela.pt\/noticias\/2026\/01\/17\/etica-no-desporto-escolar-reflexoes-necessarias-2\/#breadcrumb\"},\"inLanguage\":\"pt-PT\",\"potentialAction\":[{\"@type\":\"ReadAction\",\"target\":[\"https:\/\/portaltela.pt\/noticias\/2026\/01\/17\/etica-no-desporto-escolar-reflexoes-necessarias-2\/\"]}]},{\"@type\":\"ImageObject\",\"inLanguage\":\"pt-PT\",\"@id\":\"https:\/\/portaltela.pt\/noticias\/2026\/01\/17\/etica-no-desporto-escolar-reflexoes-necessarias-2\/#primaryimage\",\"url\":\"https:\/\/portaltela.pt\/s.01k8rhncp4jt1\/2026\/01\/vitor-santos.jpg\",\"contentUrl\":\"https:\/\/portaltela.pt\/s.01k8rhncp4jt1\/2026\/01\/vitor-santos.jpg\",\"width\":796,\"height\":448,\"caption\":\"OPINANDO:\u00c9tica e Desporto Escolar: reflex\u00f5es necess\u00e1rias\"},{\"@type\":\"BreadcrumbList\",\"@id\":\"https:\/\/portaltela.pt\/noticias\/2026\/01\/17\/etica-no-desporto-escolar-reflexoes-necessarias-2\/#breadcrumb\",\"itemListElement\":[{\"@type\":\"ListItem\",\"position\":1,\"name\":\"In\u00edcio\",\"item\":\"https:\/\/portaltela.pt\/\"},{\"@type\":\"ListItem\",\"position\":2,\"name\":\"\u00c9tica no Desporto Escolar: reflex\u00f5es necess\u00e1rias\"}]},{\"@type\":\"WebSite\",\"@id\":\"https:\/\/portaltela.pt\/#website\",\"url\":\"https:\/\/portaltela.pt\/\",\"name\":\"Portal Tela Portugal\",\"description\":\"\",\"potentialAction\":[{\"@type\":\"SearchAction\",\"target\":{\"@type\":\"EntryPoint\",\"urlTemplate\":\"https:\/\/portaltela.pt\/?s={search_term_string}\"},\"query-input\":{\"@type\":\"PropertyValueSpecification\",\"valueRequired\":true,\"valueName\":\"search_term_string\"}}],\"inLanguage\":\"pt-PT\"},{\"@type\":\"Person\",\"@id\":\"https:\/\/portaltela.pt\/#\/schema\/person\/c4278d4a6028830caff9ee44b42d32ed\",\"name\":\"Telinha\",\"image\":{\"@type\":\"ImageObject\",\"inLanguage\":\"pt-PT\",\"@id\":\"https:\/\/portaltela.pt\/s.01k8rhncp4jt1\/2025\/11\/talking-bot-125x125.png\",\"url\":\"https:\/\/portaltela.pt\/s.01k8rhncp4jt1\/2025\/11\/talking-bot-125x125.png\",\"contentUrl\":\"https:\/\/portaltela.pt\/s.01k8rhncp4jt1\/2025\/11\/talking-bot-125x125.png\",\"caption\":\"Telinha\"},\"sameAs\":[\"https:\/\/portaltela.pt\/\"],\"url\":\"https:\/\/portaltela.pt\/por\/367410592786\/\"}]}<\/script>\n<!-- \/ Yoast SEO plugin. -->","yoast_head_json":{"title":"\u00c9tica no Desporto Escolar: reflex\u00f5es necess\u00e1rias - Portal Tela Portugal","robots":{"index":"index","follow":"follow","max-snippet":"max-snippet:-1","max-image-preview":"max-image-preview:large","max-video-preview":"max-video-preview:-1"},"og_locale":"pt_PT","og_type":"article","og_title":"\u00c9tica no Desporto Escolar: reflex\u00f5es necess\u00e1rias - Portal Tela Portugal","og_description":"O desporto escolar \u00e9 espa\u00e7o para emo\u00e7\u00f5es fortes e rivalidades, mas tamb\u00e9m para desenvolver \u00e9tica. Integrar \u00e9tica no desporto escolar \u00e9 uma exig\u00eancia, com respeito, justi\u00e7a, solidariedade e di\u00e1logo a serem vividos, n\u00e3o apenas enunciados. Existem desafios como agressividade, comportamentos desleais e a perce\u00e7\u00e3o do professor como treinador; \u00e9 essencial adaptar modalidades e promover participa\u00e7\u00e3o de todos. A justi\u00e7a implica reconhecer diferen\u00e7as reais entre alunos e usar o di\u00e1logo para construir regras leg\u00edtimas e acordadas. A solidariedade surge quando se ajuda colegas, se inclui quem tem necessidades especiais e se valoriza a coopera\u00e7\u00e3o para al\u00e9m da vit\u00f3ria; o desporto escolar pode ser um laborat\u00f3rio de cidadania quando praticado com \u00e9tica.","og_url":"https:\/\/portaltela.pt\/noticias\/2026\/01\/17\/etica-no-desporto-escolar-reflexoes-necessarias-2\/","og_site_name":"Portal Tela Portugal","article_published_time":"2026-01-17T15:04:00+00:00","author":"Telinha","twitter_card":"summary_large_image","twitter_misc":{"Escrito por":"Telinha","Tempo estimado de leitura":"2 minutos"},"schema":{"@context":"https:\/\/schema.org","@graph":[{"@type":"Article","@id":"https:\/\/portaltela.pt\/noticias\/2026\/01\/17\/etica-no-desporto-escolar-reflexoes-necessarias-2\/#article","isPartOf":{"@id":"https:\/\/portaltela.pt\/noticias\/2026\/01\/17\/etica-no-desporto-escolar-reflexoes-necessarias-2\/"},"author":{"name":"Telinha","@id":"https:\/\/portaltela.pt\/#\/schema\/person\/c4278d4a6028830caff9ee44b42d32ed"},"headline":"\u00c9tica no Desporto Escolar: reflex\u00f5es necess\u00e1rias","datePublished":"2026-01-17T15:04:00+00:00","mainEntityOfPage":{"@id":"https:\/\/portaltela.pt\/noticias\/2026\/01\/17\/etica-no-desporto-escolar-reflexoes-necessarias-2\/"},"wordCount":343,"image":{"@id":"https:\/\/portaltela.pt\/noticias\/2026\/01\/17\/etica-no-desporto-escolar-reflexoes-necessarias-2\/#primaryimage"},"thumbnailUrl":"https:\/\/portaltela.pt\/s.01k8rhncp4jt1\/2026\/01\/vitor-santos.jpg","keywords":["cidadania","cidadania desportiva","desporto escolar","educa\u00e7\u00e3o escolar","\u00c9tica Desportiva","pessoas com defici\u00eancia"],"articleSection":["Desporto"],"inLanguage":"pt-PT"},{"@type":"WebPage","@id":"https:\/\/portaltela.pt\/noticias\/2026\/01\/17\/etica-no-desporto-escolar-reflexoes-necessarias-2\/","url":"https:\/\/portaltela.pt\/noticias\/2026\/01\/17\/etica-no-desporto-escolar-reflexoes-necessarias-2\/","name":"\u00c9tica no Desporto Escolar: reflex\u00f5es necess\u00e1rias - Portal Tela Portugal","isPartOf":{"@id":"https:\/\/portaltela.pt\/#website"},"primaryImageOfPage":{"@id":"https:\/\/portaltela.pt\/noticias\/2026\/01\/17\/etica-no-desporto-escolar-reflexoes-necessarias-2\/#primaryimage"},"image":{"@id":"https:\/\/portaltela.pt\/noticias\/2026\/01\/17\/etica-no-desporto-escolar-reflexoes-necessarias-2\/#primaryimage"},"thumbnailUrl":"https:\/\/portaltela.pt\/s.01k8rhncp4jt1\/2026\/01\/vitor-santos.jpg","datePublished":"2026-01-17T15:04:00+00:00","author":{"@id":"https:\/\/portaltela.pt\/#\/schema\/person\/c4278d4a6028830caff9ee44b42d32ed"},"breadcrumb":{"@id":"https:\/\/portaltela.pt\/noticias\/2026\/01\/17\/etica-no-desporto-escolar-reflexoes-necessarias-2\/#breadcrumb"},"inLanguage":"pt-PT","potentialAction":[{"@type":"ReadAction","target":["https:\/\/portaltela.pt\/noticias\/2026\/01\/17\/etica-no-desporto-escolar-reflexoes-necessarias-2\/"]}]},{"@type":"ImageObject","inLanguage":"pt-PT","@id":"https:\/\/portaltela.pt\/noticias\/2026\/01\/17\/etica-no-desporto-escolar-reflexoes-necessarias-2\/#primaryimage","url":"https:\/\/portaltela.pt\/s.01k8rhncp4jt1\/2026\/01\/vitor-santos.jpg","contentUrl":"https:\/\/portaltela.pt\/s.01k8rhncp4jt1\/2026\/01\/vitor-santos.jpg","width":796,"height":448,"caption":"OPINANDO:\u00c9tica e Desporto Escolar: reflex\u00f5es necess\u00e1rias"},{"@type":"BreadcrumbList","@id":"https:\/\/portaltela.pt\/noticias\/2026\/01\/17\/etica-no-desporto-escolar-reflexoes-necessarias-2\/#breadcrumb","itemListElement":[{"@type":"ListItem","position":1,"name":"In\u00edcio","item":"https:\/\/portaltela.pt\/"},{"@type":"ListItem","position":2,"name":"\u00c9tica no Desporto Escolar: reflex\u00f5es necess\u00e1rias"}]},{"@type":"WebSite","@id":"https:\/\/portaltela.pt\/#website","url":"https:\/\/portaltela.pt\/","name":"Portal Tela Portugal","description":"","potentialAction":[{"@type":"SearchAction","target":{"@type":"EntryPoint","urlTemplate":"https:\/\/portaltela.pt\/?s={search_term_string}"},"query-input":{"@type":"PropertyValueSpecification","valueRequired":true,"valueName":"search_term_string"}}],"inLanguage":"pt-PT"},{"@type":"Person","@id":"https:\/\/portaltela.pt\/#\/schema\/person\/c4278d4a6028830caff9ee44b42d32ed","name":"Telinha","image":{"@type":"ImageObject","inLanguage":"pt-PT","@id":"https:\/\/portaltela.pt\/s.01k8rhncp4jt1\/2025\/11\/talking-bot-125x125.png","url":"https:\/\/portaltela.pt\/s.01k8rhncp4jt1\/2025\/11\/talking-bot-125x125.png","contentUrl":"https:\/\/portaltela.pt\/s.01k8rhncp4jt1\/2025\/11\/talking-bot-125x125.png","caption":"Telinha"},"sameAs":["https:\/\/portaltela.pt\/"],"url":"https:\/\/portaltela.pt\/por\/367410592786\/"}]}},"_links":{"self":[{"href":"https:\/\/portaltela.pt\/api\/wp\/v2\/posts\/148101","targetHints":{"allow":["GET"]}}],"collection":[{"href":"https:\/\/portaltela.pt\/api\/wp\/v2\/posts"}],"about":[{"href":"https:\/\/portaltela.pt\/api\/wp\/v2\/types\/post"}],"author":[{"embeddable":true,"href":"https:\/\/portaltela.pt\/api\/wp\/v2\/users\/2"}],"replies":[{"embeddable":true,"href":"https:\/\/portaltela.pt\/api\/wp\/v2\/comments?post=148101"}],"version-history":[{"count":0,"href":"https:\/\/portaltela.pt\/api\/wp\/v2\/posts\/148101\/revisions"}],"wp:featuredmedia":[{"embeddable":true,"href":"https:\/\/portaltela.pt\/api\/wp\/v2\/media\/148104"}],"wp:attachment":[{"href":"https:\/\/portaltela.pt\/api\/wp\/v2\/media?parent=148101"}],"wp:term":[{"taxonomy":"category","embeddable":true,"href":"https:\/\/portaltela.pt\/api\/wp\/v2\/categories?post=148101"},{"taxonomy":"post_tag","embeddable":true,"href":"https:\/\/portaltela.pt\/api\/wp\/v2\/tags?post=148101"}],"curies":[{"name":"wp","href":"https:\/\/api.w.org\/{rel}","templated":true}]}}