{"id":148078,"date":"2026-01-17T11:43:56","date_gmt":"2026-01-17T14:43:56","guid":{"rendered":"https:\/\/portaltela.pt\/noticias\/2026\/01\/17\/servicos-veterinarios-de-pacos-de-ferreira-registam-mais-de-250-adocoes-em-2025\/"},"modified":"2026-01-17T11:43:56","modified_gmt":"2026-01-17T14:43:56","slug":"servicos-veterinarios-de-pacos-de-ferreira-registam-mais-de-250-adocoes-em-2025","status":"publish","type":"post","link":"https:\/\/portaltela.pt\/noticias\/2026\/01\/17\/servicos-veterinarios-de-pacos-de-ferreira-registam-mais-de-250-adocoes-em-2025\/","title":{"rendered":"Servi\u00e7os Veterin\u00e1rios de Pa\u00e7os de Ferreira registam mais de 250 ado\u00e7\u00f5es em 2025"},"content":{"rendered":"<p>Os Servi\u00e7os Veterin\u00e1rios Municipais de Pa\u00e7os de Ferreira divulgaram o balan\u00e7o de atividade referente a 2025, destacando a defesa e promo\u00e7\u00e3o da causa animal. O relat\u00f3rio aborda a\u00e7\u00f5es de controlo, sa\u00fade p\u00fablica e prote\u00e7\u00e3o animal, com dados detalhados.<\/p>\n<p>Entre os n\u00fameros mais relevantes, destacam-se 973 identifica\u00e7\u00f5es com microchip, 444 esteriliza\u00e7\u00f5es e 254 ado\u00e7\u00f5es realizadas.<\/p>\n<p>O canil municipal recolheu 133 animais e restituiu 32 aos respectivos donos. Na sa\u00fade p\u00fablica, foram vacinados 371 animais contra a raiva, e sinalizadas 166 col\u00f3nias de gatos CED, com 57 ocorr\u00eancias diversas resolvidas.<\/p>\n<h3>Principais n\u00fameros e a\u00e7\u00f5es<\/h3>\n<p>Foram tamb\u00e9m referidas atividades de controle de popula\u00e7\u00e3o animal e interven\u00e7\u00e3o em situa\u00e7\u00f5es de abandono, com o suporte da popula\u00e7\u00e3o na sinaliza\u00e7\u00e3o de animais em situa\u00e7\u00e3o de risco.<\/p>\n<p>A autarquia agradeceu o apoio da popula\u00e7\u00e3o, especialmente na sinaliza\u00e7\u00e3o de animais abandonados e no contributo para as ado\u00e7\u00f5es, destacando o trabalho da equipa t\u00e9cnica.<\/p>\n","protected":false},"excerpt":{"rendered":"<ul>\n<li>Em Pa\u00e7os de Ferreira, os Servi\u00e7os Veterin\u00e1rios Municipais divulgaram o balan\u00e7o de 2025, com foco na defesa e promo\u00e7\u00e3o da causa animal e em a\u00e7\u00f5es de controlo, sa\u00fade p\u00fablica e prote\u00e7\u00e3o animal.<\/li>\n<li>Foram identificados 973 animais com microchip e realizadas 444 esteriliza\u00e7\u00f5es.<\/li>\n<li>O canil municipal recolheu 133 animais e devolveu 32 aos seus donos.<\/li>\n<li>Na sa\u00fade p\u00fablica, foram vacinados contra a raiva 371 animais e sinalizadas 166 col\u00f3nias de gatos CED (Capturar, Esterilizar, Devolver); foram ainda resolvidas 57 ocorr\u00eancias.<\/li>\n<li>A autarquia agradeceu o apoio da popula\u00e7\u00e3o, especialmente na sinaliza\u00e7\u00e3o de animais abandonados e nas ado\u00e7\u00f5es.<\/li>\n<\/ul>\n","protected":false},"author":2,"featured_media":148090,"comment_status":"closed","ping_status":"closed","sticky":false,"template":"","format":"standard","meta":{"footnotes":""},"categories":[1],"tags":[2865,3321,3091,3093,2864,271],"class_list":["post-148078","post","type-post","status-publish","format-standard","has-post-thumbnail","hentry","category-noticias","tag-adocao","tag-adocoes","tag-animais","tag-colonias","tag-esterilizacoes","tag-saude-publica"],"yoast_head":"<!-- This site is optimized with the Yoast SEO plugin v27.2 - https:\/\/yoast.com\/product\/yoast-seo-wordpress\/ -->\n<title>Servi\u00e7os Veterin\u00e1rios de Pa\u00e7os de Ferreira registam mais de 250 ado\u00e7\u00f5es em 2025 - Portal Tela Portugal<\/title>\n<meta name=\"robots\" content=\"index, follow, max-snippet:-1, max-image-preview:large, max-video-preview:-1\" \/>\n<meta property=\"og:locale\" content=\"pt_PT\" \/>\n<meta property=\"og:type\" content=\"article\" \/>\n<meta property=\"og:title\" content=\"Servi\u00e7os Veterin\u00e1rios de Pa\u00e7os de Ferreira registam mais de 250 ado\u00e7\u00f5es em 2025 - Portal Tela Portugal\" \/>\n<meta property=\"og:description\" content=\"Em Pa\u00e7os de Ferreira, os Servi\u00e7os Veterin\u00e1rios Municipais divulgaram o balan\u00e7o de 2025, com foco na defesa e promo\u00e7\u00e3o da causa animal e em a\u00e7\u00f5es de controlo, sa\u00fade p\u00fablica e prote\u00e7\u00e3o animal. Foram identificados 973 animais com microchip e realizadas 444 esteriliza\u00e7\u00f5es. O canil municipal recolheu 133 animais e devolveu 32 aos seus donos. Na sa\u00fade p\u00fablica, foram vacinados contra a raiva 371 animais e sinalizadas 166 col\u00f3nias de gatos CED (Capturar, Esterilizar, Devolver); foram ainda resolvidas 57 ocorr\u00eancias. A autarquia agradeceu o apoio da popula\u00e7\u00e3o, especialmente na sinaliza\u00e7\u00e3o de animais abandonados e nas ado\u00e7\u00f5es.\" \/>\n<meta property=\"og:url\" content=\"https:\/\/portaltela.pt\/noticias\/2026\/01\/17\/servicos-veterinarios-de-pacos-de-ferreira-registam-mais-de-250-adocoes-em-2025\/\" \/>\n<meta property=\"og:site_name\" content=\"Portal Tela Portugal\" \/>\n<meta property=\"article:published_time\" content=\"2026-01-17T14:43:56+00:00\" \/>\n<meta name=\"author\" content=\"Telinha\" \/>\n<meta name=\"twitter:card\" content=\"summary_large_image\" \/>\n<meta name=\"twitter:label1\" content=\"Escrito por\" \/>\n\t<meta name=\"twitter:data1\" content=\"Telinha\" \/>\n\t<meta name=\"twitter:label2\" content=\"Tempo estimado de leitura\" \/>\n\t<meta name=\"twitter:data2\" content=\"1 minuto\" \/>\n<script type=\"application\/ld+json\" class=\"yoast-schema-graph\">{\"@context\":\"https:\/\/schema.org\",\"@graph\":[{\"@type\":\"Article\",\"@id\":\"https:\/\/portaltela.pt\/noticias\/2026\/01\/17\/servicos-veterinarios-de-pacos-de-ferreira-registam-mais-de-250-adocoes-em-2025\/#article\",\"isPartOf\":{\"@id\":\"https:\/\/portaltela.pt\/noticias\/2026\/01\/17\/servicos-veterinarios-de-pacos-de-ferreira-registam-mais-de-250-adocoes-em-2025\/\"},\"author\":{\"name\":\"Telinha\",\"@id\":\"https:\/\/portaltela.pt\/#\/schema\/person\/c4278d4a6028830caff9ee44b42d32ed\"},\"headline\":\"Servi\u00e7os Veterin\u00e1rios de Pa\u00e7os de Ferreira registam mais de 250 ado\u00e7\u00f5es em 2025\",\"datePublished\":\"2026-01-17T14:43:56+00:00\",\"mainEntityOfPage\":{\"@id\":\"https:\/\/portaltela.pt\/noticias\/2026\/01\/17\/servicos-veterinarios-de-pacos-de-ferreira-registam-mais-de-250-adocoes-em-2025\/\"},\"wordCount\":182,\"image\":{\"@id\":\"https:\/\/portaltela.pt\/noticias\/2026\/01\/17\/servicos-veterinarios-de-pacos-de-ferreira-registam-mais-de-250-adocoes-em-2025\/#primaryimage\"},\"thumbnailUrl\":\"https:\/\/portaltela.pt\/s.01k8rhncp4jt1\/2026\/01\/unnamed-file-3486.jpg\",\"keywords\":[\"ado\u00e7\u00e3o\",\"ado\u00e7\u00f5es\",\"animais\",\"col\u00f3nias\",\"esteriliza\u00e7\u00f5es\",\"sa\u00fade p\u00fablica\"],\"articleSection\":[\"Not\u00edcias\"],\"inLanguage\":\"pt-PT\"},{\"@type\":\"WebPage\",\"@id\":\"https:\/\/portaltela.pt\/noticias\/2026\/01\/17\/servicos-veterinarios-de-pacos-de-ferreira-registam-mais-de-250-adocoes-em-2025\/\",\"url\":\"https:\/\/portaltela.pt\/noticias\/2026\/01\/17\/servicos-veterinarios-de-pacos-de-ferreira-registam-mais-de-250-adocoes-em-2025\/\",\"name\":\"Servi\u00e7os Veterin\u00e1rios de Pa\u00e7os de Ferreira registam mais de 250 ado\u00e7\u00f5es em 2025 - Portal Tela Portugal\",\"isPartOf\":{\"@id\":\"https:\/\/portaltela.pt\/#website\"},\"primaryImageOfPage\":{\"@id\":\"https:\/\/portaltela.pt\/noticias\/2026\/01\/17\/servicos-veterinarios-de-pacos-de-ferreira-registam-mais-de-250-adocoes-em-2025\/#primaryimage\"},\"image\":{\"@id\":\"https:\/\/portaltela.pt\/noticias\/2026\/01\/17\/servicos-veterinarios-de-pacos-de-ferreira-registam-mais-de-250-adocoes-em-2025\/#primaryimage\"},\"thumbnailUrl\":\"https:\/\/portaltela.pt\/s.01k8rhncp4jt1\/2026\/01\/unnamed-file-3486.jpg\",\"datePublished\":\"2026-01-17T14:43:56+00:00\",\"author\":{\"@id\":\"https:\/\/portaltela.pt\/#\/schema\/person\/c4278d4a6028830caff9ee44b42d32ed\"},\"breadcrumb\":{\"@id\":\"https:\/\/portaltela.pt\/noticias\/2026\/01\/17\/servicos-veterinarios-de-pacos-de-ferreira-registam-mais-de-250-adocoes-em-2025\/#breadcrumb\"},\"inLanguage\":\"pt-PT\",\"potentialAction\":[{\"@type\":\"ReadAction\",\"target\":[\"https:\/\/portaltela.pt\/noticias\/2026\/01\/17\/servicos-veterinarios-de-pacos-de-ferreira-registam-mais-de-250-adocoes-em-2025\/\"]}]},{\"@type\":\"ImageObject\",\"inLanguage\":\"pt-PT\",\"@id\":\"https:\/\/portaltela.pt\/noticias\/2026\/01\/17\/servicos-veterinarios-de-pacos-de-ferreira-registam-mais-de-250-adocoes-em-2025\/#primaryimage\",\"url\":\"https:\/\/portaltela.pt\/s.01k8rhncp4jt1\/2026\/01\/unnamed-file-3486.jpg\",\"contentUrl\":\"https:\/\/portaltela.pt\/s.01k8rhncp4jt1\/2026\/01\/unnamed-file-3486.jpg\",\"width\":796,\"height\":448,\"caption\":\"Servi\u00e7os Veterin\u00e1rios de Pa\u00e7os de Ferreira registaram mais de 250 ado\u00e7\u00f5es em 2025\"},{\"@type\":\"BreadcrumbList\",\"@id\":\"https:\/\/portaltela.pt\/noticias\/2026\/01\/17\/servicos-veterinarios-de-pacos-de-ferreira-registam-mais-de-250-adocoes-em-2025\/#breadcrumb\",\"itemListElement\":[{\"@type\":\"ListItem\",\"position\":1,\"name\":\"In\u00edcio\",\"item\":\"https:\/\/portaltela.pt\/\"},{\"@type\":\"ListItem\",\"position\":2,\"name\":\"Servi\u00e7os Veterin\u00e1rios de Pa\u00e7os de Ferreira registam mais de 250 ado\u00e7\u00f5es em 2025\"}]},{\"@type\":\"WebSite\",\"@id\":\"https:\/\/portaltela.pt\/#website\",\"url\":\"https:\/\/portaltela.pt\/\",\"name\":\"Portal Tela Portugal\",\"description\":\"\",\"potentialAction\":[{\"@type\":\"SearchAction\",\"target\":{\"@type\":\"EntryPoint\",\"urlTemplate\":\"https:\/\/portaltela.pt\/?s={search_term_string}\"},\"query-input\":{\"@type\":\"PropertyValueSpecification\",\"valueRequired\":true,\"valueName\":\"search_term_string\"}}],\"inLanguage\":\"pt-PT\"},{\"@type\":\"Person\",\"@id\":\"https:\/\/portaltela.pt\/#\/schema\/person\/c4278d4a6028830caff9ee44b42d32ed\",\"name\":\"Telinha\",\"image\":{\"@type\":\"ImageObject\",\"inLanguage\":\"pt-PT\",\"@id\":\"https:\/\/portaltela.pt\/s.01k8rhncp4jt1\/2025\/11\/talking-bot-125x125.png\",\"url\":\"https:\/\/portaltela.pt\/s.01k8rhncp4jt1\/2025\/11\/talking-bot-125x125.png\",\"contentUrl\":\"https:\/\/portaltela.pt\/s.01k8rhncp4jt1\/2025\/11\/talking-bot-125x125.png\",\"caption\":\"Telinha\"},\"sameAs\":[\"https:\/\/portaltela.pt\/\"],\"url\":\"https:\/\/portaltela.pt\/por\/367410592786\/\"}]}<\/script>\n<!-- \/ Yoast SEO plugin. -->","yoast_head_json":{"title":"Servi\u00e7os Veterin\u00e1rios de Pa\u00e7os de Ferreira registam mais de 250 ado\u00e7\u00f5es em 2025 - Portal Tela Portugal","robots":{"index":"index","follow":"follow","max-snippet":"max-snippet:-1","max-image-preview":"max-image-preview:large","max-video-preview":"max-video-preview:-1"},"og_locale":"pt_PT","og_type":"article","og_title":"Servi\u00e7os Veterin\u00e1rios de Pa\u00e7os de Ferreira registam mais de 250 ado\u00e7\u00f5es em 2025 - Portal Tela Portugal","og_description":"Em Pa\u00e7os de Ferreira, os Servi\u00e7os Veterin\u00e1rios Municipais divulgaram o balan\u00e7o de 2025, com foco na defesa e promo\u00e7\u00e3o da causa animal e em a\u00e7\u00f5es de controlo, sa\u00fade p\u00fablica e prote\u00e7\u00e3o animal. Foram identificados 973 animais com microchip e realizadas 444 esteriliza\u00e7\u00f5es. O canil municipal recolheu 133 animais e devolveu 32 aos seus donos. Na sa\u00fade p\u00fablica, foram vacinados contra a raiva 371 animais e sinalizadas 166 col\u00f3nias de gatos CED (Capturar, Esterilizar, Devolver); foram ainda resolvidas 57 ocorr\u00eancias. A autarquia agradeceu o apoio da popula\u00e7\u00e3o, especialmente na sinaliza\u00e7\u00e3o de animais abandonados e nas ado\u00e7\u00f5es.","og_url":"https:\/\/portaltela.pt\/noticias\/2026\/01\/17\/servicos-veterinarios-de-pacos-de-ferreira-registam-mais-de-250-adocoes-em-2025\/","og_site_name":"Portal Tela Portugal","article_published_time":"2026-01-17T14:43:56+00:00","author":"Telinha","twitter_card":"summary_large_image","twitter_misc":{"Escrito por":"Telinha","Tempo estimado de leitura":"1 minuto"},"schema":{"@context":"https:\/\/schema.org","@graph":[{"@type":"Article","@id":"https:\/\/portaltela.pt\/noticias\/2026\/01\/17\/servicos-veterinarios-de-pacos-de-ferreira-registam-mais-de-250-adocoes-em-2025\/#article","isPartOf":{"@id":"https:\/\/portaltela.pt\/noticias\/2026\/01\/17\/servicos-veterinarios-de-pacos-de-ferreira-registam-mais-de-250-adocoes-em-2025\/"},"author":{"name":"Telinha","@id":"https:\/\/portaltela.pt\/#\/schema\/person\/c4278d4a6028830caff9ee44b42d32ed"},"headline":"Servi\u00e7os Veterin\u00e1rios de Pa\u00e7os de Ferreira registam mais de 250 ado\u00e7\u00f5es em 2025","datePublished":"2026-01-17T14:43:56+00:00","mainEntityOfPage":{"@id":"https:\/\/portaltela.pt\/noticias\/2026\/01\/17\/servicos-veterinarios-de-pacos-de-ferreira-registam-mais-de-250-adocoes-em-2025\/"},"wordCount":182,"image":{"@id":"https:\/\/portaltela.pt\/noticias\/2026\/01\/17\/servicos-veterinarios-de-pacos-de-ferreira-registam-mais-de-250-adocoes-em-2025\/#primaryimage"},"thumbnailUrl":"https:\/\/portaltela.pt\/s.01k8rhncp4jt1\/2026\/01\/unnamed-file-3486.jpg","keywords":["ado\u00e7\u00e3o","ado\u00e7\u00f5es","animais","col\u00f3nias","esteriliza\u00e7\u00f5es","sa\u00fade p\u00fablica"],"articleSection":["Not\u00edcias"],"inLanguage":"pt-PT"},{"@type":"WebPage","@id":"https:\/\/portaltela.pt\/noticias\/2026\/01\/17\/servicos-veterinarios-de-pacos-de-ferreira-registam-mais-de-250-adocoes-em-2025\/","url":"https:\/\/portaltela.pt\/noticias\/2026\/01\/17\/servicos-veterinarios-de-pacos-de-ferreira-registam-mais-de-250-adocoes-em-2025\/","name":"Servi\u00e7os Veterin\u00e1rios de Pa\u00e7os de Ferreira registam mais de 250 ado\u00e7\u00f5es em 2025 - Portal Tela Portugal","isPartOf":{"@id":"https:\/\/portaltela.pt\/#website"},"primaryImageOfPage":{"@id":"https:\/\/portaltela.pt\/noticias\/2026\/01\/17\/servicos-veterinarios-de-pacos-de-ferreira-registam-mais-de-250-adocoes-em-2025\/#primaryimage"},"image":{"@id":"https:\/\/portaltela.pt\/noticias\/2026\/01\/17\/servicos-veterinarios-de-pacos-de-ferreira-registam-mais-de-250-adocoes-em-2025\/#primaryimage"},"thumbnailUrl":"https:\/\/portaltela.pt\/s.01k8rhncp4jt1\/2026\/01\/unnamed-file-3486.jpg","datePublished":"2026-01-17T14:43:56+00:00","author":{"@id":"https:\/\/portaltela.pt\/#\/schema\/person\/c4278d4a6028830caff9ee44b42d32ed"},"breadcrumb":{"@id":"https:\/\/portaltela.pt\/noticias\/2026\/01\/17\/servicos-veterinarios-de-pacos-de-ferreira-registam-mais-de-250-adocoes-em-2025\/#breadcrumb"},"inLanguage":"pt-PT","potentialAction":[{"@type":"ReadAction","target":["https:\/\/portaltela.pt\/noticias\/2026\/01\/17\/servicos-veterinarios-de-pacos-de-ferreira-registam-mais-de-250-adocoes-em-2025\/"]}]},{"@type":"ImageObject","inLanguage":"pt-PT","@id":"https:\/\/portaltela.pt\/noticias\/2026\/01\/17\/servicos-veterinarios-de-pacos-de-ferreira-registam-mais-de-250-adocoes-em-2025\/#primaryimage","url":"https:\/\/portaltela.pt\/s.01k8rhncp4jt1\/2026\/01\/unnamed-file-3486.jpg","contentUrl":"https:\/\/portaltela.pt\/s.01k8rhncp4jt1\/2026\/01\/unnamed-file-3486.jpg","width":796,"height":448,"caption":"Servi\u00e7os Veterin\u00e1rios de Pa\u00e7os de Ferreira registaram mais de 250 ado\u00e7\u00f5es em 2025"},{"@type":"BreadcrumbList","@id":"https:\/\/portaltela.pt\/noticias\/2026\/01\/17\/servicos-veterinarios-de-pacos-de-ferreira-registam-mais-de-250-adocoes-em-2025\/#breadcrumb","itemListElement":[{"@type":"ListItem","position":1,"name":"In\u00edcio","item":"https:\/\/portaltela.pt\/"},{"@type":"ListItem","position":2,"name":"Servi\u00e7os Veterin\u00e1rios de Pa\u00e7os de Ferreira registam mais de 250 ado\u00e7\u00f5es em 2025"}]},{"@type":"WebSite","@id":"https:\/\/portaltela.pt\/#website","url":"https:\/\/portaltela.pt\/","name":"Portal Tela Portugal","description":"","potentialAction":[{"@type":"SearchAction","target":{"@type":"EntryPoint","urlTemplate":"https:\/\/portaltela.pt\/?s={search_term_string}"},"query-input":{"@type":"PropertyValueSpecification","valueRequired":true,"valueName":"search_term_string"}}],"inLanguage":"pt-PT"},{"@type":"Person","@id":"https:\/\/portaltela.pt\/#\/schema\/person\/c4278d4a6028830caff9ee44b42d32ed","name":"Telinha","image":{"@type":"ImageObject","inLanguage":"pt-PT","@id":"https:\/\/portaltela.pt\/s.01k8rhncp4jt1\/2025\/11\/talking-bot-125x125.png","url":"https:\/\/portaltela.pt\/s.01k8rhncp4jt1\/2025\/11\/talking-bot-125x125.png","contentUrl":"https:\/\/portaltela.pt\/s.01k8rhncp4jt1\/2025\/11\/talking-bot-125x125.png","caption":"Telinha"},"sameAs":["https:\/\/portaltela.pt\/"],"url":"https:\/\/portaltela.pt\/por\/367410592786\/"}]}},"_links":{"self":[{"href":"https:\/\/portaltela.pt\/api\/wp\/v2\/posts\/148078","targetHints":{"allow":["GET"]}}],"collection":[{"href":"https:\/\/portaltela.pt\/api\/wp\/v2\/posts"}],"about":[{"href":"https:\/\/portaltela.pt\/api\/wp\/v2\/types\/post"}],"author":[{"embeddable":true,"href":"https:\/\/portaltela.pt\/api\/wp\/v2\/users\/2"}],"replies":[{"embeddable":true,"href":"https:\/\/portaltela.pt\/api\/wp\/v2\/comments?post=148078"}],"version-history":[{"count":0,"href":"https:\/\/portaltela.pt\/api\/wp\/v2\/posts\/148078\/revisions"}],"wp:featuredmedia":[{"embeddable":true,"href":"https:\/\/portaltela.pt\/api\/wp\/v2\/media\/148090"}],"wp:attachment":[{"href":"https:\/\/portaltela.pt\/api\/wp\/v2\/media?parent=148078"}],"wp:term":[{"taxonomy":"category","embeddable":true,"href":"https:\/\/portaltela.pt\/api\/wp\/v2\/categories?post=148078"},{"taxonomy":"post_tag","embeddable":true,"href":"https:\/\/portaltela.pt\/api\/wp\/v2\/tags?post=148078"}],"curies":[{"name":"wp","href":"https:\/\/api.w.org\/{rel}","templated":true}]}}