{"id":148053,"date":"2026-01-17T10:36:24","date_gmt":"2026-01-17T13:36:24","guid":{"rendered":"https:\/\/portaltela.pt\/noticias\/2026\/01\/17\/tempo-vindo-do-leste-pode-afetar-a-europa\/"},"modified":"2026-01-17T10:36:24","modified_gmt":"2026-01-17T13:36:24","slug":"tempo-vindo-do-leste-pode-afetar-a-europa","status":"publish","type":"post","link":"https:\/\/portaltela.pt\/noticias\/2026\/01\/17\/tempo-vindo-do-leste-pode-afetar-a-europa\/","title":{"rendered":"Tempo vindo do Leste pode afetar a Europa"},"content":{"rendered":"<p>O fen\u00f3meno meteorol\u00f3gico conhecido como \u201cbesta do Leste\u201d pode intensificar o frio na Europa, incluindo Portugal, no final de janeiro. A previs\u00e3o, partilhada pelo portal Luso Meteo, aponta para temperaturas muito abaixo do normal em v\u00e1rias regi\u00f5es.<\/p>\n<p>Este fen\u00f3meno ocorreu pela \u00faltima vez em 2018. O bloqueio atmosf\u00e9rico no Atl\u00e2ntico poder\u00e1 amplificar o jato polar, gerando temperaturas inauditas para a \u00e9poca nos continentes europeu. O impacto depender\u00e1 da evolu\u00e7\u00e3o das depress\u00f5es vindo de leste.<\/p>\n<p>A Europa Central e de Leste pode registar m\u00ednimas de -15 \u00b0C a -30 \u00b0C; Europa Ocidental, incluindo Portugal, Espanha e Fran\u00e7a, pode ficar entre -5 \u00b0C e -15 \u00b0C. S\u00e3o perspetivos ainda sujeitas a altera\u00e7\u00f5es.<\/p>\n<h3>Desloca\u00e7\u00e3o de massas de ar<\/h3>\n<p>O anticiclone situa-se a oeste dos A\u00e7ores, pressionando depress\u00f5es frias a descerem sobre a Europa Ocidental. O cen\u00e1rio inicial aponta para neve em cotas m\u00e9dias em Portugal j\u00e1 no final de semana.<\/p>\n<h3>Desdobramentos esperados<\/h3>\n<p>V\u00e3o surgir depress\u00f5es de origem leste sobre a Europa Central e, posteriormente, sobre a Europa Ocidental. O tempo em Portugal depender\u00e1 do comportamento do Atl\u00e2ntico, com incertezas nas previs\u00f5es a curto prazo.<\/p>\n","protected":false},"excerpt":{"rendered":"<ul>\n<li>A meteorologia avisa que a chamada \u201cbesta do Leste\u201d poder\u00e1 trazer frio extremo \u00e0 Europa, com poss\u00edvel influ\u00eancia em Portugal no final de janeiro, sendo a \u00faltima ocorr\u00eancia em 2018.<\/li>\n<li>O fen\u00f3meno deve resultar de um bloqueio atmosf\u00e9rico no Atl\u00e2ntico que pode amplificar o jato polar e provocar temperaturas anormais no continente.<\/li>\n<li>As temperaturas previstas variam entre -15 \u00b0C e -30 \u00b0C na Europa central e de leste, e entre -5 \u00b0C e -15 \u00b0C em Portugal, Espanha e Fran\u00e7a.<\/li>\n<li>Poder\u00e1 haver impactos significativos na sa\u00fade e no setor energ\u00e9tico, com poss\u00edvel aumento de sintomas, hospitaliza\u00e7\u00f5es e press\u00e3o adicional sobre redes el\u00e9tricas.<\/li>\n<li>O desenvolvimento come\u00e7a por volta de vinte de janeiro com massa de ar frio sobre a Europa oriental; h\u00e1 incerteza sobre o alcance ocidental devido ao Atl\u00e2ntico, com poss\u00edvel neve em cotas m\u00e9dias em Portugal.<\/li>\n<\/ul>\n","protected":false},"author":2,"featured_media":148061,"comment_status":"closed","ping_status":"closed","sticky":false,"template":"","format":"standard","meta":{"footnotes":""},"categories":[1],"tags":[2665,167,2487,3319,1014],"class_list":["post-148053","post","type-post","status-publish","format-standard","has-post-thumbnail","hentry","category-noticias","tag-alteracoes-climaticas","tag-ambiente","tag-europa","tag-europa-central","tag-portugal"],"yoast_head":"<!-- This site is optimized with the Yoast SEO plugin v27.2 - https:\/\/yoast.com\/product\/yoast-seo-wordpress\/ -->\n<title>Tempo vindo do Leste pode afetar a Europa - Portal Tela Portugal<\/title>\n<meta name=\"robots\" content=\"index, follow, max-snippet:-1, max-image-preview:large, max-video-preview:-1\" \/>\n<meta property=\"og:locale\" content=\"pt_PT\" \/>\n<meta property=\"og:type\" content=\"article\" \/>\n<meta property=\"og:title\" content=\"Tempo vindo do Leste pode afetar a Europa - Portal Tela Portugal\" \/>\n<meta property=\"og:description\" content=\"A meteorologia avisa que a chamada \u201cbesta do Leste\u201d poder\u00e1 trazer frio extremo \u00e0 Europa, com poss\u00edvel influ\u00eancia em Portugal no final de janeiro, sendo a \u00faltima ocorr\u00eancia em 2018. O fen\u00f3meno deve resultar de um bloqueio atmosf\u00e9rico no Atl\u00e2ntico que pode amplificar o jato polar e provocar temperaturas anormais no continente. As temperaturas previstas variam entre -15 \u00b0C e -30 \u00b0C na Europa central e de leste, e entre -5 \u00b0C e -15 \u00b0C em Portugal, Espanha e Fran\u00e7a. Poder\u00e1 haver impactos significativos na sa\u00fade e no setor energ\u00e9tico, com poss\u00edvel aumento de sintomas, hospitaliza\u00e7\u00f5es e press\u00e3o adicional sobre redes el\u00e9tricas. O desenvolvimento come\u00e7a por volta de vinte de janeiro com massa de ar frio sobre a Europa oriental; h\u00e1 incerteza sobre o alcance ocidental devido ao Atl\u00e2ntico, com poss\u00edvel neve em cotas m\u00e9dias em Portugal.\" \/>\n<meta property=\"og:url\" content=\"https:\/\/portaltela.pt\/noticias\/2026\/01\/17\/tempo-vindo-do-leste-pode-afetar-a-europa\/\" \/>\n<meta property=\"og:site_name\" content=\"Portal Tela Portugal\" \/>\n<meta property=\"article:published_time\" content=\"2026-01-17T13:36:24+00:00\" \/>\n<meta name=\"author\" content=\"Telinha\" \/>\n<meta name=\"twitter:card\" content=\"summary_large_image\" \/>\n<meta name=\"twitter:label1\" content=\"Escrito por\" \/>\n\t<meta name=\"twitter:data1\" content=\"Telinha\" \/>\n\t<meta name=\"twitter:label2\" content=\"Tempo estimado de leitura\" \/>\n\t<meta name=\"twitter:data2\" content=\"1 minuto\" \/>\n<script type=\"application\/ld+json\" class=\"yoast-schema-graph\">{\"@context\":\"https:\/\/schema.org\",\"@graph\":[{\"@type\":\"Article\",\"@id\":\"https:\/\/portaltela.pt\/noticias\/2026\/01\/17\/tempo-vindo-do-leste-pode-afetar-a-europa\/#article\",\"isPartOf\":{\"@id\":\"https:\/\/portaltela.pt\/noticias\/2026\/01\/17\/tempo-vindo-do-leste-pode-afetar-a-europa\/\"},\"author\":{\"name\":\"Telinha\",\"@id\":\"https:\/\/portaltela.pt\/#\/schema\/person\/c4278d4a6028830caff9ee44b42d32ed\"},\"headline\":\"Tempo vindo do Leste pode afetar a Europa\",\"datePublished\":\"2026-01-17T13:36:24+00:00\",\"mainEntityOfPage\":{\"@id\":\"https:\/\/portaltela.pt\/noticias\/2026\/01\/17\/tempo-vindo-do-leste-pode-afetar-a-europa\/\"},\"wordCount\":211,\"image\":{\"@id\":\"https:\/\/portaltela.pt\/noticias\/2026\/01\/17\/tempo-vindo-do-leste-pode-afetar-a-europa\/#primaryimage\"},\"thumbnailUrl\":\"https:\/\/portaltela.pt\/s.01k8rhncp4jt1\/2026\/01\/unnamed-file-3481.jpg\",\"keywords\":[\"Altera\u00e7\u00f5es Clim\u00e1ticas\",\"ambiente\",\"Europa\",\"Europa Central\",\"Portugal\"],\"articleSection\":[\"Not\u00edcias\"],\"inLanguage\":\"pt-PT\"},{\"@type\":\"WebPage\",\"@id\":\"https:\/\/portaltela.pt\/noticias\/2026\/01\/17\/tempo-vindo-do-leste-pode-afetar-a-europa\/\",\"url\":\"https:\/\/portaltela.pt\/noticias\/2026\/01\/17\/tempo-vindo-do-leste-pode-afetar-a-europa\/\",\"name\":\"Tempo vindo do Leste pode afetar a Europa - Portal Tela Portugal\",\"isPartOf\":{\"@id\":\"https:\/\/portaltela.pt\/#website\"},\"primaryImageOfPage\":{\"@id\":\"https:\/\/portaltela.pt\/noticias\/2026\/01\/17\/tempo-vindo-do-leste-pode-afetar-a-europa\/#primaryimage\"},\"image\":{\"@id\":\"https:\/\/portaltela.pt\/noticias\/2026\/01\/17\/tempo-vindo-do-leste-pode-afetar-a-europa\/#primaryimage\"},\"thumbnailUrl\":\"https:\/\/portaltela.pt\/s.01k8rhncp4jt1\/2026\/01\/unnamed-file-3481.jpg\",\"datePublished\":\"2026-01-17T13:36:24+00:00\",\"author\":{\"@id\":\"https:\/\/portaltela.pt\/#\/schema\/person\/c4278d4a6028830caff9ee44b42d32ed\"},\"breadcrumb\":{\"@id\":\"https:\/\/portaltela.pt\/noticias\/2026\/01\/17\/tempo-vindo-do-leste-pode-afetar-a-europa\/#breadcrumb\"},\"inLanguage\":\"pt-PT\",\"potentialAction\":[{\"@type\":\"ReadAction\",\"target\":[\"https:\/\/portaltela.pt\/noticias\/2026\/01\/17\/tempo-vindo-do-leste-pode-afetar-a-europa\/\"]}]},{\"@type\":\"ImageObject\",\"inLanguage\":\"pt-PT\",\"@id\":\"https:\/\/portaltela.pt\/noticias\/2026\/01\/17\/tempo-vindo-do-leste-pode-afetar-a-europa\/#primaryimage\",\"url\":\"https:\/\/portaltela.pt\/s.01k8rhncp4jt1\/2026\/01\/unnamed-file-3481.jpg\",\"contentUrl\":\"https:\/\/portaltela.pt\/s.01k8rhncp4jt1\/2026\/01\/unnamed-file-3481.jpg\",\"width\":796,\"height\":448,\"caption\":\"ANEPC alerta para cuidados a adoptar com descida das temperaturas prevista pelo IPMA\"},{\"@type\":\"BreadcrumbList\",\"@id\":\"https:\/\/portaltela.pt\/noticias\/2026\/01\/17\/tempo-vindo-do-leste-pode-afetar-a-europa\/#breadcrumb\",\"itemListElement\":[{\"@type\":\"ListItem\",\"position\":1,\"name\":\"In\u00edcio\",\"item\":\"https:\/\/portaltela.pt\/\"},{\"@type\":\"ListItem\",\"position\":2,\"name\":\"Tempo vindo do Leste pode afetar a Europa\"}]},{\"@type\":\"WebSite\",\"@id\":\"https:\/\/portaltela.pt\/#website\",\"url\":\"https:\/\/portaltela.pt\/\",\"name\":\"Portal Tela Portugal\",\"description\":\"\",\"potentialAction\":[{\"@type\":\"SearchAction\",\"target\":{\"@type\":\"EntryPoint\",\"urlTemplate\":\"https:\/\/portaltela.pt\/?s={search_term_string}\"},\"query-input\":{\"@type\":\"PropertyValueSpecification\",\"valueRequired\":true,\"valueName\":\"search_term_string\"}}],\"inLanguage\":\"pt-PT\"},{\"@type\":\"Person\",\"@id\":\"https:\/\/portaltela.pt\/#\/schema\/person\/c4278d4a6028830caff9ee44b42d32ed\",\"name\":\"Telinha\",\"image\":{\"@type\":\"ImageObject\",\"inLanguage\":\"pt-PT\",\"@id\":\"https:\/\/portaltela.pt\/s.01k8rhncp4jt1\/2025\/11\/talking-bot-125x125.png\",\"url\":\"https:\/\/portaltela.pt\/s.01k8rhncp4jt1\/2025\/11\/talking-bot-125x125.png\",\"contentUrl\":\"https:\/\/portaltela.pt\/s.01k8rhncp4jt1\/2025\/11\/talking-bot-125x125.png\",\"caption\":\"Telinha\"},\"sameAs\":[\"https:\/\/portaltela.pt\/\"],\"url\":\"https:\/\/portaltela.pt\/por\/367410592786\/\"}]}<\/script>\n<!-- \/ Yoast SEO plugin. -->","yoast_head_json":{"title":"Tempo vindo do Leste pode afetar a Europa - Portal Tela Portugal","robots":{"index":"index","follow":"follow","max-snippet":"max-snippet:-1","max-image-preview":"max-image-preview:large","max-video-preview":"max-video-preview:-1"},"og_locale":"pt_PT","og_type":"article","og_title":"Tempo vindo do Leste pode afetar a Europa - Portal Tela Portugal","og_description":"A meteorologia avisa que a chamada \u201cbesta do Leste\u201d poder\u00e1 trazer frio extremo \u00e0 Europa, com poss\u00edvel influ\u00eancia em Portugal no final de janeiro, sendo a \u00faltima ocorr\u00eancia em 2018. O fen\u00f3meno deve resultar de um bloqueio atmosf\u00e9rico no Atl\u00e2ntico que pode amplificar o jato polar e provocar temperaturas anormais no continente. As temperaturas previstas variam entre -15 \u00b0C e -30 \u00b0C na Europa central e de leste, e entre -5 \u00b0C e -15 \u00b0C em Portugal, Espanha e Fran\u00e7a. Poder\u00e1 haver impactos significativos na sa\u00fade e no setor energ\u00e9tico, com poss\u00edvel aumento de sintomas, hospitaliza\u00e7\u00f5es e press\u00e3o adicional sobre redes el\u00e9tricas. O desenvolvimento come\u00e7a por volta de vinte de janeiro com massa de ar frio sobre a Europa oriental; h\u00e1 incerteza sobre o alcance ocidental devido ao Atl\u00e2ntico, com poss\u00edvel neve em cotas m\u00e9dias em Portugal.","og_url":"https:\/\/portaltela.pt\/noticias\/2026\/01\/17\/tempo-vindo-do-leste-pode-afetar-a-europa\/","og_site_name":"Portal Tela Portugal","article_published_time":"2026-01-17T13:36:24+00:00","author":"Telinha","twitter_card":"summary_large_image","twitter_misc":{"Escrito por":"Telinha","Tempo estimado de leitura":"1 minuto"},"schema":{"@context":"https:\/\/schema.org","@graph":[{"@type":"Article","@id":"https:\/\/portaltela.pt\/noticias\/2026\/01\/17\/tempo-vindo-do-leste-pode-afetar-a-europa\/#article","isPartOf":{"@id":"https:\/\/portaltela.pt\/noticias\/2026\/01\/17\/tempo-vindo-do-leste-pode-afetar-a-europa\/"},"author":{"name":"Telinha","@id":"https:\/\/portaltela.pt\/#\/schema\/person\/c4278d4a6028830caff9ee44b42d32ed"},"headline":"Tempo vindo do Leste pode afetar a Europa","datePublished":"2026-01-17T13:36:24+00:00","mainEntityOfPage":{"@id":"https:\/\/portaltela.pt\/noticias\/2026\/01\/17\/tempo-vindo-do-leste-pode-afetar-a-europa\/"},"wordCount":211,"image":{"@id":"https:\/\/portaltela.pt\/noticias\/2026\/01\/17\/tempo-vindo-do-leste-pode-afetar-a-europa\/#primaryimage"},"thumbnailUrl":"https:\/\/portaltela.pt\/s.01k8rhncp4jt1\/2026\/01\/unnamed-file-3481.jpg","keywords":["Altera\u00e7\u00f5es Clim\u00e1ticas","ambiente","Europa","Europa Central","Portugal"],"articleSection":["Not\u00edcias"],"inLanguage":"pt-PT"},{"@type":"WebPage","@id":"https:\/\/portaltela.pt\/noticias\/2026\/01\/17\/tempo-vindo-do-leste-pode-afetar-a-europa\/","url":"https:\/\/portaltela.pt\/noticias\/2026\/01\/17\/tempo-vindo-do-leste-pode-afetar-a-europa\/","name":"Tempo vindo do Leste pode afetar a Europa - Portal Tela Portugal","isPartOf":{"@id":"https:\/\/portaltela.pt\/#website"},"primaryImageOfPage":{"@id":"https:\/\/portaltela.pt\/noticias\/2026\/01\/17\/tempo-vindo-do-leste-pode-afetar-a-europa\/#primaryimage"},"image":{"@id":"https:\/\/portaltela.pt\/noticias\/2026\/01\/17\/tempo-vindo-do-leste-pode-afetar-a-europa\/#primaryimage"},"thumbnailUrl":"https:\/\/portaltela.pt\/s.01k8rhncp4jt1\/2026\/01\/unnamed-file-3481.jpg","datePublished":"2026-01-17T13:36:24+00:00","author":{"@id":"https:\/\/portaltela.pt\/#\/schema\/person\/c4278d4a6028830caff9ee44b42d32ed"},"breadcrumb":{"@id":"https:\/\/portaltela.pt\/noticias\/2026\/01\/17\/tempo-vindo-do-leste-pode-afetar-a-europa\/#breadcrumb"},"inLanguage":"pt-PT","potentialAction":[{"@type":"ReadAction","target":["https:\/\/portaltela.pt\/noticias\/2026\/01\/17\/tempo-vindo-do-leste-pode-afetar-a-europa\/"]}]},{"@type":"ImageObject","inLanguage":"pt-PT","@id":"https:\/\/portaltela.pt\/noticias\/2026\/01\/17\/tempo-vindo-do-leste-pode-afetar-a-europa\/#primaryimage","url":"https:\/\/portaltela.pt\/s.01k8rhncp4jt1\/2026\/01\/unnamed-file-3481.jpg","contentUrl":"https:\/\/portaltela.pt\/s.01k8rhncp4jt1\/2026\/01\/unnamed-file-3481.jpg","width":796,"height":448,"caption":"ANEPC alerta para cuidados a adoptar com descida das temperaturas prevista pelo IPMA"},{"@type":"BreadcrumbList","@id":"https:\/\/portaltela.pt\/noticias\/2026\/01\/17\/tempo-vindo-do-leste-pode-afetar-a-europa\/#breadcrumb","itemListElement":[{"@type":"ListItem","position":1,"name":"In\u00edcio","item":"https:\/\/portaltela.pt\/"},{"@type":"ListItem","position":2,"name":"Tempo vindo do Leste pode afetar a Europa"}]},{"@type":"WebSite","@id":"https:\/\/portaltela.pt\/#website","url":"https:\/\/portaltela.pt\/","name":"Portal Tela Portugal","description":"","potentialAction":[{"@type":"SearchAction","target":{"@type":"EntryPoint","urlTemplate":"https:\/\/portaltela.pt\/?s={search_term_string}"},"query-input":{"@type":"PropertyValueSpecification","valueRequired":true,"valueName":"search_term_string"}}],"inLanguage":"pt-PT"},{"@type":"Person","@id":"https:\/\/portaltela.pt\/#\/schema\/person\/c4278d4a6028830caff9ee44b42d32ed","name":"Telinha","image":{"@type":"ImageObject","inLanguage":"pt-PT","@id":"https:\/\/portaltela.pt\/s.01k8rhncp4jt1\/2025\/11\/talking-bot-125x125.png","url":"https:\/\/portaltela.pt\/s.01k8rhncp4jt1\/2025\/11\/talking-bot-125x125.png","contentUrl":"https:\/\/portaltela.pt\/s.01k8rhncp4jt1\/2025\/11\/talking-bot-125x125.png","caption":"Telinha"},"sameAs":["https:\/\/portaltela.pt\/"],"url":"https:\/\/portaltela.pt\/por\/367410592786\/"}]}},"_links":{"self":[{"href":"https:\/\/portaltela.pt\/api\/wp\/v2\/posts\/148053","targetHints":{"allow":["GET"]}}],"collection":[{"href":"https:\/\/portaltela.pt\/api\/wp\/v2\/posts"}],"about":[{"href":"https:\/\/portaltela.pt\/api\/wp\/v2\/types\/post"}],"author":[{"embeddable":true,"href":"https:\/\/portaltela.pt\/api\/wp\/v2\/users\/2"}],"replies":[{"embeddable":true,"href":"https:\/\/portaltela.pt\/api\/wp\/v2\/comments?post=148053"}],"version-history":[{"count":0,"href":"https:\/\/portaltela.pt\/api\/wp\/v2\/posts\/148053\/revisions"}],"wp:featuredmedia":[{"embeddable":true,"href":"https:\/\/portaltela.pt\/api\/wp\/v2\/media\/148061"}],"wp:attachment":[{"href":"https:\/\/portaltela.pt\/api\/wp\/v2\/media?parent=148053"}],"wp:term":[{"taxonomy":"category","embeddable":true,"href":"https:\/\/portaltela.pt\/api\/wp\/v2\/categories?post=148053"},{"taxonomy":"post_tag","embeddable":true,"href":"https:\/\/portaltela.pt\/api\/wp\/v2\/tags?post=148053"}],"curies":[{"name":"wp","href":"https:\/\/api.w.org\/{rel}","templated":true}]}}