{"id":148050,"date":"2026-01-17T11:42:03","date_gmt":"2026-01-17T14:42:03","guid":{"rendered":"https:\/\/portaltela.pt\/noticias\/2026\/01\/17\/adeptos-exibem-lencos-brancos-e-vaoas-no-bernabeu-contra-presidente-e-jogadores\/"},"modified":"2026-01-17T11:42:03","modified_gmt":"2026-01-17T14:42:03","slug":"adeptos-exibem-lencos-brancos-e-vaoas-no-bernabeu-contra-presidente-e-jogadores","status":"publish","type":"post","link":"https:\/\/portaltela.pt\/desporto\/futebol\/2026\/01\/17\/adeptos-exibem-lencos-brancos-e-vaoas-no-bernabeu-contra-presidente-e-jogadores\/","title":{"rendered":"Adeptos exibem len\u00e7os brancos e v\u00e3oas no Bernab\u00e9u contra presidente e jogadores"},"content":{"rendered":"<p>O Real Madrid enfrentou o Levante no Bernab\u00e9u sob forte protesto dos adeptos. A rece\u00e7\u00e3o foi marcada por assobios e pelo exibicionismo de len\u00e7os brancos, ap\u00f3s fracassos recentes na Ta\u00e7a do Rei e na final da Superta\u00e7a.<\/p>\n<p>Logo no autocarro, jogadores e treinador sentiram a frieza da bancada, recebendo assobios em vez de apoio. O mal-estar repetiu-se durante o aquecimento e na recolha aos balne\u00e1rios, 15 minutos antes do pontap\u00e9 inicial.<\/p>\n<p>Antes de entrar em campo, o an\u00fancio das equipas ocorreu com a plateia j\u00e1 protestante. Assobios concentraram-se em Bellingham e Vin\u00edcius, com aplausos apenas para Gonzalo Garc\u00eda. A m\u00fasica n\u00e3o conseguiu contrariar o descontentamento.<\/p>\n<h3>Rea\u00e7\u00e3o da bancada e c\u00e2nticos<\/h3>\n<p>No in\u00edcio do jogo, os assobios persistiram a cada toque na bola. Partilharam-se ainda c\u00e2nticos contra a dire\u00e7\u00e3o, com a express\u00e3o Florentino, fora, demiss\u00e3o a ecoar entre os presentes.<\/p>\n<h3>Contexto do descontentamento<\/h3>\n<p>Os protestos respondem ao que \u00e9 visto como falhas recentes da equipa e da gest\u00e3o. A imprensa acompanha a evolu\u00e7\u00e3o do apoio ao elenco e a eventual recupera\u00e7\u00e3o de apoio da torcida.<\/p>\n<h3>Desdobramentos esperados<\/h3>\n<p>Ainda n\u00e3o foram anunciadas altera\u00e7\u00f5es imediatas na equipa ou na lideran\u00e7a, mas o epis\u00f3dio exigir\u00e1 leitura atenta das pr\u00f3ximas movimenta\u00e7\u00f5es do clube e da massa adepta.<\/p>\n","protected":false},"excerpt":{"rendered":"<ul>\n<li>O Real Madrid entrou em campo contra o Levante com forte protesto dos adeptos, ap\u00f3s fracasso na Ta\u00e7a do Rei e derrota na Superta\u00e7a.<\/li>\n<li>O hino do clube n\u00e3o conseguiu abafar os protestos; foram exibidos len\u00e7os brancos e assobios dirigidos \u00e0 equipa e \u00e0 claque que tentava aplaudir.<\/li>\n<li>Os protestos come\u00e7aram j\u00e1 na chegada ao est\u00e1dio, repetiram-se durante o aquecimento e antes do in\u00edcio do jogo, com menos encorajamento ao autocarro.<\/li>\n<li>No t\u00fanel, o jogador Vinicius mostrou-se perturbado, tendo Mbapp\u00e9 de o consolar; Gonzalo Garc\u00eda foi o \u00fanico a receber aplausos na apresenta\u00e7\u00e3o.<\/li>\n<li>Ap\u00f3s o come\u00e7o do encontro, os assobios mantiveram-se a cada toque na bola, com c\u00e2nticos de \u201cFlorentino, fora, demiss\u00e3o!\u201d.<\/li>\n<\/ul>\n","protected":false},"author":2,"featured_media":148054,"comment_status":"closed","ping_status":"closed","sticky":false,"template":"","format":"standard","meta":{"footnotes":""},"categories":[21,24],"tags":[2533,3245,32,2857,2714,2265],"class_list":["post-148050","post","type-post","status-publish","format-standard","has-post-thumbnail","hentry","category-desporto","category-futebol","tag-adeptos","tag-bellingham","tag-futebol","tag-protestos","tag-real-madrid","tag-vinicius-junior"],"yoast_head":"<!-- This site is optimized with the Yoast SEO plugin v27.2 - https:\/\/yoast.com\/product\/yoast-seo-wordpress\/ -->\n<title>Adeptos exibem len\u00e7os brancos e v\u00e3oas no Bernab\u00e9u contra presidente e jogadores - Portal Tela Portugal<\/title>\n<meta name=\"robots\" content=\"index, follow, max-snippet:-1, max-image-preview:large, max-video-preview:-1\" \/>\n<meta property=\"og:locale\" content=\"pt_PT\" \/>\n<meta property=\"og:type\" content=\"article\" \/>\n<meta property=\"og:title\" content=\"Adeptos exibem len\u00e7os brancos e v\u00e3oas no Bernab\u00e9u contra presidente e jogadores - Portal Tela Portugal\" \/>\n<meta property=\"og:description\" content=\"O Real Madrid entrou em campo contra o Levante com forte protesto dos adeptos, ap\u00f3s fracasso na Ta\u00e7a do Rei e derrota na Superta\u00e7a. O hino do clube n\u00e3o conseguiu abafar os protestos; foram exibidos len\u00e7os brancos e assobios dirigidos \u00e0 equipa e \u00e0 claque que tentava aplaudir. Os protestos come\u00e7aram j\u00e1 na chegada ao est\u00e1dio, repetiram-se durante o aquecimento e antes do in\u00edcio do jogo, com menos encorajamento ao autocarro. No t\u00fanel, o jogador Vinicius mostrou-se perturbado, tendo Mbapp\u00e9 de o consolar; Gonzalo Garc\u00eda foi o \u00fanico a receber aplausos na apresenta\u00e7\u00e3o. Ap\u00f3s o come\u00e7o do encontro, os assobios mantiveram-se a cada toque na bola, com c\u00e2nticos de \u201cFlorentino, fora, demiss\u00e3o!\u201d.\" \/>\n<meta property=\"og:url\" content=\"https:\/\/portaltela.pt\/noticias\/2026\/01\/17\/adeptos-exibem-lencos-brancos-e-vaoas-no-bernabeu-contra-presidente-e-jogadores\/\" \/>\n<meta property=\"og:site_name\" content=\"Portal Tela Portugal\" \/>\n<meta property=\"article:published_time\" content=\"2026-01-17T14:42:03+00:00\" \/>\n<meta name=\"author\" content=\"Telinha\" \/>\n<meta name=\"twitter:card\" content=\"summary_large_image\" \/>\n<meta name=\"twitter:label1\" content=\"Escrito por\" \/>\n\t<meta name=\"twitter:data1\" content=\"Telinha\" \/>\n\t<meta name=\"twitter:label2\" content=\"Tempo estimado de leitura\" \/>\n\t<meta name=\"twitter:data2\" content=\"1 minuto\" \/>\n<script type=\"application\/ld+json\" class=\"yoast-schema-graph\">{\"@context\":\"https:\/\/schema.org\",\"@graph\":[{\"@type\":\"Article\",\"@id\":\"https:\/\/portaltela.pt\/noticias\/2026\/01\/17\/adeptos-exibem-lencos-brancos-e-vaoas-no-bernabeu-contra-presidente-e-jogadores\/#article\",\"isPartOf\":{\"@id\":\"https:\/\/portaltela.pt\/noticias\/2026\/01\/17\/adeptos-exibem-lencos-brancos-e-vaoas-no-bernabeu-contra-presidente-e-jogadores\/\"},\"author\":{\"name\":\"Telinha\",\"@id\":\"https:\/\/portaltela.pt\/#\/schema\/person\/c4278d4a6028830caff9ee44b42d32ed\"},\"headline\":\"Adeptos exibem len\u00e7os brancos e v\u00e3oas no Bernab\u00e9u contra presidente e jogadores\",\"datePublished\":\"2026-01-17T14:42:03+00:00\",\"mainEntityOfPage\":{\"@id\":\"https:\/\/portaltela.pt\/noticias\/2026\/01\/17\/adeptos-exibem-lencos-brancos-e-vaoas-no-bernabeu-contra-presidente-e-jogadores\/\"},\"wordCount\":243,\"image\":{\"@id\":\"https:\/\/portaltela.pt\/noticias\/2026\/01\/17\/adeptos-exibem-lencos-brancos-e-vaoas-no-bernabeu-contra-presidente-e-jogadores\/#primaryimage\"},\"thumbnailUrl\":\"https:\/\/portaltela.pt\/s.01k8rhncp4jt1\/2026\/01\/e45c6365-97ba-423a-8121-e9414cb94d74.jpg\",\"keywords\":[\"adeptos\",\"Bellingham\",\"futebol\",\"protestos\",\"Real Madrid\",\"Vin\u00edcius J\u00fanior\"],\"articleSection\":[\"Desporto\",\"Futebol\"],\"inLanguage\":\"pt-PT\"},{\"@type\":\"WebPage\",\"@id\":\"https:\/\/portaltela.pt\/noticias\/2026\/01\/17\/adeptos-exibem-lencos-brancos-e-vaoas-no-bernabeu-contra-presidente-e-jogadores\/\",\"url\":\"https:\/\/portaltela.pt\/noticias\/2026\/01\/17\/adeptos-exibem-lencos-brancos-e-vaoas-no-bernabeu-contra-presidente-e-jogadores\/\",\"name\":\"Adeptos exibem len\u00e7os brancos e v\u00e3oas no Bernab\u00e9u contra presidente e jogadores - Portal Tela Portugal\",\"isPartOf\":{\"@id\":\"https:\/\/portaltela.pt\/#website\"},\"primaryImageOfPage\":{\"@id\":\"https:\/\/portaltela.pt\/noticias\/2026\/01\/17\/adeptos-exibem-lencos-brancos-e-vaoas-no-bernabeu-contra-presidente-e-jogadores\/#primaryimage\"},\"image\":{\"@id\":\"https:\/\/portaltela.pt\/noticias\/2026\/01\/17\/adeptos-exibem-lencos-brancos-e-vaoas-no-bernabeu-contra-presidente-e-jogadores\/#primaryimage\"},\"thumbnailUrl\":\"https:\/\/portaltela.pt\/s.01k8rhncp4jt1\/2026\/01\/e45c6365-97ba-423a-8121-e9414cb94d74.jpg\",\"datePublished\":\"2026-01-17T14:42:03+00:00\",\"author\":{\"@id\":\"https:\/\/portaltela.pt\/#\/schema\/person\/c4278d4a6028830caff9ee44b42d32ed\"},\"breadcrumb\":{\"@id\":\"https:\/\/portaltela.pt\/noticias\/2026\/01\/17\/adeptos-exibem-lencos-brancos-e-vaoas-no-bernabeu-contra-presidente-e-jogadores\/#breadcrumb\"},\"inLanguage\":\"pt-PT\",\"potentialAction\":[{\"@type\":\"ReadAction\",\"target\":[\"https:\/\/portaltela.pt\/noticias\/2026\/01\/17\/adeptos-exibem-lencos-brancos-e-vaoas-no-bernabeu-contra-presidente-e-jogadores\/\"]}]},{\"@type\":\"ImageObject\",\"inLanguage\":\"pt-PT\",\"@id\":\"https:\/\/portaltela.pt\/noticias\/2026\/01\/17\/adeptos-exibem-lencos-brancos-e-vaoas-no-bernabeu-contra-presidente-e-jogadores\/#primaryimage\",\"url\":\"https:\/\/portaltela.pt\/s.01k8rhncp4jt1\/2026\/01\/e45c6365-97ba-423a-8121-e9414cb94d74.jpg\",\"contentUrl\":\"https:\/\/portaltela.pt\/s.01k8rhncp4jt1\/2026\/01\/e45c6365-97ba-423a-8121-e9414cb94d74.jpg\",\"width\":796,\"height\":448,\"caption\":\"Photo\"},{\"@type\":\"BreadcrumbList\",\"@id\":\"https:\/\/portaltela.pt\/noticias\/2026\/01\/17\/adeptos-exibem-lencos-brancos-e-vaoas-no-bernabeu-contra-presidente-e-jogadores\/#breadcrumb\",\"itemListElement\":[{\"@type\":\"ListItem\",\"position\":1,\"name\":\"In\u00edcio\",\"item\":\"https:\/\/portaltela.pt\/\"},{\"@type\":\"ListItem\",\"position\":2,\"name\":\"Adeptos exibem len\u00e7os brancos e v\u00e3oas no Bernab\u00e9u contra presidente e jogadores\"}]},{\"@type\":\"WebSite\",\"@id\":\"https:\/\/portaltela.pt\/#website\",\"url\":\"https:\/\/portaltela.pt\/\",\"name\":\"Portal Tela Portugal\",\"description\":\"\",\"potentialAction\":[{\"@type\":\"SearchAction\",\"target\":{\"@type\":\"EntryPoint\",\"urlTemplate\":\"https:\/\/portaltela.pt\/?s={search_term_string}\"},\"query-input\":{\"@type\":\"PropertyValueSpecification\",\"valueRequired\":true,\"valueName\":\"search_term_string\"}}],\"inLanguage\":\"pt-PT\"},{\"@type\":\"Person\",\"@id\":\"https:\/\/portaltela.pt\/#\/schema\/person\/c4278d4a6028830caff9ee44b42d32ed\",\"name\":\"Telinha\",\"image\":{\"@type\":\"ImageObject\",\"inLanguage\":\"pt-PT\",\"@id\":\"https:\/\/portaltela.pt\/s.01k8rhncp4jt1\/2025\/11\/talking-bot-125x125.png\",\"url\":\"https:\/\/portaltela.pt\/s.01k8rhncp4jt1\/2025\/11\/talking-bot-125x125.png\",\"contentUrl\":\"https:\/\/portaltela.pt\/s.01k8rhncp4jt1\/2025\/11\/talking-bot-125x125.png\",\"caption\":\"Telinha\"},\"sameAs\":[\"https:\/\/portaltela.pt\/\"],\"url\":\"https:\/\/portaltela.pt\/por\/367410592786\/\"}]}<\/script>\n<!-- \/ Yoast SEO plugin. -->","yoast_head_json":{"title":"Adeptos exibem len\u00e7os brancos e v\u00e3oas no Bernab\u00e9u contra presidente e jogadores - Portal Tela Portugal","robots":{"index":"index","follow":"follow","max-snippet":"max-snippet:-1","max-image-preview":"max-image-preview:large","max-video-preview":"max-video-preview:-1"},"og_locale":"pt_PT","og_type":"article","og_title":"Adeptos exibem len\u00e7os brancos e v\u00e3oas no Bernab\u00e9u contra presidente e jogadores - Portal Tela Portugal","og_description":"O Real Madrid entrou em campo contra o Levante com forte protesto dos adeptos, ap\u00f3s fracasso na Ta\u00e7a do Rei e derrota na Superta\u00e7a. O hino do clube n\u00e3o conseguiu abafar os protestos; foram exibidos len\u00e7os brancos e assobios dirigidos \u00e0 equipa e \u00e0 claque que tentava aplaudir. Os protestos come\u00e7aram j\u00e1 na chegada ao est\u00e1dio, repetiram-se durante o aquecimento e antes do in\u00edcio do jogo, com menos encorajamento ao autocarro. No t\u00fanel, o jogador Vinicius mostrou-se perturbado, tendo Mbapp\u00e9 de o consolar; Gonzalo Garc\u00eda foi o \u00fanico a receber aplausos na apresenta\u00e7\u00e3o. Ap\u00f3s o come\u00e7o do encontro, os assobios mantiveram-se a cada toque na bola, com c\u00e2nticos de \u201cFlorentino, fora, demiss\u00e3o!\u201d.","og_url":"https:\/\/portaltela.pt\/noticias\/2026\/01\/17\/adeptos-exibem-lencos-brancos-e-vaoas-no-bernabeu-contra-presidente-e-jogadores\/","og_site_name":"Portal Tela Portugal","article_published_time":"2026-01-17T14:42:03+00:00","author":"Telinha","twitter_card":"summary_large_image","twitter_misc":{"Escrito por":"Telinha","Tempo estimado de leitura":"1 minuto"},"schema":{"@context":"https:\/\/schema.org","@graph":[{"@type":"Article","@id":"https:\/\/portaltela.pt\/noticias\/2026\/01\/17\/adeptos-exibem-lencos-brancos-e-vaoas-no-bernabeu-contra-presidente-e-jogadores\/#article","isPartOf":{"@id":"https:\/\/portaltela.pt\/noticias\/2026\/01\/17\/adeptos-exibem-lencos-brancos-e-vaoas-no-bernabeu-contra-presidente-e-jogadores\/"},"author":{"name":"Telinha","@id":"https:\/\/portaltela.pt\/#\/schema\/person\/c4278d4a6028830caff9ee44b42d32ed"},"headline":"Adeptos exibem len\u00e7os brancos e v\u00e3oas no Bernab\u00e9u contra presidente e jogadores","datePublished":"2026-01-17T14:42:03+00:00","mainEntityOfPage":{"@id":"https:\/\/portaltela.pt\/noticias\/2026\/01\/17\/adeptos-exibem-lencos-brancos-e-vaoas-no-bernabeu-contra-presidente-e-jogadores\/"},"wordCount":243,"image":{"@id":"https:\/\/portaltela.pt\/noticias\/2026\/01\/17\/adeptos-exibem-lencos-brancos-e-vaoas-no-bernabeu-contra-presidente-e-jogadores\/#primaryimage"},"thumbnailUrl":"https:\/\/portaltela.pt\/s.01k8rhncp4jt1\/2026\/01\/e45c6365-97ba-423a-8121-e9414cb94d74.jpg","keywords":["adeptos","Bellingham","futebol","protestos","Real Madrid","Vin\u00edcius J\u00fanior"],"articleSection":["Desporto","Futebol"],"inLanguage":"pt-PT"},{"@type":"WebPage","@id":"https:\/\/portaltela.pt\/noticias\/2026\/01\/17\/adeptos-exibem-lencos-brancos-e-vaoas-no-bernabeu-contra-presidente-e-jogadores\/","url":"https:\/\/portaltela.pt\/noticias\/2026\/01\/17\/adeptos-exibem-lencos-brancos-e-vaoas-no-bernabeu-contra-presidente-e-jogadores\/","name":"Adeptos exibem len\u00e7os brancos e v\u00e3oas no Bernab\u00e9u contra presidente e jogadores - Portal Tela Portugal","isPartOf":{"@id":"https:\/\/portaltela.pt\/#website"},"primaryImageOfPage":{"@id":"https:\/\/portaltela.pt\/noticias\/2026\/01\/17\/adeptos-exibem-lencos-brancos-e-vaoas-no-bernabeu-contra-presidente-e-jogadores\/#primaryimage"},"image":{"@id":"https:\/\/portaltela.pt\/noticias\/2026\/01\/17\/adeptos-exibem-lencos-brancos-e-vaoas-no-bernabeu-contra-presidente-e-jogadores\/#primaryimage"},"thumbnailUrl":"https:\/\/portaltela.pt\/s.01k8rhncp4jt1\/2026\/01\/e45c6365-97ba-423a-8121-e9414cb94d74.jpg","datePublished":"2026-01-17T14:42:03+00:00","author":{"@id":"https:\/\/portaltela.pt\/#\/schema\/person\/c4278d4a6028830caff9ee44b42d32ed"},"breadcrumb":{"@id":"https:\/\/portaltela.pt\/noticias\/2026\/01\/17\/adeptos-exibem-lencos-brancos-e-vaoas-no-bernabeu-contra-presidente-e-jogadores\/#breadcrumb"},"inLanguage":"pt-PT","potentialAction":[{"@type":"ReadAction","target":["https:\/\/portaltela.pt\/noticias\/2026\/01\/17\/adeptos-exibem-lencos-brancos-e-vaoas-no-bernabeu-contra-presidente-e-jogadores\/"]}]},{"@type":"ImageObject","inLanguage":"pt-PT","@id":"https:\/\/portaltela.pt\/noticias\/2026\/01\/17\/adeptos-exibem-lencos-brancos-e-vaoas-no-bernabeu-contra-presidente-e-jogadores\/#primaryimage","url":"https:\/\/portaltela.pt\/s.01k8rhncp4jt1\/2026\/01\/e45c6365-97ba-423a-8121-e9414cb94d74.jpg","contentUrl":"https:\/\/portaltela.pt\/s.01k8rhncp4jt1\/2026\/01\/e45c6365-97ba-423a-8121-e9414cb94d74.jpg","width":796,"height":448,"caption":"Photo"},{"@type":"BreadcrumbList","@id":"https:\/\/portaltela.pt\/noticias\/2026\/01\/17\/adeptos-exibem-lencos-brancos-e-vaoas-no-bernabeu-contra-presidente-e-jogadores\/#breadcrumb","itemListElement":[{"@type":"ListItem","position":1,"name":"In\u00edcio","item":"https:\/\/portaltela.pt\/"},{"@type":"ListItem","position":2,"name":"Adeptos exibem len\u00e7os brancos e v\u00e3oas no Bernab\u00e9u contra presidente e jogadores"}]},{"@type":"WebSite","@id":"https:\/\/portaltela.pt\/#website","url":"https:\/\/portaltela.pt\/","name":"Portal Tela Portugal","description":"","potentialAction":[{"@type":"SearchAction","target":{"@type":"EntryPoint","urlTemplate":"https:\/\/portaltela.pt\/?s={search_term_string}"},"query-input":{"@type":"PropertyValueSpecification","valueRequired":true,"valueName":"search_term_string"}}],"inLanguage":"pt-PT"},{"@type":"Person","@id":"https:\/\/portaltela.pt\/#\/schema\/person\/c4278d4a6028830caff9ee44b42d32ed","name":"Telinha","image":{"@type":"ImageObject","inLanguage":"pt-PT","@id":"https:\/\/portaltela.pt\/s.01k8rhncp4jt1\/2025\/11\/talking-bot-125x125.png","url":"https:\/\/portaltela.pt\/s.01k8rhncp4jt1\/2025\/11\/talking-bot-125x125.png","contentUrl":"https:\/\/portaltela.pt\/s.01k8rhncp4jt1\/2025\/11\/talking-bot-125x125.png","caption":"Telinha"},"sameAs":["https:\/\/portaltela.pt\/"],"url":"https:\/\/portaltela.pt\/por\/367410592786\/"}]}},"_links":{"self":[{"href":"https:\/\/portaltela.pt\/api\/wp\/v2\/posts\/148050","targetHints":{"allow":["GET"]}}],"collection":[{"href":"https:\/\/portaltela.pt\/api\/wp\/v2\/posts"}],"about":[{"href":"https:\/\/portaltela.pt\/api\/wp\/v2\/types\/post"}],"author":[{"embeddable":true,"href":"https:\/\/portaltela.pt\/api\/wp\/v2\/users\/2"}],"replies":[{"embeddable":true,"href":"https:\/\/portaltela.pt\/api\/wp\/v2\/comments?post=148050"}],"version-history":[{"count":0,"href":"https:\/\/portaltela.pt\/api\/wp\/v2\/posts\/148050\/revisions"}],"wp:featuredmedia":[{"embeddable":true,"href":"https:\/\/portaltela.pt\/api\/wp\/v2\/media\/148054"}],"wp:attachment":[{"href":"https:\/\/portaltela.pt\/api\/wp\/v2\/media?parent=148050"}],"wp:term":[{"taxonomy":"category","embeddable":true,"href":"https:\/\/portaltela.pt\/api\/wp\/v2\/categories?post=148050"},{"taxonomy":"post_tag","embeddable":true,"href":"https:\/\/portaltela.pt\/api\/wp\/v2\/tags?post=148050"}],"curies":[{"name":"wp","href":"https:\/\/api.w.org\/{rel}","templated":true}]}}