{"id":148033,"date":"2026-01-17T11:22:00","date_gmt":"2026-01-17T14:22:00","guid":{"rendered":"https:\/\/portaltela.pt\/noticias\/2026\/01\/17\/jornalistas-da-visao-angariaram-200-mil-euros-para-comprar-titulo\/"},"modified":"2026-01-17T11:22:00","modified_gmt":"2026-01-17T14:22:00","slug":"jornalistas-da-visao-angariaram-200-mil-euros-para-comprar-titulo","status":"publish","type":"post","link":"https:\/\/portaltela.pt\/noticias\/economia\/2026\/01\/17\/jornalistas-da-visao-angariaram-200-mil-euros-para-comprar-titulo\/","title":{"rendered":"Jornalistas da Vis\u00e3o angariaram 200 mil euros para comprar t\u00edtulo"},"content":{"rendered":"<p>A campanha de angaria\u00e7\u00e3o de fundos lan\u00e7ada pelos jornalistas da Vis\u00e3o j\u00e1 arrecadou cerca de 200 mil euros at\u00e9 este s\u00e1bado. O objetivo inicial foi atingido rapidamente, com ades\u00e3o de leitores e de v\u00e1rias figuras p\u00fablicas que apoiam o projeto.<\/p>\n<p>A iniciativa envolve 12 jornalistas que continuam a trabalhar semanalmente para colocar a Vis\u00e3o nas bancas. O dinheiro recolhido destina-se a entrar no leil\u00e3o do t\u00edtulo, previsto para mar\u00e7o, com o objetivo de ficar com a dire\u00e7\u00e3o editorial.<\/p>\n<p>A Vis\u00e3o mant\u00e9m o foco no processo de aquisi\u00e7\u00e3o, afirmando que a verba n\u00e3o ser\u00e1 usada para outras finalidades. O grupo planeia criar uma nova sociedade para disputar o leil\u00e3o e manter a publica\u00e7\u00e3o sob a gest\u00e3o dos jornalistas.<\/p>\n<h3>Progresso da campanha e uso dos recursos<\/h3>\n<p>A equipa lembra que os rendimentos atuais destinam-se exclusivamente \u00e0s despesas associadas \u00e0 licita\u00e7\u00e3o, impress\u00e3o e software. O objetivo \u00e9 assegurar uma proposta s\u00f3lida para o leil\u00e3o, que pode variar conforme os montantes licitados.<\/p>\n<p>Mais de 4.500 apoiantes j\u00e1 contribu\u00edram, segundo a publica\u00e7\u00e3o dos jornalistas. O texto destaca que a Vis\u00e3o depende de uma comunidade engajada para assegurar a continuidade da publica\u00e7\u00e3o.<\/p>\n<p>A campanha, iniciada recentemente, j\u00e1 mostra sinais de ades\u00e3o significativa, com a dire\u00e7\u00e3o a agradecer o apoio recebido e a indicar que o financiamento permanece aberto a novas doa\u00e7\u00f5es.<\/p>\n<h3>Contexto e pr\u00f3ximos passos<\/h3>\n<p>Em caso de n\u00e3o vit\u00f3ria no leil\u00e3o, o grupo n\u00e3o adianta ainda os pr\u00f3ximos passos, mas garante que n\u00e3o vai parar. A equipa pretende manter a opera\u00e7\u00e3o com autoriza\u00e7\u00e3o do administrador de insolv\u00eancia e continuar a publicar enquanto poss\u00edvel.<\/p>\n<p>No passado outubro, a assembleia de credores da Trust in News aprovou a cessa\u00e7\u00e3o da atividade da empresa dona da Vis\u00e3o. O acordo incluiu, ainda, uma autoriza\u00e7\u00e3o para assegurar a produ\u00e7\u00e3o at\u00e9 \u00e0 venda dos ativos.<\/p>\n","protected":false},"excerpt":{"rendered":"<ul>\n<li>A campanha de angaria\u00e7\u00e3o de fundos para a Vis\u00e3o j\u00e1 levantou cerca de 200 mil euros at\u00e9 este s\u00e1bado, objetivo inicial.<\/li>\n<li>O dinheiro destina-se a concorr\u00eancia no leil\u00e3o pelo t\u00edtulo da revista, previsto para mar\u00e7o, mantendo-se a campanha aberta.<\/li>\n<li>O grupo de doze jornalistas que continuam a trabalhar semanalmente representa o n\u00facleo da nova sociedade que ser\u00e1 criada para disputar o leil\u00e3o.<\/li>\n<li>A campanha GoFundMe foi lan\u00e7ada para assegurar custos de in\u00edcio da nova fase, incluindo impress\u00e3o, licen\u00e7as de software e sal\u00e1rios, com mais de quatro mil leitores a apoiar.<\/li>\n<li>Em outubro, a assembleia de credores da empresa propriet\u00e1ria aprovou a cessa\u00e7\u00e3o da atividade da Trust in News, mantendo-se, por\u00e9m, a possibilidade de produ\u00e7\u00e3o da Vis\u00e3o at\u00e9 \u00e0 venda.<\/li>\n<\/ul>\n","protected":false},"author":2,"featured_media":148038,"comment_status":"closed","ping_status":"closed","sticky":false,"template":"","format":"standard","meta":{"footnotes":""},"categories":[2,1],"tags":[3123,2417,1755,506,195,3181],"class_list":["post-148033","post","type-post","status-publish","format-standard","has-post-thumbnail","hentry","category-economia","category-noticias","tag-doacoes","tag-financiamento","tag-financiamento-de-campanhas","tag-imprensa","tag-informacao","tag-publicacoes"],"yoast_head":"<!-- This site is optimized with the Yoast SEO plugin v27.2 - https:\/\/yoast.com\/product\/yoast-seo-wordpress\/ -->\n<title>Jornalistas da Vis\u00e3o angariaram 200 mil euros para comprar t\u00edtulo - Portal Tela Portugal<\/title>\n<meta name=\"robots\" content=\"index, follow, max-snippet:-1, max-image-preview:large, max-video-preview:-1\" \/>\n<meta property=\"og:locale\" content=\"pt_PT\" \/>\n<meta property=\"og:type\" content=\"article\" \/>\n<meta property=\"og:title\" content=\"Jornalistas da Vis\u00e3o angariaram 200 mil euros para comprar t\u00edtulo - Portal Tela Portugal\" \/>\n<meta property=\"og:description\" content=\"A campanha de angaria\u00e7\u00e3o de fundos para a Vis\u00e3o j\u00e1 levantou cerca de 200 mil euros at\u00e9 este s\u00e1bado, objetivo inicial. O dinheiro destina-se a concorr\u00eancia no leil\u00e3o pelo t\u00edtulo da revista, previsto para mar\u00e7o, mantendo-se a campanha aberta. O grupo de doze jornalistas que continuam a trabalhar semanalmente representa o n\u00facleo da nova sociedade que ser\u00e1 criada para disputar o leil\u00e3o. A campanha GoFundMe foi lan\u00e7ada para assegurar custos de in\u00edcio da nova fase, incluindo impress\u00e3o, licen\u00e7as de software e sal\u00e1rios, com mais de quatro mil leitores a apoiar. Em outubro, a assembleia de credores da empresa propriet\u00e1ria aprovou a cessa\u00e7\u00e3o da atividade da Trust in News, mantendo-se, por\u00e9m, a possibilidade de produ\u00e7\u00e3o da Vis\u00e3o at\u00e9 \u00e0 venda.\" \/>\n<meta property=\"og:url\" content=\"https:\/\/portaltela.pt\/noticias\/2026\/01\/17\/jornalistas-da-visao-angariaram-200-mil-euros-para-comprar-titulo\/\" \/>\n<meta property=\"og:site_name\" content=\"Portal Tela Portugal\" \/>\n<meta property=\"article:published_time\" content=\"2026-01-17T14:22:00+00:00\" \/>\n<meta name=\"author\" content=\"Telinha\" \/>\n<meta name=\"twitter:card\" content=\"summary_large_image\" \/>\n<meta name=\"twitter:label1\" content=\"Escrito por\" \/>\n\t<meta name=\"twitter:data1\" content=\"Telinha\" \/>\n\t<meta name=\"twitter:label2\" content=\"Tempo estimado de leitura\" \/>\n\t<meta name=\"twitter:data2\" content=\"2 minutos\" \/>\n<script type=\"application\/ld+json\" class=\"yoast-schema-graph\">{\"@context\":\"https:\/\/schema.org\",\"@graph\":[{\"@type\":\"Article\",\"@id\":\"https:\/\/portaltela.pt\/noticias\/2026\/01\/17\/jornalistas-da-visao-angariaram-200-mil-euros-para-comprar-titulo\/#article\",\"isPartOf\":{\"@id\":\"https:\/\/portaltela.pt\/noticias\/2026\/01\/17\/jornalistas-da-visao-angariaram-200-mil-euros-para-comprar-titulo\/\"},\"author\":{\"name\":\"Telinha\",\"@id\":\"https:\/\/portaltela.pt\/#\/schema\/person\/c4278d4a6028830caff9ee44b42d32ed\"},\"headline\":\"Jornalistas da Vis\u00e3o angariaram 200 mil euros para comprar t\u00edtulo\",\"datePublished\":\"2026-01-17T14:22:00+00:00\",\"mainEntityOfPage\":{\"@id\":\"https:\/\/portaltela.pt\/noticias\/2026\/01\/17\/jornalistas-da-visao-angariaram-200-mil-euros-para-comprar-titulo\/\"},\"wordCount\":344,\"image\":{\"@id\":\"https:\/\/portaltela.pt\/noticias\/2026\/01\/17\/jornalistas-da-visao-angariaram-200-mil-euros-para-comprar-titulo\/#primaryimage\"},\"thumbnailUrl\":\"https:\/\/portaltela.pt\/s.01k8rhncp4jt1\/2026\/01\/image-1028.jpg\",\"keywords\":[\"doa\u00e7\u00f5es\",\"financiamento\",\"financiamento de campanhas\",\"imprensa\",\"informa\u00e7\u00e3o\",\"publica\u00e7\u00f5es\"],\"articleSection\":[\"Economia\",\"Not\u00edcias\"],\"inLanguage\":\"pt-PT\"},{\"@type\":\"WebPage\",\"@id\":\"https:\/\/portaltela.pt\/noticias\/2026\/01\/17\/jornalistas-da-visao-angariaram-200-mil-euros-para-comprar-titulo\/\",\"url\":\"https:\/\/portaltela.pt\/noticias\/2026\/01\/17\/jornalistas-da-visao-angariaram-200-mil-euros-para-comprar-titulo\/\",\"name\":\"Jornalistas da Vis\u00e3o angariaram 200 mil euros para comprar t\u00edtulo - Portal Tela Portugal\",\"isPartOf\":{\"@id\":\"https:\/\/portaltela.pt\/#website\"},\"primaryImageOfPage\":{\"@id\":\"https:\/\/portaltela.pt\/noticias\/2026\/01\/17\/jornalistas-da-visao-angariaram-200-mil-euros-para-comprar-titulo\/#primaryimage\"},\"image\":{\"@id\":\"https:\/\/portaltela.pt\/noticias\/2026\/01\/17\/jornalistas-da-visao-angariaram-200-mil-euros-para-comprar-titulo\/#primaryimage\"},\"thumbnailUrl\":\"https:\/\/portaltela.pt\/s.01k8rhncp4jt1\/2026\/01\/image-1028.jpg\",\"datePublished\":\"2026-01-17T14:22:00+00:00\",\"author\":{\"@id\":\"https:\/\/portaltela.pt\/#\/schema\/person\/c4278d4a6028830caff9ee44b42d32ed\"},\"breadcrumb\":{\"@id\":\"https:\/\/portaltela.pt\/noticias\/2026\/01\/17\/jornalistas-da-visao-angariaram-200-mil-euros-para-comprar-titulo\/#breadcrumb\"},\"inLanguage\":\"pt-PT\",\"potentialAction\":[{\"@type\":\"ReadAction\",\"target\":[\"https:\/\/portaltela.pt\/noticias\/2026\/01\/17\/jornalistas-da-visao-angariaram-200-mil-euros-para-comprar-titulo\/\"]}]},{\"@type\":\"ImageObject\",\"inLanguage\":\"pt-PT\",\"@id\":\"https:\/\/portaltela.pt\/noticias\/2026\/01\/17\/jornalistas-da-visao-angariaram-200-mil-euros-para-comprar-titulo\/#primaryimage\",\"url\":\"https:\/\/portaltela.pt\/s.01k8rhncp4jt1\/2026\/01\/image-1028.jpg\",\"contentUrl\":\"https:\/\/portaltela.pt\/s.01k8rhncp4jt1\/2026\/01\/image-1028.jpg\",\"width\":796,\"height\":448,\"caption\":\"Os 12 jornalistas que se mant\u00eam em atividade ser\u00e3o o n\u00facleo central da pr\u00f3xima sociedade\"},{\"@type\":\"BreadcrumbList\",\"@id\":\"https:\/\/portaltela.pt\/noticias\/2026\/01\/17\/jornalistas-da-visao-angariaram-200-mil-euros-para-comprar-titulo\/#breadcrumb\",\"itemListElement\":[{\"@type\":\"ListItem\",\"position\":1,\"name\":\"In\u00edcio\",\"item\":\"https:\/\/portaltela.pt\/\"},{\"@type\":\"ListItem\",\"position\":2,\"name\":\"Jornalistas da Vis\u00e3o angariaram 200 mil euros para comprar t\u00edtulo\"}]},{\"@type\":\"WebSite\",\"@id\":\"https:\/\/portaltela.pt\/#website\",\"url\":\"https:\/\/portaltela.pt\/\",\"name\":\"Portal Tela Portugal\",\"description\":\"\",\"potentialAction\":[{\"@type\":\"SearchAction\",\"target\":{\"@type\":\"EntryPoint\",\"urlTemplate\":\"https:\/\/portaltela.pt\/?s={search_term_string}\"},\"query-input\":{\"@type\":\"PropertyValueSpecification\",\"valueRequired\":true,\"valueName\":\"search_term_string\"}}],\"inLanguage\":\"pt-PT\"},{\"@type\":\"Person\",\"@id\":\"https:\/\/portaltela.pt\/#\/schema\/person\/c4278d4a6028830caff9ee44b42d32ed\",\"name\":\"Telinha\",\"image\":{\"@type\":\"ImageObject\",\"inLanguage\":\"pt-PT\",\"@id\":\"https:\/\/portaltela.pt\/s.01k8rhncp4jt1\/2025\/11\/talking-bot-125x125.png\",\"url\":\"https:\/\/portaltela.pt\/s.01k8rhncp4jt1\/2025\/11\/talking-bot-125x125.png\",\"contentUrl\":\"https:\/\/portaltela.pt\/s.01k8rhncp4jt1\/2025\/11\/talking-bot-125x125.png\",\"caption\":\"Telinha\"},\"sameAs\":[\"https:\/\/portaltela.pt\/\"],\"url\":\"https:\/\/portaltela.pt\/por\/367410592786\/\"}]}<\/script>\n<!-- \/ Yoast SEO plugin. -->","yoast_head_json":{"title":"Jornalistas da Vis\u00e3o angariaram 200 mil euros para comprar t\u00edtulo - Portal Tela Portugal","robots":{"index":"index","follow":"follow","max-snippet":"max-snippet:-1","max-image-preview":"max-image-preview:large","max-video-preview":"max-video-preview:-1"},"og_locale":"pt_PT","og_type":"article","og_title":"Jornalistas da Vis\u00e3o angariaram 200 mil euros para comprar t\u00edtulo - Portal Tela Portugal","og_description":"A campanha de angaria\u00e7\u00e3o de fundos para a Vis\u00e3o j\u00e1 levantou cerca de 200 mil euros at\u00e9 este s\u00e1bado, objetivo inicial. O dinheiro destina-se a concorr\u00eancia no leil\u00e3o pelo t\u00edtulo da revista, previsto para mar\u00e7o, mantendo-se a campanha aberta. O grupo de doze jornalistas que continuam a trabalhar semanalmente representa o n\u00facleo da nova sociedade que ser\u00e1 criada para disputar o leil\u00e3o. A campanha GoFundMe foi lan\u00e7ada para assegurar custos de in\u00edcio da nova fase, incluindo impress\u00e3o, licen\u00e7as de software e sal\u00e1rios, com mais de quatro mil leitores a apoiar. Em outubro, a assembleia de credores da empresa propriet\u00e1ria aprovou a cessa\u00e7\u00e3o da atividade da Trust in News, mantendo-se, por\u00e9m, a possibilidade de produ\u00e7\u00e3o da Vis\u00e3o at\u00e9 \u00e0 venda.","og_url":"https:\/\/portaltela.pt\/noticias\/2026\/01\/17\/jornalistas-da-visao-angariaram-200-mil-euros-para-comprar-titulo\/","og_site_name":"Portal Tela Portugal","article_published_time":"2026-01-17T14:22:00+00:00","author":"Telinha","twitter_card":"summary_large_image","twitter_misc":{"Escrito por":"Telinha","Tempo estimado de leitura":"2 minutos"},"schema":{"@context":"https:\/\/schema.org","@graph":[{"@type":"Article","@id":"https:\/\/portaltela.pt\/noticias\/2026\/01\/17\/jornalistas-da-visao-angariaram-200-mil-euros-para-comprar-titulo\/#article","isPartOf":{"@id":"https:\/\/portaltela.pt\/noticias\/2026\/01\/17\/jornalistas-da-visao-angariaram-200-mil-euros-para-comprar-titulo\/"},"author":{"name":"Telinha","@id":"https:\/\/portaltela.pt\/#\/schema\/person\/c4278d4a6028830caff9ee44b42d32ed"},"headline":"Jornalistas da Vis\u00e3o angariaram 200 mil euros para comprar t\u00edtulo","datePublished":"2026-01-17T14:22:00+00:00","mainEntityOfPage":{"@id":"https:\/\/portaltela.pt\/noticias\/2026\/01\/17\/jornalistas-da-visao-angariaram-200-mil-euros-para-comprar-titulo\/"},"wordCount":344,"image":{"@id":"https:\/\/portaltela.pt\/noticias\/2026\/01\/17\/jornalistas-da-visao-angariaram-200-mil-euros-para-comprar-titulo\/#primaryimage"},"thumbnailUrl":"https:\/\/portaltela.pt\/s.01k8rhncp4jt1\/2026\/01\/image-1028.jpg","keywords":["doa\u00e7\u00f5es","financiamento","financiamento de campanhas","imprensa","informa\u00e7\u00e3o","publica\u00e7\u00f5es"],"articleSection":["Economia","Not\u00edcias"],"inLanguage":"pt-PT"},{"@type":"WebPage","@id":"https:\/\/portaltela.pt\/noticias\/2026\/01\/17\/jornalistas-da-visao-angariaram-200-mil-euros-para-comprar-titulo\/","url":"https:\/\/portaltela.pt\/noticias\/2026\/01\/17\/jornalistas-da-visao-angariaram-200-mil-euros-para-comprar-titulo\/","name":"Jornalistas da Vis\u00e3o angariaram 200 mil euros para comprar t\u00edtulo - Portal Tela Portugal","isPartOf":{"@id":"https:\/\/portaltela.pt\/#website"},"primaryImageOfPage":{"@id":"https:\/\/portaltela.pt\/noticias\/2026\/01\/17\/jornalistas-da-visao-angariaram-200-mil-euros-para-comprar-titulo\/#primaryimage"},"image":{"@id":"https:\/\/portaltela.pt\/noticias\/2026\/01\/17\/jornalistas-da-visao-angariaram-200-mil-euros-para-comprar-titulo\/#primaryimage"},"thumbnailUrl":"https:\/\/portaltela.pt\/s.01k8rhncp4jt1\/2026\/01\/image-1028.jpg","datePublished":"2026-01-17T14:22:00+00:00","author":{"@id":"https:\/\/portaltela.pt\/#\/schema\/person\/c4278d4a6028830caff9ee44b42d32ed"},"breadcrumb":{"@id":"https:\/\/portaltela.pt\/noticias\/2026\/01\/17\/jornalistas-da-visao-angariaram-200-mil-euros-para-comprar-titulo\/#breadcrumb"},"inLanguage":"pt-PT","potentialAction":[{"@type":"ReadAction","target":["https:\/\/portaltela.pt\/noticias\/2026\/01\/17\/jornalistas-da-visao-angariaram-200-mil-euros-para-comprar-titulo\/"]}]},{"@type":"ImageObject","inLanguage":"pt-PT","@id":"https:\/\/portaltela.pt\/noticias\/2026\/01\/17\/jornalistas-da-visao-angariaram-200-mil-euros-para-comprar-titulo\/#primaryimage","url":"https:\/\/portaltela.pt\/s.01k8rhncp4jt1\/2026\/01\/image-1028.jpg","contentUrl":"https:\/\/portaltela.pt\/s.01k8rhncp4jt1\/2026\/01\/image-1028.jpg","width":796,"height":448,"caption":"Os 12 jornalistas que se mant\u00eam em atividade ser\u00e3o o n\u00facleo central da pr\u00f3xima sociedade"},{"@type":"BreadcrumbList","@id":"https:\/\/portaltela.pt\/noticias\/2026\/01\/17\/jornalistas-da-visao-angariaram-200-mil-euros-para-comprar-titulo\/#breadcrumb","itemListElement":[{"@type":"ListItem","position":1,"name":"In\u00edcio","item":"https:\/\/portaltela.pt\/"},{"@type":"ListItem","position":2,"name":"Jornalistas da Vis\u00e3o angariaram 200 mil euros para comprar t\u00edtulo"}]},{"@type":"WebSite","@id":"https:\/\/portaltela.pt\/#website","url":"https:\/\/portaltela.pt\/","name":"Portal Tela Portugal","description":"","potentialAction":[{"@type":"SearchAction","target":{"@type":"EntryPoint","urlTemplate":"https:\/\/portaltela.pt\/?s={search_term_string}"},"query-input":{"@type":"PropertyValueSpecification","valueRequired":true,"valueName":"search_term_string"}}],"inLanguage":"pt-PT"},{"@type":"Person","@id":"https:\/\/portaltela.pt\/#\/schema\/person\/c4278d4a6028830caff9ee44b42d32ed","name":"Telinha","image":{"@type":"ImageObject","inLanguage":"pt-PT","@id":"https:\/\/portaltela.pt\/s.01k8rhncp4jt1\/2025\/11\/talking-bot-125x125.png","url":"https:\/\/portaltela.pt\/s.01k8rhncp4jt1\/2025\/11\/talking-bot-125x125.png","contentUrl":"https:\/\/portaltela.pt\/s.01k8rhncp4jt1\/2025\/11\/talking-bot-125x125.png","caption":"Telinha"},"sameAs":["https:\/\/portaltela.pt\/"],"url":"https:\/\/portaltela.pt\/por\/367410592786\/"}]}},"_links":{"self":[{"href":"https:\/\/portaltela.pt\/api\/wp\/v2\/posts\/148033","targetHints":{"allow":["GET"]}}],"collection":[{"href":"https:\/\/portaltela.pt\/api\/wp\/v2\/posts"}],"about":[{"href":"https:\/\/portaltela.pt\/api\/wp\/v2\/types\/post"}],"author":[{"embeddable":true,"href":"https:\/\/portaltela.pt\/api\/wp\/v2\/users\/2"}],"replies":[{"embeddable":true,"href":"https:\/\/portaltela.pt\/api\/wp\/v2\/comments?post=148033"}],"version-history":[{"count":0,"href":"https:\/\/portaltela.pt\/api\/wp\/v2\/posts\/148033\/revisions"}],"wp:featuredmedia":[{"embeddable":true,"href":"https:\/\/portaltela.pt\/api\/wp\/v2\/media\/148038"}],"wp:attachment":[{"href":"https:\/\/portaltela.pt\/api\/wp\/v2\/media?parent=148033"}],"wp:term":[{"taxonomy":"category","embeddable":true,"href":"https:\/\/portaltela.pt\/api\/wp\/v2\/categories?post=148033"},{"taxonomy":"post_tag","embeddable":true,"href":"https:\/\/portaltela.pt\/api\/wp\/v2\/tags?post=148033"}],"curies":[{"name":"wp","href":"https:\/\/api.w.org\/{rel}","templated":true}]}}