{"id":147938,"date":"2026-01-17T09:52:00","date_gmt":"2026-01-17T12:52:00","guid":{"rendered":"https:\/\/portaltela.pt\/noticias\/2026\/01\/17\/real-madrid-enfrenta-forte-assobio-monumental-da-bancada\/"},"modified":"2026-01-17T09:52:00","modified_gmt":"2026-01-17T12:52:00","slug":"real-madrid-enfrenta-forte-assobio-monumental-da-bancada","status":"publish","type":"post","link":"https:\/\/portaltela.pt\/desporto\/futebol\/2026\/01\/17\/real-madrid-enfrenta-forte-assobio-monumental-da-bancada\/","title":{"rendered":"Real Madrid enfrenta forte assobio monumental da bancada"},"content":{"rendered":"<p>Os jogadores do Real Madrid ouviram uma assobiadela monumental dos adeptos no relvado do Santiago Bernab\u00e9u, durante o aquecimento para o jogo com o Levante, da Liga, orientado por Lu\u00eds Castro.<\/p>\n<p>A elimina\u00e7\u00e3o na Ta\u00e7a de Espanha ficou marcada pela derrota frente ao Albacete, da 2.\u00aa divis\u00e3o, na estreia de Arbeloa no comando t\u00e9cnico.<\/p>\n<p>Dias antes, Xabi Alonso foi despedido ap\u00f3s a derrota na final da Superta\u00e7a espanhola diante do Barcelona, evento que antecedeu as mudan\u00e7as t\u00e9cnicas no clube.<\/p>\n","protected":false},"excerpt":{"rendered":"<ul>\n<li>Os jogadores do Real Madrid ouviram uma assobiadela monumental no aquecimento no Santiago Bernab\u00e9u, antes do jogo com o Levante de Lu\u00eds Castro.<\/li>\n<li>Os merengues foram eliminados da Ta\u00e7a de Espanha pelo Albacete, da segunda divis\u00e3o, na estreia de Arbeloa no comando t\u00e9cnico.<\/li>\n<li>Dias antes, Xabi Alonso foi despedido ap\u00f3s a derrota na final da Superta\u00e7a espanhola frente ao Barcelona.<\/li>\n<li>A derrota na Ta\u00e7a de Espanha ocorreu ap\u00f3s a elimina\u00e7\u00e3o anterior, gerando cr\u00edticas \u00e0 equipa e ao treinador interino Arbeloa.<\/li>\n<li>O v\u00eddeo citado na not\u00edcia \u00e9 do programa El Chiringuito.<\/li>\n<\/ul>\n","protected":false},"author":2,"featured_media":147949,"comment_status":"closed","ping_status":"closed","sticky":false,"template":"","format":"standard","meta":{"footnotes":""},"categories":[21,24],"tags":[2671,2960,2587,32,1789,2664],"class_list":["post-147938","post","type-post","status-publish","format-standard","has-post-thumbnail","hentry","category-desporto","category-futebol","tag-aquecimento","tag-arbeloa","tag-barcelona","tag-futebol","tag-la-liga","tag-xabi-alonso"],"yoast_head":"<!-- This site is optimized with the Yoast SEO plugin v27.2 - https:\/\/yoast.com\/product\/yoast-seo-wordpress\/ -->\n<title>Real Madrid enfrenta forte assobio monumental da bancada - Portal Tela Portugal<\/title>\n<meta name=\"robots\" content=\"index, follow, max-snippet:-1, max-image-preview:large, max-video-preview:-1\" \/>\n<meta property=\"og:locale\" content=\"pt_PT\" \/>\n<meta property=\"og:type\" content=\"article\" \/>\n<meta property=\"og:title\" content=\"Real Madrid enfrenta forte assobio monumental da bancada - Portal Tela Portugal\" \/>\n<meta property=\"og:description\" content=\"Os jogadores do Real Madrid ouviram uma assobiadela monumental no aquecimento no Santiago Bernab\u00e9u, antes do jogo com o Levante de Lu\u00eds Castro. Os merengues foram eliminados da Ta\u00e7a de Espanha pelo Albacete, da segunda divis\u00e3o, na estreia de Arbeloa no comando t\u00e9cnico. Dias antes, Xabi Alonso foi despedido ap\u00f3s a derrota na final da Superta\u00e7a espanhola frente ao Barcelona. A derrota na Ta\u00e7a de Espanha ocorreu ap\u00f3s a elimina\u00e7\u00e3o anterior, gerando cr\u00edticas \u00e0 equipa e ao treinador interino Arbeloa. O v\u00eddeo citado na not\u00edcia \u00e9 do programa El Chiringuito.\" \/>\n<meta property=\"og:url\" content=\"https:\/\/portaltela.pt\/noticias\/2026\/01\/17\/real-madrid-enfrenta-forte-assobio-monumental-da-bancada\/\" \/>\n<meta property=\"og:site_name\" content=\"Portal Tela Portugal\" \/>\n<meta property=\"article:published_time\" content=\"2026-01-17T12:52:00+00:00\" \/>\n<meta name=\"author\" content=\"Telinha\" \/>\n<meta name=\"twitter:card\" content=\"summary_large_image\" \/>\n<meta name=\"twitter:label1\" content=\"Escrito por\" \/>\n\t<meta name=\"twitter:data1\" content=\"Telinha\" \/>\n<script type=\"application\/ld+json\" class=\"yoast-schema-graph\">{\"@context\":\"https:\/\/schema.org\",\"@graph\":[{\"@type\":\"Article\",\"@id\":\"https:\/\/portaltela.pt\/noticias\/2026\/01\/17\/real-madrid-enfrenta-forte-assobio-monumental-da-bancada\/#article\",\"isPartOf\":{\"@id\":\"https:\/\/portaltela.pt\/noticias\/2026\/01\/17\/real-madrid-enfrenta-forte-assobio-monumental-da-bancada\/\"},\"author\":{\"name\":\"Telinha\",\"@id\":\"https:\/\/portaltela.pt\/#\/schema\/person\/c4278d4a6028830caff9ee44b42d32ed\"},\"headline\":\"Real Madrid enfrenta forte assobio monumental da bancada\",\"datePublished\":\"2026-01-17T12:52:00+00:00\",\"mainEntityOfPage\":{\"@id\":\"https:\/\/portaltela.pt\/noticias\/2026\/01\/17\/real-madrid-enfrenta-forte-assobio-monumental-da-bancada\/\"},\"wordCount\":96,\"image\":{\"@id\":\"https:\/\/portaltela.pt\/noticias\/2026\/01\/17\/real-madrid-enfrenta-forte-assobio-monumental-da-bancada\/#primaryimage\"},\"thumbnailUrl\":\"https:\/\/portaltela.pt\/s.01k8rhncp4jt1\/2026\/01\/img_1200x721uu2026-01-17-12-53-29-2415318-2.jpg\",\"keywords\":[\"aquecimento\",\"Arbeloa\",\"Barcelona\",\"futebol\",\"La Liga\",\"Xabi Alonso\"],\"articleSection\":[\"Desporto\",\"Futebol\"],\"inLanguage\":\"pt-PT\"},{\"@type\":\"WebPage\",\"@id\":\"https:\/\/portaltela.pt\/noticias\/2026\/01\/17\/real-madrid-enfrenta-forte-assobio-monumental-da-bancada\/\",\"url\":\"https:\/\/portaltela.pt\/noticias\/2026\/01\/17\/real-madrid-enfrenta-forte-assobio-monumental-da-bancada\/\",\"name\":\"Real Madrid enfrenta forte assobio monumental da bancada - Portal Tela Portugal\",\"isPartOf\":{\"@id\":\"https:\/\/portaltela.pt\/#website\"},\"primaryImageOfPage\":{\"@id\":\"https:\/\/portaltela.pt\/noticias\/2026\/01\/17\/real-madrid-enfrenta-forte-assobio-monumental-da-bancada\/#primaryimage\"},\"image\":{\"@id\":\"https:\/\/portaltela.pt\/noticias\/2026\/01\/17\/real-madrid-enfrenta-forte-assobio-monumental-da-bancada\/#primaryimage\"},\"thumbnailUrl\":\"https:\/\/portaltela.pt\/s.01k8rhncp4jt1\/2026\/01\/img_1200x721uu2026-01-17-12-53-29-2415318-2.jpg\",\"datePublished\":\"2026-01-17T12:52:00+00:00\",\"author\":{\"@id\":\"https:\/\/portaltela.pt\/#\/schema\/person\/c4278d4a6028830caff9ee44b42d32ed\"},\"breadcrumb\":{\"@id\":\"https:\/\/portaltela.pt\/noticias\/2026\/01\/17\/real-madrid-enfrenta-forte-assobio-monumental-da-bancada\/#breadcrumb\"},\"inLanguage\":\"pt-PT\",\"potentialAction\":[{\"@type\":\"ReadAction\",\"target\":[\"https:\/\/portaltela.pt\/noticias\/2026\/01\/17\/real-madrid-enfrenta-forte-assobio-monumental-da-bancada\/\"]}]},{\"@type\":\"ImageObject\",\"inLanguage\":\"pt-PT\",\"@id\":\"https:\/\/portaltela.pt\/noticias\/2026\/01\/17\/real-madrid-enfrenta-forte-assobio-monumental-da-bancada\/#primaryimage\",\"url\":\"https:\/\/portaltela.pt\/s.01k8rhncp4jt1\/2026\/01\/img_1200x721uu2026-01-17-12-53-29-2415318-2.jpg\",\"contentUrl\":\"https:\/\/portaltela.pt\/s.01k8rhncp4jt1\/2026\/01\/img_1200x721uu2026-01-17-12-53-29-2415318-2.jpg\",\"width\":796,\"height\":448,\"caption\":\"Jogadores do Real Madrid ouvem assobiadela monumental dos pr\u00f3prios adeptos\"},{\"@type\":\"BreadcrumbList\",\"@id\":\"https:\/\/portaltela.pt\/noticias\/2026\/01\/17\/real-madrid-enfrenta-forte-assobio-monumental-da-bancada\/#breadcrumb\",\"itemListElement\":[{\"@type\":\"ListItem\",\"position\":1,\"name\":\"In\u00edcio\",\"item\":\"https:\/\/portaltela.pt\/\"},{\"@type\":\"ListItem\",\"position\":2,\"name\":\"Real Madrid enfrenta forte assobio monumental da bancada\"}]},{\"@type\":\"WebSite\",\"@id\":\"https:\/\/portaltela.pt\/#website\",\"url\":\"https:\/\/portaltela.pt\/\",\"name\":\"Portal Tela Portugal\",\"description\":\"\",\"potentialAction\":[{\"@type\":\"SearchAction\",\"target\":{\"@type\":\"EntryPoint\",\"urlTemplate\":\"https:\/\/portaltela.pt\/?s={search_term_string}\"},\"query-input\":{\"@type\":\"PropertyValueSpecification\",\"valueRequired\":true,\"valueName\":\"search_term_string\"}}],\"inLanguage\":\"pt-PT\"},{\"@type\":\"Person\",\"@id\":\"https:\/\/portaltela.pt\/#\/schema\/person\/c4278d4a6028830caff9ee44b42d32ed\",\"name\":\"Telinha\",\"image\":{\"@type\":\"ImageObject\",\"inLanguage\":\"pt-PT\",\"@id\":\"https:\/\/portaltela.pt\/s.01k8rhncp4jt1\/2025\/11\/talking-bot-125x125.png\",\"url\":\"https:\/\/portaltela.pt\/s.01k8rhncp4jt1\/2025\/11\/talking-bot-125x125.png\",\"contentUrl\":\"https:\/\/portaltela.pt\/s.01k8rhncp4jt1\/2025\/11\/talking-bot-125x125.png\",\"caption\":\"Telinha\"},\"sameAs\":[\"https:\/\/portaltela.pt\/\"],\"url\":\"https:\/\/portaltela.pt\/por\/367410592786\/\"}]}<\/script>\n<!-- \/ Yoast SEO plugin. -->","yoast_head_json":{"title":"Real Madrid enfrenta forte assobio monumental da bancada - Portal Tela Portugal","robots":{"index":"index","follow":"follow","max-snippet":"max-snippet:-1","max-image-preview":"max-image-preview:large","max-video-preview":"max-video-preview:-1"},"og_locale":"pt_PT","og_type":"article","og_title":"Real Madrid enfrenta forte assobio monumental da bancada - Portal Tela Portugal","og_description":"Os jogadores do Real Madrid ouviram uma assobiadela monumental no aquecimento no Santiago Bernab\u00e9u, antes do jogo com o Levante de Lu\u00eds Castro. Os merengues foram eliminados da Ta\u00e7a de Espanha pelo Albacete, da segunda divis\u00e3o, na estreia de Arbeloa no comando t\u00e9cnico. Dias antes, Xabi Alonso foi despedido ap\u00f3s a derrota na final da Superta\u00e7a espanhola frente ao Barcelona. A derrota na Ta\u00e7a de Espanha ocorreu ap\u00f3s a elimina\u00e7\u00e3o anterior, gerando cr\u00edticas \u00e0 equipa e ao treinador interino Arbeloa. O v\u00eddeo citado na not\u00edcia \u00e9 do programa El Chiringuito.","og_url":"https:\/\/portaltela.pt\/noticias\/2026\/01\/17\/real-madrid-enfrenta-forte-assobio-monumental-da-bancada\/","og_site_name":"Portal Tela Portugal","article_published_time":"2026-01-17T12:52:00+00:00","author":"Telinha","twitter_card":"summary_large_image","twitter_misc":{"Escrito por":"Telinha"},"schema":{"@context":"https:\/\/schema.org","@graph":[{"@type":"Article","@id":"https:\/\/portaltela.pt\/noticias\/2026\/01\/17\/real-madrid-enfrenta-forte-assobio-monumental-da-bancada\/#article","isPartOf":{"@id":"https:\/\/portaltela.pt\/noticias\/2026\/01\/17\/real-madrid-enfrenta-forte-assobio-monumental-da-bancada\/"},"author":{"name":"Telinha","@id":"https:\/\/portaltela.pt\/#\/schema\/person\/c4278d4a6028830caff9ee44b42d32ed"},"headline":"Real Madrid enfrenta forte assobio monumental da bancada","datePublished":"2026-01-17T12:52:00+00:00","mainEntityOfPage":{"@id":"https:\/\/portaltela.pt\/noticias\/2026\/01\/17\/real-madrid-enfrenta-forte-assobio-monumental-da-bancada\/"},"wordCount":96,"image":{"@id":"https:\/\/portaltela.pt\/noticias\/2026\/01\/17\/real-madrid-enfrenta-forte-assobio-monumental-da-bancada\/#primaryimage"},"thumbnailUrl":"https:\/\/portaltela.pt\/s.01k8rhncp4jt1\/2026\/01\/img_1200x721uu2026-01-17-12-53-29-2415318-2.jpg","keywords":["aquecimento","Arbeloa","Barcelona","futebol","La Liga","Xabi Alonso"],"articleSection":["Desporto","Futebol"],"inLanguage":"pt-PT"},{"@type":"WebPage","@id":"https:\/\/portaltela.pt\/noticias\/2026\/01\/17\/real-madrid-enfrenta-forte-assobio-monumental-da-bancada\/","url":"https:\/\/portaltela.pt\/noticias\/2026\/01\/17\/real-madrid-enfrenta-forte-assobio-monumental-da-bancada\/","name":"Real Madrid enfrenta forte assobio monumental da bancada - Portal Tela Portugal","isPartOf":{"@id":"https:\/\/portaltela.pt\/#website"},"primaryImageOfPage":{"@id":"https:\/\/portaltela.pt\/noticias\/2026\/01\/17\/real-madrid-enfrenta-forte-assobio-monumental-da-bancada\/#primaryimage"},"image":{"@id":"https:\/\/portaltela.pt\/noticias\/2026\/01\/17\/real-madrid-enfrenta-forte-assobio-monumental-da-bancada\/#primaryimage"},"thumbnailUrl":"https:\/\/portaltela.pt\/s.01k8rhncp4jt1\/2026\/01\/img_1200x721uu2026-01-17-12-53-29-2415318-2.jpg","datePublished":"2026-01-17T12:52:00+00:00","author":{"@id":"https:\/\/portaltela.pt\/#\/schema\/person\/c4278d4a6028830caff9ee44b42d32ed"},"breadcrumb":{"@id":"https:\/\/portaltela.pt\/noticias\/2026\/01\/17\/real-madrid-enfrenta-forte-assobio-monumental-da-bancada\/#breadcrumb"},"inLanguage":"pt-PT","potentialAction":[{"@type":"ReadAction","target":["https:\/\/portaltela.pt\/noticias\/2026\/01\/17\/real-madrid-enfrenta-forte-assobio-monumental-da-bancada\/"]}]},{"@type":"ImageObject","inLanguage":"pt-PT","@id":"https:\/\/portaltela.pt\/noticias\/2026\/01\/17\/real-madrid-enfrenta-forte-assobio-monumental-da-bancada\/#primaryimage","url":"https:\/\/portaltela.pt\/s.01k8rhncp4jt1\/2026\/01\/img_1200x721uu2026-01-17-12-53-29-2415318-2.jpg","contentUrl":"https:\/\/portaltela.pt\/s.01k8rhncp4jt1\/2026\/01\/img_1200x721uu2026-01-17-12-53-29-2415318-2.jpg","width":796,"height":448,"caption":"Jogadores do Real Madrid ouvem assobiadela monumental dos pr\u00f3prios adeptos"},{"@type":"BreadcrumbList","@id":"https:\/\/portaltela.pt\/noticias\/2026\/01\/17\/real-madrid-enfrenta-forte-assobio-monumental-da-bancada\/#breadcrumb","itemListElement":[{"@type":"ListItem","position":1,"name":"In\u00edcio","item":"https:\/\/portaltela.pt\/"},{"@type":"ListItem","position":2,"name":"Real Madrid enfrenta forte assobio monumental da bancada"}]},{"@type":"WebSite","@id":"https:\/\/portaltela.pt\/#website","url":"https:\/\/portaltela.pt\/","name":"Portal Tela Portugal","description":"","potentialAction":[{"@type":"SearchAction","target":{"@type":"EntryPoint","urlTemplate":"https:\/\/portaltela.pt\/?s={search_term_string}"},"query-input":{"@type":"PropertyValueSpecification","valueRequired":true,"valueName":"search_term_string"}}],"inLanguage":"pt-PT"},{"@type":"Person","@id":"https:\/\/portaltela.pt\/#\/schema\/person\/c4278d4a6028830caff9ee44b42d32ed","name":"Telinha","image":{"@type":"ImageObject","inLanguage":"pt-PT","@id":"https:\/\/portaltela.pt\/s.01k8rhncp4jt1\/2025\/11\/talking-bot-125x125.png","url":"https:\/\/portaltela.pt\/s.01k8rhncp4jt1\/2025\/11\/talking-bot-125x125.png","contentUrl":"https:\/\/portaltela.pt\/s.01k8rhncp4jt1\/2025\/11\/talking-bot-125x125.png","caption":"Telinha"},"sameAs":["https:\/\/portaltela.pt\/"],"url":"https:\/\/portaltela.pt\/por\/367410592786\/"}]}},"_links":{"self":[{"href":"https:\/\/portaltela.pt\/api\/wp\/v2\/posts\/147938","targetHints":{"allow":["GET"]}}],"collection":[{"href":"https:\/\/portaltela.pt\/api\/wp\/v2\/posts"}],"about":[{"href":"https:\/\/portaltela.pt\/api\/wp\/v2\/types\/post"}],"author":[{"embeddable":true,"href":"https:\/\/portaltela.pt\/api\/wp\/v2\/users\/2"}],"replies":[{"embeddable":true,"href":"https:\/\/portaltela.pt\/api\/wp\/v2\/comments?post=147938"}],"version-history":[{"count":0,"href":"https:\/\/portaltela.pt\/api\/wp\/v2\/posts\/147938\/revisions"}],"wp:featuredmedia":[{"embeddable":true,"href":"https:\/\/portaltela.pt\/api\/wp\/v2\/media\/147949"}],"wp:attachment":[{"href":"https:\/\/portaltela.pt\/api\/wp\/v2\/media?parent=147938"}],"wp:term":[{"taxonomy":"category","embeddable":true,"href":"https:\/\/portaltela.pt\/api\/wp\/v2\/categories?post=147938"},{"taxonomy":"post_tag","embeddable":true,"href":"https:\/\/portaltela.pt\/api\/wp\/v2\/tags?post=147938"}],"curies":[{"name":"wp","href":"https:\/\/api.w.org\/{rel}","templated":true}]}}