{"id":147863,"date":"2026-01-17T09:52:00","date_gmt":"2026-01-17T12:52:00","guid":{"rendered":"https:\/\/portaltela.pt\/noticias\/2026\/01\/17\/assobios-monumentais-aos-jogadores-do-real-madrid-durante-o-aquecimento\/"},"modified":"2026-01-17T09:52:00","modified_gmt":"2026-01-17T12:52:00","slug":"assobios-monumentais-aos-jogadores-do-real-madrid-durante-o-aquecimento","status":"publish","type":"post","link":"https:\/\/portaltela.pt\/desporto\/futebol\/2026\/01\/17\/assobios-monumentais-aos-jogadores-do-real-madrid-durante-o-aquecimento\/","title":{"rendered":"Assobios monumentais aos jogadores do Real Madrid durante o aquecimento"},"content":{"rendered":"<p>Os jogadores do Real Madrid entraram em campo para o aquecimento no Bernab\u00e9u sob uma assobiadela forte da bancada, antes do encontro com o Levante, orientado por Lu\u00eds Castro. O ambiente foi marcado pela contesta\u00e7\u00e3o dos f\u00e3s.<\/p>\n<p>O contexto recente envolve mudan\u00e7as no clube: o Real Madrid foi eliminado da Ta\u00e7a de Espanha pelo Albacete, equipa da 2.\u00aa divis\u00e3o, na estreia de \u00c1lvaro Arbeloa no comando t\u00e9cnico. O epis\u00f3dio anterior incluiu a sa\u00edda de Xabi Alonso ap\u00f3s a final da Superta\u00e7a frente ao Barcelona.<\/p>\n<p>A partida ante o Levante, prevista para o Bernab\u00e9u, acontece num momento em que o clube procura estabilizar a equipa e responder politicamente aos resultados recentes. A situa\u00e7\u00e3o segue a ser monitorizada pelos adeptos e pela comunica\u00e7\u00e3o desportiva.<\/p>\n","protected":false},"excerpt":{"rendered":"<ul>\n<li>Os jogadores do Real Madrid ouviram uma assobiadela monumental ao subirem ao relvado do Santiago Bernab\u00e9u para o aquecimento, antes do jogo com o Levante de Lu\u00eds Castro.<\/li>\n<li>O encontro foi diante do Levante, equipa liderada por Lu\u00eds Castro.<\/li>\n<li>O clube foi eliminado da Ta\u00e7a de Espanha pela Albacete, da segunda divis\u00e3o, na estreia de Arbeloa no comando t\u00e9cnico.<\/li>\n<li>Dias antes, Xabi Alonso foi despedido ap\u00f3s a derrota na final da Superta\u00e7a espanhola frente ao Barcelona.<\/li>\n<li>O texto menciona ainda um v\u00eddeo associado ao tema, segundo a imprensa desportiva citada.<\/li>\n<\/ul>\n","protected":false},"author":2,"featured_media":147864,"comment_status":"closed","ping_status":"closed","sticky":false,"template":"","format":"standard","meta":{"footnotes":""},"categories":[21,24],"tags":[2583,2955,152,32,1786,2714],"class_list":["post-147863","post","type-post","status-publish","format-standard","has-post-thumbnail","hentry","category-desporto","category-futebol","tag-albacete","tag-alvaro-arbeloa","tag-desporto","tag-futebol","tag-liga","tag-real-madrid"],"yoast_head":"<!-- This site is optimized with the Yoast SEO plugin v27.2 - https:\/\/yoast.com\/product\/yoast-seo-wordpress\/ -->\n<title>Assobios monumentais aos jogadores do Real Madrid durante o aquecimento - Portal Tela Portugal<\/title>\n<meta name=\"robots\" content=\"index, follow, max-snippet:-1, max-image-preview:large, max-video-preview:-1\" \/>\n<meta property=\"og:locale\" content=\"pt_PT\" \/>\n<meta property=\"og:type\" content=\"article\" \/>\n<meta property=\"og:title\" content=\"Assobios monumentais aos jogadores do Real Madrid durante o aquecimento - Portal Tela Portugal\" \/>\n<meta property=\"og:description\" content=\"Os jogadores do Real Madrid ouviram uma assobiadela monumental ao subirem ao relvado do Santiago Bernab\u00e9u para o aquecimento, antes do jogo com o Levante de Lu\u00eds Castro. O encontro foi diante do Levante, equipa liderada por Lu\u00eds Castro. O clube foi eliminado da Ta\u00e7a de Espanha pela Albacete, da segunda divis\u00e3o, na estreia de Arbeloa no comando t\u00e9cnico. Dias antes, Xabi Alonso foi despedido ap\u00f3s a derrota na final da Superta\u00e7a espanhola frente ao Barcelona. O texto menciona ainda um v\u00eddeo associado ao tema, segundo a imprensa desportiva citada.\" \/>\n<meta property=\"og:url\" content=\"https:\/\/portaltela.pt\/noticias\/2026\/01\/17\/assobios-monumentais-aos-jogadores-do-real-madrid-durante-o-aquecimento\/\" \/>\n<meta property=\"og:site_name\" content=\"Portal Tela Portugal\" \/>\n<meta property=\"article:published_time\" content=\"2026-01-17T12:52:00+00:00\" \/>\n<meta name=\"author\" content=\"Telinha\" \/>\n<meta name=\"twitter:card\" content=\"summary_large_image\" \/>\n<meta name=\"twitter:label1\" content=\"Escrito por\" \/>\n\t<meta name=\"twitter:data1\" content=\"Telinha\" \/>\n\t<meta name=\"twitter:label2\" content=\"Tempo estimado de leitura\" \/>\n\t<meta name=\"twitter:data2\" content=\"1 minuto\" \/>\n<script type=\"application\/ld+json\" class=\"yoast-schema-graph\">{\"@context\":\"https:\/\/schema.org\",\"@graph\":[{\"@type\":\"Article\",\"@id\":\"https:\/\/portaltela.pt\/noticias\/2026\/01\/17\/assobios-monumentais-aos-jogadores-do-real-madrid-durante-o-aquecimento\/#article\",\"isPartOf\":{\"@id\":\"https:\/\/portaltela.pt\/noticias\/2026\/01\/17\/assobios-monumentais-aos-jogadores-do-real-madrid-durante-o-aquecimento\/\"},\"author\":{\"name\":\"Telinha\",\"@id\":\"https:\/\/portaltela.pt\/#\/schema\/person\/c4278d4a6028830caff9ee44b42d32ed\"},\"headline\":\"Assobios monumentais aos jogadores do Real Madrid durante o aquecimento\",\"datePublished\":\"2026-01-17T12:52:00+00:00\",\"mainEntityOfPage\":{\"@id\":\"https:\/\/portaltela.pt\/noticias\/2026\/01\/17\/assobios-monumentais-aos-jogadores-do-real-madrid-durante-o-aquecimento\/\"},\"wordCount\":146,\"image\":{\"@id\":\"https:\/\/portaltela.pt\/noticias\/2026\/01\/17\/assobios-monumentais-aos-jogadores-do-real-madrid-durante-o-aquecimento\/#primaryimage\"},\"thumbnailUrl\":\"https:\/\/portaltela.pt\/s.01k8rhncp4jt1\/2026\/01\/img_1200x721uu2026-01-17-12-53-29-2415318-1.jpg\",\"keywords\":[\"Albacete\",\"\u00c1lvaro Arbeloa\",\"desporto\",\"futebol\",\"Liga\",\"Real Madrid\"],\"articleSection\":[\"Desporto\",\"Futebol\"],\"inLanguage\":\"pt-PT\"},{\"@type\":\"WebPage\",\"@id\":\"https:\/\/portaltela.pt\/noticias\/2026\/01\/17\/assobios-monumentais-aos-jogadores-do-real-madrid-durante-o-aquecimento\/\",\"url\":\"https:\/\/portaltela.pt\/noticias\/2026\/01\/17\/assobios-monumentais-aos-jogadores-do-real-madrid-durante-o-aquecimento\/\",\"name\":\"Assobios monumentais aos jogadores do Real Madrid durante o aquecimento - Portal Tela Portugal\",\"isPartOf\":{\"@id\":\"https:\/\/portaltela.pt\/#website\"},\"primaryImageOfPage\":{\"@id\":\"https:\/\/portaltela.pt\/noticias\/2026\/01\/17\/assobios-monumentais-aos-jogadores-do-real-madrid-durante-o-aquecimento\/#primaryimage\"},\"image\":{\"@id\":\"https:\/\/portaltela.pt\/noticias\/2026\/01\/17\/assobios-monumentais-aos-jogadores-do-real-madrid-durante-o-aquecimento\/#primaryimage\"},\"thumbnailUrl\":\"https:\/\/portaltela.pt\/s.01k8rhncp4jt1\/2026\/01\/img_1200x721uu2026-01-17-12-53-29-2415318-1.jpg\",\"datePublished\":\"2026-01-17T12:52:00+00:00\",\"author\":{\"@id\":\"https:\/\/portaltela.pt\/#\/schema\/person\/c4278d4a6028830caff9ee44b42d32ed\"},\"breadcrumb\":{\"@id\":\"https:\/\/portaltela.pt\/noticias\/2026\/01\/17\/assobios-monumentais-aos-jogadores-do-real-madrid-durante-o-aquecimento\/#breadcrumb\"},\"inLanguage\":\"pt-PT\",\"potentialAction\":[{\"@type\":\"ReadAction\",\"target\":[\"https:\/\/portaltela.pt\/noticias\/2026\/01\/17\/assobios-monumentais-aos-jogadores-do-real-madrid-durante-o-aquecimento\/\"]}]},{\"@type\":\"ImageObject\",\"inLanguage\":\"pt-PT\",\"@id\":\"https:\/\/portaltela.pt\/noticias\/2026\/01\/17\/assobios-monumentais-aos-jogadores-do-real-madrid-durante-o-aquecimento\/#primaryimage\",\"url\":\"https:\/\/portaltela.pt\/s.01k8rhncp4jt1\/2026\/01\/img_1200x721uu2026-01-17-12-53-29-2415318-1.jpg\",\"contentUrl\":\"https:\/\/portaltela.pt\/s.01k8rhncp4jt1\/2026\/01\/img_1200x721uu2026-01-17-12-53-29-2415318-1.jpg\",\"width\":796,\"height\":448,\"caption\":\"Jogadores do Real Madrid ouvem assobiadela monumental quando entram para aquecimento\"},{\"@type\":\"BreadcrumbList\",\"@id\":\"https:\/\/portaltela.pt\/noticias\/2026\/01\/17\/assobios-monumentais-aos-jogadores-do-real-madrid-durante-o-aquecimento\/#breadcrumb\",\"itemListElement\":[{\"@type\":\"ListItem\",\"position\":1,\"name\":\"In\u00edcio\",\"item\":\"https:\/\/portaltela.pt\/\"},{\"@type\":\"ListItem\",\"position\":2,\"name\":\"Assobios monumentais aos jogadores do Real Madrid durante o aquecimento\"}]},{\"@type\":\"WebSite\",\"@id\":\"https:\/\/portaltela.pt\/#website\",\"url\":\"https:\/\/portaltela.pt\/\",\"name\":\"Portal Tela Portugal\",\"description\":\"\",\"potentialAction\":[{\"@type\":\"SearchAction\",\"target\":{\"@type\":\"EntryPoint\",\"urlTemplate\":\"https:\/\/portaltela.pt\/?s={search_term_string}\"},\"query-input\":{\"@type\":\"PropertyValueSpecification\",\"valueRequired\":true,\"valueName\":\"search_term_string\"}}],\"inLanguage\":\"pt-PT\"},{\"@type\":\"Person\",\"@id\":\"https:\/\/portaltela.pt\/#\/schema\/person\/c4278d4a6028830caff9ee44b42d32ed\",\"name\":\"Telinha\",\"image\":{\"@type\":\"ImageObject\",\"inLanguage\":\"pt-PT\",\"@id\":\"https:\/\/portaltela.pt\/s.01k8rhncp4jt1\/2025\/11\/talking-bot-125x125.png\",\"url\":\"https:\/\/portaltela.pt\/s.01k8rhncp4jt1\/2025\/11\/talking-bot-125x125.png\",\"contentUrl\":\"https:\/\/portaltela.pt\/s.01k8rhncp4jt1\/2025\/11\/talking-bot-125x125.png\",\"caption\":\"Telinha\"},\"sameAs\":[\"https:\/\/portaltela.pt\/\"],\"url\":\"https:\/\/portaltela.pt\/por\/367410592786\/\"}]}<\/script>\n<!-- \/ Yoast SEO plugin. -->","yoast_head_json":{"title":"Assobios monumentais aos jogadores do Real Madrid durante o aquecimento - Portal Tela Portugal","robots":{"index":"index","follow":"follow","max-snippet":"max-snippet:-1","max-image-preview":"max-image-preview:large","max-video-preview":"max-video-preview:-1"},"og_locale":"pt_PT","og_type":"article","og_title":"Assobios monumentais aos jogadores do Real Madrid durante o aquecimento - Portal Tela Portugal","og_description":"Os jogadores do Real Madrid ouviram uma assobiadela monumental ao subirem ao relvado do Santiago Bernab\u00e9u para o aquecimento, antes do jogo com o Levante de Lu\u00eds Castro. O encontro foi diante do Levante, equipa liderada por Lu\u00eds Castro. O clube foi eliminado da Ta\u00e7a de Espanha pela Albacete, da segunda divis\u00e3o, na estreia de Arbeloa no comando t\u00e9cnico. Dias antes, Xabi Alonso foi despedido ap\u00f3s a derrota na final da Superta\u00e7a espanhola frente ao Barcelona. O texto menciona ainda um v\u00eddeo associado ao tema, segundo a imprensa desportiva citada.","og_url":"https:\/\/portaltela.pt\/noticias\/2026\/01\/17\/assobios-monumentais-aos-jogadores-do-real-madrid-durante-o-aquecimento\/","og_site_name":"Portal Tela Portugal","article_published_time":"2026-01-17T12:52:00+00:00","author":"Telinha","twitter_card":"summary_large_image","twitter_misc":{"Escrito por":"Telinha","Tempo estimado de leitura":"1 minuto"},"schema":{"@context":"https:\/\/schema.org","@graph":[{"@type":"Article","@id":"https:\/\/portaltela.pt\/noticias\/2026\/01\/17\/assobios-monumentais-aos-jogadores-do-real-madrid-durante-o-aquecimento\/#article","isPartOf":{"@id":"https:\/\/portaltela.pt\/noticias\/2026\/01\/17\/assobios-monumentais-aos-jogadores-do-real-madrid-durante-o-aquecimento\/"},"author":{"name":"Telinha","@id":"https:\/\/portaltela.pt\/#\/schema\/person\/c4278d4a6028830caff9ee44b42d32ed"},"headline":"Assobios monumentais aos jogadores do Real Madrid durante o aquecimento","datePublished":"2026-01-17T12:52:00+00:00","mainEntityOfPage":{"@id":"https:\/\/portaltela.pt\/noticias\/2026\/01\/17\/assobios-monumentais-aos-jogadores-do-real-madrid-durante-o-aquecimento\/"},"wordCount":146,"image":{"@id":"https:\/\/portaltela.pt\/noticias\/2026\/01\/17\/assobios-monumentais-aos-jogadores-do-real-madrid-durante-o-aquecimento\/#primaryimage"},"thumbnailUrl":"https:\/\/portaltela.pt\/s.01k8rhncp4jt1\/2026\/01\/img_1200x721uu2026-01-17-12-53-29-2415318-1.jpg","keywords":["Albacete","\u00c1lvaro Arbeloa","desporto","futebol","Liga","Real Madrid"],"articleSection":["Desporto","Futebol"],"inLanguage":"pt-PT"},{"@type":"WebPage","@id":"https:\/\/portaltela.pt\/noticias\/2026\/01\/17\/assobios-monumentais-aos-jogadores-do-real-madrid-durante-o-aquecimento\/","url":"https:\/\/portaltela.pt\/noticias\/2026\/01\/17\/assobios-monumentais-aos-jogadores-do-real-madrid-durante-o-aquecimento\/","name":"Assobios monumentais aos jogadores do Real Madrid durante o aquecimento - Portal Tela Portugal","isPartOf":{"@id":"https:\/\/portaltela.pt\/#website"},"primaryImageOfPage":{"@id":"https:\/\/portaltela.pt\/noticias\/2026\/01\/17\/assobios-monumentais-aos-jogadores-do-real-madrid-durante-o-aquecimento\/#primaryimage"},"image":{"@id":"https:\/\/portaltela.pt\/noticias\/2026\/01\/17\/assobios-monumentais-aos-jogadores-do-real-madrid-durante-o-aquecimento\/#primaryimage"},"thumbnailUrl":"https:\/\/portaltela.pt\/s.01k8rhncp4jt1\/2026\/01\/img_1200x721uu2026-01-17-12-53-29-2415318-1.jpg","datePublished":"2026-01-17T12:52:00+00:00","author":{"@id":"https:\/\/portaltela.pt\/#\/schema\/person\/c4278d4a6028830caff9ee44b42d32ed"},"breadcrumb":{"@id":"https:\/\/portaltela.pt\/noticias\/2026\/01\/17\/assobios-monumentais-aos-jogadores-do-real-madrid-durante-o-aquecimento\/#breadcrumb"},"inLanguage":"pt-PT","potentialAction":[{"@type":"ReadAction","target":["https:\/\/portaltela.pt\/noticias\/2026\/01\/17\/assobios-monumentais-aos-jogadores-do-real-madrid-durante-o-aquecimento\/"]}]},{"@type":"ImageObject","inLanguage":"pt-PT","@id":"https:\/\/portaltela.pt\/noticias\/2026\/01\/17\/assobios-monumentais-aos-jogadores-do-real-madrid-durante-o-aquecimento\/#primaryimage","url":"https:\/\/portaltela.pt\/s.01k8rhncp4jt1\/2026\/01\/img_1200x721uu2026-01-17-12-53-29-2415318-1.jpg","contentUrl":"https:\/\/portaltela.pt\/s.01k8rhncp4jt1\/2026\/01\/img_1200x721uu2026-01-17-12-53-29-2415318-1.jpg","width":796,"height":448,"caption":"Jogadores do Real Madrid ouvem assobiadela monumental quando entram para aquecimento"},{"@type":"BreadcrumbList","@id":"https:\/\/portaltela.pt\/noticias\/2026\/01\/17\/assobios-monumentais-aos-jogadores-do-real-madrid-durante-o-aquecimento\/#breadcrumb","itemListElement":[{"@type":"ListItem","position":1,"name":"In\u00edcio","item":"https:\/\/portaltela.pt\/"},{"@type":"ListItem","position":2,"name":"Assobios monumentais aos jogadores do Real Madrid durante o aquecimento"}]},{"@type":"WebSite","@id":"https:\/\/portaltela.pt\/#website","url":"https:\/\/portaltela.pt\/","name":"Portal Tela Portugal","description":"","potentialAction":[{"@type":"SearchAction","target":{"@type":"EntryPoint","urlTemplate":"https:\/\/portaltela.pt\/?s={search_term_string}"},"query-input":{"@type":"PropertyValueSpecification","valueRequired":true,"valueName":"search_term_string"}}],"inLanguage":"pt-PT"},{"@type":"Person","@id":"https:\/\/portaltela.pt\/#\/schema\/person\/c4278d4a6028830caff9ee44b42d32ed","name":"Telinha","image":{"@type":"ImageObject","inLanguage":"pt-PT","@id":"https:\/\/portaltela.pt\/s.01k8rhncp4jt1\/2025\/11\/talking-bot-125x125.png","url":"https:\/\/portaltela.pt\/s.01k8rhncp4jt1\/2025\/11\/talking-bot-125x125.png","contentUrl":"https:\/\/portaltela.pt\/s.01k8rhncp4jt1\/2025\/11\/talking-bot-125x125.png","caption":"Telinha"},"sameAs":["https:\/\/portaltela.pt\/"],"url":"https:\/\/portaltela.pt\/por\/367410592786\/"}]}},"_links":{"self":[{"href":"https:\/\/portaltela.pt\/api\/wp\/v2\/posts\/147863","targetHints":{"allow":["GET"]}}],"collection":[{"href":"https:\/\/portaltela.pt\/api\/wp\/v2\/posts"}],"about":[{"href":"https:\/\/portaltela.pt\/api\/wp\/v2\/types\/post"}],"author":[{"embeddable":true,"href":"https:\/\/portaltela.pt\/api\/wp\/v2\/users\/2"}],"replies":[{"embeddable":true,"href":"https:\/\/portaltela.pt\/api\/wp\/v2\/comments?post=147863"}],"version-history":[{"count":0,"href":"https:\/\/portaltela.pt\/api\/wp\/v2\/posts\/147863\/revisions"}],"wp:featuredmedia":[{"embeddable":true,"href":"https:\/\/portaltela.pt\/api\/wp\/v2\/media\/147864"}],"wp:attachment":[{"href":"https:\/\/portaltela.pt\/api\/wp\/v2\/media?parent=147863"}],"wp:term":[{"taxonomy":"category","embeddable":true,"href":"https:\/\/portaltela.pt\/api\/wp\/v2\/categories?post=147863"},{"taxonomy":"post_tag","embeddable":true,"href":"https:\/\/portaltela.pt\/api\/wp\/v2\/tags?post=147863"}],"curies":[{"name":"wp","href":"https:\/\/api.w.org\/{rel}","templated":true}]}}