{"id":147857,"date":"2026-01-17T09:52:00","date_gmt":"2026-01-17T12:52:00","guid":{"rendered":"https:\/\/portaltela.pt\/noticias\/2026\/01\/17\/real-madrid-enfrenta-assobios-macicos-ao-entrarem-para-o-aquecimento\/"},"modified":"2026-01-17T09:52:00","modified_gmt":"2026-01-17T12:52:00","slug":"real-madrid-enfrenta-assobios-macicos-ao-entrarem-para-o-aquecimento","status":"publish","type":"post","link":"https:\/\/portaltela.pt\/desporto\/futebol\/2026\/01\/17\/real-madrid-enfrenta-assobios-macicos-ao-entrarem-para-o-aquecimento\/","title":{"rendered":"Real Madrid enfrenta assobios maci\u00e7os ao entrarem para o aquecimento"},"content":{"rendered":"<p>Os jogadores do Real Madrid ouviram uma assobiadela monumental quando subiram ao relvado do Santiago Bernab\u00e9u para o aquecimento, antes do jogo com o Levante de Lu\u00eds Castro. A rea\u00e7\u00e3o da bancada ficou registada antes de a equipa entrar em campo.<\/p>\n<p>A rece\u00e7\u00e3o ocorre num momento de forte turbul\u00eancia, com Arbeloa a orientar a equipa pela primeira vez no papel de treinador interino. Recentemente, o Real Madrid foi eliminado da Ta\u00e7a de Espanha pelo Albacete, da 2.\u00aa divis\u00e3o.<\/p>\n<p>Dias antes, Xabi Alonso foi despedido ap\u00f3s a derrota na final da Superta\u00e7a espanhola frente ao Barcelona. O epis\u00f3dio marca uma fase de altera\u00e7\u00f5es profundas no plantel e na equipa t\u00e9cnica do clube.<\/p>\n<h3>Contexto<\/h3>\n<p>O pr\u00f3ximo jogo diante do Levante mant\u00e9m-se central na agenda do clube, com a exig\u00eancia de responder de forma competitiva ap\u00f3s as elimina\u00e7\u00f5es recentes. O t\u00e9cnico interino Arbeloa tenta consolidar uma linha de jogo visando reentrar na temporada com bons resultados.<\/p>\n<p>O Levante chega ao encontro com Lu\u00eds Castro no banco, buscando somar pontos fora de casa para estabilizar a posi\u00e7\u00e3o na liga. A partida \u00e9 vista como passo decisivo para a recupera\u00e7\u00e3o do Real Madrid.<\/p>\n","protected":false},"excerpt":{"rendered":"<ul>\n<li>Os jogadores do Real Madrid entraram em aquecimento no Bernab\u00e9u para o confronto com o Levante de Lu\u00eds Castro.<\/li>\n<li>O ambiente ficou marcado por uma assobiedela monumental dos adeptos.<\/li>\n<li>O clube foi eliminado da Ta\u00e7a de Espanha pelo Albacete, da segunda divis\u00e3o, na estreia de Arbeloa como treinador.<\/li>\n<li>Dias antes, Xabi Alonso foi despedido ap\u00f3s a derrota na final da Superta\u00e7a espanhola frente ao Barcelona.<\/li>\n<li>A not\u00edcia inclui refer\u00eancia a um v\u00eddeo do programa El Chiringuito.<\/li>\n<\/ul>\n","protected":false},"author":2,"featured_media":147858,"comment_status":"closed","ping_status":"closed","sticky":false,"template":"","format":"standard","meta":{"footnotes":""},"categories":[21,24],"tags":[2960,32,1789,2714,1936,2664],"class_list":["post-147857","post","type-post","status-publish","format-standard","has-post-thumbnail","hentry","category-desporto","category-futebol","tag-arbeloa","tag-futebol","tag-la-liga","tag-real-madrid","tag-supertaca-candido-de-oliveira","tag-xabi-alonso"],"yoast_head":"<!-- This site is optimized with the Yoast SEO plugin v27.2 - https:\/\/yoast.com\/product\/yoast-seo-wordpress\/ -->\n<title>Real Madrid enfrenta assobios maci\u00e7os ao entrarem para o aquecimento - Portal Tela Portugal<\/title>\n<meta name=\"robots\" content=\"index, follow, max-snippet:-1, max-image-preview:large, max-video-preview:-1\" \/>\n<meta property=\"og:locale\" content=\"pt_PT\" \/>\n<meta property=\"og:type\" content=\"article\" \/>\n<meta property=\"og:title\" content=\"Real Madrid enfrenta assobios maci\u00e7os ao entrarem para o aquecimento - Portal Tela Portugal\" \/>\n<meta property=\"og:description\" content=\"Os jogadores do Real Madrid entraram em aquecimento no Bernab\u00e9u para o confronto com o Levante de Lu\u00eds Castro. O ambiente ficou marcado por uma assobiedela monumental dos adeptos. O clube foi eliminado da Ta\u00e7a de Espanha pelo Albacete, da segunda divis\u00e3o, na estreia de Arbeloa como treinador. Dias antes, Xabi Alonso foi despedido ap\u00f3s a derrota na final da Superta\u00e7a espanhola frente ao Barcelona. A not\u00edcia inclui refer\u00eancia a um v\u00eddeo do programa El Chiringuito.\" \/>\n<meta property=\"og:url\" content=\"https:\/\/portaltela.pt\/noticias\/2026\/01\/17\/real-madrid-enfrenta-assobios-macicos-ao-entrarem-para-o-aquecimento\/\" \/>\n<meta property=\"og:site_name\" content=\"Portal Tela Portugal\" \/>\n<meta property=\"article:published_time\" content=\"2026-01-17T12:52:00+00:00\" \/>\n<meta name=\"author\" content=\"Telinha\" \/>\n<meta name=\"twitter:card\" content=\"summary_large_image\" \/>\n<meta name=\"twitter:label1\" content=\"Escrito por\" \/>\n\t<meta name=\"twitter:data1\" content=\"Telinha\" \/>\n\t<meta name=\"twitter:label2\" content=\"Tempo estimado de leitura\" \/>\n\t<meta name=\"twitter:data2\" content=\"1 minuto\" \/>\n<script type=\"application\/ld+json\" class=\"yoast-schema-graph\">{\"@context\":\"https:\/\/schema.org\",\"@graph\":[{\"@type\":\"Article\",\"@id\":\"https:\/\/portaltela.pt\/noticias\/2026\/01\/17\/real-madrid-enfrenta-assobios-macicos-ao-entrarem-para-o-aquecimento\/#article\",\"isPartOf\":{\"@id\":\"https:\/\/portaltela.pt\/noticias\/2026\/01\/17\/real-madrid-enfrenta-assobios-macicos-ao-entrarem-para-o-aquecimento\/\"},\"author\":{\"name\":\"Telinha\",\"@id\":\"https:\/\/portaltela.pt\/#\/schema\/person\/c4278d4a6028830caff9ee44b42d32ed\"},\"headline\":\"Real Madrid enfrenta assobios maci\u00e7os ao entrarem para o aquecimento\",\"datePublished\":\"2026-01-17T12:52:00+00:00\",\"mainEntityOfPage\":{\"@id\":\"https:\/\/portaltela.pt\/noticias\/2026\/01\/17\/real-madrid-enfrenta-assobios-macicos-ao-entrarem-para-o-aquecimento\/\"},\"wordCount\":218,\"image\":{\"@id\":\"https:\/\/portaltela.pt\/noticias\/2026\/01\/17\/real-madrid-enfrenta-assobios-macicos-ao-entrarem-para-o-aquecimento\/#primaryimage\"},\"thumbnailUrl\":\"https:\/\/portaltela.pt\/s.01k8rhncp4jt1\/2026\/01\/img_1200x721uu2026-01-17-12-53-29-2415318.jpg\",\"keywords\":[\"Arbeloa\",\"futebol\",\"La Liga\",\"Real Madrid\",\"Superta\u00e7a C\u00e2ndido de Oliveira\",\"Xabi Alonso\"],\"articleSection\":[\"Desporto\",\"Futebol\"],\"inLanguage\":\"pt-PT\"},{\"@type\":\"WebPage\",\"@id\":\"https:\/\/portaltela.pt\/noticias\/2026\/01\/17\/real-madrid-enfrenta-assobios-macicos-ao-entrarem-para-o-aquecimento\/\",\"url\":\"https:\/\/portaltela.pt\/noticias\/2026\/01\/17\/real-madrid-enfrenta-assobios-macicos-ao-entrarem-para-o-aquecimento\/\",\"name\":\"Real Madrid enfrenta assobios maci\u00e7os ao entrarem para o aquecimento - Portal Tela Portugal\",\"isPartOf\":{\"@id\":\"https:\/\/portaltela.pt\/#website\"},\"primaryImageOfPage\":{\"@id\":\"https:\/\/portaltela.pt\/noticias\/2026\/01\/17\/real-madrid-enfrenta-assobios-macicos-ao-entrarem-para-o-aquecimento\/#primaryimage\"},\"image\":{\"@id\":\"https:\/\/portaltela.pt\/noticias\/2026\/01\/17\/real-madrid-enfrenta-assobios-macicos-ao-entrarem-para-o-aquecimento\/#primaryimage\"},\"thumbnailUrl\":\"https:\/\/portaltela.pt\/s.01k8rhncp4jt1\/2026\/01\/img_1200x721uu2026-01-17-12-53-29-2415318.jpg\",\"datePublished\":\"2026-01-17T12:52:00+00:00\",\"author\":{\"@id\":\"https:\/\/portaltela.pt\/#\/schema\/person\/c4278d4a6028830caff9ee44b42d32ed\"},\"breadcrumb\":{\"@id\":\"https:\/\/portaltela.pt\/noticias\/2026\/01\/17\/real-madrid-enfrenta-assobios-macicos-ao-entrarem-para-o-aquecimento\/#breadcrumb\"},\"inLanguage\":\"pt-PT\",\"potentialAction\":[{\"@type\":\"ReadAction\",\"target\":[\"https:\/\/portaltela.pt\/noticias\/2026\/01\/17\/real-madrid-enfrenta-assobios-macicos-ao-entrarem-para-o-aquecimento\/\"]}]},{\"@type\":\"ImageObject\",\"inLanguage\":\"pt-PT\",\"@id\":\"https:\/\/portaltela.pt\/noticias\/2026\/01\/17\/real-madrid-enfrenta-assobios-macicos-ao-entrarem-para-o-aquecimento\/#primaryimage\",\"url\":\"https:\/\/portaltela.pt\/s.01k8rhncp4jt1\/2026\/01\/img_1200x721uu2026-01-17-12-53-29-2415318.jpg\",\"contentUrl\":\"https:\/\/portaltela.pt\/s.01k8rhncp4jt1\/2026\/01\/img_1200x721uu2026-01-17-12-53-29-2415318.jpg\",\"width\":796,\"height\":448,\"caption\":\"Jogadores do Real Madrid ouvem assobiadela monumental quando entram para aquecimento\"},{\"@type\":\"BreadcrumbList\",\"@id\":\"https:\/\/portaltela.pt\/noticias\/2026\/01\/17\/real-madrid-enfrenta-assobios-macicos-ao-entrarem-para-o-aquecimento\/#breadcrumb\",\"itemListElement\":[{\"@type\":\"ListItem\",\"position\":1,\"name\":\"In\u00edcio\",\"item\":\"https:\/\/portaltela.pt\/\"},{\"@type\":\"ListItem\",\"position\":2,\"name\":\"Real Madrid enfrenta assobios maci\u00e7os ao entrarem para o aquecimento\"}]},{\"@type\":\"WebSite\",\"@id\":\"https:\/\/portaltela.pt\/#website\",\"url\":\"https:\/\/portaltela.pt\/\",\"name\":\"Portal Tela Portugal\",\"description\":\"\",\"potentialAction\":[{\"@type\":\"SearchAction\",\"target\":{\"@type\":\"EntryPoint\",\"urlTemplate\":\"https:\/\/portaltela.pt\/?s={search_term_string}\"},\"query-input\":{\"@type\":\"PropertyValueSpecification\",\"valueRequired\":true,\"valueName\":\"search_term_string\"}}],\"inLanguage\":\"pt-PT\"},{\"@type\":\"Person\",\"@id\":\"https:\/\/portaltela.pt\/#\/schema\/person\/c4278d4a6028830caff9ee44b42d32ed\",\"name\":\"Telinha\",\"image\":{\"@type\":\"ImageObject\",\"inLanguage\":\"pt-PT\",\"@id\":\"https:\/\/portaltela.pt\/s.01k8rhncp4jt1\/2025\/11\/talking-bot-125x125.png\",\"url\":\"https:\/\/portaltela.pt\/s.01k8rhncp4jt1\/2025\/11\/talking-bot-125x125.png\",\"contentUrl\":\"https:\/\/portaltela.pt\/s.01k8rhncp4jt1\/2025\/11\/talking-bot-125x125.png\",\"caption\":\"Telinha\"},\"sameAs\":[\"https:\/\/portaltela.pt\/\"],\"url\":\"https:\/\/portaltela.pt\/por\/367410592786\/\"}]}<\/script>\n<!-- \/ Yoast SEO plugin. -->","yoast_head_json":{"title":"Real Madrid enfrenta assobios maci\u00e7os ao entrarem para o aquecimento - Portal Tela Portugal","robots":{"index":"index","follow":"follow","max-snippet":"max-snippet:-1","max-image-preview":"max-image-preview:large","max-video-preview":"max-video-preview:-1"},"og_locale":"pt_PT","og_type":"article","og_title":"Real Madrid enfrenta assobios maci\u00e7os ao entrarem para o aquecimento - Portal Tela Portugal","og_description":"Os jogadores do Real Madrid entraram em aquecimento no Bernab\u00e9u para o confronto com o Levante de Lu\u00eds Castro. O ambiente ficou marcado por uma assobiedela monumental dos adeptos. O clube foi eliminado da Ta\u00e7a de Espanha pelo Albacete, da segunda divis\u00e3o, na estreia de Arbeloa como treinador. Dias antes, Xabi Alonso foi despedido ap\u00f3s a derrota na final da Superta\u00e7a espanhola frente ao Barcelona. A not\u00edcia inclui refer\u00eancia a um v\u00eddeo do programa El Chiringuito.","og_url":"https:\/\/portaltela.pt\/noticias\/2026\/01\/17\/real-madrid-enfrenta-assobios-macicos-ao-entrarem-para-o-aquecimento\/","og_site_name":"Portal Tela Portugal","article_published_time":"2026-01-17T12:52:00+00:00","author":"Telinha","twitter_card":"summary_large_image","twitter_misc":{"Escrito por":"Telinha","Tempo estimado de leitura":"1 minuto"},"schema":{"@context":"https:\/\/schema.org","@graph":[{"@type":"Article","@id":"https:\/\/portaltela.pt\/noticias\/2026\/01\/17\/real-madrid-enfrenta-assobios-macicos-ao-entrarem-para-o-aquecimento\/#article","isPartOf":{"@id":"https:\/\/portaltela.pt\/noticias\/2026\/01\/17\/real-madrid-enfrenta-assobios-macicos-ao-entrarem-para-o-aquecimento\/"},"author":{"name":"Telinha","@id":"https:\/\/portaltela.pt\/#\/schema\/person\/c4278d4a6028830caff9ee44b42d32ed"},"headline":"Real Madrid enfrenta assobios maci\u00e7os ao entrarem para o aquecimento","datePublished":"2026-01-17T12:52:00+00:00","mainEntityOfPage":{"@id":"https:\/\/portaltela.pt\/noticias\/2026\/01\/17\/real-madrid-enfrenta-assobios-macicos-ao-entrarem-para-o-aquecimento\/"},"wordCount":218,"image":{"@id":"https:\/\/portaltela.pt\/noticias\/2026\/01\/17\/real-madrid-enfrenta-assobios-macicos-ao-entrarem-para-o-aquecimento\/#primaryimage"},"thumbnailUrl":"https:\/\/portaltela.pt\/s.01k8rhncp4jt1\/2026\/01\/img_1200x721uu2026-01-17-12-53-29-2415318.jpg","keywords":["Arbeloa","futebol","La Liga","Real Madrid","Superta\u00e7a C\u00e2ndido de Oliveira","Xabi Alonso"],"articleSection":["Desporto","Futebol"],"inLanguage":"pt-PT"},{"@type":"WebPage","@id":"https:\/\/portaltela.pt\/noticias\/2026\/01\/17\/real-madrid-enfrenta-assobios-macicos-ao-entrarem-para-o-aquecimento\/","url":"https:\/\/portaltela.pt\/noticias\/2026\/01\/17\/real-madrid-enfrenta-assobios-macicos-ao-entrarem-para-o-aquecimento\/","name":"Real Madrid enfrenta assobios maci\u00e7os ao entrarem para o aquecimento - Portal Tela Portugal","isPartOf":{"@id":"https:\/\/portaltela.pt\/#website"},"primaryImageOfPage":{"@id":"https:\/\/portaltela.pt\/noticias\/2026\/01\/17\/real-madrid-enfrenta-assobios-macicos-ao-entrarem-para-o-aquecimento\/#primaryimage"},"image":{"@id":"https:\/\/portaltela.pt\/noticias\/2026\/01\/17\/real-madrid-enfrenta-assobios-macicos-ao-entrarem-para-o-aquecimento\/#primaryimage"},"thumbnailUrl":"https:\/\/portaltela.pt\/s.01k8rhncp4jt1\/2026\/01\/img_1200x721uu2026-01-17-12-53-29-2415318.jpg","datePublished":"2026-01-17T12:52:00+00:00","author":{"@id":"https:\/\/portaltela.pt\/#\/schema\/person\/c4278d4a6028830caff9ee44b42d32ed"},"breadcrumb":{"@id":"https:\/\/portaltela.pt\/noticias\/2026\/01\/17\/real-madrid-enfrenta-assobios-macicos-ao-entrarem-para-o-aquecimento\/#breadcrumb"},"inLanguage":"pt-PT","potentialAction":[{"@type":"ReadAction","target":["https:\/\/portaltela.pt\/noticias\/2026\/01\/17\/real-madrid-enfrenta-assobios-macicos-ao-entrarem-para-o-aquecimento\/"]}]},{"@type":"ImageObject","inLanguage":"pt-PT","@id":"https:\/\/portaltela.pt\/noticias\/2026\/01\/17\/real-madrid-enfrenta-assobios-macicos-ao-entrarem-para-o-aquecimento\/#primaryimage","url":"https:\/\/portaltela.pt\/s.01k8rhncp4jt1\/2026\/01\/img_1200x721uu2026-01-17-12-53-29-2415318.jpg","contentUrl":"https:\/\/portaltela.pt\/s.01k8rhncp4jt1\/2026\/01\/img_1200x721uu2026-01-17-12-53-29-2415318.jpg","width":796,"height":448,"caption":"Jogadores do Real Madrid ouvem assobiadela monumental quando entram para aquecimento"},{"@type":"BreadcrumbList","@id":"https:\/\/portaltela.pt\/noticias\/2026\/01\/17\/real-madrid-enfrenta-assobios-macicos-ao-entrarem-para-o-aquecimento\/#breadcrumb","itemListElement":[{"@type":"ListItem","position":1,"name":"In\u00edcio","item":"https:\/\/portaltela.pt\/"},{"@type":"ListItem","position":2,"name":"Real Madrid enfrenta assobios maci\u00e7os ao entrarem para o aquecimento"}]},{"@type":"WebSite","@id":"https:\/\/portaltela.pt\/#website","url":"https:\/\/portaltela.pt\/","name":"Portal Tela Portugal","description":"","potentialAction":[{"@type":"SearchAction","target":{"@type":"EntryPoint","urlTemplate":"https:\/\/portaltela.pt\/?s={search_term_string}"},"query-input":{"@type":"PropertyValueSpecification","valueRequired":true,"valueName":"search_term_string"}}],"inLanguage":"pt-PT"},{"@type":"Person","@id":"https:\/\/portaltela.pt\/#\/schema\/person\/c4278d4a6028830caff9ee44b42d32ed","name":"Telinha","image":{"@type":"ImageObject","inLanguage":"pt-PT","@id":"https:\/\/portaltela.pt\/s.01k8rhncp4jt1\/2025\/11\/talking-bot-125x125.png","url":"https:\/\/portaltela.pt\/s.01k8rhncp4jt1\/2025\/11\/talking-bot-125x125.png","contentUrl":"https:\/\/portaltela.pt\/s.01k8rhncp4jt1\/2025\/11\/talking-bot-125x125.png","caption":"Telinha"},"sameAs":["https:\/\/portaltela.pt\/"],"url":"https:\/\/portaltela.pt\/por\/367410592786\/"}]}},"_links":{"self":[{"href":"https:\/\/portaltela.pt\/api\/wp\/v2\/posts\/147857","targetHints":{"allow":["GET"]}}],"collection":[{"href":"https:\/\/portaltela.pt\/api\/wp\/v2\/posts"}],"about":[{"href":"https:\/\/portaltela.pt\/api\/wp\/v2\/types\/post"}],"author":[{"embeddable":true,"href":"https:\/\/portaltela.pt\/api\/wp\/v2\/users\/2"}],"replies":[{"embeddable":true,"href":"https:\/\/portaltela.pt\/api\/wp\/v2\/comments?post=147857"}],"version-history":[{"count":0,"href":"https:\/\/portaltela.pt\/api\/wp\/v2\/posts\/147857\/revisions"}],"wp:featuredmedia":[{"embeddable":true,"href":"https:\/\/portaltela.pt\/api\/wp\/v2\/media\/147858"}],"wp:attachment":[{"href":"https:\/\/portaltela.pt\/api\/wp\/v2\/media?parent=147857"}],"wp:term":[{"taxonomy":"category","embeddable":true,"href":"https:\/\/portaltela.pt\/api\/wp\/v2\/categories?post=147857"},{"taxonomy":"post_tag","embeddable":true,"href":"https:\/\/portaltela.pt\/api\/wp\/v2\/tags?post=147857"}],"curies":[{"name":"wp","href":"https:\/\/api.w.org\/{rel}","templated":true}]}}