{"id":147845,"date":"2026-01-17T09:53:00","date_gmt":"2026-01-17T12:53:00","guid":{"rendered":"https:\/\/portaltela.pt\/noticias\/2026\/01\/17\/passagem-no-pontao-da-barragem-da-canicada-reabriu-ao-publico\/"},"modified":"2026-01-17T09:53:00","modified_gmt":"2026-01-17T12:53:00","slug":"passagem-no-pontao-da-barragem-da-canicada-reabriu-ao-publico","status":"publish","type":"post","link":"https:\/\/portaltela.pt\/noticias\/2026\/01\/17\/passagem-no-pontao-da-barragem-da-canicada-reabriu-ao-publico\/","title":{"rendered":"Passagem no Pont\u00e3o da Barragem da Cani\u00e7ada reabriu ao p\u00fablico"},"content":{"rendered":"<p>O Pont\u00e3o da Barragem da Cani\u00e7ada, no rio C\u00e1vado, entre Vieira do Minho e Terras de Bouro, no Ger\u00eas, reabriu ao tr\u00e2nsito cinco semanas ap\u00f3s o encerramento, beneficiando as popula\u00e7\u00f5es ribeirinhas de ambos os concelhos e os prompted transeuntes.<\/p>\n<p>A abertura deveu-se a trabalhos de estabiliza\u00e7\u00e3o do talude e \u00e0 condu\u00e7\u00e3o das \u00e1guas pluviais num acesso da Barragem da Cani\u00e7ada, na freguesia de Parada de Bouro.<\/p>\n<p>A C\u00e2mara Municipal de Vieira do Minho e o Servi\u00e7o Municipal de Prote\u00e7\u00e3o Civil agradeceram \u00e0 EDP Produ\u00e7\u00e3o pela colabora\u00e7\u00e3o e a compreens\u00e3o da comunidade pelo transtorno causado.<\/p>\n","protected":false},"excerpt":{"rendered":"<ul>\n<li>O Pont\u00e3o da Barragem da Cani\u00e7ada, no rio C\u00e1vado, entre Vieira do Minho e Terras de Bouro, reabriu cinco semanas depois de ter sido encerrado.<\/li>\n<li>A abertura devolve o tr\u00e2nsito entre Vieira do Minho e a freguesia de Valdosende, Terras de Bouro, ap\u00f3s trabalhos de estabiliza\u00e7\u00e3o do talude e condu\u00e7\u00e3o das \u00e1guas pluviais.<\/li>\n<li>Os trabalhos ocorreram num acesso da Barragem da Cani\u00e7ada, na freguesia de Parada de Bouro.<\/li>\n<li>A C\u00e2mara Municipal de Vieira do Minho e o Servi\u00e7o Municipal de Prote\u00e7\u00e3o Civil agradeceram \u00e0 EDP Produ\u00e7\u00e3o pela colabora\u00e7\u00e3o.<\/li>\n<li>A autarquia destacou que a reabertura facilita o acesso \u00e0s popula\u00e7\u00f5es ribeirinhas de ambos os concelhos e aos transeuntes.<\/li>\n<\/ul>\n","protected":false},"author":2,"featured_media":147847,"comment_status":"closed","ping_status":"closed","sticky":false,"template":"","format":"standard","meta":{"footnotes":""},"categories":[1],"tags":[1503,2434,2048,1660,2712,1629],"class_list":["post-147845","post","type-post","status-publish","format-standard","has-post-thumbnail","hentry","category-noticias","tag-abastecimento-de-agua","tag-aguas","tag-defesa-civil","tag-geres","tag-parada-de-bouro","tag-transito"],"yoast_head":"<!-- This site is optimized with the Yoast SEO plugin v27.2 - https:\/\/yoast.com\/product\/yoast-seo-wordpress\/ -->\n<title>Passagem no Pont\u00e3o da Barragem da Cani\u00e7ada reabriu ao p\u00fablico - Portal Tela Portugal<\/title>\n<meta name=\"robots\" content=\"index, follow, max-snippet:-1, max-image-preview:large, max-video-preview:-1\" \/>\n<meta property=\"og:locale\" content=\"pt_PT\" \/>\n<meta property=\"og:type\" content=\"article\" \/>\n<meta property=\"og:title\" content=\"Passagem no Pont\u00e3o da Barragem da Cani\u00e7ada reabriu ao p\u00fablico - Portal Tela Portugal\" \/>\n<meta property=\"og:description\" content=\"O Pont\u00e3o da Barragem da Cani\u00e7ada, no rio C\u00e1vado, entre Vieira do Minho e Terras de Bouro, reabriu cinco semanas depois de ter sido encerrado. A abertura devolve o tr\u00e2nsito entre Vieira do Minho e a freguesia de Valdosende, Terras de Bouro, ap\u00f3s trabalhos de estabiliza\u00e7\u00e3o do talude e condu\u00e7\u00e3o das \u00e1guas pluviais. Os trabalhos ocorreram num acesso da Barragem da Cani\u00e7ada, na freguesia de Parada de Bouro. A C\u00e2mara Municipal de Vieira do Minho e o Servi\u00e7o Municipal de Prote\u00e7\u00e3o Civil agradeceram \u00e0 EDP Produ\u00e7\u00e3o pela colabora\u00e7\u00e3o. A autarquia destacou que a reabertura facilita o acesso \u00e0s popula\u00e7\u00f5es ribeirinhas de ambos os concelhos e aos transeuntes.\" \/>\n<meta property=\"og:url\" content=\"https:\/\/portaltela.pt\/noticias\/2026\/01\/17\/passagem-no-pontao-da-barragem-da-canicada-reabriu-ao-publico\/\" \/>\n<meta property=\"og:site_name\" content=\"Portal Tela Portugal\" \/>\n<meta property=\"article:published_time\" content=\"2026-01-17T12:53:00+00:00\" \/>\n<meta name=\"author\" content=\"Telinha\" \/>\n<meta name=\"twitter:card\" content=\"summary_large_image\" \/>\n<meta name=\"twitter:label1\" content=\"Escrito por\" \/>\n\t<meta name=\"twitter:data1\" content=\"Telinha\" \/>\n\t<meta name=\"twitter:label2\" content=\"Tempo estimado de leitura\" \/>\n\t<meta name=\"twitter:data2\" content=\"1 minuto\" \/>\n<script type=\"application\/ld+json\" class=\"yoast-schema-graph\">{\"@context\":\"https:\/\/schema.org\",\"@graph\":[{\"@type\":\"Article\",\"@id\":\"https:\/\/portaltela.pt\/noticias\/2026\/01\/17\/passagem-no-pontao-da-barragem-da-canicada-reabriu-ao-publico\/#article\",\"isPartOf\":{\"@id\":\"https:\/\/portaltela.pt\/noticias\/2026\/01\/17\/passagem-no-pontao-da-barragem-da-canicada-reabriu-ao-publico\/\"},\"author\":{\"name\":\"Telinha\",\"@id\":\"https:\/\/portaltela.pt\/#\/schema\/person\/c4278d4a6028830caff9ee44b42d32ed\"},\"headline\":\"Passagem no Pont\u00e3o da Barragem da Cani\u00e7ada reabriu ao p\u00fablico\",\"datePublished\":\"2026-01-17T12:53:00+00:00\",\"mainEntityOfPage\":{\"@id\":\"https:\/\/portaltela.pt\/noticias\/2026\/01\/17\/passagem-no-pontao-da-barragem-da-canicada-reabriu-ao-publico\/\"},\"wordCount\":121,\"image\":{\"@id\":\"https:\/\/portaltela.pt\/noticias\/2026\/01\/17\/passagem-no-pontao-da-barragem-da-canicada-reabriu-ao-publico\/#primaryimage\"},\"thumbnailUrl\":\"https:\/\/portaltela.pt\/s.01k8rhncp4jt1\/2026\/01\/image-1025.jpg\",\"keywords\":[\"abastecimento de \u00e1gua\",\"\u00e1guas\",\"Defesa Civil\",\"Ger\u00eas\",\"Parada de Bouro\",\"tr\u00e2nsito\"],\"articleSection\":[\"Not\u00edcias\"],\"inLanguage\":\"pt-PT\"},{\"@type\":\"WebPage\",\"@id\":\"https:\/\/portaltela.pt\/noticias\/2026\/01\/17\/passagem-no-pontao-da-barragem-da-canicada-reabriu-ao-publico\/\",\"url\":\"https:\/\/portaltela.pt\/noticias\/2026\/01\/17\/passagem-no-pontao-da-barragem-da-canicada-reabriu-ao-publico\/\",\"name\":\"Passagem no Pont\u00e3o da Barragem da Cani\u00e7ada reabriu ao p\u00fablico - Portal Tela Portugal\",\"isPartOf\":{\"@id\":\"https:\/\/portaltela.pt\/#website\"},\"primaryImageOfPage\":{\"@id\":\"https:\/\/portaltela.pt\/noticias\/2026\/01\/17\/passagem-no-pontao-da-barragem-da-canicada-reabriu-ao-publico\/#primaryimage\"},\"image\":{\"@id\":\"https:\/\/portaltela.pt\/noticias\/2026\/01\/17\/passagem-no-pontao-da-barragem-da-canicada-reabriu-ao-publico\/#primaryimage\"},\"thumbnailUrl\":\"https:\/\/portaltela.pt\/s.01k8rhncp4jt1\/2026\/01\/image-1025.jpg\",\"datePublished\":\"2026-01-17T12:53:00+00:00\",\"author\":{\"@id\":\"https:\/\/portaltela.pt\/#\/schema\/person\/c4278d4a6028830caff9ee44b42d32ed\"},\"breadcrumb\":{\"@id\":\"https:\/\/portaltela.pt\/noticias\/2026\/01\/17\/passagem-no-pontao-da-barragem-da-canicada-reabriu-ao-publico\/#breadcrumb\"},\"inLanguage\":\"pt-PT\",\"potentialAction\":[{\"@type\":\"ReadAction\",\"target\":[\"https:\/\/portaltela.pt\/noticias\/2026\/01\/17\/passagem-no-pontao-da-barragem-da-canicada-reabriu-ao-publico\/\"]}]},{\"@type\":\"ImageObject\",\"inLanguage\":\"pt-PT\",\"@id\":\"https:\/\/portaltela.pt\/noticias\/2026\/01\/17\/passagem-no-pontao-da-barragem-da-canicada-reabriu-ao-publico\/#primaryimage\",\"url\":\"https:\/\/portaltela.pt\/s.01k8rhncp4jt1\/2026\/01\/image-1025.jpg\",\"contentUrl\":\"https:\/\/portaltela.pt\/s.01k8rhncp4jt1\/2026\/01\/image-1025.jpg\",\"width\":796,\"height\":448,\"caption\":\"O Pont\u00e3o da Barragem da Cani\u00e7ada esteve interdito cinco semanas\"},{\"@type\":\"BreadcrumbList\",\"@id\":\"https:\/\/portaltela.pt\/noticias\/2026\/01\/17\/passagem-no-pontao-da-barragem-da-canicada-reabriu-ao-publico\/#breadcrumb\",\"itemListElement\":[{\"@type\":\"ListItem\",\"position\":1,\"name\":\"In\u00edcio\",\"item\":\"https:\/\/portaltela.pt\/\"},{\"@type\":\"ListItem\",\"position\":2,\"name\":\"Passagem no Pont\u00e3o da Barragem da Cani\u00e7ada reabriu ao p\u00fablico\"}]},{\"@type\":\"WebSite\",\"@id\":\"https:\/\/portaltela.pt\/#website\",\"url\":\"https:\/\/portaltela.pt\/\",\"name\":\"Portal Tela Portugal\",\"description\":\"\",\"potentialAction\":[{\"@type\":\"SearchAction\",\"target\":{\"@type\":\"EntryPoint\",\"urlTemplate\":\"https:\/\/portaltela.pt\/?s={search_term_string}\"},\"query-input\":{\"@type\":\"PropertyValueSpecification\",\"valueRequired\":true,\"valueName\":\"search_term_string\"}}],\"inLanguage\":\"pt-PT\"},{\"@type\":\"Person\",\"@id\":\"https:\/\/portaltela.pt\/#\/schema\/person\/c4278d4a6028830caff9ee44b42d32ed\",\"name\":\"Telinha\",\"image\":{\"@type\":\"ImageObject\",\"inLanguage\":\"pt-PT\",\"@id\":\"https:\/\/portaltela.pt\/s.01k8rhncp4jt1\/2025\/11\/talking-bot-125x125.png\",\"url\":\"https:\/\/portaltela.pt\/s.01k8rhncp4jt1\/2025\/11\/talking-bot-125x125.png\",\"contentUrl\":\"https:\/\/portaltela.pt\/s.01k8rhncp4jt1\/2025\/11\/talking-bot-125x125.png\",\"caption\":\"Telinha\"},\"sameAs\":[\"https:\/\/portaltela.pt\/\"],\"url\":\"https:\/\/portaltela.pt\/por\/367410592786\/\"}]}<\/script>\n<!-- \/ Yoast SEO plugin. -->","yoast_head_json":{"title":"Passagem no Pont\u00e3o da Barragem da Cani\u00e7ada reabriu ao p\u00fablico - Portal Tela Portugal","robots":{"index":"index","follow":"follow","max-snippet":"max-snippet:-1","max-image-preview":"max-image-preview:large","max-video-preview":"max-video-preview:-1"},"og_locale":"pt_PT","og_type":"article","og_title":"Passagem no Pont\u00e3o da Barragem da Cani\u00e7ada reabriu ao p\u00fablico - Portal Tela Portugal","og_description":"O Pont\u00e3o da Barragem da Cani\u00e7ada, no rio C\u00e1vado, entre Vieira do Minho e Terras de Bouro, reabriu cinco semanas depois de ter sido encerrado. A abertura devolve o tr\u00e2nsito entre Vieira do Minho e a freguesia de Valdosende, Terras de Bouro, ap\u00f3s trabalhos de estabiliza\u00e7\u00e3o do talude e condu\u00e7\u00e3o das \u00e1guas pluviais. Os trabalhos ocorreram num acesso da Barragem da Cani\u00e7ada, na freguesia de Parada de Bouro. A C\u00e2mara Municipal de Vieira do Minho e o Servi\u00e7o Municipal de Prote\u00e7\u00e3o Civil agradeceram \u00e0 EDP Produ\u00e7\u00e3o pela colabora\u00e7\u00e3o. A autarquia destacou que a reabertura facilita o acesso \u00e0s popula\u00e7\u00f5es ribeirinhas de ambos os concelhos e aos transeuntes.","og_url":"https:\/\/portaltela.pt\/noticias\/2026\/01\/17\/passagem-no-pontao-da-barragem-da-canicada-reabriu-ao-publico\/","og_site_name":"Portal Tela Portugal","article_published_time":"2026-01-17T12:53:00+00:00","author":"Telinha","twitter_card":"summary_large_image","twitter_misc":{"Escrito por":"Telinha","Tempo estimado de leitura":"1 minuto"},"schema":{"@context":"https:\/\/schema.org","@graph":[{"@type":"Article","@id":"https:\/\/portaltela.pt\/noticias\/2026\/01\/17\/passagem-no-pontao-da-barragem-da-canicada-reabriu-ao-publico\/#article","isPartOf":{"@id":"https:\/\/portaltela.pt\/noticias\/2026\/01\/17\/passagem-no-pontao-da-barragem-da-canicada-reabriu-ao-publico\/"},"author":{"name":"Telinha","@id":"https:\/\/portaltela.pt\/#\/schema\/person\/c4278d4a6028830caff9ee44b42d32ed"},"headline":"Passagem no Pont\u00e3o da Barragem da Cani\u00e7ada reabriu ao p\u00fablico","datePublished":"2026-01-17T12:53:00+00:00","mainEntityOfPage":{"@id":"https:\/\/portaltela.pt\/noticias\/2026\/01\/17\/passagem-no-pontao-da-barragem-da-canicada-reabriu-ao-publico\/"},"wordCount":121,"image":{"@id":"https:\/\/portaltela.pt\/noticias\/2026\/01\/17\/passagem-no-pontao-da-barragem-da-canicada-reabriu-ao-publico\/#primaryimage"},"thumbnailUrl":"https:\/\/portaltela.pt\/s.01k8rhncp4jt1\/2026\/01\/image-1025.jpg","keywords":["abastecimento de \u00e1gua","\u00e1guas","Defesa Civil","Ger\u00eas","Parada de Bouro","tr\u00e2nsito"],"articleSection":["Not\u00edcias"],"inLanguage":"pt-PT"},{"@type":"WebPage","@id":"https:\/\/portaltela.pt\/noticias\/2026\/01\/17\/passagem-no-pontao-da-barragem-da-canicada-reabriu-ao-publico\/","url":"https:\/\/portaltela.pt\/noticias\/2026\/01\/17\/passagem-no-pontao-da-barragem-da-canicada-reabriu-ao-publico\/","name":"Passagem no Pont\u00e3o da Barragem da Cani\u00e7ada reabriu ao p\u00fablico - Portal Tela Portugal","isPartOf":{"@id":"https:\/\/portaltela.pt\/#website"},"primaryImageOfPage":{"@id":"https:\/\/portaltela.pt\/noticias\/2026\/01\/17\/passagem-no-pontao-da-barragem-da-canicada-reabriu-ao-publico\/#primaryimage"},"image":{"@id":"https:\/\/portaltela.pt\/noticias\/2026\/01\/17\/passagem-no-pontao-da-barragem-da-canicada-reabriu-ao-publico\/#primaryimage"},"thumbnailUrl":"https:\/\/portaltela.pt\/s.01k8rhncp4jt1\/2026\/01\/image-1025.jpg","datePublished":"2026-01-17T12:53:00+00:00","author":{"@id":"https:\/\/portaltela.pt\/#\/schema\/person\/c4278d4a6028830caff9ee44b42d32ed"},"breadcrumb":{"@id":"https:\/\/portaltela.pt\/noticias\/2026\/01\/17\/passagem-no-pontao-da-barragem-da-canicada-reabriu-ao-publico\/#breadcrumb"},"inLanguage":"pt-PT","potentialAction":[{"@type":"ReadAction","target":["https:\/\/portaltela.pt\/noticias\/2026\/01\/17\/passagem-no-pontao-da-barragem-da-canicada-reabriu-ao-publico\/"]}]},{"@type":"ImageObject","inLanguage":"pt-PT","@id":"https:\/\/portaltela.pt\/noticias\/2026\/01\/17\/passagem-no-pontao-da-barragem-da-canicada-reabriu-ao-publico\/#primaryimage","url":"https:\/\/portaltela.pt\/s.01k8rhncp4jt1\/2026\/01\/image-1025.jpg","contentUrl":"https:\/\/portaltela.pt\/s.01k8rhncp4jt1\/2026\/01\/image-1025.jpg","width":796,"height":448,"caption":"O Pont\u00e3o da Barragem da Cani\u00e7ada esteve interdito cinco semanas"},{"@type":"BreadcrumbList","@id":"https:\/\/portaltela.pt\/noticias\/2026\/01\/17\/passagem-no-pontao-da-barragem-da-canicada-reabriu-ao-publico\/#breadcrumb","itemListElement":[{"@type":"ListItem","position":1,"name":"In\u00edcio","item":"https:\/\/portaltela.pt\/"},{"@type":"ListItem","position":2,"name":"Passagem no Pont\u00e3o da Barragem da Cani\u00e7ada reabriu ao p\u00fablico"}]},{"@type":"WebSite","@id":"https:\/\/portaltela.pt\/#website","url":"https:\/\/portaltela.pt\/","name":"Portal Tela Portugal","description":"","potentialAction":[{"@type":"SearchAction","target":{"@type":"EntryPoint","urlTemplate":"https:\/\/portaltela.pt\/?s={search_term_string}"},"query-input":{"@type":"PropertyValueSpecification","valueRequired":true,"valueName":"search_term_string"}}],"inLanguage":"pt-PT"},{"@type":"Person","@id":"https:\/\/portaltela.pt\/#\/schema\/person\/c4278d4a6028830caff9ee44b42d32ed","name":"Telinha","image":{"@type":"ImageObject","inLanguage":"pt-PT","@id":"https:\/\/portaltela.pt\/s.01k8rhncp4jt1\/2025\/11\/talking-bot-125x125.png","url":"https:\/\/portaltela.pt\/s.01k8rhncp4jt1\/2025\/11\/talking-bot-125x125.png","contentUrl":"https:\/\/portaltela.pt\/s.01k8rhncp4jt1\/2025\/11\/talking-bot-125x125.png","caption":"Telinha"},"sameAs":["https:\/\/portaltela.pt\/"],"url":"https:\/\/portaltela.pt\/por\/367410592786\/"}]}},"_links":{"self":[{"href":"https:\/\/portaltela.pt\/api\/wp\/v2\/posts\/147845","targetHints":{"allow":["GET"]}}],"collection":[{"href":"https:\/\/portaltela.pt\/api\/wp\/v2\/posts"}],"about":[{"href":"https:\/\/portaltela.pt\/api\/wp\/v2\/types\/post"}],"author":[{"embeddable":true,"href":"https:\/\/portaltela.pt\/api\/wp\/v2\/users\/2"}],"replies":[{"embeddable":true,"href":"https:\/\/portaltela.pt\/api\/wp\/v2\/comments?post=147845"}],"version-history":[{"count":0,"href":"https:\/\/portaltela.pt\/api\/wp\/v2\/posts\/147845\/revisions"}],"wp:featuredmedia":[{"embeddable":true,"href":"https:\/\/portaltela.pt\/api\/wp\/v2\/media\/147847"}],"wp:attachment":[{"href":"https:\/\/portaltela.pt\/api\/wp\/v2\/media?parent=147845"}],"wp:term":[{"taxonomy":"category","embeddable":true,"href":"https:\/\/portaltela.pt\/api\/wp\/v2\/categories?post=147845"},{"taxonomy":"post_tag","embeddable":true,"href":"https:\/\/portaltela.pt\/api\/wp\/v2\/tags?post=147845"}],"curies":[{"name":"wp","href":"https:\/\/api.w.org\/{rel}","templated":true}]}}