{"id":147831,"date":"2026-01-17T09:35:28","date_gmt":"2026-01-17T12:35:28","guid":{"rendered":"https:\/\/portaltela.pt\/noticias\/2026\/01\/17\/allegri-diz-que-rafael-leao-precisa-melhorar-a-condicao-fisica\/"},"modified":"2026-01-17T09:35:28","modified_gmt":"2026-01-17T12:35:28","slug":"allegri-diz-que-rafael-leao-precisa-melhorar-a-condicao-fisica","status":"publish","type":"post","link":"https:\/\/portaltela.pt\/desporto\/futebol\/2026\/01\/17\/allegri-diz-que-rafael-leao-precisa-melhorar-a-condicao-fisica\/","title":{"rendered":"Allegri diz que Rafael Le\u00e3o precisa melhorar a condi\u00e7\u00e3o f\u00edsica"},"content":{"rendered":"<p>Massimiliano Allegri, treinador do Milan, afirmou neste s\u00e1bado que a condi\u00e7\u00e3o f\u00edsica de Rafael Le\u00e3o n\u00e3o est\u00e1 ideal. O t\u00e9cnico explicou que o internacional portugu\u00eas precisa de melhorar o condicionamento, embora o jogador se disponha a atuar.<\/p>\n<p>Allegri disse ainda que o desempenho de Le\u00e3o depende dele, destacando que o atleta pode ser decisivo, desde que aumente o seu ritmo f\u00edsico. A declara\u00e7\u00e3o ocorreu na confer\u00eancia de imprensa de antevis\u00e3o ao encontro de amanh\u00e3 frente ao Lecce, referente \u00e0 21.\u00aa jornada da Serie A, marcado para as 19h45.<\/p>\n<p>Nos quatro jogos de 2026 pelo Milan, Le\u00e3o foi titular em tr\u00eas, totalizando 259 minutos em campo. O atacante contabilizou dois golos e uma assist\u00eancia neste per\u00edodo.<\/p>\n","protected":false},"excerpt":{"rendered":"<ul>\n<li>O treinador Massimiliano Allegri afirmou que Rafael Le\u00e3o n\u00e3o est\u00e1 \u201cmuito bem\u201d do ponto de vista f\u00edsico.<\/li>\n<li>Allegri disse que depende dele chegar ao n\u00edvel desejado, destacando que o jogador precisa de melhorar a condi\u00e7\u00e3o f\u00edsica.<\/li>\n<li>O Milan enfrenta o Lecce na 21.\u00aa jornada da Serie A, com a partida marcada para as 19h45.<\/li>\n<li>Em 2026, Le\u00e3o foi titular em tr\u00eas dos quatro jogos do Milan, totalizando 259 minutos em campo.<\/li>\n<li>O internacional portugu\u00eas tem duas golos e uma assist\u00eancia nesses jogos.<\/li>\n<\/ul>\n","protected":false},"author":2,"featured_media":147839,"comment_status":"closed","ping_status":"closed","sticky":false,"template":"","format":"standard","meta":{"footnotes":""},"categories":[21,24],"tags":[2068,32,242,1014,2673,2449],"class_list":["post-147831","post","type-post","status-publish","format-standard","has-post-thumbnail","hentry","category-desporto","category-futebol","tag-assistencias","tag-futebol","tag-jogadores","tag-portugal","tag-rafael-leao","tag-serie"],"yoast_head":"<!-- This site is optimized with the Yoast SEO plugin v27.2 - https:\/\/yoast.com\/product\/yoast-seo-wordpress\/ -->\n<title>Allegri diz que Rafael Le\u00e3o precisa melhorar a condi\u00e7\u00e3o f\u00edsica - Portal Tela Portugal<\/title>\n<meta name=\"robots\" content=\"index, follow, max-snippet:-1, max-image-preview:large, max-video-preview:-1\" \/>\n<meta property=\"og:locale\" content=\"pt_PT\" \/>\n<meta property=\"og:type\" content=\"article\" \/>\n<meta property=\"og:title\" content=\"Allegri diz que Rafael Le\u00e3o precisa melhorar a condi\u00e7\u00e3o f\u00edsica - Portal Tela Portugal\" \/>\n<meta property=\"og:description\" content=\"O treinador Massimiliano Allegri afirmou que Rafael Le\u00e3o n\u00e3o est\u00e1 \u201cmuito bem\u201d do ponto de vista f\u00edsico. Allegri disse que depende dele chegar ao n\u00edvel desejado, destacando que o jogador precisa de melhorar a condi\u00e7\u00e3o f\u00edsica. O Milan enfrenta o Lecce na 21.\u00aa jornada da Serie A, com a partida marcada para as 19h45. Em 2026, Le\u00e3o foi titular em tr\u00eas dos quatro jogos do Milan, totalizando 259 minutos em campo. O internacional portugu\u00eas tem duas golos e uma assist\u00eancia nesses jogos.\" \/>\n<meta property=\"og:url\" content=\"https:\/\/portaltela.pt\/noticias\/2026\/01\/17\/allegri-diz-que-rafael-leao-precisa-melhorar-a-condicao-fisica\/\" \/>\n<meta property=\"og:site_name\" content=\"Portal Tela Portugal\" \/>\n<meta property=\"article:published_time\" content=\"2026-01-17T12:35:28+00:00\" \/>\n<meta name=\"author\" content=\"Telinha\" \/>\n<meta name=\"twitter:card\" content=\"summary_large_image\" \/>\n<meta name=\"twitter:label1\" content=\"Escrito por\" \/>\n\t<meta name=\"twitter:data1\" content=\"Telinha\" \/>\n\t<meta name=\"twitter:label2\" content=\"Tempo estimado de leitura\" \/>\n\t<meta name=\"twitter:data2\" content=\"1 minuto\" \/>\n<script type=\"application\/ld+json\" class=\"yoast-schema-graph\">{\"@context\":\"https:\/\/schema.org\",\"@graph\":[{\"@type\":\"Article\",\"@id\":\"https:\/\/portaltela.pt\/noticias\/2026\/01\/17\/allegri-diz-que-rafael-leao-precisa-melhorar-a-condicao-fisica\/#article\",\"isPartOf\":{\"@id\":\"https:\/\/portaltela.pt\/noticias\/2026\/01\/17\/allegri-diz-que-rafael-leao-precisa-melhorar-a-condicao-fisica\/\"},\"author\":{\"name\":\"Telinha\",\"@id\":\"https:\/\/portaltela.pt\/#\/schema\/person\/c4278d4a6028830caff9ee44b42d32ed\"},\"headline\":\"Allegri diz que Rafael Le\u00e3o precisa melhorar a condi\u00e7\u00e3o f\u00edsica\",\"datePublished\":\"2026-01-17T12:35:28+00:00\",\"mainEntityOfPage\":{\"@id\":\"https:\/\/portaltela.pt\/noticias\/2026\/01\/17\/allegri-diz-que-rafael-leao-precisa-melhorar-a-condicao-fisica\/\"},\"wordCount\":140,\"image\":{\"@id\":\"https:\/\/portaltela.pt\/noticias\/2026\/01\/17\/allegri-diz-que-rafael-leao-precisa-melhorar-a-condicao-fisica\/#primaryimage\"},\"thumbnailUrl\":\"https:\/\/portaltela.pt\/s.01k8rhncp4jt1\/2026\/01\/img_920x518uu2026-01-17-12-35-13-2415314.jpg\",\"keywords\":[\"assist\u00eancias\",\"futebol\",\"jogadores\",\"Portugal\",\"Rafael Le\u00e3o\",\"S\u00c9RIE\"],\"articleSection\":[\"Desporto\",\"Futebol\"],\"inLanguage\":\"pt-PT\"},{\"@type\":\"WebPage\",\"@id\":\"https:\/\/portaltela.pt\/noticias\/2026\/01\/17\/allegri-diz-que-rafael-leao-precisa-melhorar-a-condicao-fisica\/\",\"url\":\"https:\/\/portaltela.pt\/noticias\/2026\/01\/17\/allegri-diz-que-rafael-leao-precisa-melhorar-a-condicao-fisica\/\",\"name\":\"Allegri diz que Rafael Le\u00e3o precisa melhorar a condi\u00e7\u00e3o f\u00edsica - Portal Tela Portugal\",\"isPartOf\":{\"@id\":\"https:\/\/portaltela.pt\/#website\"},\"primaryImageOfPage\":{\"@id\":\"https:\/\/portaltela.pt\/noticias\/2026\/01\/17\/allegri-diz-que-rafael-leao-precisa-melhorar-a-condicao-fisica\/#primaryimage\"},\"image\":{\"@id\":\"https:\/\/portaltela.pt\/noticias\/2026\/01\/17\/allegri-diz-que-rafael-leao-precisa-melhorar-a-condicao-fisica\/#primaryimage\"},\"thumbnailUrl\":\"https:\/\/portaltela.pt\/s.01k8rhncp4jt1\/2026\/01\/img_920x518uu2026-01-17-12-35-13-2415314.jpg\",\"datePublished\":\"2026-01-17T12:35:28+00:00\",\"author\":{\"@id\":\"https:\/\/portaltela.pt\/#\/schema\/person\/c4278d4a6028830caff9ee44b42d32ed\"},\"breadcrumb\":{\"@id\":\"https:\/\/portaltela.pt\/noticias\/2026\/01\/17\/allegri-diz-que-rafael-leao-precisa-melhorar-a-condicao-fisica\/#breadcrumb\"},\"inLanguage\":\"pt-PT\",\"potentialAction\":[{\"@type\":\"ReadAction\",\"target\":[\"https:\/\/portaltela.pt\/noticias\/2026\/01\/17\/allegri-diz-que-rafael-leao-precisa-melhorar-a-condicao-fisica\/\"]}]},{\"@type\":\"ImageObject\",\"inLanguage\":\"pt-PT\",\"@id\":\"https:\/\/portaltela.pt\/noticias\/2026\/01\/17\/allegri-diz-que-rafael-leao-precisa-melhorar-a-condicao-fisica\/#primaryimage\",\"url\":\"https:\/\/portaltela.pt\/s.01k8rhncp4jt1\/2026\/01\/img_920x518uu2026-01-17-12-35-13-2415314.jpg\",\"contentUrl\":\"https:\/\/portaltela.pt\/s.01k8rhncp4jt1\/2026\/01\/img_920x518uu2026-01-17-12-35-13-2415314.jpg\",\"width\":796,\"height\":448,\"caption\":\"Rafael Le\u00e3o\"},{\"@type\":\"BreadcrumbList\",\"@id\":\"https:\/\/portaltela.pt\/noticias\/2026\/01\/17\/allegri-diz-que-rafael-leao-precisa-melhorar-a-condicao-fisica\/#breadcrumb\",\"itemListElement\":[{\"@type\":\"ListItem\",\"position\":1,\"name\":\"In\u00edcio\",\"item\":\"https:\/\/portaltela.pt\/\"},{\"@type\":\"ListItem\",\"position\":2,\"name\":\"Allegri diz que Rafael Le\u00e3o precisa melhorar a condi\u00e7\u00e3o f\u00edsica\"}]},{\"@type\":\"WebSite\",\"@id\":\"https:\/\/portaltela.pt\/#website\",\"url\":\"https:\/\/portaltela.pt\/\",\"name\":\"Portal Tela Portugal\",\"description\":\"\",\"potentialAction\":[{\"@type\":\"SearchAction\",\"target\":{\"@type\":\"EntryPoint\",\"urlTemplate\":\"https:\/\/portaltela.pt\/?s={search_term_string}\"},\"query-input\":{\"@type\":\"PropertyValueSpecification\",\"valueRequired\":true,\"valueName\":\"search_term_string\"}}],\"inLanguage\":\"pt-PT\"},{\"@type\":\"Person\",\"@id\":\"https:\/\/portaltela.pt\/#\/schema\/person\/c4278d4a6028830caff9ee44b42d32ed\",\"name\":\"Telinha\",\"image\":{\"@type\":\"ImageObject\",\"inLanguage\":\"pt-PT\",\"@id\":\"https:\/\/portaltela.pt\/s.01k8rhncp4jt1\/2025\/11\/talking-bot-125x125.png\",\"url\":\"https:\/\/portaltela.pt\/s.01k8rhncp4jt1\/2025\/11\/talking-bot-125x125.png\",\"contentUrl\":\"https:\/\/portaltela.pt\/s.01k8rhncp4jt1\/2025\/11\/talking-bot-125x125.png\",\"caption\":\"Telinha\"},\"sameAs\":[\"https:\/\/portaltela.pt\/\"],\"url\":\"https:\/\/portaltela.pt\/por\/367410592786\/\"}]}<\/script>\n<!-- \/ Yoast SEO plugin. -->","yoast_head_json":{"title":"Allegri diz que Rafael Le\u00e3o precisa melhorar a condi\u00e7\u00e3o f\u00edsica - Portal Tela Portugal","robots":{"index":"index","follow":"follow","max-snippet":"max-snippet:-1","max-image-preview":"max-image-preview:large","max-video-preview":"max-video-preview:-1"},"og_locale":"pt_PT","og_type":"article","og_title":"Allegri diz que Rafael Le\u00e3o precisa melhorar a condi\u00e7\u00e3o f\u00edsica - Portal Tela Portugal","og_description":"O treinador Massimiliano Allegri afirmou que Rafael Le\u00e3o n\u00e3o est\u00e1 \u201cmuito bem\u201d do ponto de vista f\u00edsico. Allegri disse que depende dele chegar ao n\u00edvel desejado, destacando que o jogador precisa de melhorar a condi\u00e7\u00e3o f\u00edsica. O Milan enfrenta o Lecce na 21.\u00aa jornada da Serie A, com a partida marcada para as 19h45. Em 2026, Le\u00e3o foi titular em tr\u00eas dos quatro jogos do Milan, totalizando 259 minutos em campo. O internacional portugu\u00eas tem duas golos e uma assist\u00eancia nesses jogos.","og_url":"https:\/\/portaltela.pt\/noticias\/2026\/01\/17\/allegri-diz-que-rafael-leao-precisa-melhorar-a-condicao-fisica\/","og_site_name":"Portal Tela Portugal","article_published_time":"2026-01-17T12:35:28+00:00","author":"Telinha","twitter_card":"summary_large_image","twitter_misc":{"Escrito por":"Telinha","Tempo estimado de leitura":"1 minuto"},"schema":{"@context":"https:\/\/schema.org","@graph":[{"@type":"Article","@id":"https:\/\/portaltela.pt\/noticias\/2026\/01\/17\/allegri-diz-que-rafael-leao-precisa-melhorar-a-condicao-fisica\/#article","isPartOf":{"@id":"https:\/\/portaltela.pt\/noticias\/2026\/01\/17\/allegri-diz-que-rafael-leao-precisa-melhorar-a-condicao-fisica\/"},"author":{"name":"Telinha","@id":"https:\/\/portaltela.pt\/#\/schema\/person\/c4278d4a6028830caff9ee44b42d32ed"},"headline":"Allegri diz que Rafael Le\u00e3o precisa melhorar a condi\u00e7\u00e3o f\u00edsica","datePublished":"2026-01-17T12:35:28+00:00","mainEntityOfPage":{"@id":"https:\/\/portaltela.pt\/noticias\/2026\/01\/17\/allegri-diz-que-rafael-leao-precisa-melhorar-a-condicao-fisica\/"},"wordCount":140,"image":{"@id":"https:\/\/portaltela.pt\/noticias\/2026\/01\/17\/allegri-diz-que-rafael-leao-precisa-melhorar-a-condicao-fisica\/#primaryimage"},"thumbnailUrl":"https:\/\/portaltela.pt\/s.01k8rhncp4jt1\/2026\/01\/img_920x518uu2026-01-17-12-35-13-2415314.jpg","keywords":["assist\u00eancias","futebol","jogadores","Portugal","Rafael Le\u00e3o","S\u00c9RIE"],"articleSection":["Desporto","Futebol"],"inLanguage":"pt-PT"},{"@type":"WebPage","@id":"https:\/\/portaltela.pt\/noticias\/2026\/01\/17\/allegri-diz-que-rafael-leao-precisa-melhorar-a-condicao-fisica\/","url":"https:\/\/portaltela.pt\/noticias\/2026\/01\/17\/allegri-diz-que-rafael-leao-precisa-melhorar-a-condicao-fisica\/","name":"Allegri diz que Rafael Le\u00e3o precisa melhorar a condi\u00e7\u00e3o f\u00edsica - Portal Tela Portugal","isPartOf":{"@id":"https:\/\/portaltela.pt\/#website"},"primaryImageOfPage":{"@id":"https:\/\/portaltela.pt\/noticias\/2026\/01\/17\/allegri-diz-que-rafael-leao-precisa-melhorar-a-condicao-fisica\/#primaryimage"},"image":{"@id":"https:\/\/portaltela.pt\/noticias\/2026\/01\/17\/allegri-diz-que-rafael-leao-precisa-melhorar-a-condicao-fisica\/#primaryimage"},"thumbnailUrl":"https:\/\/portaltela.pt\/s.01k8rhncp4jt1\/2026\/01\/img_920x518uu2026-01-17-12-35-13-2415314.jpg","datePublished":"2026-01-17T12:35:28+00:00","author":{"@id":"https:\/\/portaltela.pt\/#\/schema\/person\/c4278d4a6028830caff9ee44b42d32ed"},"breadcrumb":{"@id":"https:\/\/portaltela.pt\/noticias\/2026\/01\/17\/allegri-diz-que-rafael-leao-precisa-melhorar-a-condicao-fisica\/#breadcrumb"},"inLanguage":"pt-PT","potentialAction":[{"@type":"ReadAction","target":["https:\/\/portaltela.pt\/noticias\/2026\/01\/17\/allegri-diz-que-rafael-leao-precisa-melhorar-a-condicao-fisica\/"]}]},{"@type":"ImageObject","inLanguage":"pt-PT","@id":"https:\/\/portaltela.pt\/noticias\/2026\/01\/17\/allegri-diz-que-rafael-leao-precisa-melhorar-a-condicao-fisica\/#primaryimage","url":"https:\/\/portaltela.pt\/s.01k8rhncp4jt1\/2026\/01\/img_920x518uu2026-01-17-12-35-13-2415314.jpg","contentUrl":"https:\/\/portaltela.pt\/s.01k8rhncp4jt1\/2026\/01\/img_920x518uu2026-01-17-12-35-13-2415314.jpg","width":796,"height":448,"caption":"Rafael Le\u00e3o"},{"@type":"BreadcrumbList","@id":"https:\/\/portaltela.pt\/noticias\/2026\/01\/17\/allegri-diz-que-rafael-leao-precisa-melhorar-a-condicao-fisica\/#breadcrumb","itemListElement":[{"@type":"ListItem","position":1,"name":"In\u00edcio","item":"https:\/\/portaltela.pt\/"},{"@type":"ListItem","position":2,"name":"Allegri diz que Rafael Le\u00e3o precisa melhorar a condi\u00e7\u00e3o f\u00edsica"}]},{"@type":"WebSite","@id":"https:\/\/portaltela.pt\/#website","url":"https:\/\/portaltela.pt\/","name":"Portal Tela Portugal","description":"","potentialAction":[{"@type":"SearchAction","target":{"@type":"EntryPoint","urlTemplate":"https:\/\/portaltela.pt\/?s={search_term_string}"},"query-input":{"@type":"PropertyValueSpecification","valueRequired":true,"valueName":"search_term_string"}}],"inLanguage":"pt-PT"},{"@type":"Person","@id":"https:\/\/portaltela.pt\/#\/schema\/person\/c4278d4a6028830caff9ee44b42d32ed","name":"Telinha","image":{"@type":"ImageObject","inLanguage":"pt-PT","@id":"https:\/\/portaltela.pt\/s.01k8rhncp4jt1\/2025\/11\/talking-bot-125x125.png","url":"https:\/\/portaltela.pt\/s.01k8rhncp4jt1\/2025\/11\/talking-bot-125x125.png","contentUrl":"https:\/\/portaltela.pt\/s.01k8rhncp4jt1\/2025\/11\/talking-bot-125x125.png","caption":"Telinha"},"sameAs":["https:\/\/portaltela.pt\/"],"url":"https:\/\/portaltela.pt\/por\/367410592786\/"}]}},"_links":{"self":[{"href":"https:\/\/portaltela.pt\/api\/wp\/v2\/posts\/147831","targetHints":{"allow":["GET"]}}],"collection":[{"href":"https:\/\/portaltela.pt\/api\/wp\/v2\/posts"}],"about":[{"href":"https:\/\/portaltela.pt\/api\/wp\/v2\/types\/post"}],"author":[{"embeddable":true,"href":"https:\/\/portaltela.pt\/api\/wp\/v2\/users\/2"}],"replies":[{"embeddable":true,"href":"https:\/\/portaltela.pt\/api\/wp\/v2\/comments?post=147831"}],"version-history":[{"count":0,"href":"https:\/\/portaltela.pt\/api\/wp\/v2\/posts\/147831\/revisions"}],"wp:featuredmedia":[{"embeddable":true,"href":"https:\/\/portaltela.pt\/api\/wp\/v2\/media\/147839"}],"wp:attachment":[{"href":"https:\/\/portaltela.pt\/api\/wp\/v2\/media?parent=147831"}],"wp:term":[{"taxonomy":"category","embeddable":true,"href":"https:\/\/portaltela.pt\/api\/wp\/v2\/categories?post=147831"},{"taxonomy":"post_tag","embeddable":true,"href":"https:\/\/portaltela.pt\/api\/wp\/v2\/tags?post=147831"}],"curies":[{"name":"wp","href":"https:\/\/api.w.org\/{rel}","templated":true}]}}