{"id":147628,"date":"2026-01-17T08:02:21","date_gmt":"2026-01-17T11:02:21","guid":{"rendered":"https:\/\/portaltela.pt\/noticias\/2026\/01\/17\/manchester-united-precisa-de-evitar-rumo-radical-dizem-criticos\/"},"modified":"2026-01-17T08:02:21","modified_gmt":"2026-01-17T11:02:21","slug":"manchester-united-precisa-de-evitar-rumo-radical-dizem-criticos","status":"publish","type":"post","link":"https:\/\/portaltela.pt\/desporto\/futebol\/2026\/01\/17\/manchester-united-precisa-de-evitar-rumo-radical-dizem-criticos\/","title":{"rendered":"Manchester United precisa de evitar rumo radical, dizem cr\u00edticos"},"content":{"rendered":"<p>Rio Ferdinand defende uma mudan\u00e7a radical na abordagem de recrutamento do Manchester United para o pr\u00f3ximo treinador, ap\u00f3s a sa\u00edda de Ruben Amorim. Carrick foi o escolhido para suceder Amorim at\u00e9 ao final da presente temporada, mas a d\u00favida persiste sobre quem ficar\u00e1 no cargo a partir da pr\u00f3xima \u00e9poca.<\/p>\n<p>O antigo defesa central dos red devils aponta para uma aposta em treinadores fora do perfil habitual do clube. Ferdinand recorda v\u00e1rios estilos j\u00e1 usados e defende uma estrat\u00e9gia mais arrojada, com personalidades apaixonadas e que n\u00e3o se deixem intimidar pela comunica\u00e7\u00e3o social.<\/p>\n<h3>Sugest\u00e3o de Ferdinand<\/h3>\n<p>Entre nomes discutidos para o pr\u00f3ximo ciclo, o ex-jogador cita Antonio Conte e Roberto De Zerbi como candidatos que reuniriam as caracter\u00edsticas desejadas para reerguer o pr\u00f3prio clube. Conte \u00e9 visto como capaz de entrar de imediato e estabilizar, enquanto De Zerbi \u00e9 associado a uma identidade de jogo clara.<\/p>\n<p>Ferdinand acrescenta que Conte tem hist\u00f3rico de reerguer equipas quando h\u00e1 necessidade, em Chelsea e Napoli, enquanto De Zerbi j\u00e1 demonstrou capacidade de implantar rapidamente um estilo competitivo em v\u00e1rios clubes. Uma mistura dessas abordagens seria, na opini\u00e3o dele, a solu\u00e7\u00e3o ideal para o United.<\/p>\n<h3>Contexto atual e pr\u00f3xima \u00e9poca<\/h3>\n<p>Atualmente, Conte lidera a equipa de N\u00e1poles e De Zerbi comanda o Marselha, o que complica a eventual transi\u00e7\u00e3o de treinador no United. A decis\u00e3o sobre o substituto de Amorim continuar\u00e1 a ser tema de an\u00e1lise nos pr\u00f3ximos dias, com v\u00e1rias hip\u00f3teses ainda em curso.<\/p>\n","protected":false},"excerpt":{"rendered":"<ul>\n<li>Rio Ferdinand defende que o Manchester United devia seguir um caminho \u201clun\u00e1tico\u201d na escolha do pr\u00f3ximo treinador, diferente dos anteriores.<\/li>\n<li>O antigo defesa diz que j\u00e1 houve treinadores astutos, jovens em ascens\u00e3o e lendas do clube, devendo agora apostar em algu\u00e9m com grande paix\u00e3o e coragem.<\/li>\n<li>Ferdinand aponta duas hip\u00f3teses: Antonio Conte e Roberto De Zerbi, considerando-os capazes de entrar rapidamente e transformar a equipa.<\/li>\n<li>No lote de potenciais candidatos para a pr\u00f3xima temporada surgem nomes como Thomas Tuchel, Carlo Ancelotti e Julian Nagelsmann, segundo a not\u00edcia.<\/li>\n<li>O facto atual \u00e9 que Michael Carrick substituiu Ruben Amorim at\u00e9 ao fim da temporada, com a continuidade ap\u00f3s esse periodo a ser alvo de debate.<\/li>\n<\/ul>\n","protected":false},"author":2,"featured_media":147640,"comment_status":"closed","ping_status":"closed","sticky":false,"template":"","format":"standard","meta":{"footnotes":""},"categories":[21,24],"tags":[2164,32,3187,2121,2451,2477],"class_list":["post-147628","post","type-post","status-publish","format-standard","has-post-thumbnail","hentry","category-desporto","category-futebol","tag-chelsea","tag-futebol","tag-manchester-united","tag-napoli","tag-roberto-de-zerbi","tag-treinadores"],"yoast_head":"<!-- This site is optimized with the Yoast SEO plugin v27.2 - https:\/\/yoast.com\/product\/yoast-seo-wordpress\/ -->\n<title>Manchester United precisa de evitar rumo radical, dizem cr\u00edticos - Portal Tela Portugal<\/title>\n<meta name=\"robots\" content=\"index, follow, max-snippet:-1, max-image-preview:large, max-video-preview:-1\" \/>\n<meta property=\"og:locale\" content=\"pt_PT\" \/>\n<meta property=\"og:type\" content=\"article\" \/>\n<meta property=\"og:title\" content=\"Manchester United precisa de evitar rumo radical, dizem cr\u00edticos - Portal Tela Portugal\" \/>\n<meta property=\"og:description\" content=\"Rio Ferdinand defende que o Manchester United devia seguir um caminho \u201clun\u00e1tico\u201d na escolha do pr\u00f3ximo treinador, diferente dos anteriores. O antigo defesa diz que j\u00e1 houve treinadores astutos, jovens em ascens\u00e3o e lendas do clube, devendo agora apostar em algu\u00e9m com grande paix\u00e3o e coragem. Ferdinand aponta duas hip\u00f3teses: Antonio Conte e Roberto De Zerbi, considerando-os capazes de entrar rapidamente e transformar a equipa. No lote de potenciais candidatos para a pr\u00f3xima temporada surgem nomes como Thomas Tuchel, Carlo Ancelotti e Julian Nagelsmann, segundo a not\u00edcia. O facto atual \u00e9 que Michael Carrick substituiu Ruben Amorim at\u00e9 ao fim da temporada, com a continuidade ap\u00f3s esse periodo a ser alvo de debate.\" \/>\n<meta property=\"og:url\" content=\"https:\/\/portaltela.pt\/noticias\/2026\/01\/17\/manchester-united-precisa-de-evitar-rumo-radical-dizem-criticos\/\" \/>\n<meta property=\"og:site_name\" content=\"Portal Tela Portugal\" \/>\n<meta property=\"article:published_time\" content=\"2026-01-17T11:02:21+00:00\" \/>\n<meta name=\"author\" content=\"Telinha\" \/>\n<meta name=\"twitter:card\" content=\"summary_large_image\" \/>\n<meta name=\"twitter:label1\" content=\"Escrito por\" \/>\n\t<meta name=\"twitter:data1\" content=\"Telinha\" \/>\n\t<meta name=\"twitter:label2\" content=\"Tempo estimado de leitura\" \/>\n\t<meta name=\"twitter:data2\" content=\"1 minuto\" \/>\n<script type=\"application\/ld+json\" class=\"yoast-schema-graph\">{\"@context\":\"https:\/\/schema.org\",\"@graph\":[{\"@type\":\"Article\",\"@id\":\"https:\/\/portaltela.pt\/noticias\/2026\/01\/17\/manchester-united-precisa-de-evitar-rumo-radical-dizem-criticos\/#article\",\"isPartOf\":{\"@id\":\"https:\/\/portaltela.pt\/noticias\/2026\/01\/17\/manchester-united-precisa-de-evitar-rumo-radical-dizem-criticos\/\"},\"author\":{\"name\":\"Telinha\",\"@id\":\"https:\/\/portaltela.pt\/#\/schema\/person\/c4278d4a6028830caff9ee44b42d32ed\"},\"headline\":\"Manchester United precisa de evitar rumo radical, dizem cr\u00edticos\",\"datePublished\":\"2026-01-17T11:02:21+00:00\",\"mainEntityOfPage\":{\"@id\":\"https:\/\/portaltela.pt\/noticias\/2026\/01\/17\/manchester-united-precisa-de-evitar-rumo-radical-dizem-criticos\/\"},\"wordCount\":275,\"image\":{\"@id\":\"https:\/\/portaltela.pt\/noticias\/2026\/01\/17\/manchester-united-precisa-de-evitar-rumo-radical-dizem-criticos\/#primaryimage\"},\"thumbnailUrl\":\"https:\/\/portaltela.pt\/s.01k8rhncp4jt1\/2026\/01\/ef065ed8-20ed-4fac-862f-b1a69aa51fad.jpg\",\"keywords\":[\"Chelsea\",\"futebol\",\"Manchester United\",\"Napoli\",\"Roberto De Zerbi\",\"treinadores\"],\"articleSection\":[\"Desporto\",\"Futebol\"],\"inLanguage\":\"pt-PT\"},{\"@type\":\"WebPage\",\"@id\":\"https:\/\/portaltela.pt\/noticias\/2026\/01\/17\/manchester-united-precisa-de-evitar-rumo-radical-dizem-criticos\/\",\"url\":\"https:\/\/portaltela.pt\/noticias\/2026\/01\/17\/manchester-united-precisa-de-evitar-rumo-radical-dizem-criticos\/\",\"name\":\"Manchester United precisa de evitar rumo radical, dizem cr\u00edticos - Portal Tela Portugal\",\"isPartOf\":{\"@id\":\"https:\/\/portaltela.pt\/#website\"},\"primaryImageOfPage\":{\"@id\":\"https:\/\/portaltela.pt\/noticias\/2026\/01\/17\/manchester-united-precisa-de-evitar-rumo-radical-dizem-criticos\/#primaryimage\"},\"image\":{\"@id\":\"https:\/\/portaltela.pt\/noticias\/2026\/01\/17\/manchester-united-precisa-de-evitar-rumo-radical-dizem-criticos\/#primaryimage\"},\"thumbnailUrl\":\"https:\/\/portaltela.pt\/s.01k8rhncp4jt1\/2026\/01\/ef065ed8-20ed-4fac-862f-b1a69aa51fad.jpg\",\"datePublished\":\"2026-01-17T11:02:21+00:00\",\"author\":{\"@id\":\"https:\/\/portaltela.pt\/#\/schema\/person\/c4278d4a6028830caff9ee44b42d32ed\"},\"breadcrumb\":{\"@id\":\"https:\/\/portaltela.pt\/noticias\/2026\/01\/17\/manchester-united-precisa-de-evitar-rumo-radical-dizem-criticos\/#breadcrumb\"},\"inLanguage\":\"pt-PT\",\"potentialAction\":[{\"@type\":\"ReadAction\",\"target\":[\"https:\/\/portaltela.pt\/noticias\/2026\/01\/17\/manchester-united-precisa-de-evitar-rumo-radical-dizem-criticos\/\"]}]},{\"@type\":\"ImageObject\",\"inLanguage\":\"pt-PT\",\"@id\":\"https:\/\/portaltela.pt\/noticias\/2026\/01\/17\/manchester-united-precisa-de-evitar-rumo-radical-dizem-criticos\/#primaryimage\",\"url\":\"https:\/\/portaltela.pt\/s.01k8rhncp4jt1\/2026\/01\/ef065ed8-20ed-4fac-862f-b1a69aa51fad.jpg\",\"contentUrl\":\"https:\/\/portaltela.pt\/s.01k8rhncp4jt1\/2026\/01\/ef065ed8-20ed-4fac-862f-b1a69aa51fad.jpg\",\"width\":796,\"height\":448,\"caption\":\"Antonio Conte, treinador do N\u00e1poles\"},{\"@type\":\"BreadcrumbList\",\"@id\":\"https:\/\/portaltela.pt\/noticias\/2026\/01\/17\/manchester-united-precisa-de-evitar-rumo-radical-dizem-criticos\/#breadcrumb\",\"itemListElement\":[{\"@type\":\"ListItem\",\"position\":1,\"name\":\"In\u00edcio\",\"item\":\"https:\/\/portaltela.pt\/\"},{\"@type\":\"ListItem\",\"position\":2,\"name\":\"Manchester United precisa de evitar rumo radical, dizem cr\u00edticos\"}]},{\"@type\":\"WebSite\",\"@id\":\"https:\/\/portaltela.pt\/#website\",\"url\":\"https:\/\/portaltela.pt\/\",\"name\":\"Portal Tela Portugal\",\"description\":\"\",\"potentialAction\":[{\"@type\":\"SearchAction\",\"target\":{\"@type\":\"EntryPoint\",\"urlTemplate\":\"https:\/\/portaltela.pt\/?s={search_term_string}\"},\"query-input\":{\"@type\":\"PropertyValueSpecification\",\"valueRequired\":true,\"valueName\":\"search_term_string\"}}],\"inLanguage\":\"pt-PT\"},{\"@type\":\"Person\",\"@id\":\"https:\/\/portaltela.pt\/#\/schema\/person\/c4278d4a6028830caff9ee44b42d32ed\",\"name\":\"Telinha\",\"image\":{\"@type\":\"ImageObject\",\"inLanguage\":\"pt-PT\",\"@id\":\"https:\/\/portaltela.pt\/s.01k8rhncp4jt1\/2025\/11\/talking-bot-125x125.png\",\"url\":\"https:\/\/portaltela.pt\/s.01k8rhncp4jt1\/2025\/11\/talking-bot-125x125.png\",\"contentUrl\":\"https:\/\/portaltela.pt\/s.01k8rhncp4jt1\/2025\/11\/talking-bot-125x125.png\",\"caption\":\"Telinha\"},\"sameAs\":[\"https:\/\/portaltela.pt\/\"],\"url\":\"https:\/\/portaltela.pt\/por\/367410592786\/\"}]}<\/script>\n<!-- \/ Yoast SEO plugin. -->","yoast_head_json":{"title":"Manchester United precisa de evitar rumo radical, dizem cr\u00edticos - Portal Tela Portugal","robots":{"index":"index","follow":"follow","max-snippet":"max-snippet:-1","max-image-preview":"max-image-preview:large","max-video-preview":"max-video-preview:-1"},"og_locale":"pt_PT","og_type":"article","og_title":"Manchester United precisa de evitar rumo radical, dizem cr\u00edticos - Portal Tela Portugal","og_description":"Rio Ferdinand defende que o Manchester United devia seguir um caminho \u201clun\u00e1tico\u201d na escolha do pr\u00f3ximo treinador, diferente dos anteriores. O antigo defesa diz que j\u00e1 houve treinadores astutos, jovens em ascens\u00e3o e lendas do clube, devendo agora apostar em algu\u00e9m com grande paix\u00e3o e coragem. Ferdinand aponta duas hip\u00f3teses: Antonio Conte e Roberto De Zerbi, considerando-os capazes de entrar rapidamente e transformar a equipa. No lote de potenciais candidatos para a pr\u00f3xima temporada surgem nomes como Thomas Tuchel, Carlo Ancelotti e Julian Nagelsmann, segundo a not\u00edcia. O facto atual \u00e9 que Michael Carrick substituiu Ruben Amorim at\u00e9 ao fim da temporada, com a continuidade ap\u00f3s esse periodo a ser alvo de debate.","og_url":"https:\/\/portaltela.pt\/noticias\/2026\/01\/17\/manchester-united-precisa-de-evitar-rumo-radical-dizem-criticos\/","og_site_name":"Portal Tela Portugal","article_published_time":"2026-01-17T11:02:21+00:00","author":"Telinha","twitter_card":"summary_large_image","twitter_misc":{"Escrito por":"Telinha","Tempo estimado de leitura":"1 minuto"},"schema":{"@context":"https:\/\/schema.org","@graph":[{"@type":"Article","@id":"https:\/\/portaltela.pt\/noticias\/2026\/01\/17\/manchester-united-precisa-de-evitar-rumo-radical-dizem-criticos\/#article","isPartOf":{"@id":"https:\/\/portaltela.pt\/noticias\/2026\/01\/17\/manchester-united-precisa-de-evitar-rumo-radical-dizem-criticos\/"},"author":{"name":"Telinha","@id":"https:\/\/portaltela.pt\/#\/schema\/person\/c4278d4a6028830caff9ee44b42d32ed"},"headline":"Manchester United precisa de evitar rumo radical, dizem cr\u00edticos","datePublished":"2026-01-17T11:02:21+00:00","mainEntityOfPage":{"@id":"https:\/\/portaltela.pt\/noticias\/2026\/01\/17\/manchester-united-precisa-de-evitar-rumo-radical-dizem-criticos\/"},"wordCount":275,"image":{"@id":"https:\/\/portaltela.pt\/noticias\/2026\/01\/17\/manchester-united-precisa-de-evitar-rumo-radical-dizem-criticos\/#primaryimage"},"thumbnailUrl":"https:\/\/portaltela.pt\/s.01k8rhncp4jt1\/2026\/01\/ef065ed8-20ed-4fac-862f-b1a69aa51fad.jpg","keywords":["Chelsea","futebol","Manchester United","Napoli","Roberto De Zerbi","treinadores"],"articleSection":["Desporto","Futebol"],"inLanguage":"pt-PT"},{"@type":"WebPage","@id":"https:\/\/portaltela.pt\/noticias\/2026\/01\/17\/manchester-united-precisa-de-evitar-rumo-radical-dizem-criticos\/","url":"https:\/\/portaltela.pt\/noticias\/2026\/01\/17\/manchester-united-precisa-de-evitar-rumo-radical-dizem-criticos\/","name":"Manchester United precisa de evitar rumo radical, dizem cr\u00edticos - Portal Tela Portugal","isPartOf":{"@id":"https:\/\/portaltela.pt\/#website"},"primaryImageOfPage":{"@id":"https:\/\/portaltela.pt\/noticias\/2026\/01\/17\/manchester-united-precisa-de-evitar-rumo-radical-dizem-criticos\/#primaryimage"},"image":{"@id":"https:\/\/portaltela.pt\/noticias\/2026\/01\/17\/manchester-united-precisa-de-evitar-rumo-radical-dizem-criticos\/#primaryimage"},"thumbnailUrl":"https:\/\/portaltela.pt\/s.01k8rhncp4jt1\/2026\/01\/ef065ed8-20ed-4fac-862f-b1a69aa51fad.jpg","datePublished":"2026-01-17T11:02:21+00:00","author":{"@id":"https:\/\/portaltela.pt\/#\/schema\/person\/c4278d4a6028830caff9ee44b42d32ed"},"breadcrumb":{"@id":"https:\/\/portaltela.pt\/noticias\/2026\/01\/17\/manchester-united-precisa-de-evitar-rumo-radical-dizem-criticos\/#breadcrumb"},"inLanguage":"pt-PT","potentialAction":[{"@type":"ReadAction","target":["https:\/\/portaltela.pt\/noticias\/2026\/01\/17\/manchester-united-precisa-de-evitar-rumo-radical-dizem-criticos\/"]}]},{"@type":"ImageObject","inLanguage":"pt-PT","@id":"https:\/\/portaltela.pt\/noticias\/2026\/01\/17\/manchester-united-precisa-de-evitar-rumo-radical-dizem-criticos\/#primaryimage","url":"https:\/\/portaltela.pt\/s.01k8rhncp4jt1\/2026\/01\/ef065ed8-20ed-4fac-862f-b1a69aa51fad.jpg","contentUrl":"https:\/\/portaltela.pt\/s.01k8rhncp4jt1\/2026\/01\/ef065ed8-20ed-4fac-862f-b1a69aa51fad.jpg","width":796,"height":448,"caption":"Antonio Conte, treinador do N\u00e1poles"},{"@type":"BreadcrumbList","@id":"https:\/\/portaltela.pt\/noticias\/2026\/01\/17\/manchester-united-precisa-de-evitar-rumo-radical-dizem-criticos\/#breadcrumb","itemListElement":[{"@type":"ListItem","position":1,"name":"In\u00edcio","item":"https:\/\/portaltela.pt\/"},{"@type":"ListItem","position":2,"name":"Manchester United precisa de evitar rumo radical, dizem cr\u00edticos"}]},{"@type":"WebSite","@id":"https:\/\/portaltela.pt\/#website","url":"https:\/\/portaltela.pt\/","name":"Portal Tela Portugal","description":"","potentialAction":[{"@type":"SearchAction","target":{"@type":"EntryPoint","urlTemplate":"https:\/\/portaltela.pt\/?s={search_term_string}"},"query-input":{"@type":"PropertyValueSpecification","valueRequired":true,"valueName":"search_term_string"}}],"inLanguage":"pt-PT"},{"@type":"Person","@id":"https:\/\/portaltela.pt\/#\/schema\/person\/c4278d4a6028830caff9ee44b42d32ed","name":"Telinha","image":{"@type":"ImageObject","inLanguage":"pt-PT","@id":"https:\/\/portaltela.pt\/s.01k8rhncp4jt1\/2025\/11\/talking-bot-125x125.png","url":"https:\/\/portaltela.pt\/s.01k8rhncp4jt1\/2025\/11\/talking-bot-125x125.png","contentUrl":"https:\/\/portaltela.pt\/s.01k8rhncp4jt1\/2025\/11\/talking-bot-125x125.png","caption":"Telinha"},"sameAs":["https:\/\/portaltela.pt\/"],"url":"https:\/\/portaltela.pt\/por\/367410592786\/"}]}},"_links":{"self":[{"href":"https:\/\/portaltela.pt\/api\/wp\/v2\/posts\/147628","targetHints":{"allow":["GET"]}}],"collection":[{"href":"https:\/\/portaltela.pt\/api\/wp\/v2\/posts"}],"about":[{"href":"https:\/\/portaltela.pt\/api\/wp\/v2\/types\/post"}],"author":[{"embeddable":true,"href":"https:\/\/portaltela.pt\/api\/wp\/v2\/users\/2"}],"replies":[{"embeddable":true,"href":"https:\/\/portaltela.pt\/api\/wp\/v2\/comments?post=147628"}],"version-history":[{"count":0,"href":"https:\/\/portaltela.pt\/api\/wp\/v2\/posts\/147628\/revisions"}],"wp:featuredmedia":[{"embeddable":true,"href":"https:\/\/portaltela.pt\/api\/wp\/v2\/media\/147640"}],"wp:attachment":[{"href":"https:\/\/portaltela.pt\/api\/wp\/v2\/media?parent=147628"}],"wp:term":[{"taxonomy":"category","embeddable":true,"href":"https:\/\/portaltela.pt\/api\/wp\/v2\/categories?post=147628"},{"taxonomy":"post_tag","embeddable":true,"href":"https:\/\/portaltela.pt\/api\/wp\/v2\/tags?post=147628"}],"curies":[{"name":"wp","href":"https:\/\/api.w.org\/{rel}","templated":true}]}}