{"id":147535,"date":"2026-01-17T07:17:03","date_gmt":"2026-01-17T10:17:03","guid":{"rendered":"https:\/\/portaltela.pt\/noticias\/2026\/01\/17\/hoje-discutimos-cuidados-e-recomendacoes-essenciais\/"},"modified":"2026-01-17T07:17:03","modified_gmt":"2026-01-17T10:17:03","slug":"hoje-discutimos-cuidados-e-recomendacoes-essenciais","status":"publish","type":"post","link":"https:\/\/portaltela.pt\/noticias\/2026\/01\/17\/hoje-discutimos-cuidados-e-recomendacoes-essenciais\/","title":{"rendered":"Hoje discutimos cuidados e recomenda\u00e7\u00f5es essenciais"},"content":{"rendered":"<p>Hoje foi divulgado um conjunto de cuidados e recomenda\u00e7\u00f5es b\u00e1sicas para a sa\u00fade, com foco na preven\u00e7\u00e3o e prote\u00e7\u00e3o de toda a comunidade. A informa\u00e7\u00e3o pretende apoiar decis\u00f5es cotidianas e reduzir riscos.<\/p>\n<p>A orienta\u00e7\u00e3o \u00e9 dirigida ao p\u00fablico em geral e resulta de autoridades de sa\u00fade que destacam a import\u00e2ncia de manter h\u00e1bitos preventivos. Recomenda-se ficar atento a sinais de alerta, como febre ou tosse, e procurar orienta\u00e7\u00e3o adequada.<\/p>\n<h3>Cuidados recomendados e sinais de alerta<\/h3>\n<p>Mant\u00e9m-se a higiene das m\u00e3os e o distanciamento quando necess\u00e1rio. Pessoas com sintomas devem isolar-se e contactar os servi\u00e7os de sa\u00fade para receber instru\u00e7\u00f5es espec\u00edficas.<\/p>\n<p>\u00c9 essencial seguir as instru\u00e7\u00f5es das autoridades e manter-se informado atrav\u00e9s de fontes oficiais. Proteja-se e proteja os outros, evitando propaga\u00e7\u00e3o de doen\u00e7as respirat\u00f3rias.<\/p>\n<h3>Contato e fontes<\/h3>\n<p>N\u00e3o foram indicados contatos diretos na mensagem original, mas a orienta\u00e7\u00e3o refor\u00e7a a necessidade de recorrer aos servi\u00e7os adequados quando surgirem sintomas. Credite-se as fontes oficiais de sa\u00fade p\u00fablica.<\/p>\n","protected":false},"excerpt":{"rendered":"<ul>\n<li>O texto aborda cuidados e recomenda\u00e7\u00f5es essenciais para a sa\u00fade.<\/li>\n<li>Indica ficar atento a sinais como febre ou tosse e ligar primeiro para o servi\u00e7o de sa\u00fade.<\/li>\n<li>Enfatiza a prote\u00e7\u00e3o de quem est\u00e1 consigo e de outras pessoas.<\/li>\n<li>A publica\u00e7\u00e3o associa-se a temas de sa\u00fade p\u00fablica e covid-19 nas etiquetas.<\/li>\n<li>N\u00e3o h\u00e1 dados adicionais verific\u00e1veis no conte\u00fado fornecido.<\/li>\n<\/ul>\n","protected":false},"author":2,"featured_media":147547,"comment_status":"closed","ping_status":"closed","sticky":false,"template":"","format":"standard","meta":{"footnotes":""},"categories":[1],"tags":[61,672,3305,2342,195,271],"class_list":["post-147535","post","type-post","status-publish","format-standard","has-post-thumbnail","hentry","category-noticias","tag-doencas","tag-higiene-urbana","tag-infeccao-respiratoria","tag-infeccao-respiratoria-aguda","tag-informacao","tag-saude-publica"],"yoast_head":"<!-- This site is optimized with the Yoast SEO plugin v27.2 - https:\/\/yoast.com\/product\/yoast-seo-wordpress\/ -->\n<title>Hoje discutimos cuidados e recomenda\u00e7\u00f5es essenciais - Portal Tela Portugal<\/title>\n<meta name=\"robots\" content=\"index, follow, max-snippet:-1, max-image-preview:large, max-video-preview:-1\" \/>\n<meta property=\"og:locale\" content=\"pt_PT\" \/>\n<meta property=\"og:type\" content=\"article\" \/>\n<meta property=\"og:title\" content=\"Hoje discutimos cuidados e recomenda\u00e7\u00f5es essenciais - Portal Tela Portugal\" \/>\n<meta property=\"og:description\" content=\"O texto aborda cuidados e recomenda\u00e7\u00f5es essenciais para a sa\u00fade. Indica ficar atento a sinais como febre ou tosse e ligar primeiro para o servi\u00e7o de sa\u00fade. Enfatiza a prote\u00e7\u00e3o de quem est\u00e1 consigo e de outras pessoas. A publica\u00e7\u00e3o associa-se a temas de sa\u00fade p\u00fablica e covid-19 nas etiquetas. N\u00e3o h\u00e1 dados adicionais verific\u00e1veis no conte\u00fado fornecido.\" \/>\n<meta property=\"og:url\" content=\"https:\/\/portaltela.pt\/noticias\/2026\/01\/17\/hoje-discutimos-cuidados-e-recomendacoes-essenciais\/\" \/>\n<meta property=\"og:site_name\" content=\"Portal Tela Portugal\" \/>\n<meta property=\"article:published_time\" content=\"2026-01-17T10:17:03+00:00\" \/>\n<meta name=\"author\" content=\"Telinha\" \/>\n<meta name=\"twitter:card\" content=\"summary_large_image\" \/>\n<meta name=\"twitter:label1\" content=\"Escrito por\" \/>\n\t<meta name=\"twitter:data1\" content=\"Telinha\" \/>\n\t<meta name=\"twitter:label2\" content=\"Tempo estimado de leitura\" \/>\n\t<meta name=\"twitter:data2\" content=\"1 minuto\" \/>\n<script type=\"application\/ld+json\" class=\"yoast-schema-graph\">{\"@context\":\"https:\/\/schema.org\",\"@graph\":[{\"@type\":\"Article\",\"@id\":\"https:\/\/portaltela.pt\/noticias\/2026\/01\/17\/hoje-discutimos-cuidados-e-recomendacoes-essenciais\/#article\",\"isPartOf\":{\"@id\":\"https:\/\/portaltela.pt\/noticias\/2026\/01\/17\/hoje-discutimos-cuidados-e-recomendacoes-essenciais\/\"},\"author\":{\"name\":\"Telinha\",\"@id\":\"https:\/\/portaltela.pt\/#\/schema\/person\/c4278d4a6028830caff9ee44b42d32ed\"},\"headline\":\"Hoje discutimos cuidados e recomenda\u00e7\u00f5es essenciais\",\"datePublished\":\"2026-01-17T10:17:03+00:00\",\"mainEntityOfPage\":{\"@id\":\"https:\/\/portaltela.pt\/noticias\/2026\/01\/17\/hoje-discutimos-cuidados-e-recomendacoes-essenciais\/\"},\"wordCount\":192,\"image\":{\"@id\":\"https:\/\/portaltela.pt\/noticias\/2026\/01\/17\/hoje-discutimos-cuidados-e-recomendacoes-essenciais\/#primaryimage\"},\"thumbnailUrl\":\"https:\/\/portaltela.pt\/s.01k8rhncp4jt1\/2026\/01\/487241137_1079102850913964_501677630980232864_n.jpg\",\"keywords\":[\"doen\u00e7as\",\"higiene urbana\",\"infec\u00e7\u00e3o respirat\u00f3ria\",\"infec\u00e7\u00e3o respirat\u00f3ria aguda\",\"informa\u00e7\u00e3o\",\"sa\u00fade p\u00fablica\"],\"articleSection\":[\"Not\u00edcias\"],\"inLanguage\":\"pt-PT\"},{\"@type\":\"WebPage\",\"@id\":\"https:\/\/portaltela.pt\/noticias\/2026\/01\/17\/hoje-discutimos-cuidados-e-recomendacoes-essenciais\/\",\"url\":\"https:\/\/portaltela.pt\/noticias\/2026\/01\/17\/hoje-discutimos-cuidados-e-recomendacoes-essenciais\/\",\"name\":\"Hoje discutimos cuidados e recomenda\u00e7\u00f5es essenciais - Portal Tela Portugal\",\"isPartOf\":{\"@id\":\"https:\/\/portaltela.pt\/#website\"},\"primaryImageOfPage\":{\"@id\":\"https:\/\/portaltela.pt\/noticias\/2026\/01\/17\/hoje-discutimos-cuidados-e-recomendacoes-essenciais\/#primaryimage\"},\"image\":{\"@id\":\"https:\/\/portaltela.pt\/noticias\/2026\/01\/17\/hoje-discutimos-cuidados-e-recomendacoes-essenciais\/#primaryimage\"},\"thumbnailUrl\":\"https:\/\/portaltela.pt\/s.01k8rhncp4jt1\/2026\/01\/487241137_1079102850913964_501677630980232864_n.jpg\",\"datePublished\":\"2026-01-17T10:17:03+00:00\",\"author\":{\"@id\":\"https:\/\/portaltela.pt\/#\/schema\/person\/c4278d4a6028830caff9ee44b42d32ed\"},\"breadcrumb\":{\"@id\":\"https:\/\/portaltela.pt\/noticias\/2026\/01\/17\/hoje-discutimos-cuidados-e-recomendacoes-essenciais\/#breadcrumb\"},\"inLanguage\":\"pt-PT\",\"potentialAction\":[{\"@type\":\"ReadAction\",\"target\":[\"https:\/\/portaltela.pt\/noticias\/2026\/01\/17\/hoje-discutimos-cuidados-e-recomendacoes-essenciais\/\"]}]},{\"@type\":\"ImageObject\",\"inLanguage\":\"pt-PT\",\"@id\":\"https:\/\/portaltela.pt\/noticias\/2026\/01\/17\/hoje-discutimos-cuidados-e-recomendacoes-essenciais\/#primaryimage\",\"url\":\"https:\/\/portaltela.pt\/s.01k8rhncp4jt1\/2026\/01\/487241137_1079102850913964_501677630980232864_n.jpg\",\"contentUrl\":\"https:\/\/portaltela.pt\/s.01k8rhncp4jt1\/2026\/01\/487241137_1079102850913964_501677630980232864_n.jpg\",\"width\":796,\"height\":448,\"caption\":\"Photo\"},{\"@type\":\"BreadcrumbList\",\"@id\":\"https:\/\/portaltela.pt\/noticias\/2026\/01\/17\/hoje-discutimos-cuidados-e-recomendacoes-essenciais\/#breadcrumb\",\"itemListElement\":[{\"@type\":\"ListItem\",\"position\":1,\"name\":\"In\u00edcio\",\"item\":\"https:\/\/portaltela.pt\/\"},{\"@type\":\"ListItem\",\"position\":2,\"name\":\"Hoje discutimos cuidados e recomenda\u00e7\u00f5es essenciais\"}]},{\"@type\":\"WebSite\",\"@id\":\"https:\/\/portaltela.pt\/#website\",\"url\":\"https:\/\/portaltela.pt\/\",\"name\":\"Portal Tela Portugal\",\"description\":\"\",\"potentialAction\":[{\"@type\":\"SearchAction\",\"target\":{\"@type\":\"EntryPoint\",\"urlTemplate\":\"https:\/\/portaltela.pt\/?s={search_term_string}\"},\"query-input\":{\"@type\":\"PropertyValueSpecification\",\"valueRequired\":true,\"valueName\":\"search_term_string\"}}],\"inLanguage\":\"pt-PT\"},{\"@type\":\"Person\",\"@id\":\"https:\/\/portaltela.pt\/#\/schema\/person\/c4278d4a6028830caff9ee44b42d32ed\",\"name\":\"Telinha\",\"image\":{\"@type\":\"ImageObject\",\"inLanguage\":\"pt-PT\",\"@id\":\"https:\/\/portaltela.pt\/s.01k8rhncp4jt1\/2025\/11\/talking-bot-125x125.png\",\"url\":\"https:\/\/portaltela.pt\/s.01k8rhncp4jt1\/2025\/11\/talking-bot-125x125.png\",\"contentUrl\":\"https:\/\/portaltela.pt\/s.01k8rhncp4jt1\/2025\/11\/talking-bot-125x125.png\",\"caption\":\"Telinha\"},\"sameAs\":[\"https:\/\/portaltela.pt\/\"],\"url\":\"https:\/\/portaltela.pt\/por\/367410592786\/\"}]}<\/script>\n<!-- \/ Yoast SEO plugin. -->","yoast_head_json":{"title":"Hoje discutimos cuidados e recomenda\u00e7\u00f5es essenciais - Portal Tela Portugal","robots":{"index":"index","follow":"follow","max-snippet":"max-snippet:-1","max-image-preview":"max-image-preview:large","max-video-preview":"max-video-preview:-1"},"og_locale":"pt_PT","og_type":"article","og_title":"Hoje discutimos cuidados e recomenda\u00e7\u00f5es essenciais - Portal Tela Portugal","og_description":"O texto aborda cuidados e recomenda\u00e7\u00f5es essenciais para a sa\u00fade. Indica ficar atento a sinais como febre ou tosse e ligar primeiro para o servi\u00e7o de sa\u00fade. Enfatiza a prote\u00e7\u00e3o de quem est\u00e1 consigo e de outras pessoas. A publica\u00e7\u00e3o associa-se a temas de sa\u00fade p\u00fablica e covid-19 nas etiquetas. N\u00e3o h\u00e1 dados adicionais verific\u00e1veis no conte\u00fado fornecido.","og_url":"https:\/\/portaltela.pt\/noticias\/2026\/01\/17\/hoje-discutimos-cuidados-e-recomendacoes-essenciais\/","og_site_name":"Portal Tela Portugal","article_published_time":"2026-01-17T10:17:03+00:00","author":"Telinha","twitter_card":"summary_large_image","twitter_misc":{"Escrito por":"Telinha","Tempo estimado de leitura":"1 minuto"},"schema":{"@context":"https:\/\/schema.org","@graph":[{"@type":"Article","@id":"https:\/\/portaltela.pt\/noticias\/2026\/01\/17\/hoje-discutimos-cuidados-e-recomendacoes-essenciais\/#article","isPartOf":{"@id":"https:\/\/portaltela.pt\/noticias\/2026\/01\/17\/hoje-discutimos-cuidados-e-recomendacoes-essenciais\/"},"author":{"name":"Telinha","@id":"https:\/\/portaltela.pt\/#\/schema\/person\/c4278d4a6028830caff9ee44b42d32ed"},"headline":"Hoje discutimos cuidados e recomenda\u00e7\u00f5es essenciais","datePublished":"2026-01-17T10:17:03+00:00","mainEntityOfPage":{"@id":"https:\/\/portaltela.pt\/noticias\/2026\/01\/17\/hoje-discutimos-cuidados-e-recomendacoes-essenciais\/"},"wordCount":192,"image":{"@id":"https:\/\/portaltela.pt\/noticias\/2026\/01\/17\/hoje-discutimos-cuidados-e-recomendacoes-essenciais\/#primaryimage"},"thumbnailUrl":"https:\/\/portaltela.pt\/s.01k8rhncp4jt1\/2026\/01\/487241137_1079102850913964_501677630980232864_n.jpg","keywords":["doen\u00e7as","higiene urbana","infec\u00e7\u00e3o respirat\u00f3ria","infec\u00e7\u00e3o respirat\u00f3ria aguda","informa\u00e7\u00e3o","sa\u00fade p\u00fablica"],"articleSection":["Not\u00edcias"],"inLanguage":"pt-PT"},{"@type":"WebPage","@id":"https:\/\/portaltela.pt\/noticias\/2026\/01\/17\/hoje-discutimos-cuidados-e-recomendacoes-essenciais\/","url":"https:\/\/portaltela.pt\/noticias\/2026\/01\/17\/hoje-discutimos-cuidados-e-recomendacoes-essenciais\/","name":"Hoje discutimos cuidados e recomenda\u00e7\u00f5es essenciais - Portal Tela Portugal","isPartOf":{"@id":"https:\/\/portaltela.pt\/#website"},"primaryImageOfPage":{"@id":"https:\/\/portaltela.pt\/noticias\/2026\/01\/17\/hoje-discutimos-cuidados-e-recomendacoes-essenciais\/#primaryimage"},"image":{"@id":"https:\/\/portaltela.pt\/noticias\/2026\/01\/17\/hoje-discutimos-cuidados-e-recomendacoes-essenciais\/#primaryimage"},"thumbnailUrl":"https:\/\/portaltela.pt\/s.01k8rhncp4jt1\/2026\/01\/487241137_1079102850913964_501677630980232864_n.jpg","datePublished":"2026-01-17T10:17:03+00:00","author":{"@id":"https:\/\/portaltela.pt\/#\/schema\/person\/c4278d4a6028830caff9ee44b42d32ed"},"breadcrumb":{"@id":"https:\/\/portaltela.pt\/noticias\/2026\/01\/17\/hoje-discutimos-cuidados-e-recomendacoes-essenciais\/#breadcrumb"},"inLanguage":"pt-PT","potentialAction":[{"@type":"ReadAction","target":["https:\/\/portaltela.pt\/noticias\/2026\/01\/17\/hoje-discutimos-cuidados-e-recomendacoes-essenciais\/"]}]},{"@type":"ImageObject","inLanguage":"pt-PT","@id":"https:\/\/portaltela.pt\/noticias\/2026\/01\/17\/hoje-discutimos-cuidados-e-recomendacoes-essenciais\/#primaryimage","url":"https:\/\/portaltela.pt\/s.01k8rhncp4jt1\/2026\/01\/487241137_1079102850913964_501677630980232864_n.jpg","contentUrl":"https:\/\/portaltela.pt\/s.01k8rhncp4jt1\/2026\/01\/487241137_1079102850913964_501677630980232864_n.jpg","width":796,"height":448,"caption":"Photo"},{"@type":"BreadcrumbList","@id":"https:\/\/portaltela.pt\/noticias\/2026\/01\/17\/hoje-discutimos-cuidados-e-recomendacoes-essenciais\/#breadcrumb","itemListElement":[{"@type":"ListItem","position":1,"name":"In\u00edcio","item":"https:\/\/portaltela.pt\/"},{"@type":"ListItem","position":2,"name":"Hoje discutimos cuidados e recomenda\u00e7\u00f5es essenciais"}]},{"@type":"WebSite","@id":"https:\/\/portaltela.pt\/#website","url":"https:\/\/portaltela.pt\/","name":"Portal Tela Portugal","description":"","potentialAction":[{"@type":"SearchAction","target":{"@type":"EntryPoint","urlTemplate":"https:\/\/portaltela.pt\/?s={search_term_string}"},"query-input":{"@type":"PropertyValueSpecification","valueRequired":true,"valueName":"search_term_string"}}],"inLanguage":"pt-PT"},{"@type":"Person","@id":"https:\/\/portaltela.pt\/#\/schema\/person\/c4278d4a6028830caff9ee44b42d32ed","name":"Telinha","image":{"@type":"ImageObject","inLanguage":"pt-PT","@id":"https:\/\/portaltela.pt\/s.01k8rhncp4jt1\/2025\/11\/talking-bot-125x125.png","url":"https:\/\/portaltela.pt\/s.01k8rhncp4jt1\/2025\/11\/talking-bot-125x125.png","contentUrl":"https:\/\/portaltela.pt\/s.01k8rhncp4jt1\/2025\/11\/talking-bot-125x125.png","caption":"Telinha"},"sameAs":["https:\/\/portaltela.pt\/"],"url":"https:\/\/portaltela.pt\/por\/367410592786\/"}]}},"_links":{"self":[{"href":"https:\/\/portaltela.pt\/api\/wp\/v2\/posts\/147535","targetHints":{"allow":["GET"]}}],"collection":[{"href":"https:\/\/portaltela.pt\/api\/wp\/v2\/posts"}],"about":[{"href":"https:\/\/portaltela.pt\/api\/wp\/v2\/types\/post"}],"author":[{"embeddable":true,"href":"https:\/\/portaltela.pt\/api\/wp\/v2\/users\/2"}],"replies":[{"embeddable":true,"href":"https:\/\/portaltela.pt\/api\/wp\/v2\/comments?post=147535"}],"version-history":[{"count":0,"href":"https:\/\/portaltela.pt\/api\/wp\/v2\/posts\/147535\/revisions"}],"wp:featuredmedia":[{"embeddable":true,"href":"https:\/\/portaltela.pt\/api\/wp\/v2\/media\/147547"}],"wp:attachment":[{"href":"https:\/\/portaltela.pt\/api\/wp\/v2\/media?parent=147535"}],"wp:term":[{"taxonomy":"category","embeddable":true,"href":"https:\/\/portaltela.pt\/api\/wp\/v2\/categories?post=147535"},{"taxonomy":"post_tag","embeddable":true,"href":"https:\/\/portaltela.pt\/api\/wp\/v2\/tags?post=147535"}],"curies":[{"name":"wp","href":"https:\/\/api.w.org\/{rel}","templated":true}]}}