{"id":147513,"date":"2026-01-17T06:08:00","date_gmt":"2026-01-17T09:08:00","guid":{"rendered":"https:\/\/portaltela.pt\/noticias\/2026\/01\/17\/2026-em-exposicoes-tapecaria-impressionante-e-cama-desfeita-de-tracey-emin\/"},"modified":"2026-01-17T06:08:00","modified_gmt":"2026-01-17T09:08:00","slug":"2026-em-exposicoes-tapecaria-impressionante-e-cama-desfeita-de-tracey-emin","status":"publish","type":"post","link":"https:\/\/portaltela.pt\/noticias\/2026\/01\/17\/2026-em-exposicoes-tapecaria-impressionante-e-cama-desfeita-de-tracey-emin\/","title":{"rendered":"2026 em exposi\u00e7\u00f5es: tape\u00e7aria impressionante e cama desfeita de Tracey Emin"},"content":{"rendered":"<p>Um ano de 2026 promete uma agenda internacional de exposi\u00e7\u00f5es com foco principal na pintura, sem excluir outras formas de express\u00e3o art\u00edstica. O cartaz inclui nomes de refer\u00eancia e propostas que permitem conhecer artistas emergentes e consagrados.<\/p>\n<p>Entre os destaques, est\u00e1 a apresenta\u00e7\u00e3o de Catharina van Hemessen, pintora do s\u00e9culo XVI. A programa\u00e7\u00e3o relembra o seu papel hist\u00f3rico ao retratar-se pela primeira vez a pintar diante de um cavalete, em uma obra emblem\u00e1tica datada de 1548.<\/p>\n<p>A oferta de exposi\u00e7\u00f5es atravessa v\u00e1rias cidades e museus, com mostras que combinam pintura, tape\u00e7aria e instala\u00e7\u00f5es contempor\u00e2neas. A diversidade de meios visa oferecer uma vis\u00e3o abrangente da evolu\u00e7\u00e3o art\u00edstica ao longo dos s\u00e9culos.<\/p>\n<h3>Catharina van Hemessen: pioneira do auto-retrato<\/h3>\n<p>A mostra dedicada \u00e0 pintora re\u00fane uma reprodu\u00e7\u00e3o de detalhes da obra de 1548, destacando o auto-retrato no cavalete. O conjunto analisa o contexto hist\u00f3rico e o impacto da artista na tradi\u00e7\u00e3o do retrato.<\/p>\n<p>Al\u00e9m de Van Hemessen, a programa\u00e7\u00e3o contempla pe\u00e7as de tape\u00e7aria de alto valor hist\u00f3rico e trabalhos de artistas contempor\u00e2neos. A curadoria pretende evidenciar a continuidade entre t\u00e9cnicas antigas e pr\u00e1ticas atuais.<\/p>\n<h3>Registo de obras contempor\u00e2neas<\/h3>\n<p>Entre as obras em apresenta\u00e7\u00e3o, destaca-se a refer\u00eancia a pe\u00e7as hist\u00f3ricas que dialogam com cria\u00e7\u00f5es modernas. A curadoria aponta a relev\u00e2ncia de compreender como desenho, pintura e t\u00eaxtil se interligam na narrativa visual do s\u00e9culo XXI.<\/p>\n","protected":false},"excerpt":{"rendered":"<ul>\n<li>Em 2026, as exposi\u00e7\u00f5es internacionais destacam a pintura, sem esquecer outras artes.<\/li>\n<li>O roteiro combina nomes consagrados com propostas menos \u00f3bvias, prometendo variedade.<\/li>\n<li>Um foco especial recai sobre Catharina van Hemessen, apresentada como \u201cuma pintora entre pintores\u201d.<\/li>\n<li>Destaca-se o pormenor de Catharina van Hemessen (1548), o primeiro auto-retrato de um artista a trabalhar no cavalete.<\/li>\n<li>O programa inclui refer\u00eancias a uma tape\u00e7aria fascinante e \u00e0 cama desfeita de Tracey Emin.<\/li>\n<\/ul>\n","protected":false},"author":2,"featured_media":147523,"comment_status":"closed","ping_status":"closed","sticky":false,"template":"","format":"standard","meta":{"footnotes":""},"categories":[1],"tags":[70,145,2801,1397,248,2025],"class_list":["post-147513","post","type-post","status-publish","format-standard","has-post-thumbnail","hentry","category-noticias","tag-arte","tag-cultura","tag-desenho","tag-exposicoes","tag-pintura","tag-textil-vestuario"],"yoast_head":"<!-- This site is optimized with the Yoast SEO plugin v27.2 - https:\/\/yoast.com\/product\/yoast-seo-wordpress\/ -->\n<title>2026 em exposi\u00e7\u00f5es: tape\u00e7aria impressionante e cama desfeita de Tracey Emin - Portal Tela Portugal<\/title>\n<meta name=\"robots\" content=\"index, follow, max-snippet:-1, max-image-preview:large, max-video-preview:-1\" \/>\n<meta property=\"og:locale\" content=\"pt_PT\" \/>\n<meta property=\"og:type\" content=\"article\" \/>\n<meta property=\"og:title\" content=\"2026 em exposi\u00e7\u00f5es: tape\u00e7aria impressionante e cama desfeita de Tracey Emin - Portal Tela Portugal\" \/>\n<meta property=\"og:description\" content=\"Em 2026, as exposi\u00e7\u00f5es internacionais destacam a pintura, sem esquecer outras artes. O roteiro combina nomes consagrados com propostas menos \u00f3bvias, prometendo variedade. Um foco especial recai sobre Catharina van Hemessen, apresentada como \u201cuma pintora entre pintores\u201d. Destaca-se o pormenor de Catharina van Hemessen (1548), o primeiro auto-retrato de um artista a trabalhar no cavalete. O programa inclui refer\u00eancias a uma tape\u00e7aria fascinante e \u00e0 cama desfeita de Tracey Emin.\" \/>\n<meta property=\"og:url\" content=\"https:\/\/portaltela.pt\/noticias\/2026\/01\/17\/2026-em-exposicoes-tapecaria-impressionante-e-cama-desfeita-de-tracey-emin\/\" \/>\n<meta property=\"og:site_name\" content=\"Portal Tela Portugal\" \/>\n<meta property=\"article:published_time\" content=\"2026-01-17T09:08:00+00:00\" \/>\n<meta name=\"author\" content=\"Telinha\" \/>\n<meta name=\"twitter:card\" content=\"summary_large_image\" \/>\n<meta name=\"twitter:label1\" content=\"Escrito por\" \/>\n\t<meta name=\"twitter:data1\" content=\"Telinha\" \/>\n\t<meta name=\"twitter:label2\" content=\"Tempo estimado de leitura\" \/>\n\t<meta name=\"twitter:data2\" content=\"1 minuto\" \/>\n<script type=\"application\/ld+json\" class=\"yoast-schema-graph\">{\"@context\":\"https:\/\/schema.org\",\"@graph\":[{\"@type\":\"Article\",\"@id\":\"https:\/\/portaltela.pt\/noticias\/2026\/01\/17\/2026-em-exposicoes-tapecaria-impressionante-e-cama-desfeita-de-tracey-emin\/#article\",\"isPartOf\":{\"@id\":\"https:\/\/portaltela.pt\/noticias\/2026\/01\/17\/2026-em-exposicoes-tapecaria-impressionante-e-cama-desfeita-de-tracey-emin\/\"},\"author\":{\"name\":\"Telinha\",\"@id\":\"https:\/\/portaltela.pt\/#\/schema\/person\/c4278d4a6028830caff9ee44b42d32ed\"},\"headline\":\"2026 em exposi\u00e7\u00f5es: tape\u00e7aria impressionante e cama desfeita de Tracey Emin\",\"datePublished\":\"2026-01-17T09:08:00+00:00\",\"mainEntityOfPage\":{\"@id\":\"https:\/\/portaltela.pt\/noticias\/2026\/01\/17\/2026-em-exposicoes-tapecaria-impressionante-e-cama-desfeita-de-tracey-emin\/\"},\"wordCount\":268,\"image\":{\"@id\":\"https:\/\/portaltela.pt\/noticias\/2026\/01\/17\/2026-em-exposicoes-tapecaria-impressionante-e-cama-desfeita-de-tracey-emin\/#primaryimage\"},\"thumbnailUrl\":\"https:\/\/portaltela.pt\/s.01k8rhncp4jt1\/2026\/01\/2058979.jpg\",\"keywords\":[\"arte\",\"cultura\",\"desenho\",\"exposi\u00e7\u00f5es\",\"pintura\",\"t\u00eaxtil-vestu\u00e1rio\"],\"articleSection\":[\"Not\u00edcias\"],\"inLanguage\":\"pt-PT\"},{\"@type\":\"WebPage\",\"@id\":\"https:\/\/portaltela.pt\/noticias\/2026\/01\/17\/2026-em-exposicoes-tapecaria-impressionante-e-cama-desfeita-de-tracey-emin\/\",\"url\":\"https:\/\/portaltela.pt\/noticias\/2026\/01\/17\/2026-em-exposicoes-tapecaria-impressionante-e-cama-desfeita-de-tracey-emin\/\",\"name\":\"2026 em exposi\u00e7\u00f5es: tape\u00e7aria impressionante e cama desfeita de Tracey Emin - Portal Tela Portugal\",\"isPartOf\":{\"@id\":\"https:\/\/portaltela.pt\/#website\"},\"primaryImageOfPage\":{\"@id\":\"https:\/\/portaltela.pt\/noticias\/2026\/01\/17\/2026-em-exposicoes-tapecaria-impressionante-e-cama-desfeita-de-tracey-emin\/#primaryimage\"},\"image\":{\"@id\":\"https:\/\/portaltela.pt\/noticias\/2026\/01\/17\/2026-em-exposicoes-tapecaria-impressionante-e-cama-desfeita-de-tracey-emin\/#primaryimage\"},\"thumbnailUrl\":\"https:\/\/portaltela.pt\/s.01k8rhncp4jt1\/2026\/01\/2058979.jpg\",\"datePublished\":\"2026-01-17T09:08:00+00:00\",\"author\":{\"@id\":\"https:\/\/portaltela.pt\/#\/schema\/person\/c4278d4a6028830caff9ee44b42d32ed\"},\"breadcrumb\":{\"@id\":\"https:\/\/portaltela.pt\/noticias\/2026\/01\/17\/2026-em-exposicoes-tapecaria-impressionante-e-cama-desfeita-de-tracey-emin\/#breadcrumb\"},\"inLanguage\":\"pt-PT\",\"potentialAction\":[{\"@type\":\"ReadAction\",\"target\":[\"https:\/\/portaltela.pt\/noticias\/2026\/01\/17\/2026-em-exposicoes-tapecaria-impressionante-e-cama-desfeita-de-tracey-emin\/\"]}]},{\"@type\":\"ImageObject\",\"inLanguage\":\"pt-PT\",\"@id\":\"https:\/\/portaltela.pt\/noticias\/2026\/01\/17\/2026-em-exposicoes-tapecaria-impressionante-e-cama-desfeita-de-tracey-emin\/#primaryimage\",\"url\":\"https:\/\/portaltela.pt\/s.01k8rhncp4jt1\/2026\/01\/2058979.jpg\",\"contentUrl\":\"https:\/\/portaltela.pt\/s.01k8rhncp4jt1\/2026\/01\/2058979.jpg\",\"width\":796,\"height\":448,\"caption\":\"Pormenor de *Catharina van Hemessen* (1548), o primeiro auto-retrato de um artista, homem ou mulher, a trabalhar no cavalete\"},{\"@type\":\"BreadcrumbList\",\"@id\":\"https:\/\/portaltela.pt\/noticias\/2026\/01\/17\/2026-em-exposicoes-tapecaria-impressionante-e-cama-desfeita-de-tracey-emin\/#breadcrumb\",\"itemListElement\":[{\"@type\":\"ListItem\",\"position\":1,\"name\":\"In\u00edcio\",\"item\":\"https:\/\/portaltela.pt\/\"},{\"@type\":\"ListItem\",\"position\":2,\"name\":\"2026 em exposi\u00e7\u00f5es: tape\u00e7aria impressionante e cama desfeita de Tracey Emin\"}]},{\"@type\":\"WebSite\",\"@id\":\"https:\/\/portaltela.pt\/#website\",\"url\":\"https:\/\/portaltela.pt\/\",\"name\":\"Portal Tela Portugal\",\"description\":\"\",\"potentialAction\":[{\"@type\":\"SearchAction\",\"target\":{\"@type\":\"EntryPoint\",\"urlTemplate\":\"https:\/\/portaltela.pt\/?s={search_term_string}\"},\"query-input\":{\"@type\":\"PropertyValueSpecification\",\"valueRequired\":true,\"valueName\":\"search_term_string\"}}],\"inLanguage\":\"pt-PT\"},{\"@type\":\"Person\",\"@id\":\"https:\/\/portaltela.pt\/#\/schema\/person\/c4278d4a6028830caff9ee44b42d32ed\",\"name\":\"Telinha\",\"image\":{\"@type\":\"ImageObject\",\"inLanguage\":\"pt-PT\",\"@id\":\"https:\/\/portaltela.pt\/s.01k8rhncp4jt1\/2025\/11\/talking-bot-125x125.png\",\"url\":\"https:\/\/portaltela.pt\/s.01k8rhncp4jt1\/2025\/11\/talking-bot-125x125.png\",\"contentUrl\":\"https:\/\/portaltela.pt\/s.01k8rhncp4jt1\/2025\/11\/talking-bot-125x125.png\",\"caption\":\"Telinha\"},\"sameAs\":[\"https:\/\/portaltela.pt\/\"],\"url\":\"https:\/\/portaltela.pt\/por\/367410592786\/\"}]}<\/script>\n<!-- \/ Yoast SEO plugin. -->","yoast_head_json":{"title":"2026 em exposi\u00e7\u00f5es: tape\u00e7aria impressionante e cama desfeita de Tracey Emin - Portal Tela Portugal","robots":{"index":"index","follow":"follow","max-snippet":"max-snippet:-1","max-image-preview":"max-image-preview:large","max-video-preview":"max-video-preview:-1"},"og_locale":"pt_PT","og_type":"article","og_title":"2026 em exposi\u00e7\u00f5es: tape\u00e7aria impressionante e cama desfeita de Tracey Emin - Portal Tela Portugal","og_description":"Em 2026, as exposi\u00e7\u00f5es internacionais destacam a pintura, sem esquecer outras artes. O roteiro combina nomes consagrados com propostas menos \u00f3bvias, prometendo variedade. Um foco especial recai sobre Catharina van Hemessen, apresentada como \u201cuma pintora entre pintores\u201d. Destaca-se o pormenor de Catharina van Hemessen (1548), o primeiro auto-retrato de um artista a trabalhar no cavalete. O programa inclui refer\u00eancias a uma tape\u00e7aria fascinante e \u00e0 cama desfeita de Tracey Emin.","og_url":"https:\/\/portaltela.pt\/noticias\/2026\/01\/17\/2026-em-exposicoes-tapecaria-impressionante-e-cama-desfeita-de-tracey-emin\/","og_site_name":"Portal Tela Portugal","article_published_time":"2026-01-17T09:08:00+00:00","author":"Telinha","twitter_card":"summary_large_image","twitter_misc":{"Escrito por":"Telinha","Tempo estimado de leitura":"1 minuto"},"schema":{"@context":"https:\/\/schema.org","@graph":[{"@type":"Article","@id":"https:\/\/portaltela.pt\/noticias\/2026\/01\/17\/2026-em-exposicoes-tapecaria-impressionante-e-cama-desfeita-de-tracey-emin\/#article","isPartOf":{"@id":"https:\/\/portaltela.pt\/noticias\/2026\/01\/17\/2026-em-exposicoes-tapecaria-impressionante-e-cama-desfeita-de-tracey-emin\/"},"author":{"name":"Telinha","@id":"https:\/\/portaltela.pt\/#\/schema\/person\/c4278d4a6028830caff9ee44b42d32ed"},"headline":"2026 em exposi\u00e7\u00f5es: tape\u00e7aria impressionante e cama desfeita de Tracey Emin","datePublished":"2026-01-17T09:08:00+00:00","mainEntityOfPage":{"@id":"https:\/\/portaltela.pt\/noticias\/2026\/01\/17\/2026-em-exposicoes-tapecaria-impressionante-e-cama-desfeita-de-tracey-emin\/"},"wordCount":268,"image":{"@id":"https:\/\/portaltela.pt\/noticias\/2026\/01\/17\/2026-em-exposicoes-tapecaria-impressionante-e-cama-desfeita-de-tracey-emin\/#primaryimage"},"thumbnailUrl":"https:\/\/portaltela.pt\/s.01k8rhncp4jt1\/2026\/01\/2058979.jpg","keywords":["arte","cultura","desenho","exposi\u00e7\u00f5es","pintura","t\u00eaxtil-vestu\u00e1rio"],"articleSection":["Not\u00edcias"],"inLanguage":"pt-PT"},{"@type":"WebPage","@id":"https:\/\/portaltela.pt\/noticias\/2026\/01\/17\/2026-em-exposicoes-tapecaria-impressionante-e-cama-desfeita-de-tracey-emin\/","url":"https:\/\/portaltela.pt\/noticias\/2026\/01\/17\/2026-em-exposicoes-tapecaria-impressionante-e-cama-desfeita-de-tracey-emin\/","name":"2026 em exposi\u00e7\u00f5es: tape\u00e7aria impressionante e cama desfeita de Tracey Emin - Portal Tela Portugal","isPartOf":{"@id":"https:\/\/portaltela.pt\/#website"},"primaryImageOfPage":{"@id":"https:\/\/portaltela.pt\/noticias\/2026\/01\/17\/2026-em-exposicoes-tapecaria-impressionante-e-cama-desfeita-de-tracey-emin\/#primaryimage"},"image":{"@id":"https:\/\/portaltela.pt\/noticias\/2026\/01\/17\/2026-em-exposicoes-tapecaria-impressionante-e-cama-desfeita-de-tracey-emin\/#primaryimage"},"thumbnailUrl":"https:\/\/portaltela.pt\/s.01k8rhncp4jt1\/2026\/01\/2058979.jpg","datePublished":"2026-01-17T09:08:00+00:00","author":{"@id":"https:\/\/portaltela.pt\/#\/schema\/person\/c4278d4a6028830caff9ee44b42d32ed"},"breadcrumb":{"@id":"https:\/\/portaltela.pt\/noticias\/2026\/01\/17\/2026-em-exposicoes-tapecaria-impressionante-e-cama-desfeita-de-tracey-emin\/#breadcrumb"},"inLanguage":"pt-PT","potentialAction":[{"@type":"ReadAction","target":["https:\/\/portaltela.pt\/noticias\/2026\/01\/17\/2026-em-exposicoes-tapecaria-impressionante-e-cama-desfeita-de-tracey-emin\/"]}]},{"@type":"ImageObject","inLanguage":"pt-PT","@id":"https:\/\/portaltela.pt\/noticias\/2026\/01\/17\/2026-em-exposicoes-tapecaria-impressionante-e-cama-desfeita-de-tracey-emin\/#primaryimage","url":"https:\/\/portaltela.pt\/s.01k8rhncp4jt1\/2026\/01\/2058979.jpg","contentUrl":"https:\/\/portaltela.pt\/s.01k8rhncp4jt1\/2026\/01\/2058979.jpg","width":796,"height":448,"caption":"Pormenor de *Catharina van Hemessen* (1548), o primeiro auto-retrato de um artista, homem ou mulher, a trabalhar no cavalete"},{"@type":"BreadcrumbList","@id":"https:\/\/portaltela.pt\/noticias\/2026\/01\/17\/2026-em-exposicoes-tapecaria-impressionante-e-cama-desfeita-de-tracey-emin\/#breadcrumb","itemListElement":[{"@type":"ListItem","position":1,"name":"In\u00edcio","item":"https:\/\/portaltela.pt\/"},{"@type":"ListItem","position":2,"name":"2026 em exposi\u00e7\u00f5es: tape\u00e7aria impressionante e cama desfeita de Tracey Emin"}]},{"@type":"WebSite","@id":"https:\/\/portaltela.pt\/#website","url":"https:\/\/portaltela.pt\/","name":"Portal Tela Portugal","description":"","potentialAction":[{"@type":"SearchAction","target":{"@type":"EntryPoint","urlTemplate":"https:\/\/portaltela.pt\/?s={search_term_string}"},"query-input":{"@type":"PropertyValueSpecification","valueRequired":true,"valueName":"search_term_string"}}],"inLanguage":"pt-PT"},{"@type":"Person","@id":"https:\/\/portaltela.pt\/#\/schema\/person\/c4278d4a6028830caff9ee44b42d32ed","name":"Telinha","image":{"@type":"ImageObject","inLanguage":"pt-PT","@id":"https:\/\/portaltela.pt\/s.01k8rhncp4jt1\/2025\/11\/talking-bot-125x125.png","url":"https:\/\/portaltela.pt\/s.01k8rhncp4jt1\/2025\/11\/talking-bot-125x125.png","contentUrl":"https:\/\/portaltela.pt\/s.01k8rhncp4jt1\/2025\/11\/talking-bot-125x125.png","caption":"Telinha"},"sameAs":["https:\/\/portaltela.pt\/"],"url":"https:\/\/portaltela.pt\/por\/367410592786\/"}]}},"_links":{"self":[{"href":"https:\/\/portaltela.pt\/api\/wp\/v2\/posts\/147513","targetHints":{"allow":["GET"]}}],"collection":[{"href":"https:\/\/portaltela.pt\/api\/wp\/v2\/posts"}],"about":[{"href":"https:\/\/portaltela.pt\/api\/wp\/v2\/types\/post"}],"author":[{"embeddable":true,"href":"https:\/\/portaltela.pt\/api\/wp\/v2\/users\/2"}],"replies":[{"embeddable":true,"href":"https:\/\/portaltela.pt\/api\/wp\/v2\/comments?post=147513"}],"version-history":[{"count":0,"href":"https:\/\/portaltela.pt\/api\/wp\/v2\/posts\/147513\/revisions"}],"wp:featuredmedia":[{"embeddable":true,"href":"https:\/\/portaltela.pt\/api\/wp\/v2\/media\/147523"}],"wp:attachment":[{"href":"https:\/\/portaltela.pt\/api\/wp\/v2\/media?parent=147513"}],"wp:term":[{"taxonomy":"category","embeddable":true,"href":"https:\/\/portaltela.pt\/api\/wp\/v2\/categories?post=147513"},{"taxonomy":"post_tag","embeddable":true,"href":"https:\/\/portaltela.pt\/api\/wp\/v2\/tags?post=147513"}],"curies":[{"name":"wp","href":"https:\/\/api.w.org\/{rel}","templated":true}]}}