{"id":147507,"date":"2026-01-17T07:36:00","date_gmt":"2026-01-17T10:36:00","guid":{"rendered":"https:\/\/portaltela.pt\/noticias\/2026\/01\/17\/fornos-de-algodres-graca-albuquerque-apresenta-obras-aos-alunos-do-aefa\/"},"modified":"2026-01-17T07:36:00","modified_gmt":"2026-01-17T10:36:00","slug":"fornos-de-algodres-graca-albuquerque-apresenta-obras-aos-alunos-do-aefa","status":"publish","type":"post","link":"https:\/\/portaltela.pt\/noticias\/2026\/01\/17\/fornos-de-algodres-graca-albuquerque-apresenta-obras-aos-alunos-do-aefa\/","title":{"rendered":"Fornos de Algodres: Gra\u00e7a Albuquerque apresenta obras aos alunos do AEFA"},"content":{"rendered":"<p>A Biblioteca Escolar do Agrupamento de Escolas de Fornos de Algodres promoveu um encontro com a escritora Gra\u00e7a Albuquerque.<\/p>\n<p>A sess\u00e3o apresentou duas obras: O aviso que a chuva deixou cair, para alunos do 2.\u00ba ciclo, e H\u00e1 casamento na floresta, para o 1.\u00ba ciclo.<\/p>\n<p>A autora, natural de Fornos de Algodres e professora de Portugu\u00eas no Agrupamento de Mangualde, partilhou o processo criativo com as crian\u00e7as.<\/p>\n<h3>Encontro com a autora<\/h3>\n<p>O objetivo foi aproximar os alunos dos livros e estimular a leitura e a escrita.<\/p>\n<p>Ao final, Albuquerque lan\u00e7ou um desafio criativo para que os alunos escrevessem as suas pr\u00f3prias hist\u00f3rias.<\/p>\n<p>O encontro gerou curiosidade e entusiasmo entre os participantes, destacando o prazer da leitura.<\/p>\n","protected":false},"excerpt":{"rendered":"<ul>\n<li>A Biblioteca Escolar do Agrupamento de Escolas de Fornos de Algodres promoveu um encontro com a escritora Gra\u00e7a Albuquerque.<\/li>\n<li>Ela apresentou duas obras: \u201cO aviso que a chuva deixou cair\u201d aos alunos do 2.\u00ba ciclo e \u201cH\u00e1 casamento na floresta\u201d aos alunos do 1.\u00ba ciclo.<\/li>\n<li>A autora \u00e9 professora de Portugu\u00eas no Agrupamento de Escolas de Mangualde e natural de Fornos de Algodres.<\/li>\n<li>O encontro permitiu ouvir as hist\u00f3rias, explorar o processo criativo da escrita e aproximar os alunos dos livros.<\/li>\n<li>O evento terminou com um desafio criativo para que os alunos escrevessem as suas pr\u00f3prias hist\u00f3rias.<\/li>\n<\/ul>\n","protected":false},"author":2,"featured_media":147530,"comment_status":"closed","ping_status":"closed","sticky":false,"template":"","format":"standard","meta":{"footnotes":""},"categories":[1],"tags":[1078,163,101,1354,2719,106],"class_list":["post-147507","post","type-post","status-publish","format-standard","has-post-thumbnail","hentry","category-noticias","tag-bibliotecas-arquivos","tag-educacao","tag-escolas","tag-fornos-de-algodres","tag-leitura","tag-literatura"],"yoast_head":"<!-- This site is optimized with the Yoast SEO plugin v27.2 - https:\/\/yoast.com\/product\/yoast-seo-wordpress\/ -->\n<title>Fornos de Algodres: Gra\u00e7a Albuquerque apresenta obras aos alunos do AEFA - Portal Tela Portugal<\/title>\n<meta name=\"robots\" content=\"index, follow, max-snippet:-1, max-image-preview:large, max-video-preview:-1\" \/>\n<meta property=\"og:locale\" content=\"pt_PT\" \/>\n<meta property=\"og:type\" content=\"article\" \/>\n<meta property=\"og:title\" content=\"Fornos de Algodres: Gra\u00e7a Albuquerque apresenta obras aos alunos do AEFA - Portal Tela Portugal\" \/>\n<meta property=\"og:description\" content=\"A Biblioteca Escolar do Agrupamento de Escolas de Fornos de Algodres promoveu um encontro com a escritora Gra\u00e7a Albuquerque. Ela apresentou duas obras: \u201cO aviso que a chuva deixou cair\u201d aos alunos do 2.\u00ba ciclo e \u201cH\u00e1 casamento na floresta\u201d aos alunos do 1.\u00ba ciclo. A autora \u00e9 professora de Portugu\u00eas no Agrupamento de Escolas de Mangualde e natural de Fornos de Algodres. O encontro permitiu ouvir as hist\u00f3rias, explorar o processo criativo da escrita e aproximar os alunos dos livros. O evento terminou com um desafio criativo para que os alunos escrevessem as suas pr\u00f3prias hist\u00f3rias.\" \/>\n<meta property=\"og:url\" content=\"https:\/\/portaltela.pt\/noticias\/2026\/01\/17\/fornos-de-algodres-graca-albuquerque-apresenta-obras-aos-alunos-do-aefa\/\" \/>\n<meta property=\"og:site_name\" content=\"Portal Tela Portugal\" \/>\n<meta property=\"article:published_time\" content=\"2026-01-17T10:36:00+00:00\" \/>\n<meta name=\"author\" content=\"Telinha\" \/>\n<meta name=\"twitter:card\" content=\"summary_large_image\" \/>\n<meta name=\"twitter:label1\" content=\"Escrito por\" \/>\n\t<meta name=\"twitter:data1\" content=\"Telinha\" \/>\n\t<meta name=\"twitter:label2\" content=\"Tempo estimado de leitura\" \/>\n\t<meta name=\"twitter:data2\" content=\"1 minuto\" \/>\n<script type=\"application\/ld+json\" class=\"yoast-schema-graph\">{\"@context\":\"https:\/\/schema.org\",\"@graph\":[{\"@type\":\"Article\",\"@id\":\"https:\/\/portaltela.pt\/noticias\/2026\/01\/17\/fornos-de-algodres-graca-albuquerque-apresenta-obras-aos-alunos-do-aefa\/#article\",\"isPartOf\":{\"@id\":\"https:\/\/portaltela.pt\/noticias\/2026\/01\/17\/fornos-de-algodres-graca-albuquerque-apresenta-obras-aos-alunos-do-aefa\/\"},\"author\":{\"name\":\"Telinha\",\"@id\":\"https:\/\/portaltela.pt\/#\/schema\/person\/c4278d4a6028830caff9ee44b42d32ed\"},\"headline\":\"Fornos de Algodres: Gra\u00e7a Albuquerque apresenta obras aos alunos do AEFA\",\"datePublished\":\"2026-01-17T10:36:00+00:00\",\"mainEntityOfPage\":{\"@id\":\"https:\/\/portaltela.pt\/noticias\/2026\/01\/17\/fornos-de-algodres-graca-albuquerque-apresenta-obras-aos-alunos-do-aefa\/\"},\"wordCount\":133,\"image\":{\"@id\":\"https:\/\/portaltela.pt\/noticias\/2026\/01\/17\/fornos-de-algodres-graca-albuquerque-apresenta-obras-aos-alunos-do-aefa\/#primaryimage\"},\"thumbnailUrl\":\"https:\/\/portaltela.pt\/s.01k8rhncp4jt1\/2026\/01\/unnamed-file-3437.jpg\",\"keywords\":[\"bibliotecas\/arquivos\",\"educa\u00e7\u00e3o\",\"escolas\",\"Fornos de Algodres\",\"leitura\",\"literatura\"],\"articleSection\":[\"Not\u00edcias\"],\"inLanguage\":\"pt-PT\"},{\"@type\":\"WebPage\",\"@id\":\"https:\/\/portaltela.pt\/noticias\/2026\/01\/17\/fornos-de-algodres-graca-albuquerque-apresenta-obras-aos-alunos-do-aefa\/\",\"url\":\"https:\/\/portaltela.pt\/noticias\/2026\/01\/17\/fornos-de-algodres-graca-albuquerque-apresenta-obras-aos-alunos-do-aefa\/\",\"name\":\"Fornos de Algodres: Gra\u00e7a Albuquerque apresenta obras aos alunos do AEFA - Portal Tela Portugal\",\"isPartOf\":{\"@id\":\"https:\/\/portaltela.pt\/#website\"},\"primaryImageOfPage\":{\"@id\":\"https:\/\/portaltela.pt\/noticias\/2026\/01\/17\/fornos-de-algodres-graca-albuquerque-apresenta-obras-aos-alunos-do-aefa\/#primaryimage\"},\"image\":{\"@id\":\"https:\/\/portaltela.pt\/noticias\/2026\/01\/17\/fornos-de-algodres-graca-albuquerque-apresenta-obras-aos-alunos-do-aefa\/#primaryimage\"},\"thumbnailUrl\":\"https:\/\/portaltela.pt\/s.01k8rhncp4jt1\/2026\/01\/unnamed-file-3437.jpg\",\"datePublished\":\"2026-01-17T10:36:00+00:00\",\"author\":{\"@id\":\"https:\/\/portaltela.pt\/#\/schema\/person\/c4278d4a6028830caff9ee44b42d32ed\"},\"breadcrumb\":{\"@id\":\"https:\/\/portaltela.pt\/noticias\/2026\/01\/17\/fornos-de-algodres-graca-albuquerque-apresenta-obras-aos-alunos-do-aefa\/#breadcrumb\"},\"inLanguage\":\"pt-PT\",\"potentialAction\":[{\"@type\":\"ReadAction\",\"target\":[\"https:\/\/portaltela.pt\/noticias\/2026\/01\/17\/fornos-de-algodres-graca-albuquerque-apresenta-obras-aos-alunos-do-aefa\/\"]}]},{\"@type\":\"ImageObject\",\"inLanguage\":\"pt-PT\",\"@id\":\"https:\/\/portaltela.pt\/noticias\/2026\/01\/17\/fornos-de-algodres-graca-albuquerque-apresenta-obras-aos-alunos-do-aefa\/#primaryimage\",\"url\":\"https:\/\/portaltela.pt\/s.01k8rhncp4jt1\/2026\/01\/unnamed-file-3437.jpg\",\"contentUrl\":\"https:\/\/portaltela.pt\/s.01k8rhncp4jt1\/2026\/01\/unnamed-file-3437.jpg\",\"width\":796,\"height\":448,\"caption\":\"FORNOS DE ALGODRES:Gra\u00e7a Albuquerque apresenta obras aos alunos do AEFA\"},{\"@type\":\"BreadcrumbList\",\"@id\":\"https:\/\/portaltela.pt\/noticias\/2026\/01\/17\/fornos-de-algodres-graca-albuquerque-apresenta-obras-aos-alunos-do-aefa\/#breadcrumb\",\"itemListElement\":[{\"@type\":\"ListItem\",\"position\":1,\"name\":\"In\u00edcio\",\"item\":\"https:\/\/portaltela.pt\/\"},{\"@type\":\"ListItem\",\"position\":2,\"name\":\"Fornos de Algodres: Gra\u00e7a Albuquerque apresenta obras aos alunos do AEFA\"}]},{\"@type\":\"WebSite\",\"@id\":\"https:\/\/portaltela.pt\/#website\",\"url\":\"https:\/\/portaltela.pt\/\",\"name\":\"Portal Tela Portugal\",\"description\":\"\",\"potentialAction\":[{\"@type\":\"SearchAction\",\"target\":{\"@type\":\"EntryPoint\",\"urlTemplate\":\"https:\/\/portaltela.pt\/?s={search_term_string}\"},\"query-input\":{\"@type\":\"PropertyValueSpecification\",\"valueRequired\":true,\"valueName\":\"search_term_string\"}}],\"inLanguage\":\"pt-PT\"},{\"@type\":\"Person\",\"@id\":\"https:\/\/portaltela.pt\/#\/schema\/person\/c4278d4a6028830caff9ee44b42d32ed\",\"name\":\"Telinha\",\"image\":{\"@type\":\"ImageObject\",\"inLanguage\":\"pt-PT\",\"@id\":\"https:\/\/portaltela.pt\/s.01k8rhncp4jt1\/2025\/11\/talking-bot-125x125.png\",\"url\":\"https:\/\/portaltela.pt\/s.01k8rhncp4jt1\/2025\/11\/talking-bot-125x125.png\",\"contentUrl\":\"https:\/\/portaltela.pt\/s.01k8rhncp4jt1\/2025\/11\/talking-bot-125x125.png\",\"caption\":\"Telinha\"},\"sameAs\":[\"https:\/\/portaltela.pt\/\"],\"url\":\"https:\/\/portaltela.pt\/por\/367410592786\/\"}]}<\/script>\n<!-- \/ Yoast SEO plugin. -->","yoast_head_json":{"title":"Fornos de Algodres: Gra\u00e7a Albuquerque apresenta obras aos alunos do AEFA - Portal Tela Portugal","robots":{"index":"index","follow":"follow","max-snippet":"max-snippet:-1","max-image-preview":"max-image-preview:large","max-video-preview":"max-video-preview:-1"},"og_locale":"pt_PT","og_type":"article","og_title":"Fornos de Algodres: Gra\u00e7a Albuquerque apresenta obras aos alunos do AEFA - Portal Tela Portugal","og_description":"A Biblioteca Escolar do Agrupamento de Escolas de Fornos de Algodres promoveu um encontro com a escritora Gra\u00e7a Albuquerque. Ela apresentou duas obras: \u201cO aviso que a chuva deixou cair\u201d aos alunos do 2.\u00ba ciclo e \u201cH\u00e1 casamento na floresta\u201d aos alunos do 1.\u00ba ciclo. A autora \u00e9 professora de Portugu\u00eas no Agrupamento de Escolas de Mangualde e natural de Fornos de Algodres. O encontro permitiu ouvir as hist\u00f3rias, explorar o processo criativo da escrita e aproximar os alunos dos livros. O evento terminou com um desafio criativo para que os alunos escrevessem as suas pr\u00f3prias hist\u00f3rias.","og_url":"https:\/\/portaltela.pt\/noticias\/2026\/01\/17\/fornos-de-algodres-graca-albuquerque-apresenta-obras-aos-alunos-do-aefa\/","og_site_name":"Portal Tela Portugal","article_published_time":"2026-01-17T10:36:00+00:00","author":"Telinha","twitter_card":"summary_large_image","twitter_misc":{"Escrito por":"Telinha","Tempo estimado de leitura":"1 minuto"},"schema":{"@context":"https:\/\/schema.org","@graph":[{"@type":"Article","@id":"https:\/\/portaltela.pt\/noticias\/2026\/01\/17\/fornos-de-algodres-graca-albuquerque-apresenta-obras-aos-alunos-do-aefa\/#article","isPartOf":{"@id":"https:\/\/portaltela.pt\/noticias\/2026\/01\/17\/fornos-de-algodres-graca-albuquerque-apresenta-obras-aos-alunos-do-aefa\/"},"author":{"name":"Telinha","@id":"https:\/\/portaltela.pt\/#\/schema\/person\/c4278d4a6028830caff9ee44b42d32ed"},"headline":"Fornos de Algodres: Gra\u00e7a Albuquerque apresenta obras aos alunos do AEFA","datePublished":"2026-01-17T10:36:00+00:00","mainEntityOfPage":{"@id":"https:\/\/portaltela.pt\/noticias\/2026\/01\/17\/fornos-de-algodres-graca-albuquerque-apresenta-obras-aos-alunos-do-aefa\/"},"wordCount":133,"image":{"@id":"https:\/\/portaltela.pt\/noticias\/2026\/01\/17\/fornos-de-algodres-graca-albuquerque-apresenta-obras-aos-alunos-do-aefa\/#primaryimage"},"thumbnailUrl":"https:\/\/portaltela.pt\/s.01k8rhncp4jt1\/2026\/01\/unnamed-file-3437.jpg","keywords":["bibliotecas\/arquivos","educa\u00e7\u00e3o","escolas","Fornos de Algodres","leitura","literatura"],"articleSection":["Not\u00edcias"],"inLanguage":"pt-PT"},{"@type":"WebPage","@id":"https:\/\/portaltela.pt\/noticias\/2026\/01\/17\/fornos-de-algodres-graca-albuquerque-apresenta-obras-aos-alunos-do-aefa\/","url":"https:\/\/portaltela.pt\/noticias\/2026\/01\/17\/fornos-de-algodres-graca-albuquerque-apresenta-obras-aos-alunos-do-aefa\/","name":"Fornos de Algodres: Gra\u00e7a Albuquerque apresenta obras aos alunos do AEFA - Portal Tela Portugal","isPartOf":{"@id":"https:\/\/portaltela.pt\/#website"},"primaryImageOfPage":{"@id":"https:\/\/portaltela.pt\/noticias\/2026\/01\/17\/fornos-de-algodres-graca-albuquerque-apresenta-obras-aos-alunos-do-aefa\/#primaryimage"},"image":{"@id":"https:\/\/portaltela.pt\/noticias\/2026\/01\/17\/fornos-de-algodres-graca-albuquerque-apresenta-obras-aos-alunos-do-aefa\/#primaryimage"},"thumbnailUrl":"https:\/\/portaltela.pt\/s.01k8rhncp4jt1\/2026\/01\/unnamed-file-3437.jpg","datePublished":"2026-01-17T10:36:00+00:00","author":{"@id":"https:\/\/portaltela.pt\/#\/schema\/person\/c4278d4a6028830caff9ee44b42d32ed"},"breadcrumb":{"@id":"https:\/\/portaltela.pt\/noticias\/2026\/01\/17\/fornos-de-algodres-graca-albuquerque-apresenta-obras-aos-alunos-do-aefa\/#breadcrumb"},"inLanguage":"pt-PT","potentialAction":[{"@type":"ReadAction","target":["https:\/\/portaltela.pt\/noticias\/2026\/01\/17\/fornos-de-algodres-graca-albuquerque-apresenta-obras-aos-alunos-do-aefa\/"]}]},{"@type":"ImageObject","inLanguage":"pt-PT","@id":"https:\/\/portaltela.pt\/noticias\/2026\/01\/17\/fornos-de-algodres-graca-albuquerque-apresenta-obras-aos-alunos-do-aefa\/#primaryimage","url":"https:\/\/portaltela.pt\/s.01k8rhncp4jt1\/2026\/01\/unnamed-file-3437.jpg","contentUrl":"https:\/\/portaltela.pt\/s.01k8rhncp4jt1\/2026\/01\/unnamed-file-3437.jpg","width":796,"height":448,"caption":"FORNOS DE ALGODRES:Gra\u00e7a Albuquerque apresenta obras aos alunos do AEFA"},{"@type":"BreadcrumbList","@id":"https:\/\/portaltela.pt\/noticias\/2026\/01\/17\/fornos-de-algodres-graca-albuquerque-apresenta-obras-aos-alunos-do-aefa\/#breadcrumb","itemListElement":[{"@type":"ListItem","position":1,"name":"In\u00edcio","item":"https:\/\/portaltela.pt\/"},{"@type":"ListItem","position":2,"name":"Fornos de Algodres: Gra\u00e7a Albuquerque apresenta obras aos alunos do AEFA"}]},{"@type":"WebSite","@id":"https:\/\/portaltela.pt\/#website","url":"https:\/\/portaltela.pt\/","name":"Portal Tela Portugal","description":"","potentialAction":[{"@type":"SearchAction","target":{"@type":"EntryPoint","urlTemplate":"https:\/\/portaltela.pt\/?s={search_term_string}"},"query-input":{"@type":"PropertyValueSpecification","valueRequired":true,"valueName":"search_term_string"}}],"inLanguage":"pt-PT"},{"@type":"Person","@id":"https:\/\/portaltela.pt\/#\/schema\/person\/c4278d4a6028830caff9ee44b42d32ed","name":"Telinha","image":{"@type":"ImageObject","inLanguage":"pt-PT","@id":"https:\/\/portaltela.pt\/s.01k8rhncp4jt1\/2025\/11\/talking-bot-125x125.png","url":"https:\/\/portaltela.pt\/s.01k8rhncp4jt1\/2025\/11\/talking-bot-125x125.png","contentUrl":"https:\/\/portaltela.pt\/s.01k8rhncp4jt1\/2025\/11\/talking-bot-125x125.png","caption":"Telinha"},"sameAs":["https:\/\/portaltela.pt\/"],"url":"https:\/\/portaltela.pt\/por\/367410592786\/"}]}},"_links":{"self":[{"href":"https:\/\/portaltela.pt\/api\/wp\/v2\/posts\/147507","targetHints":{"allow":["GET"]}}],"collection":[{"href":"https:\/\/portaltela.pt\/api\/wp\/v2\/posts"}],"about":[{"href":"https:\/\/portaltela.pt\/api\/wp\/v2\/types\/post"}],"author":[{"embeddable":true,"href":"https:\/\/portaltela.pt\/api\/wp\/v2\/users\/2"}],"replies":[{"embeddable":true,"href":"https:\/\/portaltela.pt\/api\/wp\/v2\/comments?post=147507"}],"version-history":[{"count":0,"href":"https:\/\/portaltela.pt\/api\/wp\/v2\/posts\/147507\/revisions"}],"wp:featuredmedia":[{"embeddable":true,"href":"https:\/\/portaltela.pt\/api\/wp\/v2\/media\/147530"}],"wp:attachment":[{"href":"https:\/\/portaltela.pt\/api\/wp\/v2\/media?parent=147507"}],"wp:term":[{"taxonomy":"category","embeddable":true,"href":"https:\/\/portaltela.pt\/api\/wp\/v2\/categories?post=147507"},{"taxonomy":"post_tag","embeddable":true,"href":"https:\/\/portaltela.pt\/api\/wp\/v2\/tags?post=147507"}],"curies":[{"name":"wp","href":"https:\/\/api.w.org\/{rel}","templated":true}]}}