{"id":147471,"date":"2026-01-17T06:52:00","date_gmt":"2026-01-17T09:52:00","guid":{"rendered":"https:\/\/portaltela.pt\/noticias\/2026\/01\/17\/associacao-aponta-caos-nos-portos-e-prejuizos-com-novo-sistema-aduaneiro\/"},"modified":"2026-01-17T06:52:00","modified_gmt":"2026-01-17T09:52:00","slug":"associacao-aponta-caos-nos-portos-e-prejuizos-com-novo-sistema-aduaneiro","status":"publish","type":"post","link":"https:\/\/portaltela.pt\/noticias\/economia\/2026\/01\/17\/associacao-aponta-caos-nos-portos-e-prejuizos-com-novo-sistema-aduaneiro\/","title":{"rendered":"Associa\u00e7\u00e3o aponta caos nos portos e preju\u00edzos com novo sistema aduaneiro"},"content":{"rendered":"<p>A Associa\u00e7\u00e3o Portuguesa da Ind\u00fastria Eletrodigital (AGEFE) chama a aten\u00e7\u00e3o para perturba\u00e7\u00f5es nos portos nacionais ap\u00f3s a entrada em funcionamento do novo sistema eletr\u00f3nico das alf\u00e2ndegas. A entidade aponta atrasos significativos no desalfandegamento e estimativas de preju\u00edzos em milh\u00f5es de euros.<\/p>\n<p>O diretor-geral da AGEFE, Daniel Ribeiro, descreveu o cen\u00e1rio como um caos nos portos de mercadorias e indicou que v\u00e1rias empresas enfrentam reten\u00e7\u00e3o de cargas. Em alguns casos, houve desvio de mercadorias para portos espanh\u00f3is para tentar minimizar perdas.<\/p>\n<p>Segundo a AGEFE, os atrasos elevam custos de armazenagem, provocam rupturas na cadeia log\u00edstica e geram penaliza\u00e7\u00f5es contratuais, agravando-se com o passar dos dias. A associa\u00e7\u00e3o acusa a aus\u00eancia de uma fase de adapta\u00e7\u00e3o ao novo programa.<\/p>\n<h3>Impacto financeiro e resposta institucional<\/h3>\n<p>A AGEFE pediu interven\u00e7\u00e3o urgente do Governo e pediu a suspens\u00e3o imediata do Sistema Integrado de Tratamento Eletr\u00f3nico das Mercadorias (SiMTeM). A associa\u00e7\u00e3o relata falta de resposta oficial por parte do Executivo at\u00e9 ao momento.<\/p>\n<p>Daniel Ribeiro aponta que, sem medidas r\u00e1pidas, o impacto econ\u00f3mico pode piorar, afetando a competitividade das empresas e o com\u00e9rcio externo. A organiza\u00e7\u00e3o pede a\u00e7\u00f5es para desbloquear mercadorias retidas e restabelecer a normalidade nos portos do pa\u00eds.<\/p>\n","protected":false},"excerpt":{"rendered":"<ul>\n<li>A Associa\u00e7\u00e3o Portuguesa da Ind\u00fastria Eletrodigital (AGEFE) alerta para perturba\u00e7\u00e3o nos portos nacionais ap\u00f3s a entrada em funcionamento do novo sistema eletr\u00f3nico das alf\u00e2ndegas, o SiMTeM.<\/li>\n<li>AAGEFE aponta atrasos no desalfandegamento e custos adicionais que j\u00e1 se traduzem em v\u00e1rias consequ\u00eancias financeiras para as empresas, incluindo armazenagem e penaliza\u00e7\u00f5es contratuais.<\/li>\n<li>Segundo o director-geral da AGEFE, Daniel Ribeiro, o cen\u00e1rio j\u00e1 levou ao desvio de mercadorias para portos espanh\u00f3is para mitigar perdas e assegurar o escoamento.<\/li>\n<li>A associa\u00e7\u00e3o critica a aus\u00eancia de uma fase de adapta\u00e7\u00e3o ao novo sistema, defendendo que a mudan\u00e7a foi implementada sem garantias de operacionalidade log\u00edstica.<\/li>\n<li>A AGEFE pediu interven\u00e7\u00e3o urgente do Governo, incluindo a suspens\u00e3o do SiMTeM, mas n\u00e3o houve resposta oficial at\u00e9 ao momento, com o risco de agravar a competitividade e o com\u00e9rcio externo.<\/li>\n<\/ul>\n","protected":false},"author":2,"featured_media":147504,"comment_status":"closed","ping_status":"closed","sticky":false,"template":"","format":"standard","meta":{"footnotes":""},"categories":[2,1],"tags":[3055,2026,244,28,34,961],"class_list":["post-147471","post","type-post","status-publish","format-standard","has-post-thumbnail","hentry","category-economia","category-noticias","tag-autoridade-aduaneira","tag-cadeias-de-abastecimento","tag-comercio","tag-economia","tag-governo","tag-logistica"],"yoast_head":"<!-- This site is optimized with the Yoast SEO plugin v27.2 - https:\/\/yoast.com\/product\/yoast-seo-wordpress\/ -->\n<title>Associa\u00e7\u00e3o aponta caos nos portos e preju\u00edzos com novo sistema aduaneiro - Portal Tela Portugal<\/title>\n<meta name=\"robots\" content=\"index, follow, max-snippet:-1, max-image-preview:large, max-video-preview:-1\" \/>\n<meta property=\"og:locale\" content=\"pt_PT\" \/>\n<meta property=\"og:type\" content=\"article\" \/>\n<meta property=\"og:title\" content=\"Associa\u00e7\u00e3o aponta caos nos portos e preju\u00edzos com novo sistema aduaneiro - Portal Tela Portugal\" \/>\n<meta property=\"og:description\" content=\"A Associa\u00e7\u00e3o Portuguesa da Ind\u00fastria Eletrodigital (AGEFE) alerta para perturba\u00e7\u00e3o nos portos nacionais ap\u00f3s a entrada em funcionamento do novo sistema eletr\u00f3nico das alf\u00e2ndegas, o SiMTeM. AAGEFE aponta atrasos no desalfandegamento e custos adicionais que j\u00e1 se traduzem em v\u00e1rias consequ\u00eancias financeiras para as empresas, incluindo armazenagem e penaliza\u00e7\u00f5es contratuais. Segundo o director-geral da AGEFE, Daniel Ribeiro, o cen\u00e1rio j\u00e1 levou ao desvio de mercadorias para portos espanh\u00f3is para mitigar perdas e assegurar o escoamento. A associa\u00e7\u00e3o critica a aus\u00eancia de uma fase de adapta\u00e7\u00e3o ao novo sistema, defendendo que a mudan\u00e7a foi implementada sem garantias de operacionalidade log\u00edstica. A AGEFE pediu interven\u00e7\u00e3o urgente do Governo, incluindo a suspens\u00e3o do SiMTeM, mas n\u00e3o houve resposta oficial at\u00e9 ao momento, com o risco de agravar a competitividade e o com\u00e9rcio externo.\" \/>\n<meta property=\"og:url\" content=\"https:\/\/portaltela.pt\/noticias\/2026\/01\/17\/associacao-aponta-caos-nos-portos-e-prejuizos-com-novo-sistema-aduaneiro\/\" \/>\n<meta property=\"og:site_name\" content=\"Portal Tela Portugal\" \/>\n<meta property=\"article:published_time\" content=\"2026-01-17T09:52:00+00:00\" \/>\n<meta name=\"author\" content=\"Telinha\" \/>\n<meta name=\"twitter:card\" content=\"summary_large_image\" \/>\n<meta name=\"twitter:label1\" content=\"Escrito por\" \/>\n\t<meta name=\"twitter:data1\" content=\"Telinha\" \/>\n\t<meta name=\"twitter:label2\" content=\"Tempo estimado de leitura\" \/>\n\t<meta name=\"twitter:data2\" content=\"1 minuto\" \/>\n<script type=\"application\/ld+json\" class=\"yoast-schema-graph\">{\"@context\":\"https:\/\/schema.org\",\"@graph\":[{\"@type\":\"Article\",\"@id\":\"https:\/\/portaltela.pt\/noticias\/2026\/01\/17\/associacao-aponta-caos-nos-portos-e-prejuizos-com-novo-sistema-aduaneiro\/#article\",\"isPartOf\":{\"@id\":\"https:\/\/portaltela.pt\/noticias\/2026\/01\/17\/associacao-aponta-caos-nos-portos-e-prejuizos-com-novo-sistema-aduaneiro\/\"},\"author\":{\"name\":\"Telinha\",\"@id\":\"https:\/\/portaltela.pt\/#\/schema\/person\/c4278d4a6028830caff9ee44b42d32ed\"},\"headline\":\"Associa\u00e7\u00e3o aponta caos nos portos e preju\u00edzos com novo sistema aduaneiro\",\"datePublished\":\"2026-01-17T09:52:00+00:00\",\"mainEntityOfPage\":{\"@id\":\"https:\/\/portaltela.pt\/noticias\/2026\/01\/17\/associacao-aponta-caos-nos-portos-e-prejuizos-com-novo-sistema-aduaneiro\/\"},\"wordCount\":235,\"image\":{\"@id\":\"https:\/\/portaltela.pt\/noticias\/2026\/01\/17\/associacao-aponta-caos-nos-portos-e-prejuizos-com-novo-sistema-aduaneiro\/#primaryimage\"},\"thumbnailUrl\":\"https:\/\/portaltela.pt\/s.01k8rhncp4jt1\/2026\/01\/unnamed-file-3433.jpg\",\"keywords\":[\"Autoridade Aduaneira\",\"cadeias de abastecimento\",\"com\u00e9rcio\",\"economia\",\"governo\",\"Log\u00edstica\"],\"articleSection\":[\"Economia\",\"Not\u00edcias\"],\"inLanguage\":\"pt-PT\"},{\"@type\":\"WebPage\",\"@id\":\"https:\/\/portaltela.pt\/noticias\/2026\/01\/17\/associacao-aponta-caos-nos-portos-e-prejuizos-com-novo-sistema-aduaneiro\/\",\"url\":\"https:\/\/portaltela.pt\/noticias\/2026\/01\/17\/associacao-aponta-caos-nos-portos-e-prejuizos-com-novo-sistema-aduaneiro\/\",\"name\":\"Associa\u00e7\u00e3o aponta caos nos portos e preju\u00edzos com novo sistema aduaneiro - Portal Tela Portugal\",\"isPartOf\":{\"@id\":\"https:\/\/portaltela.pt\/#website\"},\"primaryImageOfPage\":{\"@id\":\"https:\/\/portaltela.pt\/noticias\/2026\/01\/17\/associacao-aponta-caos-nos-portos-e-prejuizos-com-novo-sistema-aduaneiro\/#primaryimage\"},\"image\":{\"@id\":\"https:\/\/portaltela.pt\/noticias\/2026\/01\/17\/associacao-aponta-caos-nos-portos-e-prejuizos-com-novo-sistema-aduaneiro\/#primaryimage\"},\"thumbnailUrl\":\"https:\/\/portaltela.pt\/s.01k8rhncp4jt1\/2026\/01\/unnamed-file-3433.jpg\",\"datePublished\":\"2026-01-17T09:52:00+00:00\",\"author\":{\"@id\":\"https:\/\/portaltela.pt\/#\/schema\/person\/c4278d4a6028830caff9ee44b42d32ed\"},\"breadcrumb\":{\"@id\":\"https:\/\/portaltela.pt\/noticias\/2026\/01\/17\/associacao-aponta-caos-nos-portos-e-prejuizos-com-novo-sistema-aduaneiro\/#breadcrumb\"},\"inLanguage\":\"pt-PT\",\"potentialAction\":[{\"@type\":\"ReadAction\",\"target\":[\"https:\/\/portaltela.pt\/noticias\/2026\/01\/17\/associacao-aponta-caos-nos-portos-e-prejuizos-com-novo-sistema-aduaneiro\/\"]}]},{\"@type\":\"ImageObject\",\"inLanguage\":\"pt-PT\",\"@id\":\"https:\/\/portaltela.pt\/noticias\/2026\/01\/17\/associacao-aponta-caos-nos-portos-e-prejuizos-com-novo-sistema-aduaneiro\/#primaryimage\",\"url\":\"https:\/\/portaltela.pt\/s.01k8rhncp4jt1\/2026\/01\/unnamed-file-3433.jpg\",\"contentUrl\":\"https:\/\/portaltela.pt\/s.01k8rhncp4jt1\/2026\/01\/unnamed-file-3433.jpg\",\"width\":796,\"height\":448,\"caption\":\"Associa\u00e7\u00e3o alerta para \\\"caos\\\" nos portos e preju\u00edzos de milh\u00f5es com novo sistema das alf\u00e2ndegas\"},{\"@type\":\"BreadcrumbList\",\"@id\":\"https:\/\/portaltela.pt\/noticias\/2026\/01\/17\/associacao-aponta-caos-nos-portos-e-prejuizos-com-novo-sistema-aduaneiro\/#breadcrumb\",\"itemListElement\":[{\"@type\":\"ListItem\",\"position\":1,\"name\":\"In\u00edcio\",\"item\":\"https:\/\/portaltela.pt\/\"},{\"@type\":\"ListItem\",\"position\":2,\"name\":\"Associa\u00e7\u00e3o aponta caos nos portos e preju\u00edzos com novo sistema aduaneiro\"}]},{\"@type\":\"WebSite\",\"@id\":\"https:\/\/portaltela.pt\/#website\",\"url\":\"https:\/\/portaltela.pt\/\",\"name\":\"Portal Tela Portugal\",\"description\":\"\",\"potentialAction\":[{\"@type\":\"SearchAction\",\"target\":{\"@type\":\"EntryPoint\",\"urlTemplate\":\"https:\/\/portaltela.pt\/?s={search_term_string}\"},\"query-input\":{\"@type\":\"PropertyValueSpecification\",\"valueRequired\":true,\"valueName\":\"search_term_string\"}}],\"inLanguage\":\"pt-PT\"},{\"@type\":\"Person\",\"@id\":\"https:\/\/portaltela.pt\/#\/schema\/person\/c4278d4a6028830caff9ee44b42d32ed\",\"name\":\"Telinha\",\"image\":{\"@type\":\"ImageObject\",\"inLanguage\":\"pt-PT\",\"@id\":\"https:\/\/portaltela.pt\/s.01k8rhncp4jt1\/2025\/11\/talking-bot-125x125.png\",\"url\":\"https:\/\/portaltela.pt\/s.01k8rhncp4jt1\/2025\/11\/talking-bot-125x125.png\",\"contentUrl\":\"https:\/\/portaltela.pt\/s.01k8rhncp4jt1\/2025\/11\/talking-bot-125x125.png\",\"caption\":\"Telinha\"},\"sameAs\":[\"https:\/\/portaltela.pt\/\"],\"url\":\"https:\/\/portaltela.pt\/por\/367410592786\/\"}]}<\/script>\n<!-- \/ Yoast SEO plugin. -->","yoast_head_json":{"title":"Associa\u00e7\u00e3o aponta caos nos portos e preju\u00edzos com novo sistema aduaneiro - Portal Tela Portugal","robots":{"index":"index","follow":"follow","max-snippet":"max-snippet:-1","max-image-preview":"max-image-preview:large","max-video-preview":"max-video-preview:-1"},"og_locale":"pt_PT","og_type":"article","og_title":"Associa\u00e7\u00e3o aponta caos nos portos e preju\u00edzos com novo sistema aduaneiro - Portal Tela Portugal","og_description":"A Associa\u00e7\u00e3o Portuguesa da Ind\u00fastria Eletrodigital (AGEFE) alerta para perturba\u00e7\u00e3o nos portos nacionais ap\u00f3s a entrada em funcionamento do novo sistema eletr\u00f3nico das alf\u00e2ndegas, o SiMTeM. AAGEFE aponta atrasos no desalfandegamento e custos adicionais que j\u00e1 se traduzem em v\u00e1rias consequ\u00eancias financeiras para as empresas, incluindo armazenagem e penaliza\u00e7\u00f5es contratuais. Segundo o director-geral da AGEFE, Daniel Ribeiro, o cen\u00e1rio j\u00e1 levou ao desvio de mercadorias para portos espanh\u00f3is para mitigar perdas e assegurar o escoamento. A associa\u00e7\u00e3o critica a aus\u00eancia de uma fase de adapta\u00e7\u00e3o ao novo sistema, defendendo que a mudan\u00e7a foi implementada sem garantias de operacionalidade log\u00edstica. A AGEFE pediu interven\u00e7\u00e3o urgente do Governo, incluindo a suspens\u00e3o do SiMTeM, mas n\u00e3o houve resposta oficial at\u00e9 ao momento, com o risco de agravar a competitividade e o com\u00e9rcio externo.","og_url":"https:\/\/portaltela.pt\/noticias\/2026\/01\/17\/associacao-aponta-caos-nos-portos-e-prejuizos-com-novo-sistema-aduaneiro\/","og_site_name":"Portal Tela Portugal","article_published_time":"2026-01-17T09:52:00+00:00","author":"Telinha","twitter_card":"summary_large_image","twitter_misc":{"Escrito por":"Telinha","Tempo estimado de leitura":"1 minuto"},"schema":{"@context":"https:\/\/schema.org","@graph":[{"@type":"Article","@id":"https:\/\/portaltela.pt\/noticias\/2026\/01\/17\/associacao-aponta-caos-nos-portos-e-prejuizos-com-novo-sistema-aduaneiro\/#article","isPartOf":{"@id":"https:\/\/portaltela.pt\/noticias\/2026\/01\/17\/associacao-aponta-caos-nos-portos-e-prejuizos-com-novo-sistema-aduaneiro\/"},"author":{"name":"Telinha","@id":"https:\/\/portaltela.pt\/#\/schema\/person\/c4278d4a6028830caff9ee44b42d32ed"},"headline":"Associa\u00e7\u00e3o aponta caos nos portos e preju\u00edzos com novo sistema aduaneiro","datePublished":"2026-01-17T09:52:00+00:00","mainEntityOfPage":{"@id":"https:\/\/portaltela.pt\/noticias\/2026\/01\/17\/associacao-aponta-caos-nos-portos-e-prejuizos-com-novo-sistema-aduaneiro\/"},"wordCount":235,"image":{"@id":"https:\/\/portaltela.pt\/noticias\/2026\/01\/17\/associacao-aponta-caos-nos-portos-e-prejuizos-com-novo-sistema-aduaneiro\/#primaryimage"},"thumbnailUrl":"https:\/\/portaltela.pt\/s.01k8rhncp4jt1\/2026\/01\/unnamed-file-3433.jpg","keywords":["Autoridade Aduaneira","cadeias de abastecimento","com\u00e9rcio","economia","governo","Log\u00edstica"],"articleSection":["Economia","Not\u00edcias"],"inLanguage":"pt-PT"},{"@type":"WebPage","@id":"https:\/\/portaltela.pt\/noticias\/2026\/01\/17\/associacao-aponta-caos-nos-portos-e-prejuizos-com-novo-sistema-aduaneiro\/","url":"https:\/\/portaltela.pt\/noticias\/2026\/01\/17\/associacao-aponta-caos-nos-portos-e-prejuizos-com-novo-sistema-aduaneiro\/","name":"Associa\u00e7\u00e3o aponta caos nos portos e preju\u00edzos com novo sistema aduaneiro - Portal Tela Portugal","isPartOf":{"@id":"https:\/\/portaltela.pt\/#website"},"primaryImageOfPage":{"@id":"https:\/\/portaltela.pt\/noticias\/2026\/01\/17\/associacao-aponta-caos-nos-portos-e-prejuizos-com-novo-sistema-aduaneiro\/#primaryimage"},"image":{"@id":"https:\/\/portaltela.pt\/noticias\/2026\/01\/17\/associacao-aponta-caos-nos-portos-e-prejuizos-com-novo-sistema-aduaneiro\/#primaryimage"},"thumbnailUrl":"https:\/\/portaltela.pt\/s.01k8rhncp4jt1\/2026\/01\/unnamed-file-3433.jpg","datePublished":"2026-01-17T09:52:00+00:00","author":{"@id":"https:\/\/portaltela.pt\/#\/schema\/person\/c4278d4a6028830caff9ee44b42d32ed"},"breadcrumb":{"@id":"https:\/\/portaltela.pt\/noticias\/2026\/01\/17\/associacao-aponta-caos-nos-portos-e-prejuizos-com-novo-sistema-aduaneiro\/#breadcrumb"},"inLanguage":"pt-PT","potentialAction":[{"@type":"ReadAction","target":["https:\/\/portaltela.pt\/noticias\/2026\/01\/17\/associacao-aponta-caos-nos-portos-e-prejuizos-com-novo-sistema-aduaneiro\/"]}]},{"@type":"ImageObject","inLanguage":"pt-PT","@id":"https:\/\/portaltela.pt\/noticias\/2026\/01\/17\/associacao-aponta-caos-nos-portos-e-prejuizos-com-novo-sistema-aduaneiro\/#primaryimage","url":"https:\/\/portaltela.pt\/s.01k8rhncp4jt1\/2026\/01\/unnamed-file-3433.jpg","contentUrl":"https:\/\/portaltela.pt\/s.01k8rhncp4jt1\/2026\/01\/unnamed-file-3433.jpg","width":796,"height":448,"caption":"Associa\u00e7\u00e3o alerta para \"caos\" nos portos e preju\u00edzos de milh\u00f5es com novo sistema das alf\u00e2ndegas"},{"@type":"BreadcrumbList","@id":"https:\/\/portaltela.pt\/noticias\/2026\/01\/17\/associacao-aponta-caos-nos-portos-e-prejuizos-com-novo-sistema-aduaneiro\/#breadcrumb","itemListElement":[{"@type":"ListItem","position":1,"name":"In\u00edcio","item":"https:\/\/portaltela.pt\/"},{"@type":"ListItem","position":2,"name":"Associa\u00e7\u00e3o aponta caos nos portos e preju\u00edzos com novo sistema aduaneiro"}]},{"@type":"WebSite","@id":"https:\/\/portaltela.pt\/#website","url":"https:\/\/portaltela.pt\/","name":"Portal Tela Portugal","description":"","potentialAction":[{"@type":"SearchAction","target":{"@type":"EntryPoint","urlTemplate":"https:\/\/portaltela.pt\/?s={search_term_string}"},"query-input":{"@type":"PropertyValueSpecification","valueRequired":true,"valueName":"search_term_string"}}],"inLanguage":"pt-PT"},{"@type":"Person","@id":"https:\/\/portaltela.pt\/#\/schema\/person\/c4278d4a6028830caff9ee44b42d32ed","name":"Telinha","image":{"@type":"ImageObject","inLanguage":"pt-PT","@id":"https:\/\/portaltela.pt\/s.01k8rhncp4jt1\/2025\/11\/talking-bot-125x125.png","url":"https:\/\/portaltela.pt\/s.01k8rhncp4jt1\/2025\/11\/talking-bot-125x125.png","contentUrl":"https:\/\/portaltela.pt\/s.01k8rhncp4jt1\/2025\/11\/talking-bot-125x125.png","caption":"Telinha"},"sameAs":["https:\/\/portaltela.pt\/"],"url":"https:\/\/portaltela.pt\/por\/367410592786\/"}]}},"_links":{"self":[{"href":"https:\/\/portaltela.pt\/api\/wp\/v2\/posts\/147471","targetHints":{"allow":["GET"]}}],"collection":[{"href":"https:\/\/portaltela.pt\/api\/wp\/v2\/posts"}],"about":[{"href":"https:\/\/portaltela.pt\/api\/wp\/v2\/types\/post"}],"author":[{"embeddable":true,"href":"https:\/\/portaltela.pt\/api\/wp\/v2\/users\/2"}],"replies":[{"embeddable":true,"href":"https:\/\/portaltela.pt\/api\/wp\/v2\/comments?post=147471"}],"version-history":[{"count":0,"href":"https:\/\/portaltela.pt\/api\/wp\/v2\/posts\/147471\/revisions"}],"wp:featuredmedia":[{"embeddable":true,"href":"https:\/\/portaltela.pt\/api\/wp\/v2\/media\/147504"}],"wp:attachment":[{"href":"https:\/\/portaltela.pt\/api\/wp\/v2\/media?parent=147471"}],"wp:term":[{"taxonomy":"category","embeddable":true,"href":"https:\/\/portaltela.pt\/api\/wp\/v2\/categories?post=147471"},{"taxonomy":"post_tag","embeddable":true,"href":"https:\/\/portaltela.pt\/api\/wp\/v2\/tags?post=147471"}],"curies":[{"name":"wp","href":"https:\/\/api.w.org\/{rel}","templated":true}]}}