{"id":147450,"date":"2026-01-17T06:56:00","date_gmt":"2026-01-17T09:56:00","guid":{"rendered":"https:\/\/portaltela.pt\/noticias\/2026\/01\/17\/ferdinand-sugere-ao-manchester-united-contratar-um-lunatico-e-menciona-opcoes\/"},"modified":"2026-01-17T06:56:00","modified_gmt":"2026-01-17T09:56:00","slug":"ferdinand-sugere-ao-manchester-united-contratar-um-lunatico-e-menciona-opcoes","status":"publish","type":"post","link":"https:\/\/portaltela.pt\/desporto\/futebol\/2026\/01\/17\/ferdinand-sugere-ao-manchester-united-contratar-um-lunatico-e-menciona-opcoes\/","title":{"rendered":"Ferdinand sugere ao Manchester United contratar um &#8216;lun\u00e1tico&#8217; e menciona op\u00e7\u00f5es"},"content":{"rendered":"<p>Rio Ferdinand acredita que o Manchester United dever\u00e1 contratar um treinador com perfil mais ousado, para devolver o sucesso ao clube. Em entrevista \u00e0 BBC, o ex-jogador recorda os diferentes treinadores que passaram por Old Trafford e prop\u00f5e uma mudan\u00e7a de abordagem.<\/p>\n<p>Segundo Ferdinand, o clube j\u00e1 teve diversos estilos, desde o pragm\u00e1tico de Louis van Gaal ao peso de Jos\u00e9 Mourinho, passando por jovens promessas como Ten Hag e Amorim, at\u00e9 lendas que conhecem bem o clube. Agora, defende uma dire\u00e7\u00e3o mais \u201clun\u00e1tica\u201d: algu\u00e9m que se entregue ao trabalho sem receios.<\/p>\n<p>O antigo defesa aponta dois exemplos de perfis que gostaria de ver no banco. Um t\u00e9cnico com impulso para agarrar a oportunidade de imediato, que chegou a vencer t\u00edtulos ao iniciar de baixa posi\u00e7\u00e3o. E, por outro lado, algu\u00e9m capaz de introduzir e manter um estilo pr\u00f3prio, com identidade de jogo, j\u00e1 demonstrado em tr\u00eas clubes.<\/p>\n<p>Ap\u00f3s a sa\u00edda de Amorim, Darren Fletcher assumiu interinamente o comando, com um empate e uma derrota em dois jogos. No d\u00e9rbi de Manchester deste s\u00e1bado, Michael Carrick dever\u00e1 estar no banco de suplentes como treinador interino, em jogo apontado como decisivo para o clube.<\/p>\n<h3>Situa\u00e7\u00e3o atual no Manchester United<\/h3>\n<p>Ferdinand ressalta que a escolha de um treinador com combina\u00e7\u00e3o de ambos os tra\u00e7os \u00e9 considerada crucial para o retorno competitivo do United. A equipa enfrenta o momento sem um treinador definitivo, enquanto a dire\u00e7\u00e3o analisa op\u00e7\u00f5es futuras.<\/p>\n","protected":false},"excerpt":{"rendered":"<ul>\n<li>Rio Ferdinand sugere que o Manchester United contrate um treinador \u201clun\u00e1tico\u201d para devolver o sucesso, olhando para diferentes perfis de treinadores que passaram pelo clube.<\/li>\n<li>O antigo jogador diz que \u00e9 preciso algu\u00e9m apaixonado, que n\u00e3o tenha medo da press\u00e3o medi\u00e1tica, combinando dois pap\u00e9is: algu\u00e9m que entre e estabilize a equipa e algu\u00e9m que implemente um estilo e uma identidade.<\/li>\n<li>Ferdinand cita, como op\u00e7\u00e3o evidente, o treinador Antonio Conte, que pode agarrar a oportunidade de imediato, tendo chegado ao Chelsea e \u00e0 Napoli quando estavam em posi\u00e7\u00f5es inferiores e feito t\u00edtulos.<\/li>\n<li>A segunda vaga seria de algu\u00e9m que j\u00e1 tenha demonstrado capacidade de treinar a equipa com um estilo definido, em tr\u00eas clubes, mas Ferdinand n\u00e3o revela o nome.<\/li>\n<li>Recorda-se que Ruben Amorim foi substitu\u00eddo por Darren Fletcher ap\u00f3s a sa\u00edda, e que, no d\u00e9rbi de Manchester deste s\u00e1bado, Michael Carrick assumir\u00e1 o banco como treinador interino.<\/li>\n<\/ul>\n","protected":false},"author":2,"featured_media":147452,"comment_status":"closed","ping_status":"closed","sticky":false,"template":"","format":"standard","meta":{"footnotes":""},"categories":[21,24],"tags":[2868,152,32,2415,2477],"class_list":["post-147450","post","type-post","status-publish","format-standard","has-post-thumbnail","hentry","category-desporto","category-futebol","tag-amorim","tag-desporto","tag-futebol","tag-gestao","tag-treinadores"],"yoast_head":"<!-- This site is optimized with the Yoast SEO plugin v27.2 - https:\/\/yoast.com\/product\/yoast-seo-wordpress\/ -->\n<title>Ferdinand sugere ao Manchester United contratar um &#039;lun\u00e1tico&#039; e menciona op\u00e7\u00f5es - Portal Tela Portugal<\/title>\n<meta name=\"robots\" content=\"index, follow, max-snippet:-1, max-image-preview:large, max-video-preview:-1\" \/>\n<meta property=\"og:locale\" content=\"pt_PT\" \/>\n<meta property=\"og:type\" content=\"article\" \/>\n<meta property=\"og:title\" content=\"Ferdinand sugere ao Manchester United contratar um &#039;lun\u00e1tico&#039; e menciona op\u00e7\u00f5es - Portal Tela Portugal\" \/>\n<meta property=\"og:description\" content=\"Rio Ferdinand sugere que o Manchester United contrate um treinador \u201clun\u00e1tico\u201d para devolver o sucesso, olhando para diferentes perfis de treinadores que passaram pelo clube. O antigo jogador diz que \u00e9 preciso algu\u00e9m apaixonado, que n\u00e3o tenha medo da press\u00e3o medi\u00e1tica, combinando dois pap\u00e9is: algu\u00e9m que entre e estabilize a equipa e algu\u00e9m que implemente um estilo e uma identidade. Ferdinand cita, como op\u00e7\u00e3o evidente, o treinador Antonio Conte, que pode agarrar a oportunidade de imediato, tendo chegado ao Chelsea e \u00e0 Napoli quando estavam em posi\u00e7\u00f5es inferiores e feito t\u00edtulos. A segunda vaga seria de algu\u00e9m que j\u00e1 tenha demonstrado capacidade de treinar a equipa com um estilo definido, em tr\u00eas clubes, mas Ferdinand n\u00e3o revela o nome. Recorda-se que Ruben Amorim foi substitu\u00eddo por Darren Fletcher ap\u00f3s a sa\u00edda, e que, no d\u00e9rbi de Manchester deste s\u00e1bado, Michael Carrick assumir\u00e1 o banco como treinador interino.\" \/>\n<meta property=\"og:url\" content=\"https:\/\/portaltela.pt\/noticias\/2026\/01\/17\/ferdinand-sugere-ao-manchester-united-contratar-um-lunatico-e-menciona-opcoes\/\" \/>\n<meta property=\"og:site_name\" content=\"Portal Tela Portugal\" \/>\n<meta property=\"article:published_time\" content=\"2026-01-17T09:56:00+00:00\" \/>\n<meta name=\"author\" content=\"Telinha\" \/>\n<meta name=\"twitter:card\" content=\"summary_large_image\" \/>\n<meta name=\"twitter:label1\" content=\"Escrito por\" \/>\n\t<meta name=\"twitter:data1\" content=\"Telinha\" \/>\n\t<meta name=\"twitter:label2\" content=\"Tempo estimado de leitura\" \/>\n\t<meta name=\"twitter:data2\" content=\"1 minuto\" \/>\n<script type=\"application\/ld+json\" class=\"yoast-schema-graph\">{\"@context\":\"https:\/\/schema.org\",\"@graph\":[{\"@type\":\"Article\",\"@id\":\"https:\/\/portaltela.pt\/noticias\/2026\/01\/17\/ferdinand-sugere-ao-manchester-united-contratar-um-lunatico-e-menciona-opcoes\/#article\",\"isPartOf\":{\"@id\":\"https:\/\/portaltela.pt\/noticias\/2026\/01\/17\/ferdinand-sugere-ao-manchester-united-contratar-um-lunatico-e-menciona-opcoes\/\"},\"author\":{\"name\":\"Telinha\",\"@id\":\"https:\/\/portaltela.pt\/#\/schema\/person\/c4278d4a6028830caff9ee44b42d32ed\"},\"headline\":\"Ferdinand sugere ao Manchester United contratar um &#8216;lun\u00e1tico&#8217; e menciona op\u00e7\u00f5es\",\"datePublished\":\"2026-01-17T09:56:00+00:00\",\"mainEntityOfPage\":{\"@id\":\"https:\/\/portaltela.pt\/noticias\/2026\/01\/17\/ferdinand-sugere-ao-manchester-united-contratar-um-lunatico-e-menciona-opcoes\/\"},\"wordCount\":268,\"image\":{\"@id\":\"https:\/\/portaltela.pt\/noticias\/2026\/01\/17\/ferdinand-sugere-ao-manchester-united-contratar-um-lunatico-e-menciona-opcoes\/#primaryimage\"},\"thumbnailUrl\":\"https:\/\/portaltela.pt\/s.01k8rhncp4jt1\/2026\/01\/img_920x518uu2025-08-27-23-50-25-2386301-im-639042407098223202-2.jpg\",\"keywords\":[\"Amorim\",\"desporto\",\"futebol\",\"gest\u00e3o\",\"treinadores\"],\"articleSection\":[\"Desporto\",\"Futebol\"],\"inLanguage\":\"pt-PT\"},{\"@type\":\"WebPage\",\"@id\":\"https:\/\/portaltela.pt\/noticias\/2026\/01\/17\/ferdinand-sugere-ao-manchester-united-contratar-um-lunatico-e-menciona-opcoes\/\",\"url\":\"https:\/\/portaltela.pt\/noticias\/2026\/01\/17\/ferdinand-sugere-ao-manchester-united-contratar-um-lunatico-e-menciona-opcoes\/\",\"name\":\"Ferdinand sugere ao Manchester United contratar um 'lun\u00e1tico' e menciona op\u00e7\u00f5es - Portal Tela Portugal\",\"isPartOf\":{\"@id\":\"https:\/\/portaltela.pt\/#website\"},\"primaryImageOfPage\":{\"@id\":\"https:\/\/portaltela.pt\/noticias\/2026\/01\/17\/ferdinand-sugere-ao-manchester-united-contratar-um-lunatico-e-menciona-opcoes\/#primaryimage\"},\"image\":{\"@id\":\"https:\/\/portaltela.pt\/noticias\/2026\/01\/17\/ferdinand-sugere-ao-manchester-united-contratar-um-lunatico-e-menciona-opcoes\/#primaryimage\"},\"thumbnailUrl\":\"https:\/\/portaltela.pt\/s.01k8rhncp4jt1\/2026\/01\/img_920x518uu2025-08-27-23-50-25-2386301-im-639042407098223202-2.jpg\",\"datePublished\":\"2026-01-17T09:56:00+00:00\",\"author\":{\"@id\":\"https:\/\/portaltela.pt\/#\/schema\/person\/c4278d4a6028830caff9ee44b42d32ed\"},\"breadcrumb\":{\"@id\":\"https:\/\/portaltela.pt\/noticias\/2026\/01\/17\/ferdinand-sugere-ao-manchester-united-contratar-um-lunatico-e-menciona-opcoes\/#breadcrumb\"},\"inLanguage\":\"pt-PT\",\"potentialAction\":[{\"@type\":\"ReadAction\",\"target\":[\"https:\/\/portaltela.pt\/noticias\/2026\/01\/17\/ferdinand-sugere-ao-manchester-united-contratar-um-lunatico-e-menciona-opcoes\/\"]}]},{\"@type\":\"ImageObject\",\"inLanguage\":\"pt-PT\",\"@id\":\"https:\/\/portaltela.pt\/noticias\/2026\/01\/17\/ferdinand-sugere-ao-manchester-united-contratar-um-lunatico-e-menciona-opcoes\/#primaryimage\",\"url\":\"https:\/\/portaltela.pt\/s.01k8rhncp4jt1\/2026\/01\/img_920x518uu2025-08-27-23-50-25-2386301-im-639042407098223202-2.jpg\",\"contentUrl\":\"https:\/\/portaltela.pt\/s.01k8rhncp4jt1\/2026\/01\/img_920x518uu2025-08-27-23-50-25-2386301-im-639042407098223202-2.jpg\",\"width\":796,\"height\":448,\"caption\":\"Rio Ferdinand, lenda do Manchester United\"},{\"@type\":\"BreadcrumbList\",\"@id\":\"https:\/\/portaltela.pt\/noticias\/2026\/01\/17\/ferdinand-sugere-ao-manchester-united-contratar-um-lunatico-e-menciona-opcoes\/#breadcrumb\",\"itemListElement\":[{\"@type\":\"ListItem\",\"position\":1,\"name\":\"In\u00edcio\",\"item\":\"https:\/\/portaltela.pt\/\"},{\"@type\":\"ListItem\",\"position\":2,\"name\":\"Ferdinand sugere ao Manchester United contratar um &#8216;lun\u00e1tico&#8217; e menciona op\u00e7\u00f5es\"}]},{\"@type\":\"WebSite\",\"@id\":\"https:\/\/portaltela.pt\/#website\",\"url\":\"https:\/\/portaltela.pt\/\",\"name\":\"Portal Tela Portugal\",\"description\":\"\",\"potentialAction\":[{\"@type\":\"SearchAction\",\"target\":{\"@type\":\"EntryPoint\",\"urlTemplate\":\"https:\/\/portaltela.pt\/?s={search_term_string}\"},\"query-input\":{\"@type\":\"PropertyValueSpecification\",\"valueRequired\":true,\"valueName\":\"search_term_string\"}}],\"inLanguage\":\"pt-PT\"},{\"@type\":\"Person\",\"@id\":\"https:\/\/portaltela.pt\/#\/schema\/person\/c4278d4a6028830caff9ee44b42d32ed\",\"name\":\"Telinha\",\"image\":{\"@type\":\"ImageObject\",\"inLanguage\":\"pt-PT\",\"@id\":\"https:\/\/portaltela.pt\/s.01k8rhncp4jt1\/2025\/11\/talking-bot-125x125.png\",\"url\":\"https:\/\/portaltela.pt\/s.01k8rhncp4jt1\/2025\/11\/talking-bot-125x125.png\",\"contentUrl\":\"https:\/\/portaltela.pt\/s.01k8rhncp4jt1\/2025\/11\/talking-bot-125x125.png\",\"caption\":\"Telinha\"},\"sameAs\":[\"https:\/\/portaltela.pt\/\"],\"url\":\"https:\/\/portaltela.pt\/por\/367410592786\/\"}]}<\/script>\n<!-- \/ Yoast SEO plugin. -->","yoast_head_json":{"title":"Ferdinand sugere ao Manchester United contratar um 'lun\u00e1tico' e menciona op\u00e7\u00f5es - Portal Tela Portugal","robots":{"index":"index","follow":"follow","max-snippet":"max-snippet:-1","max-image-preview":"max-image-preview:large","max-video-preview":"max-video-preview:-1"},"og_locale":"pt_PT","og_type":"article","og_title":"Ferdinand sugere ao Manchester United contratar um 'lun\u00e1tico' e menciona op\u00e7\u00f5es - Portal Tela Portugal","og_description":"Rio Ferdinand sugere que o Manchester United contrate um treinador \u201clun\u00e1tico\u201d para devolver o sucesso, olhando para diferentes perfis de treinadores que passaram pelo clube. O antigo jogador diz que \u00e9 preciso algu\u00e9m apaixonado, que n\u00e3o tenha medo da press\u00e3o medi\u00e1tica, combinando dois pap\u00e9is: algu\u00e9m que entre e estabilize a equipa e algu\u00e9m que implemente um estilo e uma identidade. Ferdinand cita, como op\u00e7\u00e3o evidente, o treinador Antonio Conte, que pode agarrar a oportunidade de imediato, tendo chegado ao Chelsea e \u00e0 Napoli quando estavam em posi\u00e7\u00f5es inferiores e feito t\u00edtulos. A segunda vaga seria de algu\u00e9m que j\u00e1 tenha demonstrado capacidade de treinar a equipa com um estilo definido, em tr\u00eas clubes, mas Ferdinand n\u00e3o revela o nome. Recorda-se que Ruben Amorim foi substitu\u00eddo por Darren Fletcher ap\u00f3s a sa\u00edda, e que, no d\u00e9rbi de Manchester deste s\u00e1bado, Michael Carrick assumir\u00e1 o banco como treinador interino.","og_url":"https:\/\/portaltela.pt\/noticias\/2026\/01\/17\/ferdinand-sugere-ao-manchester-united-contratar-um-lunatico-e-menciona-opcoes\/","og_site_name":"Portal Tela Portugal","article_published_time":"2026-01-17T09:56:00+00:00","author":"Telinha","twitter_card":"summary_large_image","twitter_misc":{"Escrito por":"Telinha","Tempo estimado de leitura":"1 minuto"},"schema":{"@context":"https:\/\/schema.org","@graph":[{"@type":"Article","@id":"https:\/\/portaltela.pt\/noticias\/2026\/01\/17\/ferdinand-sugere-ao-manchester-united-contratar-um-lunatico-e-menciona-opcoes\/#article","isPartOf":{"@id":"https:\/\/portaltela.pt\/noticias\/2026\/01\/17\/ferdinand-sugere-ao-manchester-united-contratar-um-lunatico-e-menciona-opcoes\/"},"author":{"name":"Telinha","@id":"https:\/\/portaltela.pt\/#\/schema\/person\/c4278d4a6028830caff9ee44b42d32ed"},"headline":"Ferdinand sugere ao Manchester United contratar um &#8216;lun\u00e1tico&#8217; e menciona op\u00e7\u00f5es","datePublished":"2026-01-17T09:56:00+00:00","mainEntityOfPage":{"@id":"https:\/\/portaltela.pt\/noticias\/2026\/01\/17\/ferdinand-sugere-ao-manchester-united-contratar-um-lunatico-e-menciona-opcoes\/"},"wordCount":268,"image":{"@id":"https:\/\/portaltela.pt\/noticias\/2026\/01\/17\/ferdinand-sugere-ao-manchester-united-contratar-um-lunatico-e-menciona-opcoes\/#primaryimage"},"thumbnailUrl":"https:\/\/portaltela.pt\/s.01k8rhncp4jt1\/2026\/01\/img_920x518uu2025-08-27-23-50-25-2386301-im-639042407098223202-2.jpg","keywords":["Amorim","desporto","futebol","gest\u00e3o","treinadores"],"articleSection":["Desporto","Futebol"],"inLanguage":"pt-PT"},{"@type":"WebPage","@id":"https:\/\/portaltela.pt\/noticias\/2026\/01\/17\/ferdinand-sugere-ao-manchester-united-contratar-um-lunatico-e-menciona-opcoes\/","url":"https:\/\/portaltela.pt\/noticias\/2026\/01\/17\/ferdinand-sugere-ao-manchester-united-contratar-um-lunatico-e-menciona-opcoes\/","name":"Ferdinand sugere ao Manchester United contratar um 'lun\u00e1tico' e menciona op\u00e7\u00f5es - Portal Tela Portugal","isPartOf":{"@id":"https:\/\/portaltela.pt\/#website"},"primaryImageOfPage":{"@id":"https:\/\/portaltela.pt\/noticias\/2026\/01\/17\/ferdinand-sugere-ao-manchester-united-contratar-um-lunatico-e-menciona-opcoes\/#primaryimage"},"image":{"@id":"https:\/\/portaltela.pt\/noticias\/2026\/01\/17\/ferdinand-sugere-ao-manchester-united-contratar-um-lunatico-e-menciona-opcoes\/#primaryimage"},"thumbnailUrl":"https:\/\/portaltela.pt\/s.01k8rhncp4jt1\/2026\/01\/img_920x518uu2025-08-27-23-50-25-2386301-im-639042407098223202-2.jpg","datePublished":"2026-01-17T09:56:00+00:00","author":{"@id":"https:\/\/portaltela.pt\/#\/schema\/person\/c4278d4a6028830caff9ee44b42d32ed"},"breadcrumb":{"@id":"https:\/\/portaltela.pt\/noticias\/2026\/01\/17\/ferdinand-sugere-ao-manchester-united-contratar-um-lunatico-e-menciona-opcoes\/#breadcrumb"},"inLanguage":"pt-PT","potentialAction":[{"@type":"ReadAction","target":["https:\/\/portaltela.pt\/noticias\/2026\/01\/17\/ferdinand-sugere-ao-manchester-united-contratar-um-lunatico-e-menciona-opcoes\/"]}]},{"@type":"ImageObject","inLanguage":"pt-PT","@id":"https:\/\/portaltela.pt\/noticias\/2026\/01\/17\/ferdinand-sugere-ao-manchester-united-contratar-um-lunatico-e-menciona-opcoes\/#primaryimage","url":"https:\/\/portaltela.pt\/s.01k8rhncp4jt1\/2026\/01\/img_920x518uu2025-08-27-23-50-25-2386301-im-639042407098223202-2.jpg","contentUrl":"https:\/\/portaltela.pt\/s.01k8rhncp4jt1\/2026\/01\/img_920x518uu2025-08-27-23-50-25-2386301-im-639042407098223202-2.jpg","width":796,"height":448,"caption":"Rio Ferdinand, lenda do Manchester United"},{"@type":"BreadcrumbList","@id":"https:\/\/portaltela.pt\/noticias\/2026\/01\/17\/ferdinand-sugere-ao-manchester-united-contratar-um-lunatico-e-menciona-opcoes\/#breadcrumb","itemListElement":[{"@type":"ListItem","position":1,"name":"In\u00edcio","item":"https:\/\/portaltela.pt\/"},{"@type":"ListItem","position":2,"name":"Ferdinand sugere ao Manchester United contratar um &#8216;lun\u00e1tico&#8217; e menciona op\u00e7\u00f5es"}]},{"@type":"WebSite","@id":"https:\/\/portaltela.pt\/#website","url":"https:\/\/portaltela.pt\/","name":"Portal Tela Portugal","description":"","potentialAction":[{"@type":"SearchAction","target":{"@type":"EntryPoint","urlTemplate":"https:\/\/portaltela.pt\/?s={search_term_string}"},"query-input":{"@type":"PropertyValueSpecification","valueRequired":true,"valueName":"search_term_string"}}],"inLanguage":"pt-PT"},{"@type":"Person","@id":"https:\/\/portaltela.pt\/#\/schema\/person\/c4278d4a6028830caff9ee44b42d32ed","name":"Telinha","image":{"@type":"ImageObject","inLanguage":"pt-PT","@id":"https:\/\/portaltela.pt\/s.01k8rhncp4jt1\/2025\/11\/talking-bot-125x125.png","url":"https:\/\/portaltela.pt\/s.01k8rhncp4jt1\/2025\/11\/talking-bot-125x125.png","contentUrl":"https:\/\/portaltela.pt\/s.01k8rhncp4jt1\/2025\/11\/talking-bot-125x125.png","caption":"Telinha"},"sameAs":["https:\/\/portaltela.pt\/"],"url":"https:\/\/portaltela.pt\/por\/367410592786\/"}]}},"_links":{"self":[{"href":"https:\/\/portaltela.pt\/api\/wp\/v2\/posts\/147450","targetHints":{"allow":["GET"]}}],"collection":[{"href":"https:\/\/portaltela.pt\/api\/wp\/v2\/posts"}],"about":[{"href":"https:\/\/portaltela.pt\/api\/wp\/v2\/types\/post"}],"author":[{"embeddable":true,"href":"https:\/\/portaltela.pt\/api\/wp\/v2\/users\/2"}],"replies":[{"embeddable":true,"href":"https:\/\/portaltela.pt\/api\/wp\/v2\/comments?post=147450"}],"version-history":[{"count":0,"href":"https:\/\/portaltela.pt\/api\/wp\/v2\/posts\/147450\/revisions"}],"wp:featuredmedia":[{"embeddable":true,"href":"https:\/\/portaltela.pt\/api\/wp\/v2\/media\/147452"}],"wp:attachment":[{"href":"https:\/\/portaltela.pt\/api\/wp\/v2\/media?parent=147450"}],"wp:term":[{"taxonomy":"category","embeddable":true,"href":"https:\/\/portaltela.pt\/api\/wp\/v2\/categories?post=147450"},{"taxonomy":"post_tag","embeddable":true,"href":"https:\/\/portaltela.pt\/api\/wp\/v2\/tags?post=147450"}],"curies":[{"name":"wp","href":"https:\/\/api.w.org\/{rel}","templated":true}]}}