{"id":147424,"date":"2026-01-17T06:56:00","date_gmt":"2026-01-17T09:56:00","guid":{"rendered":"https:\/\/portaltela.pt\/noticias\/2026\/01\/17\/ferdinand-diz-que-o-man-united-deve-contratar-um-lunatico-e-tem-dois-nomes\/"},"modified":"2026-01-17T06:56:00","modified_gmt":"2026-01-17T09:56:00","slug":"ferdinand-diz-que-o-man-united-deve-contratar-um-lunatico-e-tem-dois-nomes","status":"publish","type":"post","link":"https:\/\/portaltela.pt\/desporto\/futebol\/2026\/01\/17\/ferdinand-diz-que-o-man-united-deve-contratar-um-lunatico-e-tem-dois-nomes\/","title":{"rendered":"Ferdinand diz que o Man United deve contratar um &#8216;lun\u00e1tico&#8217; e tem dois nomes"},"content":{"rendered":"<p>Rio Ferdinand, antiga lenda do Manchester United, defende que o clube deve contratar um treinador com perfil \u201clun\u00e1tico\u201d para devolver o sucesso. A ideia foi partilhada numa entrevista \u00e0 BBC, com o ex-jogador a analisar os treinadores que passaram por Old Trafford.<\/p>\n<p>Ferdinand referiu que o United j\u00e1 recebeu v\u00e1rios estilos: o astuto e experiente Van Gaal, o peso medi\u00e1tico de Mourinho, jovens treinadores em ascens\u00e3o como Ten Hag e Amorim, e as lendas que conhecem bem o clube. A conclus\u00e3o \u00e9 clara: \u00e9 preciso algu\u00e9m apaixonado, que encarere os desafios sem medo da press\u00e3o.<\/p>\n<p>O comentador apontou duas op\u00e7\u00f5es de perfil. Por um lado, algu\u00e9m que agarre a oportunidade de imediato e saiba entrar e estabilizar uma equipa, como mostrou ao chegar a Chelsea e Napoli e vencer t\u00edtulos. Por outro, um treinador capaz de impor um estilo e uma identidade, experi\u00eancia em tr\u00eas clubes. O ideal seria combinar ambos os atributos.<\/p>\n<p>Contexto adicional: ap\u00f3s a sa\u00edda de Amorim, Ruben Amorim, o clube recorreu a Darren Fletcher, que empatou um jogo e perdeu outro. No d\u00e9rbi de Manchester deste s\u00e1bado, Michael Carrick assume o banco como treinador interino.<\/p>\n","protected":false},"excerpt":{"rendered":"<ul>\n<li>Rio Ferdinand disse \u00e0 BBC que o Manchester United deve contratar um treinador &#8220;lun\u00e1tico&#8221; para devolver o sucesso, destacando dois perfis.<\/li>\n<li>Relembrou os treinadores passados do clube, desde Louis van Gaal e Jos\u00e9 Mourinho at\u00e9 Ten Hag e Amorim, e afirmou que \u00e9 hora de algu\u00e9m que se atire ao trabalho.<\/li>\n<li>A primeira op\u00e7\u00e3o mencionada \u00e9 Antonio Conte, visto como algu\u00e9m que entra r\u00e1pido e vence quando \u00e9 preciso.<\/li>\n<li>A segunda op\u00e7\u00e3o \u00e9 algu\u00e9m capaz de treinar a equipa e impor um estilo e identidade, com experi\u00eancia em tr\u00eas clubes.<\/li>\n<li>No presente, Ruben Amorim foi substitu\u00eddo por Darren Fletcher; no d\u00e9rbi de s\u00e1bado, Michael Carrick assume o banco como treinador interino.<\/li>\n<\/ul>\n","protected":false},"author":2,"featured_media":147441,"comment_status":"closed","ping_status":"closed","sticky":false,"template":"","format":"standard","meta":{"footnotes":""},"categories":[21,24],"tags":[2219,2513,32,3187,1643,2477],"class_list":["post-147424","post","type-post","status-publish","format-standard","has-post-thumbnail","hentry","category-desporto","category-futebol","tag-contratacoes","tag-darren-fletcher","tag-futebol","tag-manchester-united","tag-ruben-amorim","tag-treinadores"],"yoast_head":"<!-- This site is optimized with the Yoast SEO plugin v27.2 - https:\/\/yoast.com\/product\/yoast-seo-wordpress\/ -->\n<title>Ferdinand diz que o Man United deve contratar um &#039;lun\u00e1tico&#039; e tem dois nomes - Portal Tela Portugal<\/title>\n<meta name=\"robots\" content=\"index, follow, max-snippet:-1, max-image-preview:large, max-video-preview:-1\" \/>\n<meta property=\"og:locale\" content=\"pt_PT\" \/>\n<meta property=\"og:type\" content=\"article\" \/>\n<meta property=\"og:title\" content=\"Ferdinand diz que o Man United deve contratar um &#039;lun\u00e1tico&#039; e tem dois nomes - Portal Tela Portugal\" \/>\n<meta property=\"og:description\" content=\"Rio Ferdinand disse \u00e0 BBC que o Manchester United deve contratar um treinador &quot;lun\u00e1tico&quot; para devolver o sucesso, destacando dois perfis. Relembrou os treinadores passados do clube, desde Louis van Gaal e Jos\u00e9 Mourinho at\u00e9 Ten Hag e Amorim, e afirmou que \u00e9 hora de algu\u00e9m que se atire ao trabalho. A primeira op\u00e7\u00e3o mencionada \u00e9 Antonio Conte, visto como algu\u00e9m que entra r\u00e1pido e vence quando \u00e9 preciso. A segunda op\u00e7\u00e3o \u00e9 algu\u00e9m capaz de treinar a equipa e impor um estilo e identidade, com experi\u00eancia em tr\u00eas clubes. No presente, Ruben Amorim foi substitu\u00eddo por Darren Fletcher; no d\u00e9rbi de s\u00e1bado, Michael Carrick assume o banco como treinador interino.\" \/>\n<meta property=\"og:url\" content=\"https:\/\/portaltela.pt\/noticias\/2026\/01\/17\/ferdinand-diz-que-o-man-united-deve-contratar-um-lunatico-e-tem-dois-nomes\/\" \/>\n<meta property=\"og:site_name\" content=\"Portal Tela Portugal\" \/>\n<meta property=\"article:published_time\" content=\"2026-01-17T09:56:00+00:00\" \/>\n<meta name=\"author\" content=\"Telinha\" \/>\n<meta name=\"twitter:card\" content=\"summary_large_image\" \/>\n<meta name=\"twitter:label1\" content=\"Escrito por\" \/>\n\t<meta name=\"twitter:data1\" content=\"Telinha\" \/>\n\t<meta name=\"twitter:label2\" content=\"Tempo estimado de leitura\" \/>\n\t<meta name=\"twitter:data2\" content=\"1 minuto\" \/>\n<script type=\"application\/ld+json\" class=\"yoast-schema-graph\">{\"@context\":\"https:\/\/schema.org\",\"@graph\":[{\"@type\":\"Article\",\"@id\":\"https:\/\/portaltela.pt\/noticias\/2026\/01\/17\/ferdinand-diz-que-o-man-united-deve-contratar-um-lunatico-e-tem-dois-nomes\/#article\",\"isPartOf\":{\"@id\":\"https:\/\/portaltela.pt\/noticias\/2026\/01\/17\/ferdinand-diz-que-o-man-united-deve-contratar-um-lunatico-e-tem-dois-nomes\/\"},\"author\":{\"name\":\"Telinha\",\"@id\":\"https:\/\/portaltela.pt\/#\/schema\/person\/c4278d4a6028830caff9ee44b42d32ed\"},\"headline\":\"Ferdinand diz que o Man United deve contratar um &#8216;lun\u00e1tico&#8217; e tem dois nomes\",\"datePublished\":\"2026-01-17T09:56:00+00:00\",\"mainEntityOfPage\":{\"@id\":\"https:\/\/portaltela.pt\/noticias\/2026\/01\/17\/ferdinand-diz-que-o-man-united-deve-contratar-um-lunatico-e-tem-dois-nomes\/\"},\"wordCount\":217,\"image\":{\"@id\":\"https:\/\/portaltela.pt\/noticias\/2026\/01\/17\/ferdinand-diz-que-o-man-united-deve-contratar-um-lunatico-e-tem-dois-nomes\/#primaryimage\"},\"thumbnailUrl\":\"https:\/\/portaltela.pt\/s.01k8rhncp4jt1\/2026\/01\/img_920x518uu2025-08-27-23-50-25-2386301-im-639042407098223202-1.jpg\",\"keywords\":[\"contrata\u00e7\u00f5es\",\"Darren Fletcher\",\"futebol\",\"Manchester United\",\"Ruben Amorim\",\"treinadores\"],\"articleSection\":[\"Desporto\",\"Futebol\"],\"inLanguage\":\"pt-PT\"},{\"@type\":\"WebPage\",\"@id\":\"https:\/\/portaltela.pt\/noticias\/2026\/01\/17\/ferdinand-diz-que-o-man-united-deve-contratar-um-lunatico-e-tem-dois-nomes\/\",\"url\":\"https:\/\/portaltela.pt\/noticias\/2026\/01\/17\/ferdinand-diz-que-o-man-united-deve-contratar-um-lunatico-e-tem-dois-nomes\/\",\"name\":\"Ferdinand diz que o Man United deve contratar um 'lun\u00e1tico' e tem dois nomes - Portal Tela Portugal\",\"isPartOf\":{\"@id\":\"https:\/\/portaltela.pt\/#website\"},\"primaryImageOfPage\":{\"@id\":\"https:\/\/portaltela.pt\/noticias\/2026\/01\/17\/ferdinand-diz-que-o-man-united-deve-contratar-um-lunatico-e-tem-dois-nomes\/#primaryimage\"},\"image\":{\"@id\":\"https:\/\/portaltela.pt\/noticias\/2026\/01\/17\/ferdinand-diz-que-o-man-united-deve-contratar-um-lunatico-e-tem-dois-nomes\/#primaryimage\"},\"thumbnailUrl\":\"https:\/\/portaltela.pt\/s.01k8rhncp4jt1\/2026\/01\/img_920x518uu2025-08-27-23-50-25-2386301-im-639042407098223202-1.jpg\",\"datePublished\":\"2026-01-17T09:56:00+00:00\",\"author\":{\"@id\":\"https:\/\/portaltela.pt\/#\/schema\/person\/c4278d4a6028830caff9ee44b42d32ed\"},\"breadcrumb\":{\"@id\":\"https:\/\/portaltela.pt\/noticias\/2026\/01\/17\/ferdinand-diz-que-o-man-united-deve-contratar-um-lunatico-e-tem-dois-nomes\/#breadcrumb\"},\"inLanguage\":\"pt-PT\",\"potentialAction\":[{\"@type\":\"ReadAction\",\"target\":[\"https:\/\/portaltela.pt\/noticias\/2026\/01\/17\/ferdinand-diz-que-o-man-united-deve-contratar-um-lunatico-e-tem-dois-nomes\/\"]}]},{\"@type\":\"ImageObject\",\"inLanguage\":\"pt-PT\",\"@id\":\"https:\/\/portaltela.pt\/noticias\/2026\/01\/17\/ferdinand-diz-que-o-man-united-deve-contratar-um-lunatico-e-tem-dois-nomes\/#primaryimage\",\"url\":\"https:\/\/portaltela.pt\/s.01k8rhncp4jt1\/2026\/01\/img_920x518uu2025-08-27-23-50-25-2386301-im-639042407098223202-1.jpg\",\"contentUrl\":\"https:\/\/portaltela.pt\/s.01k8rhncp4jt1\/2026\/01\/img_920x518uu2025-08-27-23-50-25-2386301-im-639042407098223202-1.jpg\",\"width\":796,\"height\":448,\"caption\":\"Rio Ferdinand, lenda do Manchester United\"},{\"@type\":\"BreadcrumbList\",\"@id\":\"https:\/\/portaltela.pt\/noticias\/2026\/01\/17\/ferdinand-diz-que-o-man-united-deve-contratar-um-lunatico-e-tem-dois-nomes\/#breadcrumb\",\"itemListElement\":[{\"@type\":\"ListItem\",\"position\":1,\"name\":\"In\u00edcio\",\"item\":\"https:\/\/portaltela.pt\/\"},{\"@type\":\"ListItem\",\"position\":2,\"name\":\"Ferdinand diz que o Man United deve contratar um &#8216;lun\u00e1tico&#8217; e tem dois nomes\"}]},{\"@type\":\"WebSite\",\"@id\":\"https:\/\/portaltela.pt\/#website\",\"url\":\"https:\/\/portaltela.pt\/\",\"name\":\"Portal Tela Portugal\",\"description\":\"\",\"potentialAction\":[{\"@type\":\"SearchAction\",\"target\":{\"@type\":\"EntryPoint\",\"urlTemplate\":\"https:\/\/portaltela.pt\/?s={search_term_string}\"},\"query-input\":{\"@type\":\"PropertyValueSpecification\",\"valueRequired\":true,\"valueName\":\"search_term_string\"}}],\"inLanguage\":\"pt-PT\"},{\"@type\":\"Person\",\"@id\":\"https:\/\/portaltela.pt\/#\/schema\/person\/c4278d4a6028830caff9ee44b42d32ed\",\"name\":\"Telinha\",\"image\":{\"@type\":\"ImageObject\",\"inLanguage\":\"pt-PT\",\"@id\":\"https:\/\/portaltela.pt\/s.01k8rhncp4jt1\/2025\/11\/talking-bot-125x125.png\",\"url\":\"https:\/\/portaltela.pt\/s.01k8rhncp4jt1\/2025\/11\/talking-bot-125x125.png\",\"contentUrl\":\"https:\/\/portaltela.pt\/s.01k8rhncp4jt1\/2025\/11\/talking-bot-125x125.png\",\"caption\":\"Telinha\"},\"sameAs\":[\"https:\/\/portaltela.pt\/\"],\"url\":\"https:\/\/portaltela.pt\/por\/367410592786\/\"}]}<\/script>\n<!-- \/ Yoast SEO plugin. -->","yoast_head_json":{"title":"Ferdinand diz que o Man United deve contratar um 'lun\u00e1tico' e tem dois nomes - Portal Tela Portugal","robots":{"index":"index","follow":"follow","max-snippet":"max-snippet:-1","max-image-preview":"max-image-preview:large","max-video-preview":"max-video-preview:-1"},"og_locale":"pt_PT","og_type":"article","og_title":"Ferdinand diz que o Man United deve contratar um 'lun\u00e1tico' e tem dois nomes - Portal Tela Portugal","og_description":"Rio Ferdinand disse \u00e0 BBC que o Manchester United deve contratar um treinador \"lun\u00e1tico\" para devolver o sucesso, destacando dois perfis. Relembrou os treinadores passados do clube, desde Louis van Gaal e Jos\u00e9 Mourinho at\u00e9 Ten Hag e Amorim, e afirmou que \u00e9 hora de algu\u00e9m que se atire ao trabalho. A primeira op\u00e7\u00e3o mencionada \u00e9 Antonio Conte, visto como algu\u00e9m que entra r\u00e1pido e vence quando \u00e9 preciso. A segunda op\u00e7\u00e3o \u00e9 algu\u00e9m capaz de treinar a equipa e impor um estilo e identidade, com experi\u00eancia em tr\u00eas clubes. No presente, Ruben Amorim foi substitu\u00eddo por Darren Fletcher; no d\u00e9rbi de s\u00e1bado, Michael Carrick assume o banco como treinador interino.","og_url":"https:\/\/portaltela.pt\/noticias\/2026\/01\/17\/ferdinand-diz-que-o-man-united-deve-contratar-um-lunatico-e-tem-dois-nomes\/","og_site_name":"Portal Tela Portugal","article_published_time":"2026-01-17T09:56:00+00:00","author":"Telinha","twitter_card":"summary_large_image","twitter_misc":{"Escrito por":"Telinha","Tempo estimado de leitura":"1 minuto"},"schema":{"@context":"https:\/\/schema.org","@graph":[{"@type":"Article","@id":"https:\/\/portaltela.pt\/noticias\/2026\/01\/17\/ferdinand-diz-que-o-man-united-deve-contratar-um-lunatico-e-tem-dois-nomes\/#article","isPartOf":{"@id":"https:\/\/portaltela.pt\/noticias\/2026\/01\/17\/ferdinand-diz-que-o-man-united-deve-contratar-um-lunatico-e-tem-dois-nomes\/"},"author":{"name":"Telinha","@id":"https:\/\/portaltela.pt\/#\/schema\/person\/c4278d4a6028830caff9ee44b42d32ed"},"headline":"Ferdinand diz que o Man United deve contratar um &#8216;lun\u00e1tico&#8217; e tem dois nomes","datePublished":"2026-01-17T09:56:00+00:00","mainEntityOfPage":{"@id":"https:\/\/portaltela.pt\/noticias\/2026\/01\/17\/ferdinand-diz-que-o-man-united-deve-contratar-um-lunatico-e-tem-dois-nomes\/"},"wordCount":217,"image":{"@id":"https:\/\/portaltela.pt\/noticias\/2026\/01\/17\/ferdinand-diz-que-o-man-united-deve-contratar-um-lunatico-e-tem-dois-nomes\/#primaryimage"},"thumbnailUrl":"https:\/\/portaltela.pt\/s.01k8rhncp4jt1\/2026\/01\/img_920x518uu2025-08-27-23-50-25-2386301-im-639042407098223202-1.jpg","keywords":["contrata\u00e7\u00f5es","Darren Fletcher","futebol","Manchester United","Ruben Amorim","treinadores"],"articleSection":["Desporto","Futebol"],"inLanguage":"pt-PT"},{"@type":"WebPage","@id":"https:\/\/portaltela.pt\/noticias\/2026\/01\/17\/ferdinand-diz-que-o-man-united-deve-contratar-um-lunatico-e-tem-dois-nomes\/","url":"https:\/\/portaltela.pt\/noticias\/2026\/01\/17\/ferdinand-diz-que-o-man-united-deve-contratar-um-lunatico-e-tem-dois-nomes\/","name":"Ferdinand diz que o Man United deve contratar um 'lun\u00e1tico' e tem dois nomes - Portal Tela Portugal","isPartOf":{"@id":"https:\/\/portaltela.pt\/#website"},"primaryImageOfPage":{"@id":"https:\/\/portaltela.pt\/noticias\/2026\/01\/17\/ferdinand-diz-que-o-man-united-deve-contratar-um-lunatico-e-tem-dois-nomes\/#primaryimage"},"image":{"@id":"https:\/\/portaltela.pt\/noticias\/2026\/01\/17\/ferdinand-diz-que-o-man-united-deve-contratar-um-lunatico-e-tem-dois-nomes\/#primaryimage"},"thumbnailUrl":"https:\/\/portaltela.pt\/s.01k8rhncp4jt1\/2026\/01\/img_920x518uu2025-08-27-23-50-25-2386301-im-639042407098223202-1.jpg","datePublished":"2026-01-17T09:56:00+00:00","author":{"@id":"https:\/\/portaltela.pt\/#\/schema\/person\/c4278d4a6028830caff9ee44b42d32ed"},"breadcrumb":{"@id":"https:\/\/portaltela.pt\/noticias\/2026\/01\/17\/ferdinand-diz-que-o-man-united-deve-contratar-um-lunatico-e-tem-dois-nomes\/#breadcrumb"},"inLanguage":"pt-PT","potentialAction":[{"@type":"ReadAction","target":["https:\/\/portaltela.pt\/noticias\/2026\/01\/17\/ferdinand-diz-que-o-man-united-deve-contratar-um-lunatico-e-tem-dois-nomes\/"]}]},{"@type":"ImageObject","inLanguage":"pt-PT","@id":"https:\/\/portaltela.pt\/noticias\/2026\/01\/17\/ferdinand-diz-que-o-man-united-deve-contratar-um-lunatico-e-tem-dois-nomes\/#primaryimage","url":"https:\/\/portaltela.pt\/s.01k8rhncp4jt1\/2026\/01\/img_920x518uu2025-08-27-23-50-25-2386301-im-639042407098223202-1.jpg","contentUrl":"https:\/\/portaltela.pt\/s.01k8rhncp4jt1\/2026\/01\/img_920x518uu2025-08-27-23-50-25-2386301-im-639042407098223202-1.jpg","width":796,"height":448,"caption":"Rio Ferdinand, lenda do Manchester United"},{"@type":"BreadcrumbList","@id":"https:\/\/portaltela.pt\/noticias\/2026\/01\/17\/ferdinand-diz-que-o-man-united-deve-contratar-um-lunatico-e-tem-dois-nomes\/#breadcrumb","itemListElement":[{"@type":"ListItem","position":1,"name":"In\u00edcio","item":"https:\/\/portaltela.pt\/"},{"@type":"ListItem","position":2,"name":"Ferdinand diz que o Man United deve contratar um &#8216;lun\u00e1tico&#8217; e tem dois nomes"}]},{"@type":"WebSite","@id":"https:\/\/portaltela.pt\/#website","url":"https:\/\/portaltela.pt\/","name":"Portal Tela Portugal","description":"","potentialAction":[{"@type":"SearchAction","target":{"@type":"EntryPoint","urlTemplate":"https:\/\/portaltela.pt\/?s={search_term_string}"},"query-input":{"@type":"PropertyValueSpecification","valueRequired":true,"valueName":"search_term_string"}}],"inLanguage":"pt-PT"},{"@type":"Person","@id":"https:\/\/portaltela.pt\/#\/schema\/person\/c4278d4a6028830caff9ee44b42d32ed","name":"Telinha","image":{"@type":"ImageObject","inLanguage":"pt-PT","@id":"https:\/\/portaltela.pt\/s.01k8rhncp4jt1\/2025\/11\/talking-bot-125x125.png","url":"https:\/\/portaltela.pt\/s.01k8rhncp4jt1\/2025\/11\/talking-bot-125x125.png","contentUrl":"https:\/\/portaltela.pt\/s.01k8rhncp4jt1\/2025\/11\/talking-bot-125x125.png","caption":"Telinha"},"sameAs":["https:\/\/portaltela.pt\/"],"url":"https:\/\/portaltela.pt\/por\/367410592786\/"}]}},"_links":{"self":[{"href":"https:\/\/portaltela.pt\/api\/wp\/v2\/posts\/147424","targetHints":{"allow":["GET"]}}],"collection":[{"href":"https:\/\/portaltela.pt\/api\/wp\/v2\/posts"}],"about":[{"href":"https:\/\/portaltela.pt\/api\/wp\/v2\/types\/post"}],"author":[{"embeddable":true,"href":"https:\/\/portaltela.pt\/api\/wp\/v2\/users\/2"}],"replies":[{"embeddable":true,"href":"https:\/\/portaltela.pt\/api\/wp\/v2\/comments?post=147424"}],"version-history":[{"count":0,"href":"https:\/\/portaltela.pt\/api\/wp\/v2\/posts\/147424\/revisions"}],"wp:featuredmedia":[{"embeddable":true,"href":"https:\/\/portaltela.pt\/api\/wp\/v2\/media\/147441"}],"wp:attachment":[{"href":"https:\/\/portaltela.pt\/api\/wp\/v2\/media?parent=147424"}],"wp:term":[{"taxonomy":"category","embeddable":true,"href":"https:\/\/portaltela.pt\/api\/wp\/v2\/categories?post=147424"},{"taxonomy":"post_tag","embeddable":true,"href":"https:\/\/portaltela.pt\/api\/wp\/v2\/tags?post=147424"}],"curies":[{"name":"wp","href":"https:\/\/api.w.org\/{rel}","templated":true}]}}