{"id":147400,"date":"2026-01-17T06:56:00","date_gmt":"2026-01-17T09:56:00","guid":{"rendered":"https:\/\/portaltela.pt\/noticias\/2026\/01\/17\/ferdinand-diz-que-o-man-united-deve-contratar-um-lunatico\/"},"modified":"2026-01-17T06:56:00","modified_gmt":"2026-01-17T09:56:00","slug":"ferdinand-diz-que-o-man-united-deve-contratar-um-lunatico","status":"publish","type":"post","link":"https:\/\/portaltela.pt\/desporto\/futebol\/2026\/01\/17\/ferdinand-diz-que-o-man-united-deve-contratar-um-lunatico\/","title":{"rendered":"Ferdinand diz que o Man United deve contratar um &#8216;lun\u00e1tico&#8217;"},"content":{"rendered":"<p>Rio Ferdinand defende que o Manchester United precisa de um treinador com um perfil mais arrojado, descrito pelo ex-jogador como \u201clun\u00e1tico\u201d. Em entrevista \u00e0 BBC, o antigo defesa recordou os perfis de t\u00e9cnicos que passaram por Old Trafford e apontou dois nomes como ideais.<\/p>\n<p>Segundo Ferdinand, o clube j\u00e1 teve treinadores experientes, jovens em ascens\u00e3o e lendas que conhecem o clube. A sugest\u00e3o \u00e9 combinar dois rasgos: algu\u00e9m apaixonado, capaz de agarrar a oportunidade de imediato; e algu\u00e9m capaz de impor um estilo e uma identidade.<\/p>\n<p>Um dos nomes mencionados \u00e9 Conte, visto como op\u00e7\u00e3o clara para agarrar o desafio. O segundo treinador, segundo o antigo capit\u00e3o, seria algu\u00e9m que consiga implementar um estilo de jogo consistente, tendo j\u00e1 feito isso em tr\u00eas clubes.<\/p>\n<h3>Situa\u00e7\u00e3o atual e contexto<\/h3>\n<p>Ap\u00f3s a sa\u00edda de Ruben Amorim, Darren Fletcher assumiu temporariamente o cargo interino, com resultados de empate e derrota em dois jogos. No d\u00e9rbi de Manchester, no pr\u00f3ximo encontro, Michael Carrick surge no banco de suplentes como treinador interino.<\/p>\n<p>Fontes pr\u00f3ximas ao clube indicam que a an\u00e1lise de op\u00e7\u00f5es continua interna, com decis\u00e3o a depender de disponibilidade e alinhamento com a dire\u00e7\u00e3o. O objetivo \u00e9 devolver o desempenho competitivo ao United na segunda metade da \u00e9poca.<\/p>\n","protected":false},"excerpt":{"rendered":"<ul>\n<li>Rio Ferdinand sugere que o Manchester United contrate um treinador &#8220;lun\u00e1tico&#8221; para devolver o sucesso, atualizando os perfis de t\u00e9cnicos que passaram por Old Trafford.<\/li>\n<li>Defende que o pr\u00f3ximo l\u00edder tenha paix\u00e3o e n\u00e3o tema a press\u00e3o medi\u00e1tica, divergindo dos \u00faltimos estilos, desde o astuto Louis van Gaal aos jovens em ascens\u00e3o e \u00e0s lendas do clube.<\/li>\n<li>Primeiro candidato citado: algu\u00e9m que agarre a oportunidade de imediato e tenha demonstrado sucesso ao chegar a Chelsea e ao N\u00e1poles quando estavam em 10.\u00ba\/11.\u00ba, ganhando o campeonato em ambos os casos.<\/li>\n<li>Segundo candidato: treinador capaz de impor um estilo de jogo e uma identidade, com experi\u00eancia comprovada em tr\u00eas clubes. Ferdinand diz que ficaria satisfeito com qualquer um dos dois.<\/li>\n<li>No contexto atual, Ruben Amorim foi substitu\u00eddo por Darren Fletcher ap\u00f3s a sua sa\u00edda; no d\u00e9rbi de Manchester deste s\u00e1bado estar\u00e1 Michael Carrick no banco de suplentes como treinador interino.<\/li>\n<\/ul>\n","protected":false},"author":2,"featured_media":147409,"comment_status":"closed","ping_status":"closed","sticky":false,"template":"","format":"standard","meta":{"footnotes":""},"categories":[21,24],"tags":[2868,152,32,3187,2477],"class_list":["post-147400","post","type-post","status-publish","format-standard","has-post-thumbnail","hentry","category-desporto","category-futebol","tag-amorim","tag-desporto","tag-futebol","tag-manchester-united","tag-treinadores"],"yoast_head":"<!-- This site is optimized with the Yoast SEO plugin v27.2 - https:\/\/yoast.com\/product\/yoast-seo-wordpress\/ -->\n<title>Ferdinand diz que o Man United deve contratar um &#039;lun\u00e1tico&#039; - Portal Tela Portugal<\/title>\n<meta name=\"robots\" content=\"index, follow, max-snippet:-1, max-image-preview:large, max-video-preview:-1\" \/>\n<meta property=\"og:locale\" content=\"pt_PT\" \/>\n<meta property=\"og:type\" content=\"article\" \/>\n<meta property=\"og:title\" content=\"Ferdinand diz que o Man United deve contratar um &#039;lun\u00e1tico&#039; - Portal Tela Portugal\" \/>\n<meta property=\"og:description\" content=\"Rio Ferdinand sugere que o Manchester United contrate um treinador &quot;lun\u00e1tico&quot; para devolver o sucesso, atualizando os perfis de t\u00e9cnicos que passaram por Old Trafford. Defende que o pr\u00f3ximo l\u00edder tenha paix\u00e3o e n\u00e3o tema a press\u00e3o medi\u00e1tica, divergindo dos \u00faltimos estilos, desde o astuto Louis van Gaal aos jovens em ascens\u00e3o e \u00e0s lendas do clube. Primeiro candidato citado: algu\u00e9m que agarre a oportunidade de imediato e tenha demonstrado sucesso ao chegar a Chelsea e ao N\u00e1poles quando estavam em 10.\u00ba\/11.\u00ba, ganhando o campeonato em ambos os casos. Segundo candidato: treinador capaz de impor um estilo de jogo e uma identidade, com experi\u00eancia comprovada em tr\u00eas clubes. Ferdinand diz que ficaria satisfeito com qualquer um dos dois. No contexto atual, Ruben Amorim foi substitu\u00eddo por Darren Fletcher ap\u00f3s a sua sa\u00edda; no d\u00e9rbi de Manchester deste s\u00e1bado estar\u00e1 Michael Carrick no banco de suplentes como treinador interino.\" \/>\n<meta property=\"og:url\" content=\"https:\/\/portaltela.pt\/noticias\/2026\/01\/17\/ferdinand-diz-que-o-man-united-deve-contratar-um-lunatico\/\" \/>\n<meta property=\"og:site_name\" content=\"Portal Tela Portugal\" \/>\n<meta property=\"article:published_time\" content=\"2026-01-17T09:56:00+00:00\" \/>\n<meta name=\"author\" content=\"Telinha\" \/>\n<meta name=\"twitter:card\" content=\"summary_large_image\" \/>\n<meta name=\"twitter:label1\" content=\"Escrito por\" \/>\n\t<meta name=\"twitter:data1\" content=\"Telinha\" \/>\n\t<meta name=\"twitter:label2\" content=\"Tempo estimado de leitura\" \/>\n\t<meta name=\"twitter:data2\" content=\"1 minuto\" \/>\n<script type=\"application\/ld+json\" class=\"yoast-schema-graph\">{\"@context\":\"https:\/\/schema.org\",\"@graph\":[{\"@type\":\"Article\",\"@id\":\"https:\/\/portaltela.pt\/noticias\/2026\/01\/17\/ferdinand-diz-que-o-man-united-deve-contratar-um-lunatico\/#article\",\"isPartOf\":{\"@id\":\"https:\/\/portaltela.pt\/noticias\/2026\/01\/17\/ferdinand-diz-que-o-man-united-deve-contratar-um-lunatico\/\"},\"author\":{\"name\":\"Telinha\",\"@id\":\"https:\/\/portaltela.pt\/#\/schema\/person\/c4278d4a6028830caff9ee44b42d32ed\"},\"headline\":\"Ferdinand diz que o Man United deve contratar um &#8216;lun\u00e1tico&#8217;\",\"datePublished\":\"2026-01-17T09:56:00+00:00\",\"mainEntityOfPage\":{\"@id\":\"https:\/\/portaltela.pt\/noticias\/2026\/01\/17\/ferdinand-diz-que-o-man-united-deve-contratar-um-lunatico\/\"},\"wordCount\":231,\"image\":{\"@id\":\"https:\/\/portaltela.pt\/noticias\/2026\/01\/17\/ferdinand-diz-que-o-man-united-deve-contratar-um-lunatico\/#primaryimage\"},\"thumbnailUrl\":\"https:\/\/portaltela.pt\/s.01k8rhncp4jt1\/2026\/01\/img_920x518uu2025-08-27-23-50-25-2386301-im-639042407098223202.jpg\",\"keywords\":[\"Amorim\",\"desporto\",\"futebol\",\"Manchester United\",\"treinadores\"],\"articleSection\":[\"Desporto\",\"Futebol\"],\"inLanguage\":\"pt-PT\"},{\"@type\":\"WebPage\",\"@id\":\"https:\/\/portaltela.pt\/noticias\/2026\/01\/17\/ferdinand-diz-que-o-man-united-deve-contratar-um-lunatico\/\",\"url\":\"https:\/\/portaltela.pt\/noticias\/2026\/01\/17\/ferdinand-diz-que-o-man-united-deve-contratar-um-lunatico\/\",\"name\":\"Ferdinand diz que o Man United deve contratar um 'lun\u00e1tico' - Portal Tela Portugal\",\"isPartOf\":{\"@id\":\"https:\/\/portaltela.pt\/#website\"},\"primaryImageOfPage\":{\"@id\":\"https:\/\/portaltela.pt\/noticias\/2026\/01\/17\/ferdinand-diz-que-o-man-united-deve-contratar-um-lunatico\/#primaryimage\"},\"image\":{\"@id\":\"https:\/\/portaltela.pt\/noticias\/2026\/01\/17\/ferdinand-diz-que-o-man-united-deve-contratar-um-lunatico\/#primaryimage\"},\"thumbnailUrl\":\"https:\/\/portaltela.pt\/s.01k8rhncp4jt1\/2026\/01\/img_920x518uu2025-08-27-23-50-25-2386301-im-639042407098223202.jpg\",\"datePublished\":\"2026-01-17T09:56:00+00:00\",\"author\":{\"@id\":\"https:\/\/portaltela.pt\/#\/schema\/person\/c4278d4a6028830caff9ee44b42d32ed\"},\"breadcrumb\":{\"@id\":\"https:\/\/portaltela.pt\/noticias\/2026\/01\/17\/ferdinand-diz-que-o-man-united-deve-contratar-um-lunatico\/#breadcrumb\"},\"inLanguage\":\"pt-PT\",\"potentialAction\":[{\"@type\":\"ReadAction\",\"target\":[\"https:\/\/portaltela.pt\/noticias\/2026\/01\/17\/ferdinand-diz-que-o-man-united-deve-contratar-um-lunatico\/\"]}]},{\"@type\":\"ImageObject\",\"inLanguage\":\"pt-PT\",\"@id\":\"https:\/\/portaltela.pt\/noticias\/2026\/01\/17\/ferdinand-diz-que-o-man-united-deve-contratar-um-lunatico\/#primaryimage\",\"url\":\"https:\/\/portaltela.pt\/s.01k8rhncp4jt1\/2026\/01\/img_920x518uu2025-08-27-23-50-25-2386301-im-639042407098223202.jpg\",\"contentUrl\":\"https:\/\/portaltela.pt\/s.01k8rhncp4jt1\/2026\/01\/img_920x518uu2025-08-27-23-50-25-2386301-im-639042407098223202.jpg\",\"width\":796,\"height\":448,\"caption\":\"Rio Ferdinand, lenda do Manchester United\"},{\"@type\":\"BreadcrumbList\",\"@id\":\"https:\/\/portaltela.pt\/noticias\/2026\/01\/17\/ferdinand-diz-que-o-man-united-deve-contratar-um-lunatico\/#breadcrumb\",\"itemListElement\":[{\"@type\":\"ListItem\",\"position\":1,\"name\":\"In\u00edcio\",\"item\":\"https:\/\/portaltela.pt\/\"},{\"@type\":\"ListItem\",\"position\":2,\"name\":\"Ferdinand diz que o Man United deve contratar um &#8216;lun\u00e1tico&#8217;\"}]},{\"@type\":\"WebSite\",\"@id\":\"https:\/\/portaltela.pt\/#website\",\"url\":\"https:\/\/portaltela.pt\/\",\"name\":\"Portal Tela Portugal\",\"description\":\"\",\"potentialAction\":[{\"@type\":\"SearchAction\",\"target\":{\"@type\":\"EntryPoint\",\"urlTemplate\":\"https:\/\/portaltela.pt\/?s={search_term_string}\"},\"query-input\":{\"@type\":\"PropertyValueSpecification\",\"valueRequired\":true,\"valueName\":\"search_term_string\"}}],\"inLanguage\":\"pt-PT\"},{\"@type\":\"Person\",\"@id\":\"https:\/\/portaltela.pt\/#\/schema\/person\/c4278d4a6028830caff9ee44b42d32ed\",\"name\":\"Telinha\",\"image\":{\"@type\":\"ImageObject\",\"inLanguage\":\"pt-PT\",\"@id\":\"https:\/\/portaltela.pt\/s.01k8rhncp4jt1\/2025\/11\/talking-bot-125x125.png\",\"url\":\"https:\/\/portaltela.pt\/s.01k8rhncp4jt1\/2025\/11\/talking-bot-125x125.png\",\"contentUrl\":\"https:\/\/portaltela.pt\/s.01k8rhncp4jt1\/2025\/11\/talking-bot-125x125.png\",\"caption\":\"Telinha\"},\"sameAs\":[\"https:\/\/portaltela.pt\/\"],\"url\":\"https:\/\/portaltela.pt\/por\/367410592786\/\"}]}<\/script>\n<!-- \/ Yoast SEO plugin. -->","yoast_head_json":{"title":"Ferdinand diz que o Man United deve contratar um 'lun\u00e1tico' - Portal Tela Portugal","robots":{"index":"index","follow":"follow","max-snippet":"max-snippet:-1","max-image-preview":"max-image-preview:large","max-video-preview":"max-video-preview:-1"},"og_locale":"pt_PT","og_type":"article","og_title":"Ferdinand diz que o Man United deve contratar um 'lun\u00e1tico' - Portal Tela Portugal","og_description":"Rio Ferdinand sugere que o Manchester United contrate um treinador \"lun\u00e1tico\" para devolver o sucesso, atualizando os perfis de t\u00e9cnicos que passaram por Old Trafford. Defende que o pr\u00f3ximo l\u00edder tenha paix\u00e3o e n\u00e3o tema a press\u00e3o medi\u00e1tica, divergindo dos \u00faltimos estilos, desde o astuto Louis van Gaal aos jovens em ascens\u00e3o e \u00e0s lendas do clube. Primeiro candidato citado: algu\u00e9m que agarre a oportunidade de imediato e tenha demonstrado sucesso ao chegar a Chelsea e ao N\u00e1poles quando estavam em 10.\u00ba\/11.\u00ba, ganhando o campeonato em ambos os casos. Segundo candidato: treinador capaz de impor um estilo de jogo e uma identidade, com experi\u00eancia comprovada em tr\u00eas clubes. Ferdinand diz que ficaria satisfeito com qualquer um dos dois. No contexto atual, Ruben Amorim foi substitu\u00eddo por Darren Fletcher ap\u00f3s a sua sa\u00edda; no d\u00e9rbi de Manchester deste s\u00e1bado estar\u00e1 Michael Carrick no banco de suplentes como treinador interino.","og_url":"https:\/\/portaltela.pt\/noticias\/2026\/01\/17\/ferdinand-diz-que-o-man-united-deve-contratar-um-lunatico\/","og_site_name":"Portal Tela Portugal","article_published_time":"2026-01-17T09:56:00+00:00","author":"Telinha","twitter_card":"summary_large_image","twitter_misc":{"Escrito por":"Telinha","Tempo estimado de leitura":"1 minuto"},"schema":{"@context":"https:\/\/schema.org","@graph":[{"@type":"Article","@id":"https:\/\/portaltela.pt\/noticias\/2026\/01\/17\/ferdinand-diz-que-o-man-united-deve-contratar-um-lunatico\/#article","isPartOf":{"@id":"https:\/\/portaltela.pt\/noticias\/2026\/01\/17\/ferdinand-diz-que-o-man-united-deve-contratar-um-lunatico\/"},"author":{"name":"Telinha","@id":"https:\/\/portaltela.pt\/#\/schema\/person\/c4278d4a6028830caff9ee44b42d32ed"},"headline":"Ferdinand diz que o Man United deve contratar um &#8216;lun\u00e1tico&#8217;","datePublished":"2026-01-17T09:56:00+00:00","mainEntityOfPage":{"@id":"https:\/\/portaltela.pt\/noticias\/2026\/01\/17\/ferdinand-diz-que-o-man-united-deve-contratar-um-lunatico\/"},"wordCount":231,"image":{"@id":"https:\/\/portaltela.pt\/noticias\/2026\/01\/17\/ferdinand-diz-que-o-man-united-deve-contratar-um-lunatico\/#primaryimage"},"thumbnailUrl":"https:\/\/portaltela.pt\/s.01k8rhncp4jt1\/2026\/01\/img_920x518uu2025-08-27-23-50-25-2386301-im-639042407098223202.jpg","keywords":["Amorim","desporto","futebol","Manchester United","treinadores"],"articleSection":["Desporto","Futebol"],"inLanguage":"pt-PT"},{"@type":"WebPage","@id":"https:\/\/portaltela.pt\/noticias\/2026\/01\/17\/ferdinand-diz-que-o-man-united-deve-contratar-um-lunatico\/","url":"https:\/\/portaltela.pt\/noticias\/2026\/01\/17\/ferdinand-diz-que-o-man-united-deve-contratar-um-lunatico\/","name":"Ferdinand diz que o Man United deve contratar um 'lun\u00e1tico' - Portal Tela Portugal","isPartOf":{"@id":"https:\/\/portaltela.pt\/#website"},"primaryImageOfPage":{"@id":"https:\/\/portaltela.pt\/noticias\/2026\/01\/17\/ferdinand-diz-que-o-man-united-deve-contratar-um-lunatico\/#primaryimage"},"image":{"@id":"https:\/\/portaltela.pt\/noticias\/2026\/01\/17\/ferdinand-diz-que-o-man-united-deve-contratar-um-lunatico\/#primaryimage"},"thumbnailUrl":"https:\/\/portaltela.pt\/s.01k8rhncp4jt1\/2026\/01\/img_920x518uu2025-08-27-23-50-25-2386301-im-639042407098223202.jpg","datePublished":"2026-01-17T09:56:00+00:00","author":{"@id":"https:\/\/portaltela.pt\/#\/schema\/person\/c4278d4a6028830caff9ee44b42d32ed"},"breadcrumb":{"@id":"https:\/\/portaltela.pt\/noticias\/2026\/01\/17\/ferdinand-diz-que-o-man-united-deve-contratar-um-lunatico\/#breadcrumb"},"inLanguage":"pt-PT","potentialAction":[{"@type":"ReadAction","target":["https:\/\/portaltela.pt\/noticias\/2026\/01\/17\/ferdinand-diz-que-o-man-united-deve-contratar-um-lunatico\/"]}]},{"@type":"ImageObject","inLanguage":"pt-PT","@id":"https:\/\/portaltela.pt\/noticias\/2026\/01\/17\/ferdinand-diz-que-o-man-united-deve-contratar-um-lunatico\/#primaryimage","url":"https:\/\/portaltela.pt\/s.01k8rhncp4jt1\/2026\/01\/img_920x518uu2025-08-27-23-50-25-2386301-im-639042407098223202.jpg","contentUrl":"https:\/\/portaltela.pt\/s.01k8rhncp4jt1\/2026\/01\/img_920x518uu2025-08-27-23-50-25-2386301-im-639042407098223202.jpg","width":796,"height":448,"caption":"Rio Ferdinand, lenda do Manchester United"},{"@type":"BreadcrumbList","@id":"https:\/\/portaltela.pt\/noticias\/2026\/01\/17\/ferdinand-diz-que-o-man-united-deve-contratar-um-lunatico\/#breadcrumb","itemListElement":[{"@type":"ListItem","position":1,"name":"In\u00edcio","item":"https:\/\/portaltela.pt\/"},{"@type":"ListItem","position":2,"name":"Ferdinand diz que o Man United deve contratar um &#8216;lun\u00e1tico&#8217;"}]},{"@type":"WebSite","@id":"https:\/\/portaltela.pt\/#website","url":"https:\/\/portaltela.pt\/","name":"Portal Tela Portugal","description":"","potentialAction":[{"@type":"SearchAction","target":{"@type":"EntryPoint","urlTemplate":"https:\/\/portaltela.pt\/?s={search_term_string}"},"query-input":{"@type":"PropertyValueSpecification","valueRequired":true,"valueName":"search_term_string"}}],"inLanguage":"pt-PT"},{"@type":"Person","@id":"https:\/\/portaltela.pt\/#\/schema\/person\/c4278d4a6028830caff9ee44b42d32ed","name":"Telinha","image":{"@type":"ImageObject","inLanguage":"pt-PT","@id":"https:\/\/portaltela.pt\/s.01k8rhncp4jt1\/2025\/11\/talking-bot-125x125.png","url":"https:\/\/portaltela.pt\/s.01k8rhncp4jt1\/2025\/11\/talking-bot-125x125.png","contentUrl":"https:\/\/portaltela.pt\/s.01k8rhncp4jt1\/2025\/11\/talking-bot-125x125.png","caption":"Telinha"},"sameAs":["https:\/\/portaltela.pt\/"],"url":"https:\/\/portaltela.pt\/por\/367410592786\/"}]}},"_links":{"self":[{"href":"https:\/\/portaltela.pt\/api\/wp\/v2\/posts\/147400","targetHints":{"allow":["GET"]}}],"collection":[{"href":"https:\/\/portaltela.pt\/api\/wp\/v2\/posts"}],"about":[{"href":"https:\/\/portaltela.pt\/api\/wp\/v2\/types\/post"}],"author":[{"embeddable":true,"href":"https:\/\/portaltela.pt\/api\/wp\/v2\/users\/2"}],"replies":[{"embeddable":true,"href":"https:\/\/portaltela.pt\/api\/wp\/v2\/comments?post=147400"}],"version-history":[{"count":0,"href":"https:\/\/portaltela.pt\/api\/wp\/v2\/posts\/147400\/revisions"}],"wp:featuredmedia":[{"embeddable":true,"href":"https:\/\/portaltela.pt\/api\/wp\/v2\/media\/147409"}],"wp:attachment":[{"href":"https:\/\/portaltela.pt\/api\/wp\/v2\/media?parent=147400"}],"wp:term":[{"taxonomy":"category","embeddable":true,"href":"https:\/\/portaltela.pt\/api\/wp\/v2\/categories?post=147400"},{"taxonomy":"post_tag","embeddable":true,"href":"https:\/\/portaltela.pt\/api\/wp\/v2\/tags?post=147400"}],"curies":[{"name":"wp","href":"https:\/\/api.w.org\/{rel}","templated":true}]}}