{"id":147290,"date":"2026-01-17T05:44:42","date_gmt":"2026-01-17T08:44:42","guid":{"rendered":"https:\/\/portaltela.pt\/noticias\/2026\/01\/17\/luciano-benavides-vence-no-dakar-nas-motas-por-dois-segundos\/"},"modified":"2026-01-17T05:44:42","modified_gmt":"2026-01-17T08:44:42","slug":"luciano-benavides-vence-no-dakar-nas-motas-por-dois-segundos","status":"publish","type":"post","link":"https:\/\/portaltela.pt\/desporto\/2026\/01\/17\/luciano-benavides-vence-no-dakar-nas-motas-por-dois-segundos\/","title":{"rendered":"Luciano Benavides vence no Dakar nas motas por dois segundos"},"content":{"rendered":"<p>O piloto argentino Luciano Benavides (KTM) venceu a 48.\u00aa edi\u00e7\u00e3o do Dakar, na categoria motos, realizada na Ar\u00e1bia Saudita. Concluiu a prova na frente de Ricky Brabec (Honda) por apenas 2 segundos, ap\u00f3s Brabec se ter perdido nos \u00faltimos quil\u00f3metros.<\/p>\n<p>Benavides partiu para a \u00faltima etapa com apenas 105 km cronometrados ao seu nome, vindo de uma diferen\u00e7a de 3.20 minutos para o l\u00edder. O triunfo representa a primeira vit\u00f3ria do piloto na carreira no Dakar.<\/p>\n<p>O p\u00f3dio ficou completo com Brabec, que perdeu contacto no final da tirada. Martim Ventura (Honda) garantiu o terceiro lugar na classe Rally 2, marcando o seu melhor resultado em termos de posi\u00e7\u00e3o no rali.<\/p>\n<p>A prova na Ar\u00e1bia Saudita teve ainda uma refer\u00eancia hist\u00f3rica: o irm\u00e3o de Benavides, Kevin Benavides, j\u00e1 tinha vencido o Dakar em 2021 e 2023, com a equipa Honda gerida por Ruben Faria, que teve Martim Ventura \u00e0 vista com o seu primeiro p\u00f3dio na divis\u00e3o mais baixa.<\/p>\n","protected":false},"excerpt":{"rendered":"<ul>\n<li>Luciano Benavides (KTM) venceu a 48.\u00aa edi\u00e7\u00e3o do Dakar na categoria motas, na Ar\u00e1bia Saudita.<\/li>\n<li>O argentino chegou com apenas 2 segundos de vantagem sobre o norte-americano Ricky Brabec (Honda), que se atrasou nos \u00faltimos quil\u00f3metros ao abrir caminho.<\/li>\n<li>Na \u00faltima etapa, Benavides partiu com 105 quil\u00f3metros cronometrados e a 3,20 minutos do l\u00edder.<\/li>\n<li>Esta foi a primeira vit\u00f3ria de Benavides no Dakar.<\/li>\n<li>Martim Ventura (Honda) terminou em terceiro na categoria Rally 2, garantindo o seu primeiro p\u00f3dio nessa classe.<\/li>\n<\/ul>\n","protected":false},"author":2,"featured_media":147299,"comment_status":"closed","ping_status":"closed","sticky":false,"template":"","format":"standard","meta":{"footnotes":""},"categories":[21],"tags":[1016,2732,152,2619,3144],"class_list":["post-147290","post","type-post","status-publish","format-standard","has-post-thumbnail","hentry","category-desporto","tag-arabia-saudita","tag-argentina","tag-desporto","tag-desportos-internacionais","tag-rally-2"],"yoast_head":"<!-- This site is optimized with the Yoast SEO plugin v27.2 - https:\/\/yoast.com\/product\/yoast-seo-wordpress\/ -->\n<title>Luciano Benavides vence no Dakar nas motas por dois segundos - Portal Tela Portugal<\/title>\n<meta name=\"robots\" content=\"index, follow, max-snippet:-1, max-image-preview:large, max-video-preview:-1\" \/>\n<meta property=\"og:locale\" content=\"pt_PT\" \/>\n<meta property=\"og:type\" content=\"article\" \/>\n<meta property=\"og:title\" content=\"Luciano Benavides vence no Dakar nas motas por dois segundos - Portal Tela Portugal\" \/>\n<meta property=\"og:description\" content=\"Luciano Benavides (KTM) venceu a 48.\u00aa edi\u00e7\u00e3o do Dakar na categoria motas, na Ar\u00e1bia Saudita. O argentino chegou com apenas 2 segundos de vantagem sobre o norte-americano Ricky Brabec (Honda), que se atrasou nos \u00faltimos quil\u00f3metros ao abrir caminho. Na \u00faltima etapa, Benavides partiu com 105 quil\u00f3metros cronometrados e a 3,20 minutos do l\u00edder. Esta foi a primeira vit\u00f3ria de Benavides no Dakar. Martim Ventura (Honda) terminou em terceiro na categoria Rally 2, garantindo o seu primeiro p\u00f3dio nessa classe.\" \/>\n<meta property=\"og:url\" content=\"https:\/\/portaltela.pt\/noticias\/2026\/01\/17\/luciano-benavides-vence-no-dakar-nas-motas-por-dois-segundos\/\" \/>\n<meta property=\"og:site_name\" content=\"Portal Tela Portugal\" \/>\n<meta property=\"article:published_time\" content=\"2026-01-17T08:44:42+00:00\" \/>\n<meta name=\"author\" content=\"Telinha\" \/>\n<meta name=\"twitter:card\" content=\"summary_large_image\" \/>\n<meta name=\"twitter:label1\" content=\"Escrito por\" \/>\n\t<meta name=\"twitter:data1\" content=\"Telinha\" \/>\n\t<meta name=\"twitter:label2\" content=\"Tempo estimado de leitura\" \/>\n\t<meta name=\"twitter:data2\" content=\"1 minuto\" \/>\n<script type=\"application\/ld+json\" class=\"yoast-schema-graph\">{\"@context\":\"https:\/\/schema.org\",\"@graph\":[{\"@type\":\"Article\",\"@id\":\"https:\/\/portaltela.pt\/noticias\/2026\/01\/17\/luciano-benavides-vence-no-dakar-nas-motas-por-dois-segundos\/#article\",\"isPartOf\":{\"@id\":\"https:\/\/portaltela.pt\/noticias\/2026\/01\/17\/luciano-benavides-vence-no-dakar-nas-motas-por-dois-segundos\/\"},\"author\":{\"name\":\"Telinha\",\"@id\":\"https:\/\/portaltela.pt\/#\/schema\/person\/c4278d4a6028830caff9ee44b42d32ed\"},\"headline\":\"Luciano Benavides vence no Dakar nas motas por dois segundos\",\"datePublished\":\"2026-01-17T08:44:42+00:00\",\"mainEntityOfPage\":{\"@id\":\"https:\/\/portaltela.pt\/noticias\/2026\/01\/17\/luciano-benavides-vence-no-dakar-nas-motas-por-dois-segundos\/\"},\"wordCount\":176,\"image\":{\"@id\":\"https:\/\/portaltela.pt\/noticias\/2026\/01\/17\/luciano-benavides-vence-no-dakar-nas-motas-por-dois-segundos\/#primaryimage\"},\"thumbnailUrl\":\"https:\/\/portaltela.pt\/s.01k8rhncp4jt1\/2026\/01\/img_1200x721uu2026-01-17-08-42-42-2415284-im-639042361743306311.jpg\",\"keywords\":[\"Ar\u00e1bia Saudita\",\"Argentina\",\"desporto\",\"desportos internacionais\",\"Rally 2\"],\"articleSection\":[\"Desporto\"],\"inLanguage\":\"pt-PT\"},{\"@type\":\"WebPage\",\"@id\":\"https:\/\/portaltela.pt\/noticias\/2026\/01\/17\/luciano-benavides-vence-no-dakar-nas-motas-por-dois-segundos\/\",\"url\":\"https:\/\/portaltela.pt\/noticias\/2026\/01\/17\/luciano-benavides-vence-no-dakar-nas-motas-por-dois-segundos\/\",\"name\":\"Luciano Benavides vence no Dakar nas motas por dois segundos - Portal Tela Portugal\",\"isPartOf\":{\"@id\":\"https:\/\/portaltela.pt\/#website\"},\"primaryImageOfPage\":{\"@id\":\"https:\/\/portaltela.pt\/noticias\/2026\/01\/17\/luciano-benavides-vence-no-dakar-nas-motas-por-dois-segundos\/#primaryimage\"},\"image\":{\"@id\":\"https:\/\/portaltela.pt\/noticias\/2026\/01\/17\/luciano-benavides-vence-no-dakar-nas-motas-por-dois-segundos\/#primaryimage\"},\"thumbnailUrl\":\"https:\/\/portaltela.pt\/s.01k8rhncp4jt1\/2026\/01\/img_1200x721uu2026-01-17-08-42-42-2415284-im-639042361743306311.jpg\",\"datePublished\":\"2026-01-17T08:44:42+00:00\",\"author\":{\"@id\":\"https:\/\/portaltela.pt\/#\/schema\/person\/c4278d4a6028830caff9ee44b42d32ed\"},\"breadcrumb\":{\"@id\":\"https:\/\/portaltela.pt\/noticias\/2026\/01\/17\/luciano-benavides-vence-no-dakar-nas-motas-por-dois-segundos\/#breadcrumb\"},\"inLanguage\":\"pt-PT\",\"potentialAction\":[{\"@type\":\"ReadAction\",\"target\":[\"https:\/\/portaltela.pt\/noticias\/2026\/01\/17\/luciano-benavides-vence-no-dakar-nas-motas-por-dois-segundos\/\"]}]},{\"@type\":\"ImageObject\",\"inLanguage\":\"pt-PT\",\"@id\":\"https:\/\/portaltela.pt\/noticias\/2026\/01\/17\/luciano-benavides-vence-no-dakar-nas-motas-por-dois-segundos\/#primaryimage\",\"url\":\"https:\/\/portaltela.pt\/s.01k8rhncp4jt1\/2026\/01\/img_1200x721uu2026-01-17-08-42-42-2415284-im-639042361743306311.jpg\",\"contentUrl\":\"https:\/\/portaltela.pt\/s.01k8rhncp4jt1\/2026\/01\/img_1200x721uu2026-01-17-08-42-42-2415284-im-639042361743306311.jpg\",\"width\":796,\"height\":448,\"caption\":\"Luciano Benavides, piloto argentino da KTM, venceu Dakar'2026 na categoria de motas\"},{\"@type\":\"BreadcrumbList\",\"@id\":\"https:\/\/portaltela.pt\/noticias\/2026\/01\/17\/luciano-benavides-vence-no-dakar-nas-motas-por-dois-segundos\/#breadcrumb\",\"itemListElement\":[{\"@type\":\"ListItem\",\"position\":1,\"name\":\"In\u00edcio\",\"item\":\"https:\/\/portaltela.pt\/\"},{\"@type\":\"ListItem\",\"position\":2,\"name\":\"Luciano Benavides vence no Dakar nas motas por dois segundos\"}]},{\"@type\":\"WebSite\",\"@id\":\"https:\/\/portaltela.pt\/#website\",\"url\":\"https:\/\/portaltela.pt\/\",\"name\":\"Portal Tela Portugal\",\"description\":\"\",\"potentialAction\":[{\"@type\":\"SearchAction\",\"target\":{\"@type\":\"EntryPoint\",\"urlTemplate\":\"https:\/\/portaltela.pt\/?s={search_term_string}\"},\"query-input\":{\"@type\":\"PropertyValueSpecification\",\"valueRequired\":true,\"valueName\":\"search_term_string\"}}],\"inLanguage\":\"pt-PT\"},{\"@type\":\"Person\",\"@id\":\"https:\/\/portaltela.pt\/#\/schema\/person\/c4278d4a6028830caff9ee44b42d32ed\",\"name\":\"Telinha\",\"image\":{\"@type\":\"ImageObject\",\"inLanguage\":\"pt-PT\",\"@id\":\"https:\/\/portaltela.pt\/s.01k8rhncp4jt1\/2025\/11\/talking-bot-125x125.png\",\"url\":\"https:\/\/portaltela.pt\/s.01k8rhncp4jt1\/2025\/11\/talking-bot-125x125.png\",\"contentUrl\":\"https:\/\/portaltela.pt\/s.01k8rhncp4jt1\/2025\/11\/talking-bot-125x125.png\",\"caption\":\"Telinha\"},\"sameAs\":[\"https:\/\/portaltela.pt\/\"],\"url\":\"https:\/\/portaltela.pt\/por\/367410592786\/\"}]}<\/script>\n<!-- \/ Yoast SEO plugin. -->","yoast_head_json":{"title":"Luciano Benavides vence no Dakar nas motas por dois segundos - Portal Tela Portugal","robots":{"index":"index","follow":"follow","max-snippet":"max-snippet:-1","max-image-preview":"max-image-preview:large","max-video-preview":"max-video-preview:-1"},"og_locale":"pt_PT","og_type":"article","og_title":"Luciano Benavides vence no Dakar nas motas por dois segundos - Portal Tela Portugal","og_description":"Luciano Benavides (KTM) venceu a 48.\u00aa edi\u00e7\u00e3o do Dakar na categoria motas, na Ar\u00e1bia Saudita. O argentino chegou com apenas 2 segundos de vantagem sobre o norte-americano Ricky Brabec (Honda), que se atrasou nos \u00faltimos quil\u00f3metros ao abrir caminho. Na \u00faltima etapa, Benavides partiu com 105 quil\u00f3metros cronometrados e a 3,20 minutos do l\u00edder. Esta foi a primeira vit\u00f3ria de Benavides no Dakar. Martim Ventura (Honda) terminou em terceiro na categoria Rally 2, garantindo o seu primeiro p\u00f3dio nessa classe.","og_url":"https:\/\/portaltela.pt\/noticias\/2026\/01\/17\/luciano-benavides-vence-no-dakar-nas-motas-por-dois-segundos\/","og_site_name":"Portal Tela Portugal","article_published_time":"2026-01-17T08:44:42+00:00","author":"Telinha","twitter_card":"summary_large_image","twitter_misc":{"Escrito por":"Telinha","Tempo estimado de leitura":"1 minuto"},"schema":{"@context":"https:\/\/schema.org","@graph":[{"@type":"Article","@id":"https:\/\/portaltela.pt\/noticias\/2026\/01\/17\/luciano-benavides-vence-no-dakar-nas-motas-por-dois-segundos\/#article","isPartOf":{"@id":"https:\/\/portaltela.pt\/noticias\/2026\/01\/17\/luciano-benavides-vence-no-dakar-nas-motas-por-dois-segundos\/"},"author":{"name":"Telinha","@id":"https:\/\/portaltela.pt\/#\/schema\/person\/c4278d4a6028830caff9ee44b42d32ed"},"headline":"Luciano Benavides vence no Dakar nas motas por dois segundos","datePublished":"2026-01-17T08:44:42+00:00","mainEntityOfPage":{"@id":"https:\/\/portaltela.pt\/noticias\/2026\/01\/17\/luciano-benavides-vence-no-dakar-nas-motas-por-dois-segundos\/"},"wordCount":176,"image":{"@id":"https:\/\/portaltela.pt\/noticias\/2026\/01\/17\/luciano-benavides-vence-no-dakar-nas-motas-por-dois-segundos\/#primaryimage"},"thumbnailUrl":"https:\/\/portaltela.pt\/s.01k8rhncp4jt1\/2026\/01\/img_1200x721uu2026-01-17-08-42-42-2415284-im-639042361743306311.jpg","keywords":["Ar\u00e1bia Saudita","Argentina","desporto","desportos internacionais","Rally 2"],"articleSection":["Desporto"],"inLanguage":"pt-PT"},{"@type":"WebPage","@id":"https:\/\/portaltela.pt\/noticias\/2026\/01\/17\/luciano-benavides-vence-no-dakar-nas-motas-por-dois-segundos\/","url":"https:\/\/portaltela.pt\/noticias\/2026\/01\/17\/luciano-benavides-vence-no-dakar-nas-motas-por-dois-segundos\/","name":"Luciano Benavides vence no Dakar nas motas por dois segundos - Portal Tela Portugal","isPartOf":{"@id":"https:\/\/portaltela.pt\/#website"},"primaryImageOfPage":{"@id":"https:\/\/portaltela.pt\/noticias\/2026\/01\/17\/luciano-benavides-vence-no-dakar-nas-motas-por-dois-segundos\/#primaryimage"},"image":{"@id":"https:\/\/portaltela.pt\/noticias\/2026\/01\/17\/luciano-benavides-vence-no-dakar-nas-motas-por-dois-segundos\/#primaryimage"},"thumbnailUrl":"https:\/\/portaltela.pt\/s.01k8rhncp4jt1\/2026\/01\/img_1200x721uu2026-01-17-08-42-42-2415284-im-639042361743306311.jpg","datePublished":"2026-01-17T08:44:42+00:00","author":{"@id":"https:\/\/portaltela.pt\/#\/schema\/person\/c4278d4a6028830caff9ee44b42d32ed"},"breadcrumb":{"@id":"https:\/\/portaltela.pt\/noticias\/2026\/01\/17\/luciano-benavides-vence-no-dakar-nas-motas-por-dois-segundos\/#breadcrumb"},"inLanguage":"pt-PT","potentialAction":[{"@type":"ReadAction","target":["https:\/\/portaltela.pt\/noticias\/2026\/01\/17\/luciano-benavides-vence-no-dakar-nas-motas-por-dois-segundos\/"]}]},{"@type":"ImageObject","inLanguage":"pt-PT","@id":"https:\/\/portaltela.pt\/noticias\/2026\/01\/17\/luciano-benavides-vence-no-dakar-nas-motas-por-dois-segundos\/#primaryimage","url":"https:\/\/portaltela.pt\/s.01k8rhncp4jt1\/2026\/01\/img_1200x721uu2026-01-17-08-42-42-2415284-im-639042361743306311.jpg","contentUrl":"https:\/\/portaltela.pt\/s.01k8rhncp4jt1\/2026\/01\/img_1200x721uu2026-01-17-08-42-42-2415284-im-639042361743306311.jpg","width":796,"height":448,"caption":"Luciano Benavides, piloto argentino da KTM, venceu Dakar'2026 na categoria de motas"},{"@type":"BreadcrumbList","@id":"https:\/\/portaltela.pt\/noticias\/2026\/01\/17\/luciano-benavides-vence-no-dakar-nas-motas-por-dois-segundos\/#breadcrumb","itemListElement":[{"@type":"ListItem","position":1,"name":"In\u00edcio","item":"https:\/\/portaltela.pt\/"},{"@type":"ListItem","position":2,"name":"Luciano Benavides vence no Dakar nas motas por dois segundos"}]},{"@type":"WebSite","@id":"https:\/\/portaltela.pt\/#website","url":"https:\/\/portaltela.pt\/","name":"Portal Tela Portugal","description":"","potentialAction":[{"@type":"SearchAction","target":{"@type":"EntryPoint","urlTemplate":"https:\/\/portaltela.pt\/?s={search_term_string}"},"query-input":{"@type":"PropertyValueSpecification","valueRequired":true,"valueName":"search_term_string"}}],"inLanguage":"pt-PT"},{"@type":"Person","@id":"https:\/\/portaltela.pt\/#\/schema\/person\/c4278d4a6028830caff9ee44b42d32ed","name":"Telinha","image":{"@type":"ImageObject","inLanguage":"pt-PT","@id":"https:\/\/portaltela.pt\/s.01k8rhncp4jt1\/2025\/11\/talking-bot-125x125.png","url":"https:\/\/portaltela.pt\/s.01k8rhncp4jt1\/2025\/11\/talking-bot-125x125.png","contentUrl":"https:\/\/portaltela.pt\/s.01k8rhncp4jt1\/2025\/11\/talking-bot-125x125.png","caption":"Telinha"},"sameAs":["https:\/\/portaltela.pt\/"],"url":"https:\/\/portaltela.pt\/por\/367410592786\/"}]}},"_links":{"self":[{"href":"https:\/\/portaltela.pt\/api\/wp\/v2\/posts\/147290","targetHints":{"allow":["GET"]}}],"collection":[{"href":"https:\/\/portaltela.pt\/api\/wp\/v2\/posts"}],"about":[{"href":"https:\/\/portaltela.pt\/api\/wp\/v2\/types\/post"}],"author":[{"embeddable":true,"href":"https:\/\/portaltela.pt\/api\/wp\/v2\/users\/2"}],"replies":[{"embeddable":true,"href":"https:\/\/portaltela.pt\/api\/wp\/v2\/comments?post=147290"}],"version-history":[{"count":0,"href":"https:\/\/portaltela.pt\/api\/wp\/v2\/posts\/147290\/revisions"}],"wp:featuredmedia":[{"embeddable":true,"href":"https:\/\/portaltela.pt\/api\/wp\/v2\/media\/147299"}],"wp:attachment":[{"href":"https:\/\/portaltela.pt\/api\/wp\/v2\/media?parent=147290"}],"wp:term":[{"taxonomy":"category","embeddable":true,"href":"https:\/\/portaltela.pt\/api\/wp\/v2\/categories?post=147290"},{"taxonomy":"post_tag","embeddable":true,"href":"https:\/\/portaltela.pt\/api\/wp\/v2\/tags?post=147290"}],"curies":[{"name":"wp","href":"https:\/\/api.w.org\/{rel}","templated":true}]}}