{"id":147212,"date":"2026-01-17T05:06:00","date_gmt":"2026-01-17T08:06:00","guid":{"rendered":"https:\/\/portaltela.pt\/noticias\/2026\/01\/17\/florentino-perez-aponta-aberloa-como-possivel-novo-zidane-do-real-madrid\/"},"modified":"2026-01-17T05:06:00","modified_gmt":"2026-01-17T08:06:00","slug":"florentino-perez-aponta-aberloa-como-possivel-novo-zidane-do-real-madrid","status":"publish","type":"post","link":"https:\/\/portaltela.pt\/desporto\/futebol\/2026\/01\/17\/florentino-perez-aponta-aberloa-como-possivel-novo-zidane-do-real-madrid\/","title":{"rendered":"Florentino P\u00e9rez aponta Aberloa como poss\u00edvel novo Zidane do Real Madrid"},"content":{"rendered":"<p>Real Madrid volta a apostar numa op\u00e7\u00e3o da forma\u00e7\u00e3o com passado no clube, numa tentativa de encontrar o pr\u00f3ximo Zidane. O projeto envolve \u00c1lvaro Arbeloa, promovido da fam\u00edlia futebol\u00edstica desde a forma\u00e7\u00e3o para orientar o caminho rumo a um novo l\u00edder t\u00e9cnico.<\/p>\n<p>A posi\u00e7\u00e3o de Florentino P\u00e9rez \u00e9 marcada por uma s\u00e9rie de tentativas desde 2000. Excetuando Bernd Schuster, Jos\u00e9 Mourinho e Carlo Ancelotti, nenhum treinador completou a temporada seguinte. A gest\u00e3o tempitalmente favorecido mudan\u00e7as frequentes.<\/p>\n<p>Xabi Alonso \u00e9 o mais recente caso relacionado com este ciclo. contratado em junho ap\u00f3s o excelente rendimento no Bayer Leverkusen, cedeu espa\u00e7o a Arbeloa, que se tornou o terceiro talento da forma\u00e7\u00e3o a subir \u00e0 equipa principal. P\u00e9rez depositou confian\u00e7a semelhante para replicar o efeito de Zidane.<\/p>\n<h3>Contexto sobre Arbeloa e o caminho da forma\u00e7\u00e3o<\/h3>\n<p>A atua\u00e7\u00e3o de Arbeloa na promo\u00e7\u00e3o interna \u00e9 apresentada como uma continuidade da estrat\u00e9gia de aproveitamento de jogadores formados no clube. O movimento sugere uma linha de continuidade entre a forma\u00e7\u00e3o e o plantel principal, com foco no perfil capaz de reproduzir o impacto de Zidane no onze.<\/p>\n<p>A compara\u00e7\u00e3o com Zidane permanece central para a discuss\u00e3o interna. A dire\u00e7\u00e3o do clube enfatiza a necessidade de equil\u00edbrio entre experi\u00eancia do plantel e juventude da casa. A comunica\u00e7\u00e3o oficial n\u00e3o trouxe novos nomes para o leque de op\u00e7\u00f5es.<\/p>\n","protected":false},"excerpt":{"rendered":"<ul>\n<li>O Real Madrid volta a apostar num treinador formado no clube, com passado como jogador da casa.<\/li>\n<li>A aposta j\u00e1 correu mal no passado, sendo regida por uma sequ\u00eancia de treinadores que n\u00e3o permaneceram na equipa na temporada seguinte, desde que Florentino P\u00e9rez assumiu a presid\u00eancia em 2000, com exce\u00e7\u00e3o de Bernd Schuster, Jos\u00e9 Mourinho e Carlo Ancelotti.<\/li>\n<li>Xabi Alonso foi contratado em junho, ap\u00f3s \u00f3timo desempenho \u00e0 frente do Bayer Leverkusen.<\/li>\n<li>\u00c1lvaro Arbeloa, que tamb\u00e9m veio da forma\u00e7\u00e3o, integrou a equipa principal, sucedendo a Alonso.<\/li>\n<li>Arbeloa \u00e9 o segundo treinador formado no clube a subir ao plantel principal na era Florentino P\u00e9rez e o terceiro a sair da forma\u00e7\u00e3o para a equipa principal, com a expectativa de replicar a obra de Zidane.<\/li>\n<\/ul>\n","protected":false},"author":2,"featured_media":147221,"comment_status":"closed","ping_status":"closed","sticky":false,"template":"","format":"standard","meta":{"footnotes":""},"categories":[21,24],"tags":[2960,1290,32,2714,2477,3240],"class_list":["post-147212","post","type-post","status-publish","format-standard","has-post-thumbnail","hentry","category-desporto","category-futebol","tag-arbeloa","tag-formacao","tag-futebol","tag-real-madrid","tag-treinadores","tag-zidane"],"yoast_head":"<!-- This site is optimized with the Yoast SEO plugin v27.2 - https:\/\/yoast.com\/product\/yoast-seo-wordpress\/ -->\n<title>Florentino P\u00e9rez aponta Aberloa como poss\u00edvel novo Zidane do Real Madrid - Portal Tela Portugal<\/title>\n<meta name=\"robots\" content=\"index, follow, max-snippet:-1, max-image-preview:large, max-video-preview:-1\" \/>\n<meta property=\"og:locale\" content=\"pt_PT\" \/>\n<meta property=\"og:type\" content=\"article\" \/>\n<meta property=\"og:title\" content=\"Florentino P\u00e9rez aponta Aberloa como poss\u00edvel novo Zidane do Real Madrid - Portal Tela Portugal\" \/>\n<meta property=\"og:description\" content=\"O Real Madrid volta a apostar num treinador formado no clube, com passado como jogador da casa. A aposta j\u00e1 correu mal no passado, sendo regida por uma sequ\u00eancia de treinadores que n\u00e3o permaneceram na equipa na temporada seguinte, desde que Florentino P\u00e9rez assumiu a presid\u00eancia em 2000, com exce\u00e7\u00e3o de Bernd Schuster, Jos\u00e9 Mourinho e Carlo Ancelotti. Xabi Alonso foi contratado em junho, ap\u00f3s \u00f3timo desempenho \u00e0 frente do Bayer Leverkusen. \u00c1lvaro Arbeloa, que tamb\u00e9m veio da forma\u00e7\u00e3o, integrou a equipa principal, sucedendo a Alonso. Arbeloa \u00e9 o segundo treinador formado no clube a subir ao plantel principal na era Florentino P\u00e9rez e o terceiro a sair da forma\u00e7\u00e3o para a equipa principal, com a expectativa de replicar a obra de Zidane.\" \/>\n<meta property=\"og:url\" content=\"https:\/\/portaltela.pt\/noticias\/2026\/01\/17\/florentino-perez-aponta-aberloa-como-possivel-novo-zidane-do-real-madrid\/\" \/>\n<meta property=\"og:site_name\" content=\"Portal Tela Portugal\" \/>\n<meta property=\"article:published_time\" content=\"2026-01-17T08:06:00+00:00\" \/>\n<meta name=\"author\" content=\"Telinha\" \/>\n<meta name=\"twitter:card\" content=\"summary_large_image\" \/>\n<meta name=\"twitter:label1\" content=\"Escrito por\" \/>\n\t<meta name=\"twitter:data1\" content=\"Telinha\" \/>\n\t<meta name=\"twitter:label2\" content=\"Tempo estimado de leitura\" \/>\n\t<meta name=\"twitter:data2\" content=\"1 minuto\" \/>\n<script type=\"application\/ld+json\" class=\"yoast-schema-graph\">{\"@context\":\"https:\/\/schema.org\",\"@graph\":[{\"@type\":\"Article\",\"@id\":\"https:\/\/portaltela.pt\/noticias\/2026\/01\/17\/florentino-perez-aponta-aberloa-como-possivel-novo-zidane-do-real-madrid\/#article\",\"isPartOf\":{\"@id\":\"https:\/\/portaltela.pt\/noticias\/2026\/01\/17\/florentino-perez-aponta-aberloa-como-possivel-novo-zidane-do-real-madrid\/\"},\"author\":{\"name\":\"Telinha\",\"@id\":\"https:\/\/portaltela.pt\/#\/schema\/person\/c4278d4a6028830caff9ee44b42d32ed\"},\"headline\":\"Florentino P\u00e9rez aponta Aberloa como poss\u00edvel novo Zidane do Real Madrid\",\"datePublished\":\"2026-01-17T08:06:00+00:00\",\"mainEntityOfPage\":{\"@id\":\"https:\/\/portaltela.pt\/noticias\/2026\/01\/17\/florentino-perez-aponta-aberloa-como-possivel-novo-zidane-do-real-madrid\/\"},\"wordCount\":258,\"image\":{\"@id\":\"https:\/\/portaltela.pt\/noticias\/2026\/01\/17\/florentino-perez-aponta-aberloa-como-possivel-novo-zidane-do-real-madrid\/#primaryimage\"},\"thumbnailUrl\":\"https:\/\/portaltela.pt\/s.01k8rhncp4jt1\/2026\/01\/image-1004.jpg\",\"keywords\":[\"Arbeloa\",\"forma\u00e7\u00e3o\",\"futebol\",\"Real Madrid\",\"treinadores\",\"Zidane\"],\"articleSection\":[\"Desporto\",\"Futebol\"],\"inLanguage\":\"pt-PT\"},{\"@type\":\"WebPage\",\"@id\":\"https:\/\/portaltela.pt\/noticias\/2026\/01\/17\/florentino-perez-aponta-aberloa-como-possivel-novo-zidane-do-real-madrid\/\",\"url\":\"https:\/\/portaltela.pt\/noticias\/2026\/01\/17\/florentino-perez-aponta-aberloa-como-possivel-novo-zidane-do-real-madrid\/\",\"name\":\"Florentino P\u00e9rez aponta Aberloa como poss\u00edvel novo Zidane do Real Madrid - Portal Tela Portugal\",\"isPartOf\":{\"@id\":\"https:\/\/portaltela.pt\/#website\"},\"primaryImageOfPage\":{\"@id\":\"https:\/\/portaltela.pt\/noticias\/2026\/01\/17\/florentino-perez-aponta-aberloa-como-possivel-novo-zidane-do-real-madrid\/#primaryimage\"},\"image\":{\"@id\":\"https:\/\/portaltela.pt\/noticias\/2026\/01\/17\/florentino-perez-aponta-aberloa-como-possivel-novo-zidane-do-real-madrid\/#primaryimage\"},\"thumbnailUrl\":\"https:\/\/portaltela.pt\/s.01k8rhncp4jt1\/2026\/01\/image-1004.jpg\",\"datePublished\":\"2026-01-17T08:06:00+00:00\",\"author\":{\"@id\":\"https:\/\/portaltela.pt\/#\/schema\/person\/c4278d4a6028830caff9ee44b42d32ed\"},\"breadcrumb\":{\"@id\":\"https:\/\/portaltela.pt\/noticias\/2026\/01\/17\/florentino-perez-aponta-aberloa-como-possivel-novo-zidane-do-real-madrid\/#breadcrumb\"},\"inLanguage\":\"pt-PT\",\"potentialAction\":[{\"@type\":\"ReadAction\",\"target\":[\"https:\/\/portaltela.pt\/noticias\/2026\/01\/17\/florentino-perez-aponta-aberloa-como-possivel-novo-zidane-do-real-madrid\/\"]}]},{\"@type\":\"ImageObject\",\"inLanguage\":\"pt-PT\",\"@id\":\"https:\/\/portaltela.pt\/noticias\/2026\/01\/17\/florentino-perez-aponta-aberloa-como-possivel-novo-zidane-do-real-madrid\/#primaryimage\",\"url\":\"https:\/\/portaltela.pt\/s.01k8rhncp4jt1\/2026\/01\/image-1004.jpg\",\"contentUrl\":\"https:\/\/portaltela.pt\/s.01k8rhncp4jt1\/2026\/01\/image-1004.jpg\",\"width\":796,\"height\":448,\"caption\":\"Arbeloa estreou-se com uma derrota frente ao Albacete, da 2.\u00aa Divis\u00e3o, que valeu a elimina\u00e7\u00e3o da Ta\u00e7a do Rei\"},{\"@type\":\"BreadcrumbList\",\"@id\":\"https:\/\/portaltela.pt\/noticias\/2026\/01\/17\/florentino-perez-aponta-aberloa-como-possivel-novo-zidane-do-real-madrid\/#breadcrumb\",\"itemListElement\":[{\"@type\":\"ListItem\",\"position\":1,\"name\":\"In\u00edcio\",\"item\":\"https:\/\/portaltela.pt\/\"},{\"@type\":\"ListItem\",\"position\":2,\"name\":\"Florentino P\u00e9rez aponta Aberloa como poss\u00edvel novo Zidane do Real Madrid\"}]},{\"@type\":\"WebSite\",\"@id\":\"https:\/\/portaltela.pt\/#website\",\"url\":\"https:\/\/portaltela.pt\/\",\"name\":\"Portal Tela Portugal\",\"description\":\"\",\"potentialAction\":[{\"@type\":\"SearchAction\",\"target\":{\"@type\":\"EntryPoint\",\"urlTemplate\":\"https:\/\/portaltela.pt\/?s={search_term_string}\"},\"query-input\":{\"@type\":\"PropertyValueSpecification\",\"valueRequired\":true,\"valueName\":\"search_term_string\"}}],\"inLanguage\":\"pt-PT\"},{\"@type\":\"Person\",\"@id\":\"https:\/\/portaltela.pt\/#\/schema\/person\/c4278d4a6028830caff9ee44b42d32ed\",\"name\":\"Telinha\",\"image\":{\"@type\":\"ImageObject\",\"inLanguage\":\"pt-PT\",\"@id\":\"https:\/\/portaltela.pt\/s.01k8rhncp4jt1\/2025\/11\/talking-bot-125x125.png\",\"url\":\"https:\/\/portaltela.pt\/s.01k8rhncp4jt1\/2025\/11\/talking-bot-125x125.png\",\"contentUrl\":\"https:\/\/portaltela.pt\/s.01k8rhncp4jt1\/2025\/11\/talking-bot-125x125.png\",\"caption\":\"Telinha\"},\"sameAs\":[\"https:\/\/portaltela.pt\/\"],\"url\":\"https:\/\/portaltela.pt\/por\/367410592786\/\"}]}<\/script>\n<!-- \/ Yoast SEO plugin. -->","yoast_head_json":{"title":"Florentino P\u00e9rez aponta Aberloa como poss\u00edvel novo Zidane do Real Madrid - Portal Tela Portugal","robots":{"index":"index","follow":"follow","max-snippet":"max-snippet:-1","max-image-preview":"max-image-preview:large","max-video-preview":"max-video-preview:-1"},"og_locale":"pt_PT","og_type":"article","og_title":"Florentino P\u00e9rez aponta Aberloa como poss\u00edvel novo Zidane do Real Madrid - Portal Tela Portugal","og_description":"O Real Madrid volta a apostar num treinador formado no clube, com passado como jogador da casa. A aposta j\u00e1 correu mal no passado, sendo regida por uma sequ\u00eancia de treinadores que n\u00e3o permaneceram na equipa na temporada seguinte, desde que Florentino P\u00e9rez assumiu a presid\u00eancia em 2000, com exce\u00e7\u00e3o de Bernd Schuster, Jos\u00e9 Mourinho e Carlo Ancelotti. Xabi Alonso foi contratado em junho, ap\u00f3s \u00f3timo desempenho \u00e0 frente do Bayer Leverkusen. \u00c1lvaro Arbeloa, que tamb\u00e9m veio da forma\u00e7\u00e3o, integrou a equipa principal, sucedendo a Alonso. Arbeloa \u00e9 o segundo treinador formado no clube a subir ao plantel principal na era Florentino P\u00e9rez e o terceiro a sair da forma\u00e7\u00e3o para a equipa principal, com a expectativa de replicar a obra de Zidane.","og_url":"https:\/\/portaltela.pt\/noticias\/2026\/01\/17\/florentino-perez-aponta-aberloa-como-possivel-novo-zidane-do-real-madrid\/","og_site_name":"Portal Tela Portugal","article_published_time":"2026-01-17T08:06:00+00:00","author":"Telinha","twitter_card":"summary_large_image","twitter_misc":{"Escrito por":"Telinha","Tempo estimado de leitura":"1 minuto"},"schema":{"@context":"https:\/\/schema.org","@graph":[{"@type":"Article","@id":"https:\/\/portaltela.pt\/noticias\/2026\/01\/17\/florentino-perez-aponta-aberloa-como-possivel-novo-zidane-do-real-madrid\/#article","isPartOf":{"@id":"https:\/\/portaltela.pt\/noticias\/2026\/01\/17\/florentino-perez-aponta-aberloa-como-possivel-novo-zidane-do-real-madrid\/"},"author":{"name":"Telinha","@id":"https:\/\/portaltela.pt\/#\/schema\/person\/c4278d4a6028830caff9ee44b42d32ed"},"headline":"Florentino P\u00e9rez aponta Aberloa como poss\u00edvel novo Zidane do Real Madrid","datePublished":"2026-01-17T08:06:00+00:00","mainEntityOfPage":{"@id":"https:\/\/portaltela.pt\/noticias\/2026\/01\/17\/florentino-perez-aponta-aberloa-como-possivel-novo-zidane-do-real-madrid\/"},"wordCount":258,"image":{"@id":"https:\/\/portaltela.pt\/noticias\/2026\/01\/17\/florentino-perez-aponta-aberloa-como-possivel-novo-zidane-do-real-madrid\/#primaryimage"},"thumbnailUrl":"https:\/\/portaltela.pt\/s.01k8rhncp4jt1\/2026\/01\/image-1004.jpg","keywords":["Arbeloa","forma\u00e7\u00e3o","futebol","Real Madrid","treinadores","Zidane"],"articleSection":["Desporto","Futebol"],"inLanguage":"pt-PT"},{"@type":"WebPage","@id":"https:\/\/portaltela.pt\/noticias\/2026\/01\/17\/florentino-perez-aponta-aberloa-como-possivel-novo-zidane-do-real-madrid\/","url":"https:\/\/portaltela.pt\/noticias\/2026\/01\/17\/florentino-perez-aponta-aberloa-como-possivel-novo-zidane-do-real-madrid\/","name":"Florentino P\u00e9rez aponta Aberloa como poss\u00edvel novo Zidane do Real Madrid - Portal Tela Portugal","isPartOf":{"@id":"https:\/\/portaltela.pt\/#website"},"primaryImageOfPage":{"@id":"https:\/\/portaltela.pt\/noticias\/2026\/01\/17\/florentino-perez-aponta-aberloa-como-possivel-novo-zidane-do-real-madrid\/#primaryimage"},"image":{"@id":"https:\/\/portaltela.pt\/noticias\/2026\/01\/17\/florentino-perez-aponta-aberloa-como-possivel-novo-zidane-do-real-madrid\/#primaryimage"},"thumbnailUrl":"https:\/\/portaltela.pt\/s.01k8rhncp4jt1\/2026\/01\/image-1004.jpg","datePublished":"2026-01-17T08:06:00+00:00","author":{"@id":"https:\/\/portaltela.pt\/#\/schema\/person\/c4278d4a6028830caff9ee44b42d32ed"},"breadcrumb":{"@id":"https:\/\/portaltela.pt\/noticias\/2026\/01\/17\/florentino-perez-aponta-aberloa-como-possivel-novo-zidane-do-real-madrid\/#breadcrumb"},"inLanguage":"pt-PT","potentialAction":[{"@type":"ReadAction","target":["https:\/\/portaltela.pt\/noticias\/2026\/01\/17\/florentino-perez-aponta-aberloa-como-possivel-novo-zidane-do-real-madrid\/"]}]},{"@type":"ImageObject","inLanguage":"pt-PT","@id":"https:\/\/portaltela.pt\/noticias\/2026\/01\/17\/florentino-perez-aponta-aberloa-como-possivel-novo-zidane-do-real-madrid\/#primaryimage","url":"https:\/\/portaltela.pt\/s.01k8rhncp4jt1\/2026\/01\/image-1004.jpg","contentUrl":"https:\/\/portaltela.pt\/s.01k8rhncp4jt1\/2026\/01\/image-1004.jpg","width":796,"height":448,"caption":"Arbeloa estreou-se com uma derrota frente ao Albacete, da 2.\u00aa Divis\u00e3o, que valeu a elimina\u00e7\u00e3o da Ta\u00e7a do Rei"},{"@type":"BreadcrumbList","@id":"https:\/\/portaltela.pt\/noticias\/2026\/01\/17\/florentino-perez-aponta-aberloa-como-possivel-novo-zidane-do-real-madrid\/#breadcrumb","itemListElement":[{"@type":"ListItem","position":1,"name":"In\u00edcio","item":"https:\/\/portaltela.pt\/"},{"@type":"ListItem","position":2,"name":"Florentino P\u00e9rez aponta Aberloa como poss\u00edvel novo Zidane do Real Madrid"}]},{"@type":"WebSite","@id":"https:\/\/portaltela.pt\/#website","url":"https:\/\/portaltela.pt\/","name":"Portal Tela Portugal","description":"","potentialAction":[{"@type":"SearchAction","target":{"@type":"EntryPoint","urlTemplate":"https:\/\/portaltela.pt\/?s={search_term_string}"},"query-input":{"@type":"PropertyValueSpecification","valueRequired":true,"valueName":"search_term_string"}}],"inLanguage":"pt-PT"},{"@type":"Person","@id":"https:\/\/portaltela.pt\/#\/schema\/person\/c4278d4a6028830caff9ee44b42d32ed","name":"Telinha","image":{"@type":"ImageObject","inLanguage":"pt-PT","@id":"https:\/\/portaltela.pt\/s.01k8rhncp4jt1\/2025\/11\/talking-bot-125x125.png","url":"https:\/\/portaltela.pt\/s.01k8rhncp4jt1\/2025\/11\/talking-bot-125x125.png","contentUrl":"https:\/\/portaltela.pt\/s.01k8rhncp4jt1\/2025\/11\/talking-bot-125x125.png","caption":"Telinha"},"sameAs":["https:\/\/portaltela.pt\/"],"url":"https:\/\/portaltela.pt\/por\/367410592786\/"}]}},"_links":{"self":[{"href":"https:\/\/portaltela.pt\/api\/wp\/v2\/posts\/147212","targetHints":{"allow":["GET"]}}],"collection":[{"href":"https:\/\/portaltela.pt\/api\/wp\/v2\/posts"}],"about":[{"href":"https:\/\/portaltela.pt\/api\/wp\/v2\/types\/post"}],"author":[{"embeddable":true,"href":"https:\/\/portaltela.pt\/api\/wp\/v2\/users\/2"}],"replies":[{"embeddable":true,"href":"https:\/\/portaltela.pt\/api\/wp\/v2\/comments?post=147212"}],"version-history":[{"count":0,"href":"https:\/\/portaltela.pt\/api\/wp\/v2\/posts\/147212\/revisions"}],"wp:featuredmedia":[{"embeddable":true,"href":"https:\/\/portaltela.pt\/api\/wp\/v2\/media\/147221"}],"wp:attachment":[{"href":"https:\/\/portaltela.pt\/api\/wp\/v2\/media?parent=147212"}],"wp:term":[{"taxonomy":"category","embeddable":true,"href":"https:\/\/portaltela.pt\/api\/wp\/v2\/categories?post=147212"},{"taxonomy":"post_tag","embeddable":true,"href":"https:\/\/portaltela.pt\/api\/wp\/v2\/tags?post=147212"}],"curies":[{"name":"wp","href":"https:\/\/api.w.org\/{rel}","templated":true}]}}