{"id":147175,"date":"2026-01-17T04:47:05","date_gmt":"2026-01-17T07:47:05","guid":{"rendered":"https:\/\/portaltela.pt\/noticias\/2026\/01\/17\/academia-europeia-de-cinema-anuncia-premios-realizadora-portuguesa-filme-nomeado\/"},"modified":"2026-01-17T04:47:05","modified_gmt":"2026-01-17T07:47:05","slug":"academia-europeia-de-cinema-anuncia-premios-realizadora-portuguesa-filme-nomeado","status":"publish","type":"post","link":"https:\/\/portaltela.pt\/noticias\/2026\/01\/17\/academia-europeia-de-cinema-anuncia-premios-realizadora-portuguesa-filme-nomeado\/","title":{"rendered":"Academia Europeia de Cinema anuncia pr\u00e9mios; realizadora portuguesa filme nomeado"},"content":{"rendered":"<p>A Academia Europeia de Cinema revela hoje os pr\u00e9mios anuais do cinema europeu, numa cerim\u00f3nia em Berlim. Entre os nomeados est\u00e1 a primeira longa-metragem da realizadora portuguesa Laura Carreira, On Falling, na categoria Pr\u00e9mio Descoberta.<\/p>\n<p>On Falling \u00e9 uma produ\u00e7\u00e3o luso-brit\u00e2nica da BRO Cinema e da Sixteen Films. O filme acompanha Aurora, uma jovem portuguesa emigrada na Esc\u00f3cia, explorando precariedade laboral e solid\u00e3o, a partir de uma perspetiva intimista.<\/p>\n<p>Laura Carreira vive e trabalha no Reino Unido h\u00e1 mais de uma d\u00e9cada. Al\u00e9m de On Falling, \u00e9 autora de curtas-metragens como Red Hill (2018) e The Shift (2020). O filme j\u00e1 recebeu distin\u00e7\u00f5es anteriores em BAFTA Esc\u00f3cia.<\/p>\n<h3>Reconhecimentos e percurso<\/h3>\n<p>Em 2024, a realizadora venceu pr\u00e9mios de realiza\u00e7\u00e3o no festival de San Sebasti\u00e1n e o filme obteve o Pr\u00e9mio de Primeira Longa-Metragem no Festival de Cinema de Londres. Joana Santos, atriz de On Falling, foi premiada no Festival de Sal\u00f3nica.<\/p>\n<p>Entre os nomeados para os pr\u00e9mios da Academia destacam-se Tardes de Solid\u00e3o, de Albert Serra, coproduzido pela Rosa Filmes, em duas categorias, Filme Europeu e Document\u00e1rio Europeu. Sirat, de Oliver Laxe, e Valor Sentimental, de Joachim Trier, aparecem entre os favoritos.<\/p>\n<p>Para o pr\u00e9mio de Realizador Europeu concorrem nomes como Yorgos Lanthimos, Oliver Laxe, Mascha Schilinski, Joachim Trier e Jafar Panahi, ampliando o leque de potenciais vencedores. A cerim\u00f3nia decorre neste s\u00e1bado em Berlim.<\/p>\n<h3>Honras da academia<\/h3>\n<p>Este ano, a Academia Europeia de Cinema atribuiu um pr\u00e9mio de carreira \u00e0 atriz e realizadora Liv Ullmann, bem como uma distin\u00e7\u00e3o de reconhecimento \u00e0 realizadora italiana Alice Rohrwacher, refor\u00e7ando o leque de personalidades premiadas.<\/p>\n","protected":false},"excerpt":{"rendered":"<ul>\n<li>A Academia Europeia de Cinema atribui hoje os Pr\u00e9mios Anuais em Berlim, numa cerim\u00f3nia que distingue o cinema europeu.<\/li>\n<li>On Falling, a primeira longa-metragem da realizadora portuguesa Laura Carreira, est\u00e1 nomeada para o Pr\u00e9mio Descoberta.<\/li>\n<li>O filme, produzido em parceria luso-brit\u00e2nica pela BRO Cinema e pela Sixteen Films, acompanha Aurora, jovem portuguesa emigrada na Esc\u00f3cia, explorando precariedade laboral e solid\u00e3o. Joana Santos \u00e9 a atriz principal.<\/li>\n<li>Laura Carreira j\u00e1 recebeu distin\u00e7\u00f5es nos BAFTA da Esc\u00f3cia, venceu pr\u00e9mios no festival de San Sebasti\u00e1n e no Festival de Londres em 2024.<\/li>\n<li>Entre os nomeados est\u00e3o Tardes de Solid\u00e3o, de Albert Serra; e h\u00e1 candidatura ao Realizador Europeu (Lanthimos, Laxe, Schilinski, Trier e Panahi); a Academia atribuiu ainda pr\u00e9mios de carreira a Liv Ullmann e Alice Rohrwacher.<\/li>\n<\/ul>\n","protected":false},"author":2,"featured_media":147177,"comment_status":"closed","ping_status":"closed","sticky":false,"template":"","format":"standard","meta":{"footnotes":""},"categories":[1],"tags":[1158,112,2158,2487,1014,2111],"class_list":["post-147175","post","type-post","status-publish","format-standard","has-post-thumbnail","hentry","category-noticias","tag-berlim","tag-cinema","tag-coproducoes-internacionais","tag-europa","tag-portugal","tag-reino-unido"],"yoast_head":"<!-- This site is optimized with the Yoast SEO plugin v27.2 - https:\/\/yoast.com\/product\/yoast-seo-wordpress\/ -->\n<title>Academia Europeia de Cinema anuncia pr\u00e9mios; realizadora portuguesa filme nomeado - Portal Tela Portugal<\/title>\n<meta name=\"robots\" content=\"index, follow, max-snippet:-1, max-image-preview:large, max-video-preview:-1\" \/>\n<meta property=\"og:locale\" content=\"pt_PT\" \/>\n<meta property=\"og:type\" content=\"article\" \/>\n<meta property=\"og:title\" content=\"Academia Europeia de Cinema anuncia pr\u00e9mios; realizadora portuguesa filme nomeado - Portal Tela Portugal\" \/>\n<meta property=\"og:description\" content=\"A Academia Europeia de Cinema atribui hoje os Pr\u00e9mios Anuais em Berlim, numa cerim\u00f3nia que distingue o cinema europeu. On Falling, a primeira longa-metragem da realizadora portuguesa Laura Carreira, est\u00e1 nomeada para o Pr\u00e9mio Descoberta. O filme, produzido em parceria luso-brit\u00e2nica pela BRO Cinema e pela Sixteen Films, acompanha Aurora, jovem portuguesa emigrada na Esc\u00f3cia, explorando precariedade laboral e solid\u00e3o. Joana Santos \u00e9 a atriz principal. Laura Carreira j\u00e1 recebeu distin\u00e7\u00f5es nos BAFTA da Esc\u00f3cia, venceu pr\u00e9mios no festival de San Sebasti\u00e1n e no Festival de Londres em 2024. Entre os nomeados est\u00e3o Tardes de Solid\u00e3o, de Albert Serra; e h\u00e1 candidatura ao Realizador Europeu (Lanthimos, Laxe, Schilinski, Trier e Panahi); a Academia atribuiu ainda pr\u00e9mios de carreira a Liv Ullmann e Alice Rohrwacher.\" \/>\n<meta property=\"og:url\" content=\"https:\/\/portaltela.pt\/noticias\/2026\/01\/17\/academia-europeia-de-cinema-anuncia-premios-realizadora-portuguesa-filme-nomeado\/\" \/>\n<meta property=\"og:site_name\" content=\"Portal Tela Portugal\" \/>\n<meta property=\"article:published_time\" content=\"2026-01-17T07:47:05+00:00\" \/>\n<meta name=\"author\" content=\"Telinha\" \/>\n<meta name=\"twitter:card\" content=\"summary_large_image\" \/>\n<meta name=\"twitter:label1\" content=\"Escrito por\" \/>\n\t<meta name=\"twitter:data1\" content=\"Telinha\" \/>\n\t<meta name=\"twitter:label2\" content=\"Tempo estimado de leitura\" \/>\n\t<meta name=\"twitter:data2\" content=\"1 minuto\" \/>\n<script type=\"application\/ld+json\" class=\"yoast-schema-graph\">{\"@context\":\"https:\/\/schema.org\",\"@graph\":[{\"@type\":\"Article\",\"@id\":\"https:\/\/portaltela.pt\/noticias\/2026\/01\/17\/academia-europeia-de-cinema-anuncia-premios-realizadora-portuguesa-filme-nomeado\/#article\",\"isPartOf\":{\"@id\":\"https:\/\/portaltela.pt\/noticias\/2026\/01\/17\/academia-europeia-de-cinema-anuncia-premios-realizadora-portuguesa-filme-nomeado\/\"},\"author\":{\"name\":\"Telinha\",\"@id\":\"https:\/\/portaltela.pt\/#\/schema\/person\/c4278d4a6028830caff9ee44b42d32ed\"},\"headline\":\"Academia Europeia de Cinema anuncia pr\u00e9mios; realizadora portuguesa filme nomeado\",\"datePublished\":\"2026-01-17T07:47:05+00:00\",\"mainEntityOfPage\":{\"@id\":\"https:\/\/portaltela.pt\/noticias\/2026\/01\/17\/academia-europeia-de-cinema-anuncia-premios-realizadora-portuguesa-filme-nomeado\/\"},\"wordCount\":291,\"image\":{\"@id\":\"https:\/\/portaltela.pt\/noticias\/2026\/01\/17\/academia-europeia-de-cinema-anuncia-premios-realizadora-portuguesa-filme-nomeado\/#primaryimage\"},\"thumbnailUrl\":\"https:\/\/portaltela.pt\/s.01k8rhncp4jt1\/2026\/01\/img_1500x1000uu2026-01-17-07-46-04-2260760.jpg\",\"keywords\":[\"Berlim\",\"cinema\",\"coprodu\u00e7\u00f5es internacionais\",\"Europa\",\"Portugal\",\"Reino Unido\"],\"articleSection\":[\"Not\u00edcias\"],\"inLanguage\":\"pt-PT\"},{\"@type\":\"WebPage\",\"@id\":\"https:\/\/portaltela.pt\/noticias\/2026\/01\/17\/academia-europeia-de-cinema-anuncia-premios-realizadora-portuguesa-filme-nomeado\/\",\"url\":\"https:\/\/portaltela.pt\/noticias\/2026\/01\/17\/academia-europeia-de-cinema-anuncia-premios-realizadora-portuguesa-filme-nomeado\/\",\"name\":\"Academia Europeia de Cinema anuncia pr\u00e9mios; realizadora portuguesa filme nomeado - Portal Tela Portugal\",\"isPartOf\":{\"@id\":\"https:\/\/portaltela.pt\/#website\"},\"primaryImageOfPage\":{\"@id\":\"https:\/\/portaltela.pt\/noticias\/2026\/01\/17\/academia-europeia-de-cinema-anuncia-premios-realizadora-portuguesa-filme-nomeado\/#primaryimage\"},\"image\":{\"@id\":\"https:\/\/portaltela.pt\/noticias\/2026\/01\/17\/academia-europeia-de-cinema-anuncia-premios-realizadora-portuguesa-filme-nomeado\/#primaryimage\"},\"thumbnailUrl\":\"https:\/\/portaltela.pt\/s.01k8rhncp4jt1\/2026\/01\/img_1500x1000uu2026-01-17-07-46-04-2260760.jpg\",\"datePublished\":\"2026-01-17T07:47:05+00:00\",\"author\":{\"@id\":\"https:\/\/portaltela.pt\/#\/schema\/person\/c4278d4a6028830caff9ee44b42d32ed\"},\"breadcrumb\":{\"@id\":\"https:\/\/portaltela.pt\/noticias\/2026\/01\/17\/academia-europeia-de-cinema-anuncia-premios-realizadora-portuguesa-filme-nomeado\/#breadcrumb\"},\"inLanguage\":\"pt-PT\",\"potentialAction\":[{\"@type\":\"ReadAction\",\"target\":[\"https:\/\/portaltela.pt\/noticias\/2026\/01\/17\/academia-europeia-de-cinema-anuncia-premios-realizadora-portuguesa-filme-nomeado\/\"]}]},{\"@type\":\"ImageObject\",\"inLanguage\":\"pt-PT\",\"@id\":\"https:\/\/portaltela.pt\/noticias\/2026\/01\/17\/academia-europeia-de-cinema-anuncia-premios-realizadora-portuguesa-filme-nomeado\/#primaryimage\",\"url\":\"https:\/\/portaltela.pt\/s.01k8rhncp4jt1\/2026\/01\/img_1500x1000uu2026-01-17-07-46-04-2260760.jpg\",\"contentUrl\":\"https:\/\/portaltela.pt\/s.01k8rhncp4jt1\/2026\/01\/img_1500x1000uu2026-01-17-07-46-04-2260760.jpg\",\"width\":796,\"height\":448,\"caption\":\"\\\"On Falling\\\", primeira longa-metragem de Laura Carreira\"},{\"@type\":\"BreadcrumbList\",\"@id\":\"https:\/\/portaltela.pt\/noticias\/2026\/01\/17\/academia-europeia-de-cinema-anuncia-premios-realizadora-portuguesa-filme-nomeado\/#breadcrumb\",\"itemListElement\":[{\"@type\":\"ListItem\",\"position\":1,\"name\":\"In\u00edcio\",\"item\":\"https:\/\/portaltela.pt\/\"},{\"@type\":\"ListItem\",\"position\":2,\"name\":\"Academia Europeia de Cinema anuncia pr\u00e9mios; realizadora portuguesa filme nomeado\"}]},{\"@type\":\"WebSite\",\"@id\":\"https:\/\/portaltela.pt\/#website\",\"url\":\"https:\/\/portaltela.pt\/\",\"name\":\"Portal Tela Portugal\",\"description\":\"\",\"potentialAction\":[{\"@type\":\"SearchAction\",\"target\":{\"@type\":\"EntryPoint\",\"urlTemplate\":\"https:\/\/portaltela.pt\/?s={search_term_string}\"},\"query-input\":{\"@type\":\"PropertyValueSpecification\",\"valueRequired\":true,\"valueName\":\"search_term_string\"}}],\"inLanguage\":\"pt-PT\"},{\"@type\":\"Person\",\"@id\":\"https:\/\/portaltela.pt\/#\/schema\/person\/c4278d4a6028830caff9ee44b42d32ed\",\"name\":\"Telinha\",\"image\":{\"@type\":\"ImageObject\",\"inLanguage\":\"pt-PT\",\"@id\":\"https:\/\/portaltela.pt\/s.01k8rhncp4jt1\/2025\/11\/talking-bot-125x125.png\",\"url\":\"https:\/\/portaltela.pt\/s.01k8rhncp4jt1\/2025\/11\/talking-bot-125x125.png\",\"contentUrl\":\"https:\/\/portaltela.pt\/s.01k8rhncp4jt1\/2025\/11\/talking-bot-125x125.png\",\"caption\":\"Telinha\"},\"sameAs\":[\"https:\/\/portaltela.pt\/\"],\"url\":\"https:\/\/portaltela.pt\/por\/367410592786\/\"}]}<\/script>\n<!-- \/ Yoast SEO plugin. -->","yoast_head_json":{"title":"Academia Europeia de Cinema anuncia pr\u00e9mios; realizadora portuguesa filme nomeado - Portal Tela Portugal","robots":{"index":"index","follow":"follow","max-snippet":"max-snippet:-1","max-image-preview":"max-image-preview:large","max-video-preview":"max-video-preview:-1"},"og_locale":"pt_PT","og_type":"article","og_title":"Academia Europeia de Cinema anuncia pr\u00e9mios; realizadora portuguesa filme nomeado - Portal Tela Portugal","og_description":"A Academia Europeia de Cinema atribui hoje os Pr\u00e9mios Anuais em Berlim, numa cerim\u00f3nia que distingue o cinema europeu. On Falling, a primeira longa-metragem da realizadora portuguesa Laura Carreira, est\u00e1 nomeada para o Pr\u00e9mio Descoberta. O filme, produzido em parceria luso-brit\u00e2nica pela BRO Cinema e pela Sixteen Films, acompanha Aurora, jovem portuguesa emigrada na Esc\u00f3cia, explorando precariedade laboral e solid\u00e3o. Joana Santos \u00e9 a atriz principal. Laura Carreira j\u00e1 recebeu distin\u00e7\u00f5es nos BAFTA da Esc\u00f3cia, venceu pr\u00e9mios no festival de San Sebasti\u00e1n e no Festival de Londres em 2024. Entre os nomeados est\u00e3o Tardes de Solid\u00e3o, de Albert Serra; e h\u00e1 candidatura ao Realizador Europeu (Lanthimos, Laxe, Schilinski, Trier e Panahi); a Academia atribuiu ainda pr\u00e9mios de carreira a Liv Ullmann e Alice Rohrwacher.","og_url":"https:\/\/portaltela.pt\/noticias\/2026\/01\/17\/academia-europeia-de-cinema-anuncia-premios-realizadora-portuguesa-filme-nomeado\/","og_site_name":"Portal Tela Portugal","article_published_time":"2026-01-17T07:47:05+00:00","author":"Telinha","twitter_card":"summary_large_image","twitter_misc":{"Escrito por":"Telinha","Tempo estimado de leitura":"1 minuto"},"schema":{"@context":"https:\/\/schema.org","@graph":[{"@type":"Article","@id":"https:\/\/portaltela.pt\/noticias\/2026\/01\/17\/academia-europeia-de-cinema-anuncia-premios-realizadora-portuguesa-filme-nomeado\/#article","isPartOf":{"@id":"https:\/\/portaltela.pt\/noticias\/2026\/01\/17\/academia-europeia-de-cinema-anuncia-premios-realizadora-portuguesa-filme-nomeado\/"},"author":{"name":"Telinha","@id":"https:\/\/portaltela.pt\/#\/schema\/person\/c4278d4a6028830caff9ee44b42d32ed"},"headline":"Academia Europeia de Cinema anuncia pr\u00e9mios; realizadora portuguesa filme nomeado","datePublished":"2026-01-17T07:47:05+00:00","mainEntityOfPage":{"@id":"https:\/\/portaltela.pt\/noticias\/2026\/01\/17\/academia-europeia-de-cinema-anuncia-premios-realizadora-portuguesa-filme-nomeado\/"},"wordCount":291,"image":{"@id":"https:\/\/portaltela.pt\/noticias\/2026\/01\/17\/academia-europeia-de-cinema-anuncia-premios-realizadora-portuguesa-filme-nomeado\/#primaryimage"},"thumbnailUrl":"https:\/\/portaltela.pt\/s.01k8rhncp4jt1\/2026\/01\/img_1500x1000uu2026-01-17-07-46-04-2260760.jpg","keywords":["Berlim","cinema","coprodu\u00e7\u00f5es internacionais","Europa","Portugal","Reino Unido"],"articleSection":["Not\u00edcias"],"inLanguage":"pt-PT"},{"@type":"WebPage","@id":"https:\/\/portaltela.pt\/noticias\/2026\/01\/17\/academia-europeia-de-cinema-anuncia-premios-realizadora-portuguesa-filme-nomeado\/","url":"https:\/\/portaltela.pt\/noticias\/2026\/01\/17\/academia-europeia-de-cinema-anuncia-premios-realizadora-portuguesa-filme-nomeado\/","name":"Academia Europeia de Cinema anuncia pr\u00e9mios; realizadora portuguesa filme nomeado - Portal Tela Portugal","isPartOf":{"@id":"https:\/\/portaltela.pt\/#website"},"primaryImageOfPage":{"@id":"https:\/\/portaltela.pt\/noticias\/2026\/01\/17\/academia-europeia-de-cinema-anuncia-premios-realizadora-portuguesa-filme-nomeado\/#primaryimage"},"image":{"@id":"https:\/\/portaltela.pt\/noticias\/2026\/01\/17\/academia-europeia-de-cinema-anuncia-premios-realizadora-portuguesa-filme-nomeado\/#primaryimage"},"thumbnailUrl":"https:\/\/portaltela.pt\/s.01k8rhncp4jt1\/2026\/01\/img_1500x1000uu2026-01-17-07-46-04-2260760.jpg","datePublished":"2026-01-17T07:47:05+00:00","author":{"@id":"https:\/\/portaltela.pt\/#\/schema\/person\/c4278d4a6028830caff9ee44b42d32ed"},"breadcrumb":{"@id":"https:\/\/portaltela.pt\/noticias\/2026\/01\/17\/academia-europeia-de-cinema-anuncia-premios-realizadora-portuguesa-filme-nomeado\/#breadcrumb"},"inLanguage":"pt-PT","potentialAction":[{"@type":"ReadAction","target":["https:\/\/portaltela.pt\/noticias\/2026\/01\/17\/academia-europeia-de-cinema-anuncia-premios-realizadora-portuguesa-filme-nomeado\/"]}]},{"@type":"ImageObject","inLanguage":"pt-PT","@id":"https:\/\/portaltela.pt\/noticias\/2026\/01\/17\/academia-europeia-de-cinema-anuncia-premios-realizadora-portuguesa-filme-nomeado\/#primaryimage","url":"https:\/\/portaltela.pt\/s.01k8rhncp4jt1\/2026\/01\/img_1500x1000uu2026-01-17-07-46-04-2260760.jpg","contentUrl":"https:\/\/portaltela.pt\/s.01k8rhncp4jt1\/2026\/01\/img_1500x1000uu2026-01-17-07-46-04-2260760.jpg","width":796,"height":448,"caption":"\"On Falling\", primeira longa-metragem de Laura Carreira"},{"@type":"BreadcrumbList","@id":"https:\/\/portaltela.pt\/noticias\/2026\/01\/17\/academia-europeia-de-cinema-anuncia-premios-realizadora-portuguesa-filme-nomeado\/#breadcrumb","itemListElement":[{"@type":"ListItem","position":1,"name":"In\u00edcio","item":"https:\/\/portaltela.pt\/"},{"@type":"ListItem","position":2,"name":"Academia Europeia de Cinema anuncia pr\u00e9mios; realizadora portuguesa filme nomeado"}]},{"@type":"WebSite","@id":"https:\/\/portaltela.pt\/#website","url":"https:\/\/portaltela.pt\/","name":"Portal Tela Portugal","description":"","potentialAction":[{"@type":"SearchAction","target":{"@type":"EntryPoint","urlTemplate":"https:\/\/portaltela.pt\/?s={search_term_string}"},"query-input":{"@type":"PropertyValueSpecification","valueRequired":true,"valueName":"search_term_string"}}],"inLanguage":"pt-PT"},{"@type":"Person","@id":"https:\/\/portaltela.pt\/#\/schema\/person\/c4278d4a6028830caff9ee44b42d32ed","name":"Telinha","image":{"@type":"ImageObject","inLanguage":"pt-PT","@id":"https:\/\/portaltela.pt\/s.01k8rhncp4jt1\/2025\/11\/talking-bot-125x125.png","url":"https:\/\/portaltela.pt\/s.01k8rhncp4jt1\/2025\/11\/talking-bot-125x125.png","contentUrl":"https:\/\/portaltela.pt\/s.01k8rhncp4jt1\/2025\/11\/talking-bot-125x125.png","caption":"Telinha"},"sameAs":["https:\/\/portaltela.pt\/"],"url":"https:\/\/portaltela.pt\/por\/367410592786\/"}]}},"_links":{"self":[{"href":"https:\/\/portaltela.pt\/api\/wp\/v2\/posts\/147175","targetHints":{"allow":["GET"]}}],"collection":[{"href":"https:\/\/portaltela.pt\/api\/wp\/v2\/posts"}],"about":[{"href":"https:\/\/portaltela.pt\/api\/wp\/v2\/types\/post"}],"author":[{"embeddable":true,"href":"https:\/\/portaltela.pt\/api\/wp\/v2\/users\/2"}],"replies":[{"embeddable":true,"href":"https:\/\/portaltela.pt\/api\/wp\/v2\/comments?post=147175"}],"version-history":[{"count":0,"href":"https:\/\/portaltela.pt\/api\/wp\/v2\/posts\/147175\/revisions"}],"wp:featuredmedia":[{"embeddable":true,"href":"https:\/\/portaltela.pt\/api\/wp\/v2\/media\/147177"}],"wp:attachment":[{"href":"https:\/\/portaltela.pt\/api\/wp\/v2\/media?parent=147175"}],"wp:term":[{"taxonomy":"category","embeddable":true,"href":"https:\/\/portaltela.pt\/api\/wp\/v2\/categories?post=147175"},{"taxonomy":"post_tag","embeddable":true,"href":"https:\/\/portaltela.pt\/api\/wp\/v2\/tags?post=147175"}],"curies":[{"name":"wp","href":"https:\/\/api.w.org\/{rel}","templated":true}]}}