{"id":146983,"date":"2026-01-16T22:30:00","date_gmt":"2026-01-17T01:30:00","guid":{"rendered":"https:\/\/portaltela.pt\/noticias\/2026\/01\/16\/precos-dos-combustiveis-devem-subir-na-proxima-semana\/"},"modified":"2026-01-16T22:30:00","modified_gmt":"2026-01-17T01:30:00","slug":"precos-dos-combustiveis-devem-subir-na-proxima-semana","status":"publish","type":"post","link":"https:\/\/portaltela.pt\/noticias\/2026\/01\/16\/precos-dos-combustiveis-devem-subir-na-proxima-semana\/","title":{"rendered":"Pre\u00e7os dos combust\u00edveis devem subir na pr\u00f3xima semana"},"content":{"rendered":"<p>O gas\u00f3leo simples na bomba dever\u00e1 chegar aos 1,56 euros por litro a partir de segunda-feira, com uma subida de 2,5 c\u00eantimos. A gasolina simples 95 dever\u00e1 situar-se nos 1,667 euros por litro, com um aumento de 1 c\u00eantimo. Os reajustes devem entrar em vigor na pr\u00f3xima semana.<\/p>\n<p>As altera\u00e7\u00f5es refletem ajustes de pre\u00e7o de refer\u00eancia praticados no mercado, segundo informa\u00e7\u00f5es ainda n\u00e3o detalhadas pelas entidades respons\u00e1veis. O objetivo \u00e9 atualizar os valores de venda aos consumidores.<\/p>\n<p>A subida apurada traduz-se em incrementos relativamente modestos para o conjunto de combust\u00edveis. N\u00e3o obstante, a imprensa depende de confirma\u00e7\u00e3o oficial para confirmar se haver\u00e1 altera\u00e7\u00f5es adicionais ao longo da semana.<\/p>\n","protected":false},"excerpt":{"rendered":"<ul>\n<li>O gas\u00f3leo simples dever\u00e1 rondar 1,56 euros por litro, com subida de dois c\u00eantimos e meio a partir de segunda-feira.<\/li>\n<li>A gasolina simples 95 dever\u00e1 rondar 1,667 euros por litro, com aumento de um c\u00eantimo a partir de segunda-feira.<\/li>\n<\/ul>\n","protected":false},"author":2,"featured_media":146986,"comment_status":"closed","ping_status":"closed","sticky":false,"template":"","format":"standard","meta":{"footnotes":""},"categories":[1],"tags":[2421,174,1689,2722,1690],"class_list":["post-146983","post","type-post","status-publish","format-standard","has-post-thumbnail","hentry","category-noticias","tag-abastecimentos","tag-energia","tag-gasoleo-colorido","tag-gasoleo-colorido-e-marcado","tag-gasoleo-rodoviario"],"yoast_head":"<!-- This site is optimized with the Yoast SEO plugin v27.2 - https:\/\/yoast.com\/product\/yoast-seo-wordpress\/ -->\n<title>Pre\u00e7os dos combust\u00edveis devem subir na pr\u00f3xima semana - Portal Tela Portugal<\/title>\n<meta name=\"robots\" content=\"index, follow, max-snippet:-1, max-image-preview:large, max-video-preview:-1\" \/>\n<meta property=\"og:locale\" content=\"pt_PT\" \/>\n<meta property=\"og:type\" content=\"article\" \/>\n<meta property=\"og:title\" content=\"Pre\u00e7os dos combust\u00edveis devem subir na pr\u00f3xima semana - Portal Tela Portugal\" \/>\n<meta property=\"og:description\" content=\"O gas\u00f3leo simples dever\u00e1 rondar 1,56 euros por litro, com subida de dois c\u00eantimos e meio a partir de segunda-feira. A gasolina simples 95 dever\u00e1 rondar 1,667 euros por litro, com aumento de um c\u00eantimo a partir de segunda-feira.\" \/>\n<meta property=\"og:url\" content=\"https:\/\/portaltela.pt\/noticias\/2026\/01\/16\/precos-dos-combustiveis-devem-subir-na-proxima-semana\/\" \/>\n<meta property=\"og:site_name\" content=\"Portal Tela Portugal\" \/>\n<meta property=\"article:published_time\" content=\"2026-01-17T01:30:00+00:00\" \/>\n<meta name=\"author\" content=\"Telinha\" \/>\n<meta name=\"twitter:card\" content=\"summary_large_image\" \/>\n<meta name=\"twitter:label1\" content=\"Escrito por\" \/>\n\t<meta name=\"twitter:data1\" content=\"Telinha\" \/>\n\t<meta name=\"twitter:label2\" content=\"Tempo estimado de leitura\" \/>\n\t<meta name=\"twitter:data2\" content=\"1 minuto\" \/>\n<script type=\"application\/ld+json\" class=\"yoast-schema-graph\">{\"@context\":\"https:\/\/schema.org\",\"@graph\":[{\"@type\":\"Article\",\"@id\":\"https:\/\/portaltela.pt\/noticias\/2026\/01\/16\/precos-dos-combustiveis-devem-subir-na-proxima-semana\/#article\",\"isPartOf\":{\"@id\":\"https:\/\/portaltela.pt\/noticias\/2026\/01\/16\/precos-dos-combustiveis-devem-subir-na-proxima-semana\/\"},\"author\":{\"name\":\"Telinha\",\"@id\":\"https:\/\/portaltela.pt\/#\/schema\/person\/c4278d4a6028830caff9ee44b42d32ed\"},\"headline\":\"Pre\u00e7os dos combust\u00edveis devem subir na pr\u00f3xima semana\",\"datePublished\":\"2026-01-17T01:30:00+00:00\",\"mainEntityOfPage\":{\"@id\":\"https:\/\/portaltela.pt\/noticias\/2026\/01\/16\/precos-dos-combustiveis-devem-subir-na-proxima-semana\/\"},\"wordCount\":127,\"image\":{\"@id\":\"https:\/\/portaltela.pt\/noticias\/2026\/01\/16\/precos-dos-combustiveis-devem-subir-na-proxima-semana\/#primaryimage\"},\"thumbnailUrl\":\"https:\/\/portaltela.pt\/s.01k8rhncp4jt1\/2026\/01\/img_1500x1000uu2025-11-28-22-14-18-2251295-1.jpg\",\"keywords\":[\"abastecimentos\",\"energia\",\"gas\u00f3leo colorido\",\"Gas\u00f3leo colorido e marcado\",\"Gas\u00f3leo rodovi\u00e1rio\"],\"articleSection\":[\"Not\u00edcias\"],\"inLanguage\":\"pt-PT\"},{\"@type\":\"WebPage\",\"@id\":\"https:\/\/portaltela.pt\/noticias\/2026\/01\/16\/precos-dos-combustiveis-devem-subir-na-proxima-semana\/\",\"url\":\"https:\/\/portaltela.pt\/noticias\/2026\/01\/16\/precos-dos-combustiveis-devem-subir-na-proxima-semana\/\",\"name\":\"Pre\u00e7os dos combust\u00edveis devem subir na pr\u00f3xima semana - Portal Tela Portugal\",\"isPartOf\":{\"@id\":\"https:\/\/portaltela.pt\/#website\"},\"primaryImageOfPage\":{\"@id\":\"https:\/\/portaltela.pt\/noticias\/2026\/01\/16\/precos-dos-combustiveis-devem-subir-na-proxima-semana\/#primaryimage\"},\"image\":{\"@id\":\"https:\/\/portaltela.pt\/noticias\/2026\/01\/16\/precos-dos-combustiveis-devem-subir-na-proxima-semana\/#primaryimage\"},\"thumbnailUrl\":\"https:\/\/portaltela.pt\/s.01k8rhncp4jt1\/2026\/01\/img_1500x1000uu2025-11-28-22-14-18-2251295-1.jpg\",\"datePublished\":\"2026-01-17T01:30:00+00:00\",\"author\":{\"@id\":\"https:\/\/portaltela.pt\/#\/schema\/person\/c4278d4a6028830caff9ee44b42d32ed\"},\"breadcrumb\":{\"@id\":\"https:\/\/portaltela.pt\/noticias\/2026\/01\/16\/precos-dos-combustiveis-devem-subir-na-proxima-semana\/#breadcrumb\"},\"inLanguage\":\"pt-PT\",\"potentialAction\":[{\"@type\":\"ReadAction\",\"target\":[\"https:\/\/portaltela.pt\/noticias\/2026\/01\/16\/precos-dos-combustiveis-devem-subir-na-proxima-semana\/\"]}]},{\"@type\":\"ImageObject\",\"inLanguage\":\"pt-PT\",\"@id\":\"https:\/\/portaltela.pt\/noticias\/2026\/01\/16\/precos-dos-combustiveis-devem-subir-na-proxima-semana\/#primaryimage\",\"url\":\"https:\/\/portaltela.pt\/s.01k8rhncp4jt1\/2026\/01\/img_1500x1000uu2025-11-28-22-14-18-2251295-1.jpg\",\"contentUrl\":\"https:\/\/portaltela.pt\/s.01k8rhncp4jt1\/2026\/01\/img_1500x1000uu2025-11-28-22-14-18-2251295-1.jpg\",\"width\":796,\"height\":448,\"caption\":\"Combust\u00edveis\"},{\"@type\":\"BreadcrumbList\",\"@id\":\"https:\/\/portaltela.pt\/noticias\/2026\/01\/16\/precos-dos-combustiveis-devem-subir-na-proxima-semana\/#breadcrumb\",\"itemListElement\":[{\"@type\":\"ListItem\",\"position\":1,\"name\":\"In\u00edcio\",\"item\":\"https:\/\/portaltela.pt\/\"},{\"@type\":\"ListItem\",\"position\":2,\"name\":\"Pre\u00e7os dos combust\u00edveis devem subir na pr\u00f3xima semana\"}]},{\"@type\":\"WebSite\",\"@id\":\"https:\/\/portaltela.pt\/#website\",\"url\":\"https:\/\/portaltela.pt\/\",\"name\":\"Portal Tela Portugal\",\"description\":\"\",\"potentialAction\":[{\"@type\":\"SearchAction\",\"target\":{\"@type\":\"EntryPoint\",\"urlTemplate\":\"https:\/\/portaltela.pt\/?s={search_term_string}\"},\"query-input\":{\"@type\":\"PropertyValueSpecification\",\"valueRequired\":true,\"valueName\":\"search_term_string\"}}],\"inLanguage\":\"pt-PT\"},{\"@type\":\"Person\",\"@id\":\"https:\/\/portaltela.pt\/#\/schema\/person\/c4278d4a6028830caff9ee44b42d32ed\",\"name\":\"Telinha\",\"image\":{\"@type\":\"ImageObject\",\"inLanguage\":\"pt-PT\",\"@id\":\"https:\/\/portaltela.pt\/s.01k8rhncp4jt1\/2025\/11\/talking-bot-125x125.png\",\"url\":\"https:\/\/portaltela.pt\/s.01k8rhncp4jt1\/2025\/11\/talking-bot-125x125.png\",\"contentUrl\":\"https:\/\/portaltela.pt\/s.01k8rhncp4jt1\/2025\/11\/talking-bot-125x125.png\",\"caption\":\"Telinha\"},\"sameAs\":[\"https:\/\/portaltela.pt\/\"],\"url\":\"https:\/\/portaltela.pt\/por\/367410592786\/\"}]}<\/script>\n<!-- \/ Yoast SEO plugin. -->","yoast_head_json":{"title":"Pre\u00e7os dos combust\u00edveis devem subir na pr\u00f3xima semana - Portal Tela Portugal","robots":{"index":"index","follow":"follow","max-snippet":"max-snippet:-1","max-image-preview":"max-image-preview:large","max-video-preview":"max-video-preview:-1"},"og_locale":"pt_PT","og_type":"article","og_title":"Pre\u00e7os dos combust\u00edveis devem subir na pr\u00f3xima semana - Portal Tela Portugal","og_description":"O gas\u00f3leo simples dever\u00e1 rondar 1,56 euros por litro, com subida de dois c\u00eantimos e meio a partir de segunda-feira. A gasolina simples 95 dever\u00e1 rondar 1,667 euros por litro, com aumento de um c\u00eantimo a partir de segunda-feira.","og_url":"https:\/\/portaltela.pt\/noticias\/2026\/01\/16\/precos-dos-combustiveis-devem-subir-na-proxima-semana\/","og_site_name":"Portal Tela Portugal","article_published_time":"2026-01-17T01:30:00+00:00","author":"Telinha","twitter_card":"summary_large_image","twitter_misc":{"Escrito por":"Telinha","Tempo estimado de leitura":"1 minuto"},"schema":{"@context":"https:\/\/schema.org","@graph":[{"@type":"Article","@id":"https:\/\/portaltela.pt\/noticias\/2026\/01\/16\/precos-dos-combustiveis-devem-subir-na-proxima-semana\/#article","isPartOf":{"@id":"https:\/\/portaltela.pt\/noticias\/2026\/01\/16\/precos-dos-combustiveis-devem-subir-na-proxima-semana\/"},"author":{"name":"Telinha","@id":"https:\/\/portaltela.pt\/#\/schema\/person\/c4278d4a6028830caff9ee44b42d32ed"},"headline":"Pre\u00e7os dos combust\u00edveis devem subir na pr\u00f3xima semana","datePublished":"2026-01-17T01:30:00+00:00","mainEntityOfPage":{"@id":"https:\/\/portaltela.pt\/noticias\/2026\/01\/16\/precos-dos-combustiveis-devem-subir-na-proxima-semana\/"},"wordCount":127,"image":{"@id":"https:\/\/portaltela.pt\/noticias\/2026\/01\/16\/precos-dos-combustiveis-devem-subir-na-proxima-semana\/#primaryimage"},"thumbnailUrl":"https:\/\/portaltela.pt\/s.01k8rhncp4jt1\/2026\/01\/img_1500x1000uu2025-11-28-22-14-18-2251295-1.jpg","keywords":["abastecimentos","energia","gas\u00f3leo colorido","Gas\u00f3leo colorido e marcado","Gas\u00f3leo rodovi\u00e1rio"],"articleSection":["Not\u00edcias"],"inLanguage":"pt-PT"},{"@type":"WebPage","@id":"https:\/\/portaltela.pt\/noticias\/2026\/01\/16\/precos-dos-combustiveis-devem-subir-na-proxima-semana\/","url":"https:\/\/portaltela.pt\/noticias\/2026\/01\/16\/precos-dos-combustiveis-devem-subir-na-proxima-semana\/","name":"Pre\u00e7os dos combust\u00edveis devem subir na pr\u00f3xima semana - Portal Tela Portugal","isPartOf":{"@id":"https:\/\/portaltela.pt\/#website"},"primaryImageOfPage":{"@id":"https:\/\/portaltela.pt\/noticias\/2026\/01\/16\/precos-dos-combustiveis-devem-subir-na-proxima-semana\/#primaryimage"},"image":{"@id":"https:\/\/portaltela.pt\/noticias\/2026\/01\/16\/precos-dos-combustiveis-devem-subir-na-proxima-semana\/#primaryimage"},"thumbnailUrl":"https:\/\/portaltela.pt\/s.01k8rhncp4jt1\/2026\/01\/img_1500x1000uu2025-11-28-22-14-18-2251295-1.jpg","datePublished":"2026-01-17T01:30:00+00:00","author":{"@id":"https:\/\/portaltela.pt\/#\/schema\/person\/c4278d4a6028830caff9ee44b42d32ed"},"breadcrumb":{"@id":"https:\/\/portaltela.pt\/noticias\/2026\/01\/16\/precos-dos-combustiveis-devem-subir-na-proxima-semana\/#breadcrumb"},"inLanguage":"pt-PT","potentialAction":[{"@type":"ReadAction","target":["https:\/\/portaltela.pt\/noticias\/2026\/01\/16\/precos-dos-combustiveis-devem-subir-na-proxima-semana\/"]}]},{"@type":"ImageObject","inLanguage":"pt-PT","@id":"https:\/\/portaltela.pt\/noticias\/2026\/01\/16\/precos-dos-combustiveis-devem-subir-na-proxima-semana\/#primaryimage","url":"https:\/\/portaltela.pt\/s.01k8rhncp4jt1\/2026\/01\/img_1500x1000uu2025-11-28-22-14-18-2251295-1.jpg","contentUrl":"https:\/\/portaltela.pt\/s.01k8rhncp4jt1\/2026\/01\/img_1500x1000uu2025-11-28-22-14-18-2251295-1.jpg","width":796,"height":448,"caption":"Combust\u00edveis"},{"@type":"BreadcrumbList","@id":"https:\/\/portaltela.pt\/noticias\/2026\/01\/16\/precos-dos-combustiveis-devem-subir-na-proxima-semana\/#breadcrumb","itemListElement":[{"@type":"ListItem","position":1,"name":"In\u00edcio","item":"https:\/\/portaltela.pt\/"},{"@type":"ListItem","position":2,"name":"Pre\u00e7os dos combust\u00edveis devem subir na pr\u00f3xima semana"}]},{"@type":"WebSite","@id":"https:\/\/portaltela.pt\/#website","url":"https:\/\/portaltela.pt\/","name":"Portal Tela Portugal","description":"","potentialAction":[{"@type":"SearchAction","target":{"@type":"EntryPoint","urlTemplate":"https:\/\/portaltela.pt\/?s={search_term_string}"},"query-input":{"@type":"PropertyValueSpecification","valueRequired":true,"valueName":"search_term_string"}}],"inLanguage":"pt-PT"},{"@type":"Person","@id":"https:\/\/portaltela.pt\/#\/schema\/person\/c4278d4a6028830caff9ee44b42d32ed","name":"Telinha","image":{"@type":"ImageObject","inLanguage":"pt-PT","@id":"https:\/\/portaltela.pt\/s.01k8rhncp4jt1\/2025\/11\/talking-bot-125x125.png","url":"https:\/\/portaltela.pt\/s.01k8rhncp4jt1\/2025\/11\/talking-bot-125x125.png","contentUrl":"https:\/\/portaltela.pt\/s.01k8rhncp4jt1\/2025\/11\/talking-bot-125x125.png","caption":"Telinha"},"sameAs":["https:\/\/portaltela.pt\/"],"url":"https:\/\/portaltela.pt\/por\/367410592786\/"}]}},"_links":{"self":[{"href":"https:\/\/portaltela.pt\/api\/wp\/v2\/posts\/146983","targetHints":{"allow":["GET"]}}],"collection":[{"href":"https:\/\/portaltela.pt\/api\/wp\/v2\/posts"}],"about":[{"href":"https:\/\/portaltela.pt\/api\/wp\/v2\/types\/post"}],"author":[{"embeddable":true,"href":"https:\/\/portaltela.pt\/api\/wp\/v2\/users\/2"}],"replies":[{"embeddable":true,"href":"https:\/\/portaltela.pt\/api\/wp\/v2\/comments?post=146983"}],"version-history":[{"count":0,"href":"https:\/\/portaltela.pt\/api\/wp\/v2\/posts\/146983\/revisions"}],"wp:featuredmedia":[{"embeddable":true,"href":"https:\/\/portaltela.pt\/api\/wp\/v2\/media\/146986"}],"wp:attachment":[{"href":"https:\/\/portaltela.pt\/api\/wp\/v2\/media?parent=146983"}],"wp:term":[{"taxonomy":"category","embeddable":true,"href":"https:\/\/portaltela.pt\/api\/wp\/v2\/categories?post=146983"},{"taxonomy":"post_tag","embeddable":true,"href":"https:\/\/portaltela.pt\/api\/wp\/v2\/tags?post=146983"}],"curies":[{"name":"wp","href":"https:\/\/api.w.org\/{rel}","templated":true}]}}