{"id":146887,"date":"2026-01-16T20:52:00","date_gmt":"2026-01-16T23:52:00","guid":{"rendered":"https:\/\/portaltela.pt\/noticias\/2026\/01\/16\/caso-intitulado-ridiculo-desperta-reacao-publica\/"},"modified":"2026-01-16T20:52:00","modified_gmt":"2026-01-16T23:52:00","slug":"caso-intitulado-ridiculo-desperta-reacao-publica","status":"publish","type":"post","link":"https:\/\/portaltela.pt\/noticias\/politica\/2026\/01\/16\/caso-intitulado-ridiculo-desperta-reacao-publica\/","title":{"rendered":"Caso intitulado &#8216;rid\u00edculo&#8217; desperta rea\u00e7\u00e3o p\u00fablica"},"content":{"rendered":"<p>O epis\u00f3dio descrito envolve uma troca de pr\u00e9mio num contexto pol\u00edtico, com alega\u00e7\u00f5es de que algu\u00e9m tentou manter ou obter vantagem mediante a atribui\u00e7\u00e3o da ta\u00e7a\/medalha. A narrativa sugere que quem pretendia a ta\u00e7a n\u00e3o deveria t\u00ea-la recebido, mas acabou por faz\u00ea-lo, gerando controv\u00e9rsia entre as partes.<\/p>\n<p>Segundo o relato, o objeto em causa foi entregue a uma outra pessoa, associada a interesses pol\u00edticos. H\u00e1 men\u00e7\u00e3o de uma figura que almeja a presid\u00eancia da Venezuela, e de uma pessoa identificada como tendo liga\u00e7\u00e3o a posi\u00e7\u00f5es comunistas e a recursos petrol\u00edferos. A descri\u00e7\u00e3o envolve despropor\u00e7\u00f5es e interpreta\u00e7\u00f5es sobre m\u00e9rito e poder.<\/p>\n<p>O texto menciona ainda refer\u00eancias a normas e perce\u00e7\u00f5es internacionais, associadas a um suposto distanciamento entre regras tradicionais e o comportamento observado. Tamb\u00e9m circula a ideia de uma liga\u00e7\u00e3o entre o epis\u00f3dio e figuras ou institui\u00e7\u00f5es da arena Nobel, com insinua\u00e7\u00f5es sobre reconhecimento ou premia\u00e7\u00e3o.<\/p>\n","protected":false},"excerpt":{"rendered":"<ul>\n<li>O texto descreve uma troca de uma ta\u00e7a, apresentada como medalha, ligada a uma disputa pela presid\u00eancia da Venezuela.<\/li>\n<li>A medalha foi oferecida a uma pessoa e, segundo o texto, acabou sendo oferecida a outra, associada a uma posi\u00e7\u00e3o pol\u00edtica espec\u00edfica.<\/li>\n<li>A pessoa descrita como \u201ccomunista\u201d \u00e9 mencionada como possuidora de petr\u00f3leo, contrastando com a outra com uma medalha.<\/li>\n<li>O texto comenta de forma cr\u00edtica as a\u00e7\u00f5es e refer\u00eancias a regras americanas, terminando com uma refer\u00eancia ao Pr\u00e9mio Nobel.<\/li>\n<li>O autor sugere, de forma sat\u00edrica, que, se estivesse em Oslo, premiaria com um mimo.<\/li>\n<\/ul>\n","protected":false},"author":2,"featured_media":146890,"comment_status":"closed","ping_status":"closed","sticky":false,"template":"","format":"standard","meta":{"footnotes":""},"categories":[1,5],"tags":[81,120,2832,30,2175,2758],"class_list":["post-146887","post","type-post","status-publish","format-standard","has-post-thumbnail","hentry","category-noticias","category-politica","tag-internacionais","tag-medalhas","tag-politica","tag-presidente","tag-reconhecimentos-internacionais","tag-venezuela"],"yoast_head":"<!-- This site is optimized with the Yoast SEO plugin v27.2 - https:\/\/yoast.com\/product\/yoast-seo-wordpress\/ -->\n<title>Caso intitulado &#039;rid\u00edculo&#039; desperta rea\u00e7\u00e3o p\u00fablica - Portal Tela Portugal<\/title>\n<meta name=\"robots\" content=\"index, follow, max-snippet:-1, max-image-preview:large, max-video-preview:-1\" \/>\n<meta property=\"og:locale\" content=\"pt_PT\" \/>\n<meta property=\"og:type\" content=\"article\" \/>\n<meta property=\"og:title\" content=\"Caso intitulado &#039;rid\u00edculo&#039; desperta rea\u00e7\u00e3o p\u00fablica - Portal Tela Portugal\" \/>\n<meta property=\"og:description\" content=\"O texto descreve uma troca de uma ta\u00e7a, apresentada como medalha, ligada a uma disputa pela presid\u00eancia da Venezuela. A medalha foi oferecida a uma pessoa e, segundo o texto, acabou sendo oferecida a outra, associada a uma posi\u00e7\u00e3o pol\u00edtica espec\u00edfica. A pessoa descrita como \u201ccomunista\u201d \u00e9 mencionada como possuidora de petr\u00f3leo, contrastando com a outra com uma medalha. O texto comenta de forma cr\u00edtica as a\u00e7\u00f5es e refer\u00eancias a regras americanas, terminando com uma refer\u00eancia ao Pr\u00e9mio Nobel. O autor sugere, de forma sat\u00edrica, que, se estivesse em Oslo, premiaria com um mimo.\" \/>\n<meta property=\"og:url\" content=\"https:\/\/portaltela.pt\/noticias\/2026\/01\/16\/caso-intitulado-ridiculo-desperta-reacao-publica\/\" \/>\n<meta property=\"og:site_name\" content=\"Portal Tela Portugal\" \/>\n<meta property=\"article:published_time\" content=\"2026-01-16T23:52:00+00:00\" \/>\n<meta name=\"author\" content=\"Telinha\" \/>\n<meta name=\"twitter:card\" content=\"summary_large_image\" \/>\n<meta name=\"twitter:label1\" content=\"Escrito por\" \/>\n\t<meta name=\"twitter:data1\" content=\"Telinha\" \/>\n\t<meta name=\"twitter:label2\" content=\"Tempo estimado de leitura\" \/>\n\t<meta name=\"twitter:data2\" content=\"1 minuto\" \/>\n<script type=\"application\/ld+json\" class=\"yoast-schema-graph\">{\"@context\":\"https:\/\/schema.org\",\"@graph\":[{\"@type\":\"Article\",\"@id\":\"https:\/\/portaltela.pt\/noticias\/2026\/01\/16\/caso-intitulado-ridiculo-desperta-reacao-publica\/#article\",\"isPartOf\":{\"@id\":\"https:\/\/portaltela.pt\/noticias\/2026\/01\/16\/caso-intitulado-ridiculo-desperta-reacao-publica\/\"},\"author\":{\"name\":\"Telinha\",\"@id\":\"https:\/\/portaltela.pt\/#\/schema\/person\/c4278d4a6028830caff9ee44b42d32ed\"},\"headline\":\"Caso intitulado &#8216;rid\u00edculo&#8217; desperta rea\u00e7\u00e3o p\u00fablica\",\"datePublished\":\"2026-01-16T23:52:00+00:00\",\"mainEntityOfPage\":{\"@id\":\"https:\/\/portaltela.pt\/noticias\/2026\/01\/16\/caso-intitulado-ridiculo-desperta-reacao-publica\/\"},\"wordCount\":185,\"image\":{\"@id\":\"https:\/\/portaltela.pt\/noticias\/2026\/01\/16\/caso-intitulado-ridiculo-desperta-reacao-publica\/#primaryimage\"},\"thumbnailUrl\":\"https:\/\/portaltela.pt\/s.01k8rhncp4jt1\/2026\/01\/image-1001.jpg\",\"keywords\":[\"internacionais\",\"medalhas\",\"pol\u00edtica\",\"presidente\",\"reconhecimentos internacionais\",\"Venezuela\"],\"articleSection\":[\"Not\u00edcias\",\"Pol\u00edtica\"],\"inLanguage\":\"pt-PT\"},{\"@type\":\"WebPage\",\"@id\":\"https:\/\/portaltela.pt\/noticias\/2026\/01\/16\/caso-intitulado-ridiculo-desperta-reacao-publica\/\",\"url\":\"https:\/\/portaltela.pt\/noticias\/2026\/01\/16\/caso-intitulado-ridiculo-desperta-reacao-publica\/\",\"name\":\"Caso intitulado 'rid\u00edculo' desperta rea\u00e7\u00e3o p\u00fablica - Portal Tela Portugal\",\"isPartOf\":{\"@id\":\"https:\/\/portaltela.pt\/#website\"},\"primaryImageOfPage\":{\"@id\":\"https:\/\/portaltela.pt\/noticias\/2026\/01\/16\/caso-intitulado-ridiculo-desperta-reacao-publica\/#primaryimage\"},\"image\":{\"@id\":\"https:\/\/portaltela.pt\/noticias\/2026\/01\/16\/caso-intitulado-ridiculo-desperta-reacao-publica\/#primaryimage\"},\"thumbnailUrl\":\"https:\/\/portaltela.pt\/s.01k8rhncp4jt1\/2026\/01\/image-1001.jpg\",\"datePublished\":\"2026-01-16T23:52:00+00:00\",\"author\":{\"@id\":\"https:\/\/portaltela.pt\/#\/schema\/person\/c4278d4a6028830caff9ee44b42d32ed\"},\"breadcrumb\":{\"@id\":\"https:\/\/portaltela.pt\/noticias\/2026\/01\/16\/caso-intitulado-ridiculo-desperta-reacao-publica\/#breadcrumb\"},\"inLanguage\":\"pt-PT\",\"potentialAction\":[{\"@type\":\"ReadAction\",\"target\":[\"https:\/\/portaltela.pt\/noticias\/2026\/01\/16\/caso-intitulado-ridiculo-desperta-reacao-publica\/\"]}]},{\"@type\":\"ImageObject\",\"inLanguage\":\"pt-PT\",\"@id\":\"https:\/\/portaltela.pt\/noticias\/2026\/01\/16\/caso-intitulado-ridiculo-desperta-reacao-publica\/#primaryimage\",\"url\":\"https:\/\/portaltela.pt\/s.01k8rhncp4jt1\/2026\/01\/image-1001.jpg\",\"contentUrl\":\"https:\/\/portaltela.pt\/s.01k8rhncp4jt1\/2026\/01\/image-1001.jpg\",\"width\":796,\"height\":448,\"caption\":\"Imagem de contexto do artigo #rid\u00edculo\"},{\"@type\":\"BreadcrumbList\",\"@id\":\"https:\/\/portaltela.pt\/noticias\/2026\/01\/16\/caso-intitulado-ridiculo-desperta-reacao-publica\/#breadcrumb\",\"itemListElement\":[{\"@type\":\"ListItem\",\"position\":1,\"name\":\"In\u00edcio\",\"item\":\"https:\/\/portaltela.pt\/\"},{\"@type\":\"ListItem\",\"position\":2,\"name\":\"Caso intitulado &#8216;rid\u00edculo&#8217; desperta rea\u00e7\u00e3o p\u00fablica\"}]},{\"@type\":\"WebSite\",\"@id\":\"https:\/\/portaltela.pt\/#website\",\"url\":\"https:\/\/portaltela.pt\/\",\"name\":\"Portal Tela Portugal\",\"description\":\"\",\"potentialAction\":[{\"@type\":\"SearchAction\",\"target\":{\"@type\":\"EntryPoint\",\"urlTemplate\":\"https:\/\/portaltela.pt\/?s={search_term_string}\"},\"query-input\":{\"@type\":\"PropertyValueSpecification\",\"valueRequired\":true,\"valueName\":\"search_term_string\"}}],\"inLanguage\":\"pt-PT\"},{\"@type\":\"Person\",\"@id\":\"https:\/\/portaltela.pt\/#\/schema\/person\/c4278d4a6028830caff9ee44b42d32ed\",\"name\":\"Telinha\",\"image\":{\"@type\":\"ImageObject\",\"inLanguage\":\"pt-PT\",\"@id\":\"https:\/\/portaltela.pt\/s.01k8rhncp4jt1\/2025\/11\/talking-bot-125x125.png\",\"url\":\"https:\/\/portaltela.pt\/s.01k8rhncp4jt1\/2025\/11\/talking-bot-125x125.png\",\"contentUrl\":\"https:\/\/portaltela.pt\/s.01k8rhncp4jt1\/2025\/11\/talking-bot-125x125.png\",\"caption\":\"Telinha\"},\"sameAs\":[\"https:\/\/portaltela.pt\/\"],\"url\":\"https:\/\/portaltela.pt\/por\/367410592786\/\"}]}<\/script>\n<!-- \/ Yoast SEO plugin. -->","yoast_head_json":{"title":"Caso intitulado 'rid\u00edculo' desperta rea\u00e7\u00e3o p\u00fablica - Portal Tela Portugal","robots":{"index":"index","follow":"follow","max-snippet":"max-snippet:-1","max-image-preview":"max-image-preview:large","max-video-preview":"max-video-preview:-1"},"og_locale":"pt_PT","og_type":"article","og_title":"Caso intitulado 'rid\u00edculo' desperta rea\u00e7\u00e3o p\u00fablica - Portal Tela Portugal","og_description":"O texto descreve uma troca de uma ta\u00e7a, apresentada como medalha, ligada a uma disputa pela presid\u00eancia da Venezuela. A medalha foi oferecida a uma pessoa e, segundo o texto, acabou sendo oferecida a outra, associada a uma posi\u00e7\u00e3o pol\u00edtica espec\u00edfica. A pessoa descrita como \u201ccomunista\u201d \u00e9 mencionada como possuidora de petr\u00f3leo, contrastando com a outra com uma medalha. O texto comenta de forma cr\u00edtica as a\u00e7\u00f5es e refer\u00eancias a regras americanas, terminando com uma refer\u00eancia ao Pr\u00e9mio Nobel. O autor sugere, de forma sat\u00edrica, que, se estivesse em Oslo, premiaria com um mimo.","og_url":"https:\/\/portaltela.pt\/noticias\/2026\/01\/16\/caso-intitulado-ridiculo-desperta-reacao-publica\/","og_site_name":"Portal Tela Portugal","article_published_time":"2026-01-16T23:52:00+00:00","author":"Telinha","twitter_card":"summary_large_image","twitter_misc":{"Escrito por":"Telinha","Tempo estimado de leitura":"1 minuto"},"schema":{"@context":"https:\/\/schema.org","@graph":[{"@type":"Article","@id":"https:\/\/portaltela.pt\/noticias\/2026\/01\/16\/caso-intitulado-ridiculo-desperta-reacao-publica\/#article","isPartOf":{"@id":"https:\/\/portaltela.pt\/noticias\/2026\/01\/16\/caso-intitulado-ridiculo-desperta-reacao-publica\/"},"author":{"name":"Telinha","@id":"https:\/\/portaltela.pt\/#\/schema\/person\/c4278d4a6028830caff9ee44b42d32ed"},"headline":"Caso intitulado &#8216;rid\u00edculo&#8217; desperta rea\u00e7\u00e3o p\u00fablica","datePublished":"2026-01-16T23:52:00+00:00","mainEntityOfPage":{"@id":"https:\/\/portaltela.pt\/noticias\/2026\/01\/16\/caso-intitulado-ridiculo-desperta-reacao-publica\/"},"wordCount":185,"image":{"@id":"https:\/\/portaltela.pt\/noticias\/2026\/01\/16\/caso-intitulado-ridiculo-desperta-reacao-publica\/#primaryimage"},"thumbnailUrl":"https:\/\/portaltela.pt\/s.01k8rhncp4jt1\/2026\/01\/image-1001.jpg","keywords":["internacionais","medalhas","pol\u00edtica","presidente","reconhecimentos internacionais","Venezuela"],"articleSection":["Not\u00edcias","Pol\u00edtica"],"inLanguage":"pt-PT"},{"@type":"WebPage","@id":"https:\/\/portaltela.pt\/noticias\/2026\/01\/16\/caso-intitulado-ridiculo-desperta-reacao-publica\/","url":"https:\/\/portaltela.pt\/noticias\/2026\/01\/16\/caso-intitulado-ridiculo-desperta-reacao-publica\/","name":"Caso intitulado 'rid\u00edculo' desperta rea\u00e7\u00e3o p\u00fablica - Portal Tela Portugal","isPartOf":{"@id":"https:\/\/portaltela.pt\/#website"},"primaryImageOfPage":{"@id":"https:\/\/portaltela.pt\/noticias\/2026\/01\/16\/caso-intitulado-ridiculo-desperta-reacao-publica\/#primaryimage"},"image":{"@id":"https:\/\/portaltela.pt\/noticias\/2026\/01\/16\/caso-intitulado-ridiculo-desperta-reacao-publica\/#primaryimage"},"thumbnailUrl":"https:\/\/portaltela.pt\/s.01k8rhncp4jt1\/2026\/01\/image-1001.jpg","datePublished":"2026-01-16T23:52:00+00:00","author":{"@id":"https:\/\/portaltela.pt\/#\/schema\/person\/c4278d4a6028830caff9ee44b42d32ed"},"breadcrumb":{"@id":"https:\/\/portaltela.pt\/noticias\/2026\/01\/16\/caso-intitulado-ridiculo-desperta-reacao-publica\/#breadcrumb"},"inLanguage":"pt-PT","potentialAction":[{"@type":"ReadAction","target":["https:\/\/portaltela.pt\/noticias\/2026\/01\/16\/caso-intitulado-ridiculo-desperta-reacao-publica\/"]}]},{"@type":"ImageObject","inLanguage":"pt-PT","@id":"https:\/\/portaltela.pt\/noticias\/2026\/01\/16\/caso-intitulado-ridiculo-desperta-reacao-publica\/#primaryimage","url":"https:\/\/portaltela.pt\/s.01k8rhncp4jt1\/2026\/01\/image-1001.jpg","contentUrl":"https:\/\/portaltela.pt\/s.01k8rhncp4jt1\/2026\/01\/image-1001.jpg","width":796,"height":448,"caption":"Imagem de contexto do artigo #rid\u00edculo"},{"@type":"BreadcrumbList","@id":"https:\/\/portaltela.pt\/noticias\/2026\/01\/16\/caso-intitulado-ridiculo-desperta-reacao-publica\/#breadcrumb","itemListElement":[{"@type":"ListItem","position":1,"name":"In\u00edcio","item":"https:\/\/portaltela.pt\/"},{"@type":"ListItem","position":2,"name":"Caso intitulado &#8216;rid\u00edculo&#8217; desperta rea\u00e7\u00e3o p\u00fablica"}]},{"@type":"WebSite","@id":"https:\/\/portaltela.pt\/#website","url":"https:\/\/portaltela.pt\/","name":"Portal Tela Portugal","description":"","potentialAction":[{"@type":"SearchAction","target":{"@type":"EntryPoint","urlTemplate":"https:\/\/portaltela.pt\/?s={search_term_string}"},"query-input":{"@type":"PropertyValueSpecification","valueRequired":true,"valueName":"search_term_string"}}],"inLanguage":"pt-PT"},{"@type":"Person","@id":"https:\/\/portaltela.pt\/#\/schema\/person\/c4278d4a6028830caff9ee44b42d32ed","name":"Telinha","image":{"@type":"ImageObject","inLanguage":"pt-PT","@id":"https:\/\/portaltela.pt\/s.01k8rhncp4jt1\/2025\/11\/talking-bot-125x125.png","url":"https:\/\/portaltela.pt\/s.01k8rhncp4jt1\/2025\/11\/talking-bot-125x125.png","contentUrl":"https:\/\/portaltela.pt\/s.01k8rhncp4jt1\/2025\/11\/talking-bot-125x125.png","caption":"Telinha"},"sameAs":["https:\/\/portaltela.pt\/"],"url":"https:\/\/portaltela.pt\/por\/367410592786\/"}]}},"_links":{"self":[{"href":"https:\/\/portaltela.pt\/api\/wp\/v2\/posts\/146887","targetHints":{"allow":["GET"]}}],"collection":[{"href":"https:\/\/portaltela.pt\/api\/wp\/v2\/posts"}],"about":[{"href":"https:\/\/portaltela.pt\/api\/wp\/v2\/types\/post"}],"author":[{"embeddable":true,"href":"https:\/\/portaltela.pt\/api\/wp\/v2\/users\/2"}],"replies":[{"embeddable":true,"href":"https:\/\/portaltela.pt\/api\/wp\/v2\/comments?post=146887"}],"version-history":[{"count":0,"href":"https:\/\/portaltela.pt\/api\/wp\/v2\/posts\/146887\/revisions"}],"wp:featuredmedia":[{"embeddable":true,"href":"https:\/\/portaltela.pt\/api\/wp\/v2\/media\/146890"}],"wp:attachment":[{"href":"https:\/\/portaltela.pt\/api\/wp\/v2\/media?parent=146887"}],"wp:term":[{"taxonomy":"category","embeddable":true,"href":"https:\/\/portaltela.pt\/api\/wp\/v2\/categories?post=146887"},{"taxonomy":"post_tag","embeddable":true,"href":"https:\/\/portaltela.pt\/api\/wp\/v2\/tags?post=146887"}],"curies":[{"name":"wp","href":"https:\/\/api.w.org\/{rel}","templated":true}]}}