{"id":146873,"date":"2026-01-16T20:49:45","date_gmt":"2026-01-16T23:49:45","guid":{"rendered":"https:\/\/portaltela.pt\/noticias\/2026\/01\/16\/noticia-de-17-de-janeiro-de-2026\/"},"modified":"2026-01-16T20:49:45","modified_gmt":"2026-01-16T23:49:45","slug":"noticia-de-17-de-janeiro-de-2026","status":"publish","type":"post","link":"https:\/\/portaltela.pt\/desporto\/futebol\/2026\/01\/16\/noticia-de-17-de-janeiro-de-2026\/","title":{"rendered":"Not\u00edcia de 17 de janeiro de 2026"},"content":{"rendered":"<p>A edi\u00e7\u00e3o de 17 de janeiro de 2026 apresenta os principais destaques do portal. Entre os itens, destacam-se notas sobre Geny Catamo a manter o p\u00e9 quente no Sporting e a an\u00e1lise das notas recentes da equipa.<\/p>\n<p>O texto recupera tamb\u00e9m a lembran\u00e7a da chegada de Jo\u00e3o Neves, com a perspetiva de que o jovem jogador pode tornar-se num fen\u00f3meno, segundo uma declara\u00e7\u00e3o recordada por ex-futebolistas ligado ao Benfica.<\/p>\n<p>Jorge Jesus \u00e9 o assunto de uma opini\u00e3o sobre o Al Nassr, em que se compara o peso pol\u00edtico do clube saudita ao do Al Hilal, em tom de an\u00e1lise desportiva. Al\u00e9m disso, h\u00e1 refer\u00eancia a um guarda-redes formado no Sporting sem clube h\u00e1 10 meses.<\/p>\n<p>Outro tema em destaque \u00e9 a decis\u00e3o do atacante Dani Alves no S\u00e3o Jo\u00e3o de Ver, com informa\u00e7\u00f5es sobre o desfecho do processo e as poss\u00edveis implica\u00e7\u00f5es para o clube da regi\u00e3o. Tamb\u00e9m \u00e9 mencionada a atualiza\u00e7\u00e3o de mercado sobre o Crystal Palace, que pode ficar sem treinador no ver\u00e3o.<\/p>\n<p>Nas \u00faltimas atualiza\u00e7\u00f5es, surgem v\u00e1rias informa\u00e7\u00f5es em v\u00eddeo com declara\u00e7\u00f5es de Rui Borges sobre o andamento das equipas, a estreia de Lu\u00eds Guilherme e o regresso de Bragan\u00e7a, e outras tend\u00eancias do dia a dia do desporto portugu\u00eas.<\/p>\n","protected":false},"excerpt":{"rendered":"<ul>\n<li>Rem\u00e9dio para le\u00e3o dormente? Geny Catamo de p\u00e9 quente! (as notas do Sporting)<\/li>\n<li>Ex-Benfica recorda chegada de Jo\u00e3o Neves: \u00abNossa, este mi\u00fado vai ser um fen\u00f3meno\u00bb<\/li>\n<li>Jorge Jesus parte a loi\u00e7a: \u00abAl Nassr n\u00e3o tem o poder pol\u00edtico do Al Hilal\u00bb<\/li>\n<li>Guarda-redes formado no Sporting sem clube h\u00e1 10 meses: \u00abN\u00e3o tem sido f\u00e1cil\u00bb<\/li>\n<li>Dani Alves toma decis\u00e3o dr\u00e1stica no S\u00e3o Jo\u00e3o de Ver<\/li>\n<\/ul>\n","protected":false},"author":2,"featured_media":146874,"comment_status":"closed","ping_status":"closed","sticky":false,"template":"","format":"standard","meta":{"footnotes":""},"categories":[21,24],"tags":[2840,3281,3271,2626,2635,1652],"class_list":["post-146873","post","type-post","status-publish","format-standard","has-post-thumbnail","hentry","category-desporto","category-futebol","tag-crystal-palace","tag-dani-alves","tag-geny-catamo","tag-joao-neves","tag-rui-borges","tag-sporting"],"yoast_head":"<!-- This site is optimized with the Yoast SEO plugin v27.2 - https:\/\/yoast.com\/product\/yoast-seo-wordpress\/ -->\n<title>Not\u00edcia de 17 de janeiro de 2026 - Portal Tela Portugal<\/title>\n<meta name=\"robots\" content=\"index, follow, max-snippet:-1, max-image-preview:large, max-video-preview:-1\" \/>\n<meta property=\"og:locale\" content=\"pt_PT\" \/>\n<meta property=\"og:type\" content=\"article\" \/>\n<meta property=\"og:title\" content=\"Not\u00edcia de 17 de janeiro de 2026 - Portal Tela Portugal\" \/>\n<meta property=\"og:description\" content=\"Rem\u00e9dio para le\u00e3o dormente? Geny Catamo de p\u00e9 quente! (as notas do Sporting) Ex-Benfica recorda chegada de Jo\u00e3o Neves: \u00abNossa, este mi\u00fado vai ser um fen\u00f3meno\u00bb Jorge Jesus parte a loi\u00e7a: \u00abAl Nassr n\u00e3o tem o poder pol\u00edtico do Al Hilal\u00bb Guarda-redes formado no Sporting sem clube h\u00e1 10 meses: \u00abN\u00e3o tem sido f\u00e1cil\u00bb Dani Alves toma decis\u00e3o dr\u00e1stica no S\u00e3o Jo\u00e3o de Ver\" \/>\n<meta property=\"og:url\" content=\"https:\/\/portaltela.pt\/noticias\/2026\/01\/16\/noticia-de-17-de-janeiro-de-2026\/\" \/>\n<meta property=\"og:site_name\" content=\"Portal Tela Portugal\" \/>\n<meta property=\"article:published_time\" content=\"2026-01-16T23:49:45+00:00\" \/>\n<meta name=\"author\" content=\"Telinha\" \/>\n<meta name=\"twitter:card\" content=\"summary_large_image\" \/>\n<meta name=\"twitter:label1\" content=\"Escrito por\" \/>\n\t<meta name=\"twitter:data1\" content=\"Telinha\" \/>\n\t<meta name=\"twitter:label2\" content=\"Tempo estimado de leitura\" \/>\n\t<meta name=\"twitter:data2\" content=\"1 minuto\" \/>\n<script type=\"application\/ld+json\" class=\"yoast-schema-graph\">{\"@context\":\"https:\/\/schema.org\",\"@graph\":[{\"@type\":\"Article\",\"@id\":\"https:\/\/portaltela.pt\/noticias\/2026\/01\/16\/noticia-de-17-de-janeiro-de-2026\/#article\",\"isPartOf\":{\"@id\":\"https:\/\/portaltela.pt\/noticias\/2026\/01\/16\/noticia-de-17-de-janeiro-de-2026\/\"},\"author\":{\"name\":\"Telinha\",\"@id\":\"https:\/\/portaltela.pt\/#\/schema\/person\/c4278d4a6028830caff9ee44b42d32ed\"},\"headline\":\"Not\u00edcia de 17 de janeiro de 2026\",\"datePublished\":\"2026-01-16T23:49:45+00:00\",\"mainEntityOfPage\":{\"@id\":\"https:\/\/portaltela.pt\/noticias\/2026\/01\/16\/noticia-de-17-de-janeiro-de-2026\/\"},\"wordCount\":234,\"image\":{\"@id\":\"https:\/\/portaltela.pt\/noticias\/2026\/01\/16\/noticia-de-17-de-janeiro-de-2026\/#primaryimage\"},\"thumbnailUrl\":\"https:\/\/portaltela.pt\/s.01k8rhncp4jt1\/2026\/01\/232fd002-13f3-4d53-bc30-54187ac9dccd.jpg\",\"keywords\":[\"Crystal Palace\",\"Dani Alves\",\"Geny Catamo\",\"Jo\u00e3o Neves\",\"Rui Borges\",\"Sporting\"],\"articleSection\":[\"Desporto\",\"Futebol\"],\"inLanguage\":\"pt-PT\"},{\"@type\":\"WebPage\",\"@id\":\"https:\/\/portaltela.pt\/noticias\/2026\/01\/16\/noticia-de-17-de-janeiro-de-2026\/\",\"url\":\"https:\/\/portaltela.pt\/noticias\/2026\/01\/16\/noticia-de-17-de-janeiro-de-2026\/\",\"name\":\"Not\u00edcia de 17 de janeiro de 2026 - Portal Tela Portugal\",\"isPartOf\":{\"@id\":\"https:\/\/portaltela.pt\/#website\"},\"primaryImageOfPage\":{\"@id\":\"https:\/\/portaltela.pt\/noticias\/2026\/01\/16\/noticia-de-17-de-janeiro-de-2026\/#primaryimage\"},\"image\":{\"@id\":\"https:\/\/portaltela.pt\/noticias\/2026\/01\/16\/noticia-de-17-de-janeiro-de-2026\/#primaryimage\"},\"thumbnailUrl\":\"https:\/\/portaltela.pt\/s.01k8rhncp4jt1\/2026\/01\/232fd002-13f3-4d53-bc30-54187ac9dccd.jpg\",\"datePublished\":\"2026-01-16T23:49:45+00:00\",\"author\":{\"@id\":\"https:\/\/portaltela.pt\/#\/schema\/person\/c4278d4a6028830caff9ee44b42d32ed\"},\"breadcrumb\":{\"@id\":\"https:\/\/portaltela.pt\/noticias\/2026\/01\/16\/noticia-de-17-de-janeiro-de-2026\/#breadcrumb\"},\"inLanguage\":\"pt-PT\",\"potentialAction\":[{\"@type\":\"ReadAction\",\"target\":[\"https:\/\/portaltela.pt\/noticias\/2026\/01\/16\/noticia-de-17-de-janeiro-de-2026\/\"]}]},{\"@type\":\"ImageObject\",\"inLanguage\":\"pt-PT\",\"@id\":\"https:\/\/portaltela.pt\/noticias\/2026\/01\/16\/noticia-de-17-de-janeiro-de-2026\/#primaryimage\",\"url\":\"https:\/\/portaltela.pt\/s.01k8rhncp4jt1\/2026\/01\/232fd002-13f3-4d53-bc30-54187ac9dccd.jpg\",\"contentUrl\":\"https:\/\/portaltela.pt\/s.01k8rhncp4jt1\/2026\/01\/232fd002-13f3-4d53-bc30-54187ac9dccd.jpg\",\"width\":796,\"height\":448,\"caption\":\"Photo\"},{\"@type\":\"BreadcrumbList\",\"@id\":\"https:\/\/portaltela.pt\/noticias\/2026\/01\/16\/noticia-de-17-de-janeiro-de-2026\/#breadcrumb\",\"itemListElement\":[{\"@type\":\"ListItem\",\"position\":1,\"name\":\"In\u00edcio\",\"item\":\"https:\/\/portaltela.pt\/\"},{\"@type\":\"ListItem\",\"position\":2,\"name\":\"Not\u00edcia de 17 de janeiro de 2026\"}]},{\"@type\":\"WebSite\",\"@id\":\"https:\/\/portaltela.pt\/#website\",\"url\":\"https:\/\/portaltela.pt\/\",\"name\":\"Portal Tela Portugal\",\"description\":\"\",\"potentialAction\":[{\"@type\":\"SearchAction\",\"target\":{\"@type\":\"EntryPoint\",\"urlTemplate\":\"https:\/\/portaltela.pt\/?s={search_term_string}\"},\"query-input\":{\"@type\":\"PropertyValueSpecification\",\"valueRequired\":true,\"valueName\":\"search_term_string\"}}],\"inLanguage\":\"pt-PT\"},{\"@type\":\"Person\",\"@id\":\"https:\/\/portaltela.pt\/#\/schema\/person\/c4278d4a6028830caff9ee44b42d32ed\",\"name\":\"Telinha\",\"image\":{\"@type\":\"ImageObject\",\"inLanguage\":\"pt-PT\",\"@id\":\"https:\/\/portaltela.pt\/s.01k8rhncp4jt1\/2025\/11\/talking-bot-125x125.png\",\"url\":\"https:\/\/portaltela.pt\/s.01k8rhncp4jt1\/2025\/11\/talking-bot-125x125.png\",\"contentUrl\":\"https:\/\/portaltela.pt\/s.01k8rhncp4jt1\/2025\/11\/talking-bot-125x125.png\",\"caption\":\"Telinha\"},\"sameAs\":[\"https:\/\/portaltela.pt\/\"],\"url\":\"https:\/\/portaltela.pt\/por\/367410592786\/\"}]}<\/script>\n<!-- \/ Yoast SEO plugin. -->","yoast_head_json":{"title":"Not\u00edcia de 17 de janeiro de 2026 - Portal Tela Portugal","robots":{"index":"index","follow":"follow","max-snippet":"max-snippet:-1","max-image-preview":"max-image-preview:large","max-video-preview":"max-video-preview:-1"},"og_locale":"pt_PT","og_type":"article","og_title":"Not\u00edcia de 17 de janeiro de 2026 - Portal Tela Portugal","og_description":"Rem\u00e9dio para le\u00e3o dormente? Geny Catamo de p\u00e9 quente! (as notas do Sporting) Ex-Benfica recorda chegada de Jo\u00e3o Neves: \u00abNossa, este mi\u00fado vai ser um fen\u00f3meno\u00bb Jorge Jesus parte a loi\u00e7a: \u00abAl Nassr n\u00e3o tem o poder pol\u00edtico do Al Hilal\u00bb Guarda-redes formado no Sporting sem clube h\u00e1 10 meses: \u00abN\u00e3o tem sido f\u00e1cil\u00bb Dani Alves toma decis\u00e3o dr\u00e1stica no S\u00e3o Jo\u00e3o de Ver","og_url":"https:\/\/portaltela.pt\/noticias\/2026\/01\/16\/noticia-de-17-de-janeiro-de-2026\/","og_site_name":"Portal Tela Portugal","article_published_time":"2026-01-16T23:49:45+00:00","author":"Telinha","twitter_card":"summary_large_image","twitter_misc":{"Escrito por":"Telinha","Tempo estimado de leitura":"1 minuto"},"schema":{"@context":"https:\/\/schema.org","@graph":[{"@type":"Article","@id":"https:\/\/portaltela.pt\/noticias\/2026\/01\/16\/noticia-de-17-de-janeiro-de-2026\/#article","isPartOf":{"@id":"https:\/\/portaltela.pt\/noticias\/2026\/01\/16\/noticia-de-17-de-janeiro-de-2026\/"},"author":{"name":"Telinha","@id":"https:\/\/portaltela.pt\/#\/schema\/person\/c4278d4a6028830caff9ee44b42d32ed"},"headline":"Not\u00edcia de 17 de janeiro de 2026","datePublished":"2026-01-16T23:49:45+00:00","mainEntityOfPage":{"@id":"https:\/\/portaltela.pt\/noticias\/2026\/01\/16\/noticia-de-17-de-janeiro-de-2026\/"},"wordCount":234,"image":{"@id":"https:\/\/portaltela.pt\/noticias\/2026\/01\/16\/noticia-de-17-de-janeiro-de-2026\/#primaryimage"},"thumbnailUrl":"https:\/\/portaltela.pt\/s.01k8rhncp4jt1\/2026\/01\/232fd002-13f3-4d53-bc30-54187ac9dccd.jpg","keywords":["Crystal Palace","Dani Alves","Geny Catamo","Jo\u00e3o Neves","Rui Borges","Sporting"],"articleSection":["Desporto","Futebol"],"inLanguage":"pt-PT"},{"@type":"WebPage","@id":"https:\/\/portaltela.pt\/noticias\/2026\/01\/16\/noticia-de-17-de-janeiro-de-2026\/","url":"https:\/\/portaltela.pt\/noticias\/2026\/01\/16\/noticia-de-17-de-janeiro-de-2026\/","name":"Not\u00edcia de 17 de janeiro de 2026 - Portal Tela Portugal","isPartOf":{"@id":"https:\/\/portaltela.pt\/#website"},"primaryImageOfPage":{"@id":"https:\/\/portaltela.pt\/noticias\/2026\/01\/16\/noticia-de-17-de-janeiro-de-2026\/#primaryimage"},"image":{"@id":"https:\/\/portaltela.pt\/noticias\/2026\/01\/16\/noticia-de-17-de-janeiro-de-2026\/#primaryimage"},"thumbnailUrl":"https:\/\/portaltela.pt\/s.01k8rhncp4jt1\/2026\/01\/232fd002-13f3-4d53-bc30-54187ac9dccd.jpg","datePublished":"2026-01-16T23:49:45+00:00","author":{"@id":"https:\/\/portaltela.pt\/#\/schema\/person\/c4278d4a6028830caff9ee44b42d32ed"},"breadcrumb":{"@id":"https:\/\/portaltela.pt\/noticias\/2026\/01\/16\/noticia-de-17-de-janeiro-de-2026\/#breadcrumb"},"inLanguage":"pt-PT","potentialAction":[{"@type":"ReadAction","target":["https:\/\/portaltela.pt\/noticias\/2026\/01\/16\/noticia-de-17-de-janeiro-de-2026\/"]}]},{"@type":"ImageObject","inLanguage":"pt-PT","@id":"https:\/\/portaltela.pt\/noticias\/2026\/01\/16\/noticia-de-17-de-janeiro-de-2026\/#primaryimage","url":"https:\/\/portaltela.pt\/s.01k8rhncp4jt1\/2026\/01\/232fd002-13f3-4d53-bc30-54187ac9dccd.jpg","contentUrl":"https:\/\/portaltela.pt\/s.01k8rhncp4jt1\/2026\/01\/232fd002-13f3-4d53-bc30-54187ac9dccd.jpg","width":796,"height":448,"caption":"Photo"},{"@type":"BreadcrumbList","@id":"https:\/\/portaltela.pt\/noticias\/2026\/01\/16\/noticia-de-17-de-janeiro-de-2026\/#breadcrumb","itemListElement":[{"@type":"ListItem","position":1,"name":"In\u00edcio","item":"https:\/\/portaltela.pt\/"},{"@type":"ListItem","position":2,"name":"Not\u00edcia de 17 de janeiro de 2026"}]},{"@type":"WebSite","@id":"https:\/\/portaltela.pt\/#website","url":"https:\/\/portaltela.pt\/","name":"Portal Tela Portugal","description":"","potentialAction":[{"@type":"SearchAction","target":{"@type":"EntryPoint","urlTemplate":"https:\/\/portaltela.pt\/?s={search_term_string}"},"query-input":{"@type":"PropertyValueSpecification","valueRequired":true,"valueName":"search_term_string"}}],"inLanguage":"pt-PT"},{"@type":"Person","@id":"https:\/\/portaltela.pt\/#\/schema\/person\/c4278d4a6028830caff9ee44b42d32ed","name":"Telinha","image":{"@type":"ImageObject","inLanguage":"pt-PT","@id":"https:\/\/portaltela.pt\/s.01k8rhncp4jt1\/2025\/11\/talking-bot-125x125.png","url":"https:\/\/portaltela.pt\/s.01k8rhncp4jt1\/2025\/11\/talking-bot-125x125.png","contentUrl":"https:\/\/portaltela.pt\/s.01k8rhncp4jt1\/2025\/11\/talking-bot-125x125.png","caption":"Telinha"},"sameAs":["https:\/\/portaltela.pt\/"],"url":"https:\/\/portaltela.pt\/por\/367410592786\/"}]}},"_links":{"self":[{"href":"https:\/\/portaltela.pt\/api\/wp\/v2\/posts\/146873","targetHints":{"allow":["GET"]}}],"collection":[{"href":"https:\/\/portaltela.pt\/api\/wp\/v2\/posts"}],"about":[{"href":"https:\/\/portaltela.pt\/api\/wp\/v2\/types\/post"}],"author":[{"embeddable":true,"href":"https:\/\/portaltela.pt\/api\/wp\/v2\/users\/2"}],"replies":[{"embeddable":true,"href":"https:\/\/portaltela.pt\/api\/wp\/v2\/comments?post=146873"}],"version-history":[{"count":0,"href":"https:\/\/portaltela.pt\/api\/wp\/v2\/posts\/146873\/revisions"}],"wp:featuredmedia":[{"embeddable":true,"href":"https:\/\/portaltela.pt\/api\/wp\/v2\/media\/146874"}],"wp:attachment":[{"href":"https:\/\/portaltela.pt\/api\/wp\/v2\/media?parent=146873"}],"wp:term":[{"taxonomy":"category","embeddable":true,"href":"https:\/\/portaltela.pt\/api\/wp\/v2\/categories?post=146873"},{"taxonomy":"post_tag","embeddable":true,"href":"https:\/\/portaltela.pt\/api\/wp\/v2\/tags?post=146873"}],"curies":[{"name":"wp","href":"https:\/\/api.w.org\/{rel}","templated":true}]}}