{"id":146721,"date":"2026-01-16T19:53:00","date_gmt":"2026-01-16T22:53:00","guid":{"rendered":"https:\/\/portaltela.pt\/noticias\/2026\/01\/16\/mulher-despista-se-sai-do-carro-e-morre-atropelada-na-a7-em-famalicao\/"},"modified":"2026-01-16T19:53:00","modified_gmt":"2026-01-16T22:53:00","slug":"mulher-despista-se-sai-do-carro-e-morre-atropelada-na-a7-em-famalicao","status":"publish","type":"post","link":"https:\/\/portaltela.pt\/noticias\/2026\/01\/16\/mulher-despista-se-sai-do-carro-e-morre-atropelada-na-a7-em-famalicao\/","title":{"rendered":"Mulher despista-se, sai do carro e morre atropelada na A7 em Famalic\u00e3o"},"content":{"rendered":"<p>Uma mulher de 28 anos despistou-se ao quil\u00f3metro 27 da A7, em Famalic\u00e3o, saiu do autom\u00f3vel para se abrigar e foi atropelada por outro ve\u00edculo. O acidente ocorreu na faixa de rodagem da A7, com a v\u00edtima j\u00e1 em paragem cardiorespirat\u00f3ria no local.<\/p>\n<p>Os Bombeiros Volunt\u00e1rios de Riba de Ave realizaram os primeiros socorros, com apoio da Viatura M\u00e9dica de Emerg\u00eancia e Reanima\u00e7\u00e3o (VMER) do INEM, deslocada ao Hospital de Guimar\u00e3es. A v\u00edtima acabou por n\u00e3o resistir.<\/p>\n<p>No local estiveram tamb\u00e9m elementos do Subdestacamento de Tr\u00e2nsito da GNR de Fafe e do NICAV (N\u00facleo de Investiga\u00e7\u00e3o de Acidentes de Via\u00e7\u00e3o) da GNR de Braga, bem como employees da Ascendi Norte, concession\u00e1ria da A7. As opera\u00e7\u00f5es de socorro continuam.<\/p>\n<p>A circula\u00e7\u00e3o est\u00e1 condicionada enquanto decorrem as per\u00edcias. O corpo foi encaminhado para aut\u00f3psia no Gabinete M\u00e9dico-Legal e Forense do Ave, em Guimar\u00e3es, e o caso foi comunicado ao Minist\u00e9rio P\u00fablico.<\/p>\n","protected":false},"excerpt":{"rendered":"<ul>\n<li>Mulher, 28 anos, despistou-se ao quil\u00f3metro 27 da A7 em Famalic\u00e3o, saiu do carro para se proteger e foi atropelada.<\/li>\n<li>Foi assistida pelos Bombeiros Volunt\u00e1rios de Riba de Ave e pela VMER do INEM, encontrando-se em paragem cardiorrespirat\u00f3ria, e morreu no local.<\/li>\n<li>No local estiveram tamb\u00e9m o Subdestacamento de Tr\u00e2nsito da GNR de Fafe, o NICAV da GNR de Braga e elementos da Ascendi Norte.<\/li>\n<li>A circula\u00e7\u00e3o est\u00e1 condicionada enquanto decorrem as per\u00edcias.<\/li>\n<li>O corpo segue para aut\u00f3psia no Gabinete M\u00e9dico Legal e Forense do Ave, em Guimar\u00e3es, com o caso a ser comunicado ao Minist\u00e9rio P\u00fablico.<\/li>\n<\/ul>\n","protected":false},"author":2,"featured_media":146722,"comment_status":"closed","ping_status":"closed","sticky":false,"template":"","format":"standard","meta":{"footnotes":""},"categories":[1],"tags":[2088,971,1083,1396,1380,2398],"class_list":["post-146721","post","type-post","status-publish","format-standard","has-post-thumbnail","hentry","category-noticias","tag-acidente-de-viacao","tag-bombeiros","tag-estradas","tag-famalicao","tag-gnr","tag-nicav"],"yoast_head":"<!-- This site is optimized with the Yoast SEO plugin v27.2 - https:\/\/yoast.com\/product\/yoast-seo-wordpress\/ -->\n<title>Mulher despista-se, sai do carro e morre atropelada na A7 em Famalic\u00e3o - Portal Tela Portugal<\/title>\n<meta name=\"robots\" content=\"index, follow, max-snippet:-1, max-image-preview:large, max-video-preview:-1\" \/>\n<meta property=\"og:locale\" content=\"pt_PT\" \/>\n<meta property=\"og:type\" content=\"article\" \/>\n<meta property=\"og:title\" content=\"Mulher despista-se, sai do carro e morre atropelada na A7 em Famalic\u00e3o - Portal Tela Portugal\" \/>\n<meta property=\"og:description\" content=\"Mulher, 28 anos, despistou-se ao quil\u00f3metro 27 da A7 em Famalic\u00e3o, saiu do carro para se proteger e foi atropelada. Foi assistida pelos Bombeiros Volunt\u00e1rios de Riba de Ave e pela VMER do INEM, encontrando-se em paragem cardiorrespirat\u00f3ria, e morreu no local. No local estiveram tamb\u00e9m o Subdestacamento de Tr\u00e2nsito da GNR de Fafe, o NICAV da GNR de Braga e elementos da Ascendi Norte. A circula\u00e7\u00e3o est\u00e1 condicionada enquanto decorrem as per\u00edcias. O corpo segue para aut\u00f3psia no Gabinete M\u00e9dico Legal e Forense do Ave, em Guimar\u00e3es, com o caso a ser comunicado ao Minist\u00e9rio P\u00fablico.\" \/>\n<meta property=\"og:url\" content=\"https:\/\/portaltela.pt\/noticias\/2026\/01\/16\/mulher-despista-se-sai-do-carro-e-morre-atropelada-na-a7-em-famalicao\/\" \/>\n<meta property=\"og:site_name\" content=\"Portal Tela Portugal\" \/>\n<meta property=\"article:published_time\" content=\"2026-01-16T22:53:00+00:00\" \/>\n<meta name=\"author\" content=\"Telinha\" \/>\n<meta name=\"twitter:card\" content=\"summary_large_image\" \/>\n<meta name=\"twitter:label1\" content=\"Escrito por\" \/>\n\t<meta name=\"twitter:data1\" content=\"Telinha\" \/>\n\t<meta name=\"twitter:label2\" content=\"Tempo estimado de leitura\" \/>\n\t<meta name=\"twitter:data2\" content=\"1 minuto\" \/>\n<script type=\"application\/ld+json\" class=\"yoast-schema-graph\">{\"@context\":\"https:\/\/schema.org\",\"@graph\":[{\"@type\":\"Article\",\"@id\":\"https:\/\/portaltela.pt\/noticias\/2026\/01\/16\/mulher-despista-se-sai-do-carro-e-morre-atropelada-na-a7-em-famalicao\/#article\",\"isPartOf\":{\"@id\":\"https:\/\/portaltela.pt\/noticias\/2026\/01\/16\/mulher-despista-se-sai-do-carro-e-morre-atropelada-na-a7-em-famalicao\/\"},\"author\":{\"name\":\"Telinha\",\"@id\":\"https:\/\/portaltela.pt\/#\/schema\/person\/c4278d4a6028830caff9ee44b42d32ed\"},\"headline\":\"Mulher despista-se, sai do carro e morre atropelada na A7 em Famalic\u00e3o\",\"datePublished\":\"2026-01-16T22:53:00+00:00\",\"mainEntityOfPage\":{\"@id\":\"https:\/\/portaltela.pt\/noticias\/2026\/01\/16\/mulher-despista-se-sai-do-carro-e-morre-atropelada-na-a7-em-famalicao\/\"},\"wordCount\":187,\"image\":{\"@id\":\"https:\/\/portaltela.pt\/noticias\/2026\/01\/16\/mulher-despista-se-sai-do-carro-e-morre-atropelada-na-a7-em-famalicao\/#primaryimage\"},\"thumbnailUrl\":\"https:\/\/portaltela.pt\/s.01k8rhncp4jt1\/2026\/01\/f7543f95-acb0-41e8-a791-ffda0eb93c41_1200x675.jpg\",\"keywords\":[\"acidente de via\u00e7\u00e3o\",\"bombeiros\",\"estradas\",\"Famalic\u00e3o\",\"GNR\",\"NICAV\"],\"articleSection\":[\"Not\u00edcias\"],\"inLanguage\":\"pt-PT\"},{\"@type\":\"WebPage\",\"@id\":\"https:\/\/portaltela.pt\/noticias\/2026\/01\/16\/mulher-despista-se-sai-do-carro-e-morre-atropelada-na-a7-em-famalicao\/\",\"url\":\"https:\/\/portaltela.pt\/noticias\/2026\/01\/16\/mulher-despista-se-sai-do-carro-e-morre-atropelada-na-a7-em-famalicao\/\",\"name\":\"Mulher despista-se, sai do carro e morre atropelada na A7 em Famalic\u00e3o - Portal Tela Portugal\",\"isPartOf\":{\"@id\":\"https:\/\/portaltela.pt\/#website\"},\"primaryImageOfPage\":{\"@id\":\"https:\/\/portaltela.pt\/noticias\/2026\/01\/16\/mulher-despista-se-sai-do-carro-e-morre-atropelada-na-a7-em-famalicao\/#primaryimage\"},\"image\":{\"@id\":\"https:\/\/portaltela.pt\/noticias\/2026\/01\/16\/mulher-despista-se-sai-do-carro-e-morre-atropelada-na-a7-em-famalicao\/#primaryimage\"},\"thumbnailUrl\":\"https:\/\/portaltela.pt\/s.01k8rhncp4jt1\/2026\/01\/f7543f95-acb0-41e8-a791-ffda0eb93c41_1200x675.jpg\",\"datePublished\":\"2026-01-16T22:53:00+00:00\",\"author\":{\"@id\":\"https:\/\/portaltela.pt\/#\/schema\/person\/c4278d4a6028830caff9ee44b42d32ed\"},\"breadcrumb\":{\"@id\":\"https:\/\/portaltela.pt\/noticias\/2026\/01\/16\/mulher-despista-se-sai-do-carro-e-morre-atropelada-na-a7-em-famalicao\/#breadcrumb\"},\"inLanguage\":\"pt-PT\",\"potentialAction\":[{\"@type\":\"ReadAction\",\"target\":[\"https:\/\/portaltela.pt\/noticias\/2026\/01\/16\/mulher-despista-se-sai-do-carro-e-morre-atropelada-na-a7-em-famalicao\/\"]}]},{\"@type\":\"ImageObject\",\"inLanguage\":\"pt-PT\",\"@id\":\"https:\/\/portaltela.pt\/noticias\/2026\/01\/16\/mulher-despista-se-sai-do-carro-e-morre-atropelada-na-a7-em-famalicao\/#primaryimage\",\"url\":\"https:\/\/portaltela.pt\/s.01k8rhncp4jt1\/2026\/01\/f7543f95-acb0-41e8-a791-ffda0eb93c41_1200x675.jpg\",\"contentUrl\":\"https:\/\/portaltela.pt\/s.01k8rhncp4jt1\/2026\/01\/f7543f95-acb0-41e8-a791-ffda0eb93c41_1200x675.jpg\",\"width\":796,\"height\":448,\"caption\":\"O autom\u00f3vel envolvido no acidente ficou destru\u00eddo\"},{\"@type\":\"BreadcrumbList\",\"@id\":\"https:\/\/portaltela.pt\/noticias\/2026\/01\/16\/mulher-despista-se-sai-do-carro-e-morre-atropelada-na-a7-em-famalicao\/#breadcrumb\",\"itemListElement\":[{\"@type\":\"ListItem\",\"position\":1,\"name\":\"In\u00edcio\",\"item\":\"https:\/\/portaltela.pt\/\"},{\"@type\":\"ListItem\",\"position\":2,\"name\":\"Mulher despista-se, sai do carro e morre atropelada na A7 em Famalic\u00e3o\"}]},{\"@type\":\"WebSite\",\"@id\":\"https:\/\/portaltela.pt\/#website\",\"url\":\"https:\/\/portaltela.pt\/\",\"name\":\"Portal Tela Portugal\",\"description\":\"\",\"potentialAction\":[{\"@type\":\"SearchAction\",\"target\":{\"@type\":\"EntryPoint\",\"urlTemplate\":\"https:\/\/portaltela.pt\/?s={search_term_string}\"},\"query-input\":{\"@type\":\"PropertyValueSpecification\",\"valueRequired\":true,\"valueName\":\"search_term_string\"}}],\"inLanguage\":\"pt-PT\"},{\"@type\":\"Person\",\"@id\":\"https:\/\/portaltela.pt\/#\/schema\/person\/c4278d4a6028830caff9ee44b42d32ed\",\"name\":\"Telinha\",\"image\":{\"@type\":\"ImageObject\",\"inLanguage\":\"pt-PT\",\"@id\":\"https:\/\/portaltela.pt\/s.01k8rhncp4jt1\/2025\/11\/talking-bot-125x125.png\",\"url\":\"https:\/\/portaltela.pt\/s.01k8rhncp4jt1\/2025\/11\/talking-bot-125x125.png\",\"contentUrl\":\"https:\/\/portaltela.pt\/s.01k8rhncp4jt1\/2025\/11\/talking-bot-125x125.png\",\"caption\":\"Telinha\"},\"sameAs\":[\"https:\/\/portaltela.pt\/\"],\"url\":\"https:\/\/portaltela.pt\/por\/367410592786\/\"}]}<\/script>\n<!-- \/ Yoast SEO plugin. -->","yoast_head_json":{"title":"Mulher despista-se, sai do carro e morre atropelada na A7 em Famalic\u00e3o - Portal Tela Portugal","robots":{"index":"index","follow":"follow","max-snippet":"max-snippet:-1","max-image-preview":"max-image-preview:large","max-video-preview":"max-video-preview:-1"},"og_locale":"pt_PT","og_type":"article","og_title":"Mulher despista-se, sai do carro e morre atropelada na A7 em Famalic\u00e3o - Portal Tela Portugal","og_description":"Mulher, 28 anos, despistou-se ao quil\u00f3metro 27 da A7 em Famalic\u00e3o, saiu do carro para se proteger e foi atropelada. Foi assistida pelos Bombeiros Volunt\u00e1rios de Riba de Ave e pela VMER do INEM, encontrando-se em paragem cardiorrespirat\u00f3ria, e morreu no local. No local estiveram tamb\u00e9m o Subdestacamento de Tr\u00e2nsito da GNR de Fafe, o NICAV da GNR de Braga e elementos da Ascendi Norte. A circula\u00e7\u00e3o est\u00e1 condicionada enquanto decorrem as per\u00edcias. O corpo segue para aut\u00f3psia no Gabinete M\u00e9dico Legal e Forense do Ave, em Guimar\u00e3es, com o caso a ser comunicado ao Minist\u00e9rio P\u00fablico.","og_url":"https:\/\/portaltela.pt\/noticias\/2026\/01\/16\/mulher-despista-se-sai-do-carro-e-morre-atropelada-na-a7-em-famalicao\/","og_site_name":"Portal Tela Portugal","article_published_time":"2026-01-16T22:53:00+00:00","author":"Telinha","twitter_card":"summary_large_image","twitter_misc":{"Escrito por":"Telinha","Tempo estimado de leitura":"1 minuto"},"schema":{"@context":"https:\/\/schema.org","@graph":[{"@type":"Article","@id":"https:\/\/portaltela.pt\/noticias\/2026\/01\/16\/mulher-despista-se-sai-do-carro-e-morre-atropelada-na-a7-em-famalicao\/#article","isPartOf":{"@id":"https:\/\/portaltela.pt\/noticias\/2026\/01\/16\/mulher-despista-se-sai-do-carro-e-morre-atropelada-na-a7-em-famalicao\/"},"author":{"name":"Telinha","@id":"https:\/\/portaltela.pt\/#\/schema\/person\/c4278d4a6028830caff9ee44b42d32ed"},"headline":"Mulher despista-se, sai do carro e morre atropelada na A7 em Famalic\u00e3o","datePublished":"2026-01-16T22:53:00+00:00","mainEntityOfPage":{"@id":"https:\/\/portaltela.pt\/noticias\/2026\/01\/16\/mulher-despista-se-sai-do-carro-e-morre-atropelada-na-a7-em-famalicao\/"},"wordCount":187,"image":{"@id":"https:\/\/portaltela.pt\/noticias\/2026\/01\/16\/mulher-despista-se-sai-do-carro-e-morre-atropelada-na-a7-em-famalicao\/#primaryimage"},"thumbnailUrl":"https:\/\/portaltela.pt\/s.01k8rhncp4jt1\/2026\/01\/f7543f95-acb0-41e8-a791-ffda0eb93c41_1200x675.jpg","keywords":["acidente de via\u00e7\u00e3o","bombeiros","estradas","Famalic\u00e3o","GNR","NICAV"],"articleSection":["Not\u00edcias"],"inLanguage":"pt-PT"},{"@type":"WebPage","@id":"https:\/\/portaltela.pt\/noticias\/2026\/01\/16\/mulher-despista-se-sai-do-carro-e-morre-atropelada-na-a7-em-famalicao\/","url":"https:\/\/portaltela.pt\/noticias\/2026\/01\/16\/mulher-despista-se-sai-do-carro-e-morre-atropelada-na-a7-em-famalicao\/","name":"Mulher despista-se, sai do carro e morre atropelada na A7 em Famalic\u00e3o - Portal Tela Portugal","isPartOf":{"@id":"https:\/\/portaltela.pt\/#website"},"primaryImageOfPage":{"@id":"https:\/\/portaltela.pt\/noticias\/2026\/01\/16\/mulher-despista-se-sai-do-carro-e-morre-atropelada-na-a7-em-famalicao\/#primaryimage"},"image":{"@id":"https:\/\/portaltela.pt\/noticias\/2026\/01\/16\/mulher-despista-se-sai-do-carro-e-morre-atropelada-na-a7-em-famalicao\/#primaryimage"},"thumbnailUrl":"https:\/\/portaltela.pt\/s.01k8rhncp4jt1\/2026\/01\/f7543f95-acb0-41e8-a791-ffda0eb93c41_1200x675.jpg","datePublished":"2026-01-16T22:53:00+00:00","author":{"@id":"https:\/\/portaltela.pt\/#\/schema\/person\/c4278d4a6028830caff9ee44b42d32ed"},"breadcrumb":{"@id":"https:\/\/portaltela.pt\/noticias\/2026\/01\/16\/mulher-despista-se-sai-do-carro-e-morre-atropelada-na-a7-em-famalicao\/#breadcrumb"},"inLanguage":"pt-PT","potentialAction":[{"@type":"ReadAction","target":["https:\/\/portaltela.pt\/noticias\/2026\/01\/16\/mulher-despista-se-sai-do-carro-e-morre-atropelada-na-a7-em-famalicao\/"]}]},{"@type":"ImageObject","inLanguage":"pt-PT","@id":"https:\/\/portaltela.pt\/noticias\/2026\/01\/16\/mulher-despista-se-sai-do-carro-e-morre-atropelada-na-a7-em-famalicao\/#primaryimage","url":"https:\/\/portaltela.pt\/s.01k8rhncp4jt1\/2026\/01\/f7543f95-acb0-41e8-a791-ffda0eb93c41_1200x675.jpg","contentUrl":"https:\/\/portaltela.pt\/s.01k8rhncp4jt1\/2026\/01\/f7543f95-acb0-41e8-a791-ffda0eb93c41_1200x675.jpg","width":796,"height":448,"caption":"O autom\u00f3vel envolvido no acidente ficou destru\u00eddo"},{"@type":"BreadcrumbList","@id":"https:\/\/portaltela.pt\/noticias\/2026\/01\/16\/mulher-despista-se-sai-do-carro-e-morre-atropelada-na-a7-em-famalicao\/#breadcrumb","itemListElement":[{"@type":"ListItem","position":1,"name":"In\u00edcio","item":"https:\/\/portaltela.pt\/"},{"@type":"ListItem","position":2,"name":"Mulher despista-se, sai do carro e morre atropelada na A7 em Famalic\u00e3o"}]},{"@type":"WebSite","@id":"https:\/\/portaltela.pt\/#website","url":"https:\/\/portaltela.pt\/","name":"Portal Tela Portugal","description":"","potentialAction":[{"@type":"SearchAction","target":{"@type":"EntryPoint","urlTemplate":"https:\/\/portaltela.pt\/?s={search_term_string}"},"query-input":{"@type":"PropertyValueSpecification","valueRequired":true,"valueName":"search_term_string"}}],"inLanguage":"pt-PT"},{"@type":"Person","@id":"https:\/\/portaltela.pt\/#\/schema\/person\/c4278d4a6028830caff9ee44b42d32ed","name":"Telinha","image":{"@type":"ImageObject","inLanguage":"pt-PT","@id":"https:\/\/portaltela.pt\/s.01k8rhncp4jt1\/2025\/11\/talking-bot-125x125.png","url":"https:\/\/portaltela.pt\/s.01k8rhncp4jt1\/2025\/11\/talking-bot-125x125.png","contentUrl":"https:\/\/portaltela.pt\/s.01k8rhncp4jt1\/2025\/11\/talking-bot-125x125.png","caption":"Telinha"},"sameAs":["https:\/\/portaltela.pt\/"],"url":"https:\/\/portaltela.pt\/por\/367410592786\/"}]}},"_links":{"self":[{"href":"https:\/\/portaltela.pt\/api\/wp\/v2\/posts\/146721","targetHints":{"allow":["GET"]}}],"collection":[{"href":"https:\/\/portaltela.pt\/api\/wp\/v2\/posts"}],"about":[{"href":"https:\/\/portaltela.pt\/api\/wp\/v2\/types\/post"}],"author":[{"embeddable":true,"href":"https:\/\/portaltela.pt\/api\/wp\/v2\/users\/2"}],"replies":[{"embeddable":true,"href":"https:\/\/portaltela.pt\/api\/wp\/v2\/comments?post=146721"}],"version-history":[{"count":0,"href":"https:\/\/portaltela.pt\/api\/wp\/v2\/posts\/146721\/revisions"}],"wp:featuredmedia":[{"embeddable":true,"href":"https:\/\/portaltela.pt\/api\/wp\/v2\/media\/146722"}],"wp:attachment":[{"href":"https:\/\/portaltela.pt\/api\/wp\/v2\/media?parent=146721"}],"wp:term":[{"taxonomy":"category","embeddable":true,"href":"https:\/\/portaltela.pt\/api\/wp\/v2\/categories?post=146721"},{"taxonomy":"post_tag","embeddable":true,"href":"https:\/\/portaltela.pt\/api\/wp\/v2\/tags?post=146721"}],"curies":[{"name":"wp","href":"https:\/\/api.w.org\/{rel}","templated":true}]}}