{"id":146665,"date":"2026-01-16T19:19:58","date_gmt":"2026-01-16T22:19:58","guid":{"rendered":"https:\/\/portaltela.pt\/noticias\/2026\/01\/16\/dembele-admite-que-quis-chutar-mas-falhou-no-dominio\/"},"modified":"2026-01-16T19:19:58","modified_gmt":"2026-01-16T22:19:58","slug":"dembele-admite-que-quis-chutar-mas-falhou-no-dominio","status":"publish","type":"post","link":"https:\/\/portaltela.pt\/desporto\/futebol\/2026\/01\/16\/dembele-admite-que-quis-chutar-mas-falhou-no-dominio\/","title":{"rendered":"Demb\u00e9l\u00e9 admite que quis chutar, mas falhou no dom\u00ednio"},"content":{"rendered":"<p>O PSG venceu o Lille por 3-0, com um golo de grande eleva\u00e7\u00e3o t\u00e9cnica de Ousmane Demb\u00e9l\u00e9. O avan\u00e7ado franc\u00eas revelou o momento de inspira\u00e7\u00e3o que resultou no segundo tento, descrevendo o lance de forma detalhada. A equipa dominou o jogo e ampliou a vantagem na segunda parte, mostrandoannes compromisso para a segunda metade da \u00e9poca.<\/p>\n<p>Demb\u00e9l\u00e9 explicou que o golo surgiu num momento em que pretendia rematar de primeira, mas acabou por ajustar o dom\u00ednio perante a aproxima\u00e7\u00e3o do central advers\u00e1rio. Optou pelo p\u00e9 esquerdo, viu o guarda-redes adiantado e finalizou para selar a jogada. O jogador considera o tento entre os melhores da temporada e apontou estar 100% dispon\u00edvel para o resto do campeonato.<\/p>\n<p>Zaire-Emery enalteceu a qualidade do compatriota, destacando a magia de Demb\u00e9l\u00e9 e o seu conjunto de habilidades. O jovem m\u00e9dio descreveu o ataque como fruto do talento do colega, que imprime velocidade, criatividade e irrever\u00eancia nas a\u00e7\u00f5es ofensivas do PSG.<\/p>\n<h3>Rea\u00e7\u00f5es do treinador<\/h3>\n<p>Luis Enrique elogiou o golo e a capacidade de Demb\u00e9l\u00e9 de decidir jogos, referindo-o como um jogador singular. O t\u00e9cnico reconheceu o impacto do avan\u00e7ado na equipa e manifestou o desejo de ver mais performances semelhantes na segunda metade da \u00e9poca, reconhecendo o papel de lideran\u00e7a que Demb\u00e9l\u00e9 pode assumir.<\/p>\n","protected":false},"excerpt":{"rendered":"<ul>\n<li>O avan\u00e7ado do PSG Ousmane Demb\u00e9l\u00e9 marcou um dos melhores golos da \u00e9poca frente ao Lille, na vit\u00f3ria do PSG por 3-0.<\/li>\n<li>Explicou que queria rematar de primeira, errou no dom\u00ednio, mudou para o p\u00e9 esquerdo e, com o guarda-redes adiantado, rematou e acabou por acertar.<\/li>\n<li>Zaire-Emery elogiou a magia de Demb\u00e9l\u00e9, dizendo que \u00e9 um jogador extraordin\u00e1rio e que traz muito \u00e0 equipa.<\/li>\n<li>O treinador do PSG, Lu\u00eds Enrique, considerou o golo incr\u00edvel, de \u201cvideojogo\u201d, e pediu ainda mais dele para liderar a equipa.<\/li>\n<li>Demb\u00e9l\u00e9 afirmou estar 100% na segunda metade da \u00e9poca ap\u00f3s les\u00f5es, descrevendo o momento como uma b\u00ean\u00e7\u00e3o.<\/li>\n<\/ul>\n","protected":false},"author":2,"featured_media":146672,"comment_status":"closed","ping_status":"closed","sticky":false,"template":"","format":"standard","meta":{"footnotes":""},"categories":[21,24],"tags":[152,32,1822,2968,1982,3285],"class_list":["post-146665","post","type-post","status-publish","format-standard","has-post-thumbnail","hentry","category-desporto","category-futebol","tag-desporto","tag-futebol","tag-ligue-1","tag-ousmane-dembele","tag-paris-saint-germain","tag-zaire-emery"],"yoast_head":"<!-- This site is optimized with the Yoast SEO plugin v27.2 - https:\/\/yoast.com\/product\/yoast-seo-wordpress\/ -->\n<title>Demb\u00e9l\u00e9 admite que quis chutar, mas falhou no dom\u00ednio - Portal Tela Portugal<\/title>\n<meta name=\"robots\" content=\"index, follow, max-snippet:-1, max-image-preview:large, max-video-preview:-1\" \/>\n<meta property=\"og:locale\" content=\"pt_PT\" \/>\n<meta property=\"og:type\" content=\"article\" \/>\n<meta property=\"og:title\" content=\"Demb\u00e9l\u00e9 admite que quis chutar, mas falhou no dom\u00ednio - Portal Tela Portugal\" \/>\n<meta property=\"og:description\" content=\"O avan\u00e7ado do PSG Ousmane Demb\u00e9l\u00e9 marcou um dos melhores golos da \u00e9poca frente ao Lille, na vit\u00f3ria do PSG por 3-0. Explicou que queria rematar de primeira, errou no dom\u00ednio, mudou para o p\u00e9 esquerdo e, com o guarda-redes adiantado, rematou e acabou por acertar. Zaire-Emery elogiou a magia de Demb\u00e9l\u00e9, dizendo que \u00e9 um jogador extraordin\u00e1rio e que traz muito \u00e0 equipa. O treinador do PSG, Lu\u00eds Enrique, considerou o golo incr\u00edvel, de \u201cvideojogo\u201d, e pediu ainda mais dele para liderar a equipa. Demb\u00e9l\u00e9 afirmou estar 100% na segunda metade da \u00e9poca ap\u00f3s les\u00f5es, descrevendo o momento como uma b\u00ean\u00e7\u00e3o.\" \/>\n<meta property=\"og:url\" content=\"https:\/\/portaltela.pt\/noticias\/2026\/01\/16\/dembele-admite-que-quis-chutar-mas-falhou-no-dominio\/\" \/>\n<meta property=\"og:site_name\" content=\"Portal Tela Portugal\" \/>\n<meta property=\"article:published_time\" content=\"2026-01-16T22:19:58+00:00\" \/>\n<meta name=\"author\" content=\"Telinha\" \/>\n<meta name=\"twitter:card\" content=\"summary_large_image\" \/>\n<meta name=\"twitter:label1\" content=\"Escrito por\" \/>\n\t<meta name=\"twitter:data1\" content=\"Telinha\" \/>\n\t<meta name=\"twitter:label2\" content=\"Tempo estimado de leitura\" \/>\n\t<meta name=\"twitter:data2\" content=\"1 minuto\" \/>\n<script type=\"application\/ld+json\" class=\"yoast-schema-graph\">{\"@context\":\"https:\/\/schema.org\",\"@graph\":[{\"@type\":\"Article\",\"@id\":\"https:\/\/portaltela.pt\/noticias\/2026\/01\/16\/dembele-admite-que-quis-chutar-mas-falhou-no-dominio\/#article\",\"isPartOf\":{\"@id\":\"https:\/\/portaltela.pt\/noticias\/2026\/01\/16\/dembele-admite-que-quis-chutar-mas-falhou-no-dominio\/\"},\"author\":{\"name\":\"Telinha\",\"@id\":\"https:\/\/portaltela.pt\/#\/schema\/person\/c4278d4a6028830caff9ee44b42d32ed\"},\"headline\":\"Demb\u00e9l\u00e9 admite que quis chutar, mas falhou no dom\u00ednio\",\"datePublished\":\"2026-01-16T22:19:58+00:00\",\"mainEntityOfPage\":{\"@id\":\"https:\/\/portaltela.pt\/noticias\/2026\/01\/16\/dembele-admite-que-quis-chutar-mas-falhou-no-dominio\/\"},\"wordCount\":240,\"image\":{\"@id\":\"https:\/\/portaltela.pt\/noticias\/2026\/01\/16\/dembele-admite-que-quis-chutar-mas-falhou-no-dominio\/#primaryimage\"},\"thumbnailUrl\":\"https:\/\/portaltela.pt\/s.01k8rhncp4jt1\/2026\/01\/bb70ac47-9cd0-453e-a722-6dd0d9b0d27d.jpg\",\"keywords\":[\"desporto\",\"futebol\",\"Ligue 1\",\"Ousmane Demb\u00e9l\u00e9\",\"Paris Saint-Germain\",\"Zaire-Emery\"],\"articleSection\":[\"Desporto\",\"Futebol\"],\"inLanguage\":\"pt-PT\"},{\"@type\":\"WebPage\",\"@id\":\"https:\/\/portaltela.pt\/noticias\/2026\/01\/16\/dembele-admite-que-quis-chutar-mas-falhou-no-dominio\/\",\"url\":\"https:\/\/portaltela.pt\/noticias\/2026\/01\/16\/dembele-admite-que-quis-chutar-mas-falhou-no-dominio\/\",\"name\":\"Demb\u00e9l\u00e9 admite que quis chutar, mas falhou no dom\u00ednio - Portal Tela Portugal\",\"isPartOf\":{\"@id\":\"https:\/\/portaltela.pt\/#website\"},\"primaryImageOfPage\":{\"@id\":\"https:\/\/portaltela.pt\/noticias\/2026\/01\/16\/dembele-admite-que-quis-chutar-mas-falhou-no-dominio\/#primaryimage\"},\"image\":{\"@id\":\"https:\/\/portaltela.pt\/noticias\/2026\/01\/16\/dembele-admite-que-quis-chutar-mas-falhou-no-dominio\/#primaryimage\"},\"thumbnailUrl\":\"https:\/\/portaltela.pt\/s.01k8rhncp4jt1\/2026\/01\/bb70ac47-9cd0-453e-a722-6dd0d9b0d27d.jpg\",\"datePublished\":\"2026-01-16T22:19:58+00:00\",\"author\":{\"@id\":\"https:\/\/portaltela.pt\/#\/schema\/person\/c4278d4a6028830caff9ee44b42d32ed\"},\"breadcrumb\":{\"@id\":\"https:\/\/portaltela.pt\/noticias\/2026\/01\/16\/dembele-admite-que-quis-chutar-mas-falhou-no-dominio\/#breadcrumb\"},\"inLanguage\":\"pt-PT\",\"potentialAction\":[{\"@type\":\"ReadAction\",\"target\":[\"https:\/\/portaltela.pt\/noticias\/2026\/01\/16\/dembele-admite-que-quis-chutar-mas-falhou-no-dominio\/\"]}]},{\"@type\":\"ImageObject\",\"inLanguage\":\"pt-PT\",\"@id\":\"https:\/\/portaltela.pt\/noticias\/2026\/01\/16\/dembele-admite-que-quis-chutar-mas-falhou-no-dominio\/#primaryimage\",\"url\":\"https:\/\/portaltela.pt\/s.01k8rhncp4jt1\/2026\/01\/bb70ac47-9cd0-453e-a722-6dd0d9b0d27d.jpg\",\"contentUrl\":\"https:\/\/portaltela.pt\/s.01k8rhncp4jt1\/2026\/01\/bb70ac47-9cd0-453e-a722-6dd0d9b0d27d.jpg\",\"width\":796,\"height\":448,\"caption\":\"Demb\u00e9l\u00e9 fala do fant\u00e1stico golo que marcou frente ao Lille - FOTO IMAGO\"},{\"@type\":\"BreadcrumbList\",\"@id\":\"https:\/\/portaltela.pt\/noticias\/2026\/01\/16\/dembele-admite-que-quis-chutar-mas-falhou-no-dominio\/#breadcrumb\",\"itemListElement\":[{\"@type\":\"ListItem\",\"position\":1,\"name\":\"In\u00edcio\",\"item\":\"https:\/\/portaltela.pt\/\"},{\"@type\":\"ListItem\",\"position\":2,\"name\":\"Demb\u00e9l\u00e9 admite que quis chutar, mas falhou no dom\u00ednio\"}]},{\"@type\":\"WebSite\",\"@id\":\"https:\/\/portaltela.pt\/#website\",\"url\":\"https:\/\/portaltela.pt\/\",\"name\":\"Portal Tela Portugal\",\"description\":\"\",\"potentialAction\":[{\"@type\":\"SearchAction\",\"target\":{\"@type\":\"EntryPoint\",\"urlTemplate\":\"https:\/\/portaltela.pt\/?s={search_term_string}\"},\"query-input\":{\"@type\":\"PropertyValueSpecification\",\"valueRequired\":true,\"valueName\":\"search_term_string\"}}],\"inLanguage\":\"pt-PT\"},{\"@type\":\"Person\",\"@id\":\"https:\/\/portaltela.pt\/#\/schema\/person\/c4278d4a6028830caff9ee44b42d32ed\",\"name\":\"Telinha\",\"image\":{\"@type\":\"ImageObject\",\"inLanguage\":\"pt-PT\",\"@id\":\"https:\/\/portaltela.pt\/s.01k8rhncp4jt1\/2025\/11\/talking-bot-125x125.png\",\"url\":\"https:\/\/portaltela.pt\/s.01k8rhncp4jt1\/2025\/11\/talking-bot-125x125.png\",\"contentUrl\":\"https:\/\/portaltela.pt\/s.01k8rhncp4jt1\/2025\/11\/talking-bot-125x125.png\",\"caption\":\"Telinha\"},\"sameAs\":[\"https:\/\/portaltela.pt\/\"],\"url\":\"https:\/\/portaltela.pt\/por\/367410592786\/\"}]}<\/script>\n<!-- \/ Yoast SEO plugin. -->","yoast_head_json":{"title":"Demb\u00e9l\u00e9 admite que quis chutar, mas falhou no dom\u00ednio - Portal Tela Portugal","robots":{"index":"index","follow":"follow","max-snippet":"max-snippet:-1","max-image-preview":"max-image-preview:large","max-video-preview":"max-video-preview:-1"},"og_locale":"pt_PT","og_type":"article","og_title":"Demb\u00e9l\u00e9 admite que quis chutar, mas falhou no dom\u00ednio - Portal Tela Portugal","og_description":"O avan\u00e7ado do PSG Ousmane Demb\u00e9l\u00e9 marcou um dos melhores golos da \u00e9poca frente ao Lille, na vit\u00f3ria do PSG por 3-0. Explicou que queria rematar de primeira, errou no dom\u00ednio, mudou para o p\u00e9 esquerdo e, com o guarda-redes adiantado, rematou e acabou por acertar. Zaire-Emery elogiou a magia de Demb\u00e9l\u00e9, dizendo que \u00e9 um jogador extraordin\u00e1rio e que traz muito \u00e0 equipa. O treinador do PSG, Lu\u00eds Enrique, considerou o golo incr\u00edvel, de \u201cvideojogo\u201d, e pediu ainda mais dele para liderar a equipa. Demb\u00e9l\u00e9 afirmou estar 100% na segunda metade da \u00e9poca ap\u00f3s les\u00f5es, descrevendo o momento como uma b\u00ean\u00e7\u00e3o.","og_url":"https:\/\/portaltela.pt\/noticias\/2026\/01\/16\/dembele-admite-que-quis-chutar-mas-falhou-no-dominio\/","og_site_name":"Portal Tela Portugal","article_published_time":"2026-01-16T22:19:58+00:00","author":"Telinha","twitter_card":"summary_large_image","twitter_misc":{"Escrito por":"Telinha","Tempo estimado de leitura":"1 minuto"},"schema":{"@context":"https:\/\/schema.org","@graph":[{"@type":"Article","@id":"https:\/\/portaltela.pt\/noticias\/2026\/01\/16\/dembele-admite-que-quis-chutar-mas-falhou-no-dominio\/#article","isPartOf":{"@id":"https:\/\/portaltela.pt\/noticias\/2026\/01\/16\/dembele-admite-que-quis-chutar-mas-falhou-no-dominio\/"},"author":{"name":"Telinha","@id":"https:\/\/portaltela.pt\/#\/schema\/person\/c4278d4a6028830caff9ee44b42d32ed"},"headline":"Demb\u00e9l\u00e9 admite que quis chutar, mas falhou no dom\u00ednio","datePublished":"2026-01-16T22:19:58+00:00","mainEntityOfPage":{"@id":"https:\/\/portaltela.pt\/noticias\/2026\/01\/16\/dembele-admite-que-quis-chutar-mas-falhou-no-dominio\/"},"wordCount":240,"image":{"@id":"https:\/\/portaltela.pt\/noticias\/2026\/01\/16\/dembele-admite-que-quis-chutar-mas-falhou-no-dominio\/#primaryimage"},"thumbnailUrl":"https:\/\/portaltela.pt\/s.01k8rhncp4jt1\/2026\/01\/bb70ac47-9cd0-453e-a722-6dd0d9b0d27d.jpg","keywords":["desporto","futebol","Ligue 1","Ousmane Demb\u00e9l\u00e9","Paris Saint-Germain","Zaire-Emery"],"articleSection":["Desporto","Futebol"],"inLanguage":"pt-PT"},{"@type":"WebPage","@id":"https:\/\/portaltela.pt\/noticias\/2026\/01\/16\/dembele-admite-que-quis-chutar-mas-falhou-no-dominio\/","url":"https:\/\/portaltela.pt\/noticias\/2026\/01\/16\/dembele-admite-que-quis-chutar-mas-falhou-no-dominio\/","name":"Demb\u00e9l\u00e9 admite que quis chutar, mas falhou no dom\u00ednio - Portal Tela Portugal","isPartOf":{"@id":"https:\/\/portaltela.pt\/#website"},"primaryImageOfPage":{"@id":"https:\/\/portaltela.pt\/noticias\/2026\/01\/16\/dembele-admite-que-quis-chutar-mas-falhou-no-dominio\/#primaryimage"},"image":{"@id":"https:\/\/portaltela.pt\/noticias\/2026\/01\/16\/dembele-admite-que-quis-chutar-mas-falhou-no-dominio\/#primaryimage"},"thumbnailUrl":"https:\/\/portaltela.pt\/s.01k8rhncp4jt1\/2026\/01\/bb70ac47-9cd0-453e-a722-6dd0d9b0d27d.jpg","datePublished":"2026-01-16T22:19:58+00:00","author":{"@id":"https:\/\/portaltela.pt\/#\/schema\/person\/c4278d4a6028830caff9ee44b42d32ed"},"breadcrumb":{"@id":"https:\/\/portaltela.pt\/noticias\/2026\/01\/16\/dembele-admite-que-quis-chutar-mas-falhou-no-dominio\/#breadcrumb"},"inLanguage":"pt-PT","potentialAction":[{"@type":"ReadAction","target":["https:\/\/portaltela.pt\/noticias\/2026\/01\/16\/dembele-admite-que-quis-chutar-mas-falhou-no-dominio\/"]}]},{"@type":"ImageObject","inLanguage":"pt-PT","@id":"https:\/\/portaltela.pt\/noticias\/2026\/01\/16\/dembele-admite-que-quis-chutar-mas-falhou-no-dominio\/#primaryimage","url":"https:\/\/portaltela.pt\/s.01k8rhncp4jt1\/2026\/01\/bb70ac47-9cd0-453e-a722-6dd0d9b0d27d.jpg","contentUrl":"https:\/\/portaltela.pt\/s.01k8rhncp4jt1\/2026\/01\/bb70ac47-9cd0-453e-a722-6dd0d9b0d27d.jpg","width":796,"height":448,"caption":"Demb\u00e9l\u00e9 fala do fant\u00e1stico golo que marcou frente ao Lille - FOTO IMAGO"},{"@type":"BreadcrumbList","@id":"https:\/\/portaltela.pt\/noticias\/2026\/01\/16\/dembele-admite-que-quis-chutar-mas-falhou-no-dominio\/#breadcrumb","itemListElement":[{"@type":"ListItem","position":1,"name":"In\u00edcio","item":"https:\/\/portaltela.pt\/"},{"@type":"ListItem","position":2,"name":"Demb\u00e9l\u00e9 admite que quis chutar, mas falhou no dom\u00ednio"}]},{"@type":"WebSite","@id":"https:\/\/portaltela.pt\/#website","url":"https:\/\/portaltela.pt\/","name":"Portal Tela Portugal","description":"","potentialAction":[{"@type":"SearchAction","target":{"@type":"EntryPoint","urlTemplate":"https:\/\/portaltela.pt\/?s={search_term_string}"},"query-input":{"@type":"PropertyValueSpecification","valueRequired":true,"valueName":"search_term_string"}}],"inLanguage":"pt-PT"},{"@type":"Person","@id":"https:\/\/portaltela.pt\/#\/schema\/person\/c4278d4a6028830caff9ee44b42d32ed","name":"Telinha","image":{"@type":"ImageObject","inLanguage":"pt-PT","@id":"https:\/\/portaltela.pt\/s.01k8rhncp4jt1\/2025\/11\/talking-bot-125x125.png","url":"https:\/\/portaltela.pt\/s.01k8rhncp4jt1\/2025\/11\/talking-bot-125x125.png","contentUrl":"https:\/\/portaltela.pt\/s.01k8rhncp4jt1\/2025\/11\/talking-bot-125x125.png","caption":"Telinha"},"sameAs":["https:\/\/portaltela.pt\/"],"url":"https:\/\/portaltela.pt\/por\/367410592786\/"}]}},"_links":{"self":[{"href":"https:\/\/portaltela.pt\/api\/wp\/v2\/posts\/146665","targetHints":{"allow":["GET"]}}],"collection":[{"href":"https:\/\/portaltela.pt\/api\/wp\/v2\/posts"}],"about":[{"href":"https:\/\/portaltela.pt\/api\/wp\/v2\/types\/post"}],"author":[{"embeddable":true,"href":"https:\/\/portaltela.pt\/api\/wp\/v2\/users\/2"}],"replies":[{"embeddable":true,"href":"https:\/\/portaltela.pt\/api\/wp\/v2\/comments?post=146665"}],"version-history":[{"count":0,"href":"https:\/\/portaltela.pt\/api\/wp\/v2\/posts\/146665\/revisions"}],"wp:featuredmedia":[{"embeddable":true,"href":"https:\/\/portaltela.pt\/api\/wp\/v2\/media\/146672"}],"wp:attachment":[{"href":"https:\/\/portaltela.pt\/api\/wp\/v2\/media?parent=146665"}],"wp:term":[{"taxonomy":"category","embeddable":true,"href":"https:\/\/portaltela.pt\/api\/wp\/v2\/categories?post=146665"},{"taxonomy":"post_tag","embeddable":true,"href":"https:\/\/portaltela.pt\/api\/wp\/v2\/tags?post=146665"}],"curies":[{"name":"wp","href":"https:\/\/api.w.org\/{rel}","templated":true}]}}