{"id":146625,"date":"2026-01-16T18:56:57","date_gmt":"2026-01-16T21:56:57","guid":{"rendered":"https:\/\/portaltela.pt\/noticias\/2026\/01\/16\/can-final-leva-ministerio-da-educacao-de-marrocos-a-adiar-exames\/"},"modified":"2026-01-16T18:56:57","modified_gmt":"2026-01-16T21:56:57","slug":"can-final-leva-ministerio-da-educacao-de-marrocos-a-adiar-exames","status":"publish","type":"post","link":"https:\/\/portaltela.pt\/desporto\/futebol\/2026\/01\/16\/can-final-leva-ministerio-da-educacao-de-marrocos-a-adiar-exames\/","title":{"rendered":"CAN: final leva Minist\u00e9rio da Educa\u00e7\u00e3o de Marrocos a adiar exames"},"content":{"rendered":"<p>O minist\u00e9rio da Educa\u00e7\u00e3o de Marrocos adiou os exames do primeiro semestre para que os alunos possam apoiar a sele\u00e7\u00e3o na final da CAN, no domingo, contra o Senegal. Os planos originais marcavam provas para 19 e 20 de janeiro, dois dias ap\u00f3s o jogo decisivo em Rabat.<\/p>\n<p>A decis\u00e3o responde \u00e0 mobiliza\u00e7\u00e3o nacional em torno dos Le\u00f5es do Atlas, que disputam a final em casa pela primeira vez desde 2004. As avalia\u00e7\u00f5es foram remarcadas para 20 e 21 de janeiro, para permitir concentra\u00e7\u00e3o no encontro de domingo.<\/p>\n<h3>Envolvidos e motiva\u00e7\u00e3o<\/h3>\n<p>O secret\u00e1rio-geral do Movimento Popular, Mohamed Ouzzine, solicitou ao ministro Saad Berrada a possibilidade de ajuste. A ideia \u00e9 que os alunos celebrem sem perder o foco nos exames, segundo o pr\u00f3prio pedido apresentado.<\/p>\n<h3>Percurso at\u00e9 \u00e0 final<\/h3>\n<p>Marrocos chegou \u00e0 final ao vencer o grupo, eliminar a Tanz\u00e2nia nos oitavos, os Camar\u00f5es nos quartos e a Nig\u00e9ria nas meias, em penalties ap\u00f3s empate sem gols. A final \u00e9 disputada em Rabat, com o objetivo de assegurar o t\u00edtulo.<\/p>\n","protected":false},"excerpt":{"rendered":"<ul>\n<li>O minist\u00e9rio da Educa\u00e7\u00e3o de Marrocos adiou as provas do primeiro semestre para apoiar a sele\u00e7\u00e3o na final da CAN, disputada no domingo contra o Senegal.<\/li>\n<li>As provas, inicialmente marcadas para 19 e 20 de janeiro, foram remarcadas para 20 e 21 de janeiro.<\/li>\n<li>A decis\u00e3o foi tomada face \u00e0 grande mobiliza\u00e7\u00e3o nacional em torno da sele\u00e7\u00e3o marroquina, que joga em casa e busca o t\u00edtulo pela primeira vez desde 2004.<\/li>\n<li>O pedido veio do secret\u00e1rio-geral do Movimento Popular, Mohamed Ouzzine, que sugeriu que os alunos tivessem tempo para celebrar sem comprometer a prepara\u00e7\u00e3o dos exames.<\/li>\n<li>O percurso at\u00e9 \u00e0 final incluiu vit\u00f3rias sobre Tanz\u00e2nia, Camar\u00f5es e Nig\u00e9ria (nas meias-finais, nos p\u00e9naltis), mantendo o entusiasmo no pa\u00eds.<\/li>\n<\/ul>\n","protected":false},"author":2,"featured_media":146642,"comment_status":"closed","ping_status":"closed","sticky":false,"template":"","format":"standard","meta":{"footnotes":""},"categories":[21,24],"tags":[2619,163,32,2508,2057,1883],"class_list":["post-146625","post","type-post","status-publish","format-standard","has-post-thumbnail","hentry","category-desporto","category-futebol","tag-desportos-internacionais","tag-educacao","tag-futebol","tag-rabat","tag-selecao-nacional","tag-senegal"],"yoast_head":"<!-- This site is optimized with the Yoast SEO plugin v27.2 - https:\/\/yoast.com\/product\/yoast-seo-wordpress\/ -->\n<title>CAN: final leva Minist\u00e9rio da Educa\u00e7\u00e3o de Marrocos a adiar exames - Portal Tela Portugal<\/title>\n<meta name=\"robots\" content=\"index, follow, max-snippet:-1, max-image-preview:large, max-video-preview:-1\" \/>\n<meta property=\"og:locale\" content=\"pt_PT\" \/>\n<meta property=\"og:type\" content=\"article\" \/>\n<meta property=\"og:title\" content=\"CAN: final leva Minist\u00e9rio da Educa\u00e7\u00e3o de Marrocos a adiar exames - Portal Tela Portugal\" \/>\n<meta property=\"og:description\" content=\"O minist\u00e9rio da Educa\u00e7\u00e3o de Marrocos adiou as provas do primeiro semestre para apoiar a sele\u00e7\u00e3o na final da CAN, disputada no domingo contra o Senegal. As provas, inicialmente marcadas para 19 e 20 de janeiro, foram remarcadas para 20 e 21 de janeiro. A decis\u00e3o foi tomada face \u00e0 grande mobiliza\u00e7\u00e3o nacional em torno da sele\u00e7\u00e3o marroquina, que joga em casa e busca o t\u00edtulo pela primeira vez desde 2004. O pedido veio do secret\u00e1rio-geral do Movimento Popular, Mohamed Ouzzine, que sugeriu que os alunos tivessem tempo para celebrar sem comprometer a prepara\u00e7\u00e3o dos exames. O percurso at\u00e9 \u00e0 final incluiu vit\u00f3rias sobre Tanz\u00e2nia, Camar\u00f5es e Nig\u00e9ria (nas meias-finais, nos p\u00e9naltis), mantendo o entusiasmo no pa\u00eds.\" \/>\n<meta property=\"og:url\" content=\"https:\/\/portaltela.pt\/noticias\/2026\/01\/16\/can-final-leva-ministerio-da-educacao-de-marrocos-a-adiar-exames\/\" \/>\n<meta property=\"og:site_name\" content=\"Portal Tela Portugal\" \/>\n<meta property=\"article:published_time\" content=\"2026-01-16T21:56:57+00:00\" \/>\n<meta name=\"author\" content=\"Telinha\" \/>\n<meta name=\"twitter:card\" content=\"summary_large_image\" \/>\n<meta name=\"twitter:label1\" content=\"Escrito por\" \/>\n\t<meta name=\"twitter:data1\" content=\"Telinha\" \/>\n\t<meta name=\"twitter:label2\" content=\"Tempo estimado de leitura\" \/>\n\t<meta name=\"twitter:data2\" content=\"1 minuto\" \/>\n<script type=\"application\/ld+json\" class=\"yoast-schema-graph\">{\"@context\":\"https:\/\/schema.org\",\"@graph\":[{\"@type\":\"Article\",\"@id\":\"https:\/\/portaltela.pt\/noticias\/2026\/01\/16\/can-final-leva-ministerio-da-educacao-de-marrocos-a-adiar-exames\/#article\",\"isPartOf\":{\"@id\":\"https:\/\/portaltela.pt\/noticias\/2026\/01\/16\/can-final-leva-ministerio-da-educacao-de-marrocos-a-adiar-exames\/\"},\"author\":{\"name\":\"Telinha\",\"@id\":\"https:\/\/portaltela.pt\/#\/schema\/person\/c4278d4a6028830caff9ee44b42d32ed\"},\"headline\":\"CAN: final leva Minist\u00e9rio da Educa\u00e7\u00e3o de Marrocos a adiar exames\",\"datePublished\":\"2026-01-16T21:56:57+00:00\",\"mainEntityOfPage\":{\"@id\":\"https:\/\/portaltela.pt\/noticias\/2026\/01\/16\/can-final-leva-ministerio-da-educacao-de-marrocos-a-adiar-exames\/\"},\"wordCount\":190,\"image\":{\"@id\":\"https:\/\/portaltela.pt\/noticias\/2026\/01\/16\/can-final-leva-ministerio-da-educacao-de-marrocos-a-adiar-exames\/#primaryimage\"},\"thumbnailUrl\":\"https:\/\/portaltela.pt\/s.01k8rhncp4jt1\/2026\/01\/0eeda6b2-036a-45c4-92a9-29d25c0c635f.jpg\",\"keywords\":[\"desportos internacionais\",\"educa\u00e7\u00e3o\",\"futebol\",\"Rabat\",\"Sele\u00e7\u00e3o Nacional\",\"Senegal\"],\"articleSection\":[\"Desporto\",\"Futebol\"],\"inLanguage\":\"pt-PT\"},{\"@type\":\"WebPage\",\"@id\":\"https:\/\/portaltela.pt\/noticias\/2026\/01\/16\/can-final-leva-ministerio-da-educacao-de-marrocos-a-adiar-exames\/\",\"url\":\"https:\/\/portaltela.pt\/noticias\/2026\/01\/16\/can-final-leva-ministerio-da-educacao-de-marrocos-a-adiar-exames\/\",\"name\":\"CAN: final leva Minist\u00e9rio da Educa\u00e7\u00e3o de Marrocos a adiar exames - Portal Tela Portugal\",\"isPartOf\":{\"@id\":\"https:\/\/portaltela.pt\/#website\"},\"primaryImageOfPage\":{\"@id\":\"https:\/\/portaltela.pt\/noticias\/2026\/01\/16\/can-final-leva-ministerio-da-educacao-de-marrocos-a-adiar-exames\/#primaryimage\"},\"image\":{\"@id\":\"https:\/\/portaltela.pt\/noticias\/2026\/01\/16\/can-final-leva-ministerio-da-educacao-de-marrocos-a-adiar-exames\/#primaryimage\"},\"thumbnailUrl\":\"https:\/\/portaltela.pt\/s.01k8rhncp4jt1\/2026\/01\/0eeda6b2-036a-45c4-92a9-29d25c0c635f.jpg\",\"datePublished\":\"2026-01-16T21:56:57+00:00\",\"author\":{\"@id\":\"https:\/\/portaltela.pt\/#\/schema\/person\/c4278d4a6028830caff9ee44b42d32ed\"},\"breadcrumb\":{\"@id\":\"https:\/\/portaltela.pt\/noticias\/2026\/01\/16\/can-final-leva-ministerio-da-educacao-de-marrocos-a-adiar-exames\/#breadcrumb\"},\"inLanguage\":\"pt-PT\",\"potentialAction\":[{\"@type\":\"ReadAction\",\"target\":[\"https:\/\/portaltela.pt\/noticias\/2026\/01\/16\/can-final-leva-ministerio-da-educacao-de-marrocos-a-adiar-exames\/\"]}]},{\"@type\":\"ImageObject\",\"inLanguage\":\"pt-PT\",\"@id\":\"https:\/\/portaltela.pt\/noticias\/2026\/01\/16\/can-final-leva-ministerio-da-educacao-de-marrocos-a-adiar-exames\/#primaryimage\",\"url\":\"https:\/\/portaltela.pt\/s.01k8rhncp4jt1\/2026\/01\/0eeda6b2-036a-45c4-92a9-29d25c0c635f.jpg\",\"contentUrl\":\"https:\/\/portaltela.pt\/s.01k8rhncp4jt1\/2026\/01\/0eeda6b2-036a-45c4-92a9-29d25c0c635f.jpg\",\"width\":796,\"height\":448,\"caption\":\"Marrocos joga este domingo a final da CAN, ap\u00f3s eliminar a Nig\u00e9ria nos pen\u00e1ltis\"},{\"@type\":\"BreadcrumbList\",\"@id\":\"https:\/\/portaltela.pt\/noticias\/2026\/01\/16\/can-final-leva-ministerio-da-educacao-de-marrocos-a-adiar-exames\/#breadcrumb\",\"itemListElement\":[{\"@type\":\"ListItem\",\"position\":1,\"name\":\"In\u00edcio\",\"item\":\"https:\/\/portaltela.pt\/\"},{\"@type\":\"ListItem\",\"position\":2,\"name\":\"CAN: final leva Minist\u00e9rio da Educa\u00e7\u00e3o de Marrocos a adiar exames\"}]},{\"@type\":\"WebSite\",\"@id\":\"https:\/\/portaltela.pt\/#website\",\"url\":\"https:\/\/portaltela.pt\/\",\"name\":\"Portal Tela Portugal\",\"description\":\"\",\"potentialAction\":[{\"@type\":\"SearchAction\",\"target\":{\"@type\":\"EntryPoint\",\"urlTemplate\":\"https:\/\/portaltela.pt\/?s={search_term_string}\"},\"query-input\":{\"@type\":\"PropertyValueSpecification\",\"valueRequired\":true,\"valueName\":\"search_term_string\"}}],\"inLanguage\":\"pt-PT\"},{\"@type\":\"Person\",\"@id\":\"https:\/\/portaltela.pt\/#\/schema\/person\/c4278d4a6028830caff9ee44b42d32ed\",\"name\":\"Telinha\",\"image\":{\"@type\":\"ImageObject\",\"inLanguage\":\"pt-PT\",\"@id\":\"https:\/\/portaltela.pt\/s.01k8rhncp4jt1\/2025\/11\/talking-bot-125x125.png\",\"url\":\"https:\/\/portaltela.pt\/s.01k8rhncp4jt1\/2025\/11\/talking-bot-125x125.png\",\"contentUrl\":\"https:\/\/portaltela.pt\/s.01k8rhncp4jt1\/2025\/11\/talking-bot-125x125.png\",\"caption\":\"Telinha\"},\"sameAs\":[\"https:\/\/portaltela.pt\/\"],\"url\":\"https:\/\/portaltela.pt\/por\/367410592786\/\"}]}<\/script>\n<!-- \/ Yoast SEO plugin. -->","yoast_head_json":{"title":"CAN: final leva Minist\u00e9rio da Educa\u00e7\u00e3o de Marrocos a adiar exames - Portal Tela Portugal","robots":{"index":"index","follow":"follow","max-snippet":"max-snippet:-1","max-image-preview":"max-image-preview:large","max-video-preview":"max-video-preview:-1"},"og_locale":"pt_PT","og_type":"article","og_title":"CAN: final leva Minist\u00e9rio da Educa\u00e7\u00e3o de Marrocos a adiar exames - Portal Tela Portugal","og_description":"O minist\u00e9rio da Educa\u00e7\u00e3o de Marrocos adiou as provas do primeiro semestre para apoiar a sele\u00e7\u00e3o na final da CAN, disputada no domingo contra o Senegal. As provas, inicialmente marcadas para 19 e 20 de janeiro, foram remarcadas para 20 e 21 de janeiro. A decis\u00e3o foi tomada face \u00e0 grande mobiliza\u00e7\u00e3o nacional em torno da sele\u00e7\u00e3o marroquina, que joga em casa e busca o t\u00edtulo pela primeira vez desde 2004. O pedido veio do secret\u00e1rio-geral do Movimento Popular, Mohamed Ouzzine, que sugeriu que os alunos tivessem tempo para celebrar sem comprometer a prepara\u00e7\u00e3o dos exames. O percurso at\u00e9 \u00e0 final incluiu vit\u00f3rias sobre Tanz\u00e2nia, Camar\u00f5es e Nig\u00e9ria (nas meias-finais, nos p\u00e9naltis), mantendo o entusiasmo no pa\u00eds.","og_url":"https:\/\/portaltela.pt\/noticias\/2026\/01\/16\/can-final-leva-ministerio-da-educacao-de-marrocos-a-adiar-exames\/","og_site_name":"Portal Tela Portugal","article_published_time":"2026-01-16T21:56:57+00:00","author":"Telinha","twitter_card":"summary_large_image","twitter_misc":{"Escrito por":"Telinha","Tempo estimado de leitura":"1 minuto"},"schema":{"@context":"https:\/\/schema.org","@graph":[{"@type":"Article","@id":"https:\/\/portaltela.pt\/noticias\/2026\/01\/16\/can-final-leva-ministerio-da-educacao-de-marrocos-a-adiar-exames\/#article","isPartOf":{"@id":"https:\/\/portaltela.pt\/noticias\/2026\/01\/16\/can-final-leva-ministerio-da-educacao-de-marrocos-a-adiar-exames\/"},"author":{"name":"Telinha","@id":"https:\/\/portaltela.pt\/#\/schema\/person\/c4278d4a6028830caff9ee44b42d32ed"},"headline":"CAN: final leva Minist\u00e9rio da Educa\u00e7\u00e3o de Marrocos a adiar exames","datePublished":"2026-01-16T21:56:57+00:00","mainEntityOfPage":{"@id":"https:\/\/portaltela.pt\/noticias\/2026\/01\/16\/can-final-leva-ministerio-da-educacao-de-marrocos-a-adiar-exames\/"},"wordCount":190,"image":{"@id":"https:\/\/portaltela.pt\/noticias\/2026\/01\/16\/can-final-leva-ministerio-da-educacao-de-marrocos-a-adiar-exames\/#primaryimage"},"thumbnailUrl":"https:\/\/portaltela.pt\/s.01k8rhncp4jt1\/2026\/01\/0eeda6b2-036a-45c4-92a9-29d25c0c635f.jpg","keywords":["desportos internacionais","educa\u00e7\u00e3o","futebol","Rabat","Sele\u00e7\u00e3o Nacional","Senegal"],"articleSection":["Desporto","Futebol"],"inLanguage":"pt-PT"},{"@type":"WebPage","@id":"https:\/\/portaltela.pt\/noticias\/2026\/01\/16\/can-final-leva-ministerio-da-educacao-de-marrocos-a-adiar-exames\/","url":"https:\/\/portaltela.pt\/noticias\/2026\/01\/16\/can-final-leva-ministerio-da-educacao-de-marrocos-a-adiar-exames\/","name":"CAN: final leva Minist\u00e9rio da Educa\u00e7\u00e3o de Marrocos a adiar exames - Portal Tela Portugal","isPartOf":{"@id":"https:\/\/portaltela.pt\/#website"},"primaryImageOfPage":{"@id":"https:\/\/portaltela.pt\/noticias\/2026\/01\/16\/can-final-leva-ministerio-da-educacao-de-marrocos-a-adiar-exames\/#primaryimage"},"image":{"@id":"https:\/\/portaltela.pt\/noticias\/2026\/01\/16\/can-final-leva-ministerio-da-educacao-de-marrocos-a-adiar-exames\/#primaryimage"},"thumbnailUrl":"https:\/\/portaltela.pt\/s.01k8rhncp4jt1\/2026\/01\/0eeda6b2-036a-45c4-92a9-29d25c0c635f.jpg","datePublished":"2026-01-16T21:56:57+00:00","author":{"@id":"https:\/\/portaltela.pt\/#\/schema\/person\/c4278d4a6028830caff9ee44b42d32ed"},"breadcrumb":{"@id":"https:\/\/portaltela.pt\/noticias\/2026\/01\/16\/can-final-leva-ministerio-da-educacao-de-marrocos-a-adiar-exames\/#breadcrumb"},"inLanguage":"pt-PT","potentialAction":[{"@type":"ReadAction","target":["https:\/\/portaltela.pt\/noticias\/2026\/01\/16\/can-final-leva-ministerio-da-educacao-de-marrocos-a-adiar-exames\/"]}]},{"@type":"ImageObject","inLanguage":"pt-PT","@id":"https:\/\/portaltela.pt\/noticias\/2026\/01\/16\/can-final-leva-ministerio-da-educacao-de-marrocos-a-adiar-exames\/#primaryimage","url":"https:\/\/portaltela.pt\/s.01k8rhncp4jt1\/2026\/01\/0eeda6b2-036a-45c4-92a9-29d25c0c635f.jpg","contentUrl":"https:\/\/portaltela.pt\/s.01k8rhncp4jt1\/2026\/01\/0eeda6b2-036a-45c4-92a9-29d25c0c635f.jpg","width":796,"height":448,"caption":"Marrocos joga este domingo a final da CAN, ap\u00f3s eliminar a Nig\u00e9ria nos pen\u00e1ltis"},{"@type":"BreadcrumbList","@id":"https:\/\/portaltela.pt\/noticias\/2026\/01\/16\/can-final-leva-ministerio-da-educacao-de-marrocos-a-adiar-exames\/#breadcrumb","itemListElement":[{"@type":"ListItem","position":1,"name":"In\u00edcio","item":"https:\/\/portaltela.pt\/"},{"@type":"ListItem","position":2,"name":"CAN: final leva Minist\u00e9rio da Educa\u00e7\u00e3o de Marrocos a adiar exames"}]},{"@type":"WebSite","@id":"https:\/\/portaltela.pt\/#website","url":"https:\/\/portaltela.pt\/","name":"Portal Tela Portugal","description":"","potentialAction":[{"@type":"SearchAction","target":{"@type":"EntryPoint","urlTemplate":"https:\/\/portaltela.pt\/?s={search_term_string}"},"query-input":{"@type":"PropertyValueSpecification","valueRequired":true,"valueName":"search_term_string"}}],"inLanguage":"pt-PT"},{"@type":"Person","@id":"https:\/\/portaltela.pt\/#\/schema\/person\/c4278d4a6028830caff9ee44b42d32ed","name":"Telinha","image":{"@type":"ImageObject","inLanguage":"pt-PT","@id":"https:\/\/portaltela.pt\/s.01k8rhncp4jt1\/2025\/11\/talking-bot-125x125.png","url":"https:\/\/portaltela.pt\/s.01k8rhncp4jt1\/2025\/11\/talking-bot-125x125.png","contentUrl":"https:\/\/portaltela.pt\/s.01k8rhncp4jt1\/2025\/11\/talking-bot-125x125.png","caption":"Telinha"},"sameAs":["https:\/\/portaltela.pt\/"],"url":"https:\/\/portaltela.pt\/por\/367410592786\/"}]}},"_links":{"self":[{"href":"https:\/\/portaltela.pt\/api\/wp\/v2\/posts\/146625","targetHints":{"allow":["GET"]}}],"collection":[{"href":"https:\/\/portaltela.pt\/api\/wp\/v2\/posts"}],"about":[{"href":"https:\/\/portaltela.pt\/api\/wp\/v2\/types\/post"}],"author":[{"embeddable":true,"href":"https:\/\/portaltela.pt\/api\/wp\/v2\/users\/2"}],"replies":[{"embeddable":true,"href":"https:\/\/portaltela.pt\/api\/wp\/v2\/comments?post=146625"}],"version-history":[{"count":0,"href":"https:\/\/portaltela.pt\/api\/wp\/v2\/posts\/146625\/revisions"}],"wp:featuredmedia":[{"embeddable":true,"href":"https:\/\/portaltela.pt\/api\/wp\/v2\/media\/146642"}],"wp:attachment":[{"href":"https:\/\/portaltela.pt\/api\/wp\/v2\/media?parent=146625"}],"wp:term":[{"taxonomy":"category","embeddable":true,"href":"https:\/\/portaltela.pt\/api\/wp\/v2\/categories?post=146625"},{"taxonomy":"post_tag","embeddable":true,"href":"https:\/\/portaltela.pt\/api\/wp\/v2\/tags?post=146625"}],"curies":[{"name":"wp","href":"https:\/\/api.w.org\/{rel}","templated":true}]}}