{"id":146554,"date":"2026-01-16T18:40:22","date_gmt":"2026-01-16T21:40:22","guid":{"rendered":"https:\/\/portaltela.pt\/noticias\/2026\/01\/16\/sporting-em-alerta-apos-video-do-bola-de-ouro\/"},"modified":"2026-01-16T18:40:22","modified_gmt":"2026-01-16T21:40:22","slug":"sporting-em-alerta-apos-video-do-bola-de-ouro","status":"publish","type":"post","link":"https:\/\/portaltela.pt\/desporto\/futebol\/2026\/01\/16\/sporting-em-alerta-apos-video-do-bola-de-ouro\/","title":{"rendered":"Sporting em alerta ap\u00f3s v\u00eddeo do Bola de Ouro"},"content":{"rendered":"<p>Ousmane Demb\u00e9l\u00e9 foi a figura principal do encontro entre PSG e Lille, com o atacante a abrir o marcador aos 11 minutos. O jogo decorreu no contexto da temporada europeia, sob a gest\u00e3o de Luis Enrique.<\/p>\n<p>Na segunda parte, Demb\u00e9l\u00e9 voltou a brilhar com um lance de grande qualidade t\u00e9cnica. Recebeu longo passe, deixou dois advers\u00e1rios para tr\u00e1s com um toque e finalizou com um chap\u00e9u executado com dois p\u00e9s, aos 64 minutos.<\/p>\n<p>O golo inicial do franc\u00eas j\u00e1 tinha mostrado precis\u00e3o e vis\u00e3o de jogo, marcando a diferen\u00e7a desde cedo no duelo. O PSG procurava manter o ritmo diante do Lille em casa.<\/p>\n<h3>Desempenho e contexto<\/h3>\n<p>O contexto do jogo inclui a proximidade da visita do PSG a Lisboa, onde os comandados de Luis Enrique se deslocam em breve. O desempenho de Demb\u00e9l\u00e9 \u00e9 visto como indicativo de forma para o compromisso internacional.<\/p>\n<p>Resumo: o extremo franc\u00eas destacou-se com dois golos, o primeiro aos 11&#8242; e o segundo aos 64&#8242;, em uma vit\u00f3ria que refor\u00e7a a confian\u00e7a do PSG ao intervalo da visita a Portugal.<\/p>\n","protected":false},"excerpt":{"rendered":"<ul>\n<li>O Paris Saint-Germain recebeu o Lille, em jogo de prepara\u00e7\u00e3o, a poucos dias da visita de Luis Enrique a Lisboa.<\/li>\n<li>O extremo Ousmane Demb\u00e9l\u00e9 abriu o marcador aos 11 minutos.<\/li>\n<li>Aos 64 minutos, Demb\u00e9l\u00e9 anotou outro golo, ap\u00f3s receber passe longo, fintar o advers\u00e1rio e rematar com chap\u00e9u aos p\u00e9s do guarda-redes do Lille.<\/li>\n<li>O lance da segunda parte ficou marcado pela combina\u00e7\u00e3o de aud\u00e1cia e precis\u00e3o do jogador.<\/li>\n<li>O primeiro golo de Demb\u00e9l\u00e9 j\u00e1 tinha refletido a qualidade e o rigor t\u00e9cnico do remate.<\/li>\n<\/ul>\n","protected":false},"author":2,"featured_media":146556,"comment_status":"closed","ping_status":"closed","sticky":false,"template":"","format":"standard","meta":{"footnotes":""},"categories":[21,24],"tags":[152,186,32,2968],"class_list":["post-146554","post","type-post","status-publish","format-standard","has-post-thumbnail","hentry","category-desporto","category-futebol","tag-desporto","tag-desportos","tag-futebol","tag-ousmane-dembele"],"yoast_head":"<!-- This site is optimized with the Yoast SEO plugin v27.2 - https:\/\/yoast.com\/product\/yoast-seo-wordpress\/ -->\n<title>Sporting em alerta ap\u00f3s v\u00eddeo do Bola de Ouro - Portal Tela Portugal<\/title>\n<meta name=\"robots\" content=\"index, follow, max-snippet:-1, max-image-preview:large, max-video-preview:-1\" \/>\n<meta property=\"og:locale\" content=\"pt_PT\" \/>\n<meta property=\"og:type\" content=\"article\" \/>\n<meta property=\"og:title\" content=\"Sporting em alerta ap\u00f3s v\u00eddeo do Bola de Ouro - Portal Tela Portugal\" \/>\n<meta property=\"og:description\" content=\"O Paris Saint-Germain recebeu o Lille, em jogo de prepara\u00e7\u00e3o, a poucos dias da visita de Luis Enrique a Lisboa. O extremo Ousmane Demb\u00e9l\u00e9 abriu o marcador aos 11 minutos. Aos 64 minutos, Demb\u00e9l\u00e9 anotou outro golo, ap\u00f3s receber passe longo, fintar o advers\u00e1rio e rematar com chap\u00e9u aos p\u00e9s do guarda-redes do Lille. O lance da segunda parte ficou marcado pela combina\u00e7\u00e3o de aud\u00e1cia e precis\u00e3o do jogador. O primeiro golo de Demb\u00e9l\u00e9 j\u00e1 tinha refletido a qualidade e o rigor t\u00e9cnico do remate.\" \/>\n<meta property=\"og:url\" content=\"https:\/\/portaltela.pt\/noticias\/2026\/01\/16\/sporting-em-alerta-apos-video-do-bola-de-ouro\/\" \/>\n<meta property=\"og:site_name\" content=\"Portal Tela Portugal\" \/>\n<meta property=\"article:published_time\" content=\"2026-01-16T21:40:22+00:00\" \/>\n<meta name=\"author\" content=\"Telinha\" \/>\n<meta name=\"twitter:card\" content=\"summary_large_image\" \/>\n<meta name=\"twitter:label1\" content=\"Escrito por\" \/>\n\t<meta name=\"twitter:data1\" content=\"Telinha\" \/>\n\t<meta name=\"twitter:label2\" content=\"Tempo estimado de leitura\" \/>\n\t<meta name=\"twitter:data2\" content=\"1 minuto\" \/>\n<script type=\"application\/ld+json\" class=\"yoast-schema-graph\">{\"@context\":\"https:\/\/schema.org\",\"@graph\":[{\"@type\":\"Article\",\"@id\":\"https:\/\/portaltela.pt\/noticias\/2026\/01\/16\/sporting-em-alerta-apos-video-do-bola-de-ouro\/#article\",\"isPartOf\":{\"@id\":\"https:\/\/portaltela.pt\/noticias\/2026\/01\/16\/sporting-em-alerta-apos-video-do-bola-de-ouro\/\"},\"author\":{\"name\":\"Telinha\",\"@id\":\"https:\/\/portaltela.pt\/#\/schema\/person\/c4278d4a6028830caff9ee44b42d32ed\"},\"headline\":\"Sporting em alerta ap\u00f3s v\u00eddeo do Bola de Ouro\",\"datePublished\":\"2026-01-16T21:40:22+00:00\",\"mainEntityOfPage\":{\"@id\":\"https:\/\/portaltela.pt\/noticias\/2026\/01\/16\/sporting-em-alerta-apos-video-do-bola-de-ouro\/\"},\"wordCount\":199,\"image\":{\"@id\":\"https:\/\/portaltela.pt\/noticias\/2026\/01\/16\/sporting-em-alerta-apos-video-do-bola-de-ouro\/#primaryimage\"},\"thumbnailUrl\":\"https:\/\/portaltela.pt\/s.01k8rhncp4jt1\/2026\/01\/22be63a3-63db-4ec5-a26a-f2e3cc25af48-1.jpg\",\"keywords\":[\"desporto\",\"desportos\",\"futebol\",\"Ousmane Demb\u00e9l\u00e9\"],\"articleSection\":[\"Desporto\",\"Futebol\"],\"inLanguage\":\"pt-PT\"},{\"@type\":\"WebPage\",\"@id\":\"https:\/\/portaltela.pt\/noticias\/2026\/01\/16\/sporting-em-alerta-apos-video-do-bola-de-ouro\/\",\"url\":\"https:\/\/portaltela.pt\/noticias\/2026\/01\/16\/sporting-em-alerta-apos-video-do-bola-de-ouro\/\",\"name\":\"Sporting em alerta ap\u00f3s v\u00eddeo do Bola de Ouro - Portal Tela Portugal\",\"isPartOf\":{\"@id\":\"https:\/\/portaltela.pt\/#website\"},\"primaryImageOfPage\":{\"@id\":\"https:\/\/portaltela.pt\/noticias\/2026\/01\/16\/sporting-em-alerta-apos-video-do-bola-de-ouro\/#primaryimage\"},\"image\":{\"@id\":\"https:\/\/portaltela.pt\/noticias\/2026\/01\/16\/sporting-em-alerta-apos-video-do-bola-de-ouro\/#primaryimage\"},\"thumbnailUrl\":\"https:\/\/portaltela.pt\/s.01k8rhncp4jt1\/2026\/01\/22be63a3-63db-4ec5-a26a-f2e3cc25af48-1.jpg\",\"datePublished\":\"2026-01-16T21:40:22+00:00\",\"author\":{\"@id\":\"https:\/\/portaltela.pt\/#\/schema\/person\/c4278d4a6028830caff9ee44b42d32ed\"},\"breadcrumb\":{\"@id\":\"https:\/\/portaltela.pt\/noticias\/2026\/01\/16\/sporting-em-alerta-apos-video-do-bola-de-ouro\/#breadcrumb\"},\"inLanguage\":\"pt-PT\",\"potentialAction\":[{\"@type\":\"ReadAction\",\"target\":[\"https:\/\/portaltela.pt\/noticias\/2026\/01\/16\/sporting-em-alerta-apos-video-do-bola-de-ouro\/\"]}]},{\"@type\":\"ImageObject\",\"inLanguage\":\"pt-PT\",\"@id\":\"https:\/\/portaltela.pt\/noticias\/2026\/01\/16\/sporting-em-alerta-apos-video-do-bola-de-ouro\/#primaryimage\",\"url\":\"https:\/\/portaltela.pt\/s.01k8rhncp4jt1\/2026\/01\/22be63a3-63db-4ec5-a26a-f2e3cc25af48-1.jpg\",\"contentUrl\":\"https:\/\/portaltela.pt\/s.01k8rhncp4jt1\/2026\/01\/22be63a3-63db-4ec5-a26a-f2e3cc25af48-1.jpg\",\"width\":796,\"height\":448,\"caption\":\"Que tratado de exibi\u00e7\u00e3o, Demb\u00e9l\u00e9 - Foto: IMAGO\"},{\"@type\":\"BreadcrumbList\",\"@id\":\"https:\/\/portaltela.pt\/noticias\/2026\/01\/16\/sporting-em-alerta-apos-video-do-bola-de-ouro\/#breadcrumb\",\"itemListElement\":[{\"@type\":\"ListItem\",\"position\":1,\"name\":\"In\u00edcio\",\"item\":\"https:\/\/portaltela.pt\/\"},{\"@type\":\"ListItem\",\"position\":2,\"name\":\"Sporting em alerta ap\u00f3s v\u00eddeo do Bola de Ouro\"}]},{\"@type\":\"WebSite\",\"@id\":\"https:\/\/portaltela.pt\/#website\",\"url\":\"https:\/\/portaltela.pt\/\",\"name\":\"Portal Tela Portugal\",\"description\":\"\",\"potentialAction\":[{\"@type\":\"SearchAction\",\"target\":{\"@type\":\"EntryPoint\",\"urlTemplate\":\"https:\/\/portaltela.pt\/?s={search_term_string}\"},\"query-input\":{\"@type\":\"PropertyValueSpecification\",\"valueRequired\":true,\"valueName\":\"search_term_string\"}}],\"inLanguage\":\"pt-PT\"},{\"@type\":\"Person\",\"@id\":\"https:\/\/portaltela.pt\/#\/schema\/person\/c4278d4a6028830caff9ee44b42d32ed\",\"name\":\"Telinha\",\"image\":{\"@type\":\"ImageObject\",\"inLanguage\":\"pt-PT\",\"@id\":\"https:\/\/portaltela.pt\/s.01k8rhncp4jt1\/2025\/11\/talking-bot-125x125.png\",\"url\":\"https:\/\/portaltela.pt\/s.01k8rhncp4jt1\/2025\/11\/talking-bot-125x125.png\",\"contentUrl\":\"https:\/\/portaltela.pt\/s.01k8rhncp4jt1\/2025\/11\/talking-bot-125x125.png\",\"caption\":\"Telinha\"},\"sameAs\":[\"https:\/\/portaltela.pt\/\"],\"url\":\"https:\/\/portaltela.pt\/por\/367410592786\/\"}]}<\/script>\n<!-- \/ Yoast SEO plugin. -->","yoast_head_json":{"title":"Sporting em alerta ap\u00f3s v\u00eddeo do Bola de Ouro - Portal Tela Portugal","robots":{"index":"index","follow":"follow","max-snippet":"max-snippet:-1","max-image-preview":"max-image-preview:large","max-video-preview":"max-video-preview:-1"},"og_locale":"pt_PT","og_type":"article","og_title":"Sporting em alerta ap\u00f3s v\u00eddeo do Bola de Ouro - Portal Tela Portugal","og_description":"O Paris Saint-Germain recebeu o Lille, em jogo de prepara\u00e7\u00e3o, a poucos dias da visita de Luis Enrique a Lisboa. O extremo Ousmane Demb\u00e9l\u00e9 abriu o marcador aos 11 minutos. Aos 64 minutos, Demb\u00e9l\u00e9 anotou outro golo, ap\u00f3s receber passe longo, fintar o advers\u00e1rio e rematar com chap\u00e9u aos p\u00e9s do guarda-redes do Lille. O lance da segunda parte ficou marcado pela combina\u00e7\u00e3o de aud\u00e1cia e precis\u00e3o do jogador. O primeiro golo de Demb\u00e9l\u00e9 j\u00e1 tinha refletido a qualidade e o rigor t\u00e9cnico do remate.","og_url":"https:\/\/portaltela.pt\/noticias\/2026\/01\/16\/sporting-em-alerta-apos-video-do-bola-de-ouro\/","og_site_name":"Portal Tela Portugal","article_published_time":"2026-01-16T21:40:22+00:00","author":"Telinha","twitter_card":"summary_large_image","twitter_misc":{"Escrito por":"Telinha","Tempo estimado de leitura":"1 minuto"},"schema":{"@context":"https:\/\/schema.org","@graph":[{"@type":"Article","@id":"https:\/\/portaltela.pt\/noticias\/2026\/01\/16\/sporting-em-alerta-apos-video-do-bola-de-ouro\/#article","isPartOf":{"@id":"https:\/\/portaltela.pt\/noticias\/2026\/01\/16\/sporting-em-alerta-apos-video-do-bola-de-ouro\/"},"author":{"name":"Telinha","@id":"https:\/\/portaltela.pt\/#\/schema\/person\/c4278d4a6028830caff9ee44b42d32ed"},"headline":"Sporting em alerta ap\u00f3s v\u00eddeo do Bola de Ouro","datePublished":"2026-01-16T21:40:22+00:00","mainEntityOfPage":{"@id":"https:\/\/portaltela.pt\/noticias\/2026\/01\/16\/sporting-em-alerta-apos-video-do-bola-de-ouro\/"},"wordCount":199,"image":{"@id":"https:\/\/portaltela.pt\/noticias\/2026\/01\/16\/sporting-em-alerta-apos-video-do-bola-de-ouro\/#primaryimage"},"thumbnailUrl":"https:\/\/portaltela.pt\/s.01k8rhncp4jt1\/2026\/01\/22be63a3-63db-4ec5-a26a-f2e3cc25af48-1.jpg","keywords":["desporto","desportos","futebol","Ousmane Demb\u00e9l\u00e9"],"articleSection":["Desporto","Futebol"],"inLanguage":"pt-PT"},{"@type":"WebPage","@id":"https:\/\/portaltela.pt\/noticias\/2026\/01\/16\/sporting-em-alerta-apos-video-do-bola-de-ouro\/","url":"https:\/\/portaltela.pt\/noticias\/2026\/01\/16\/sporting-em-alerta-apos-video-do-bola-de-ouro\/","name":"Sporting em alerta ap\u00f3s v\u00eddeo do Bola de Ouro - Portal Tela Portugal","isPartOf":{"@id":"https:\/\/portaltela.pt\/#website"},"primaryImageOfPage":{"@id":"https:\/\/portaltela.pt\/noticias\/2026\/01\/16\/sporting-em-alerta-apos-video-do-bola-de-ouro\/#primaryimage"},"image":{"@id":"https:\/\/portaltela.pt\/noticias\/2026\/01\/16\/sporting-em-alerta-apos-video-do-bola-de-ouro\/#primaryimage"},"thumbnailUrl":"https:\/\/portaltela.pt\/s.01k8rhncp4jt1\/2026\/01\/22be63a3-63db-4ec5-a26a-f2e3cc25af48-1.jpg","datePublished":"2026-01-16T21:40:22+00:00","author":{"@id":"https:\/\/portaltela.pt\/#\/schema\/person\/c4278d4a6028830caff9ee44b42d32ed"},"breadcrumb":{"@id":"https:\/\/portaltela.pt\/noticias\/2026\/01\/16\/sporting-em-alerta-apos-video-do-bola-de-ouro\/#breadcrumb"},"inLanguage":"pt-PT","potentialAction":[{"@type":"ReadAction","target":["https:\/\/portaltela.pt\/noticias\/2026\/01\/16\/sporting-em-alerta-apos-video-do-bola-de-ouro\/"]}]},{"@type":"ImageObject","inLanguage":"pt-PT","@id":"https:\/\/portaltela.pt\/noticias\/2026\/01\/16\/sporting-em-alerta-apos-video-do-bola-de-ouro\/#primaryimage","url":"https:\/\/portaltela.pt\/s.01k8rhncp4jt1\/2026\/01\/22be63a3-63db-4ec5-a26a-f2e3cc25af48-1.jpg","contentUrl":"https:\/\/portaltela.pt\/s.01k8rhncp4jt1\/2026\/01\/22be63a3-63db-4ec5-a26a-f2e3cc25af48-1.jpg","width":796,"height":448,"caption":"Que tratado de exibi\u00e7\u00e3o, Demb\u00e9l\u00e9 - Foto: IMAGO"},{"@type":"BreadcrumbList","@id":"https:\/\/portaltela.pt\/noticias\/2026\/01\/16\/sporting-em-alerta-apos-video-do-bola-de-ouro\/#breadcrumb","itemListElement":[{"@type":"ListItem","position":1,"name":"In\u00edcio","item":"https:\/\/portaltela.pt\/"},{"@type":"ListItem","position":2,"name":"Sporting em alerta ap\u00f3s v\u00eddeo do Bola de Ouro"}]},{"@type":"WebSite","@id":"https:\/\/portaltela.pt\/#website","url":"https:\/\/portaltela.pt\/","name":"Portal Tela Portugal","description":"","potentialAction":[{"@type":"SearchAction","target":{"@type":"EntryPoint","urlTemplate":"https:\/\/portaltela.pt\/?s={search_term_string}"},"query-input":{"@type":"PropertyValueSpecification","valueRequired":true,"valueName":"search_term_string"}}],"inLanguage":"pt-PT"},{"@type":"Person","@id":"https:\/\/portaltela.pt\/#\/schema\/person\/c4278d4a6028830caff9ee44b42d32ed","name":"Telinha","image":{"@type":"ImageObject","inLanguage":"pt-PT","@id":"https:\/\/portaltela.pt\/s.01k8rhncp4jt1\/2025\/11\/talking-bot-125x125.png","url":"https:\/\/portaltela.pt\/s.01k8rhncp4jt1\/2025\/11\/talking-bot-125x125.png","contentUrl":"https:\/\/portaltela.pt\/s.01k8rhncp4jt1\/2025\/11\/talking-bot-125x125.png","caption":"Telinha"},"sameAs":["https:\/\/portaltela.pt\/"],"url":"https:\/\/portaltela.pt\/por\/367410592786\/"}]}},"_links":{"self":[{"href":"https:\/\/portaltela.pt\/api\/wp\/v2\/posts\/146554","targetHints":{"allow":["GET"]}}],"collection":[{"href":"https:\/\/portaltela.pt\/api\/wp\/v2\/posts"}],"about":[{"href":"https:\/\/portaltela.pt\/api\/wp\/v2\/types\/post"}],"author":[{"embeddable":true,"href":"https:\/\/portaltela.pt\/api\/wp\/v2\/users\/2"}],"replies":[{"embeddable":true,"href":"https:\/\/portaltela.pt\/api\/wp\/v2\/comments?post=146554"}],"version-history":[{"count":0,"href":"https:\/\/portaltela.pt\/api\/wp\/v2\/posts\/146554\/revisions"}],"wp:featuredmedia":[{"embeddable":true,"href":"https:\/\/portaltela.pt\/api\/wp\/v2\/media\/146556"}],"wp:attachment":[{"href":"https:\/\/portaltela.pt\/api\/wp\/v2\/media?parent=146554"}],"wp:term":[{"taxonomy":"category","embeddable":true,"href":"https:\/\/portaltela.pt\/api\/wp\/v2\/categories?post=146554"},{"taxonomy":"post_tag","embeddable":true,"href":"https:\/\/portaltela.pt\/api\/wp\/v2\/tags?post=146554"}],"curies":[{"name":"wp","href":"https:\/\/api.w.org\/{rel}","templated":true}]}}