{"id":146524,"date":"2026-01-16T18:38:44","date_gmt":"2026-01-16T21:38:44","guid":{"rendered":"https:\/\/portaltela.pt\/noticias\/2026\/01\/16\/dani-alves-destitui-joao-nivea-do-comando-do-s-joao-de-ver\/"},"modified":"2026-01-16T18:38:44","modified_gmt":"2026-01-16T21:38:44","slug":"dani-alves-destitui-joao-nivea-do-comando-do-s-joao-de-ver","status":"publish","type":"post","link":"https:\/\/portaltela.pt\/desporto\/futebol\/2026\/01\/16\/dani-alves-destitui-joao-nivea-do-comando-do-s-joao-de-ver\/","title":{"rendered":"Dani Alves destitui Jo\u00e3o Nivea do comando do S. Jo\u00e3o de Ver"},"content":{"rendered":"<p>O S. Jo\u00e3o de Ver mant\u00e9m a 10.\u00aa e \u00faltima posi\u00e7\u00e3o na S\u00e9rie A da Liga 3 ap\u00f3s sofrer uma derrota em casa por 4-0 frente ao Fafe, na \u00faltima jornada da competi\u00e7\u00e3o. O desfecho refor\u00e7ou o cen\u00e1rio de instabilidade no clube.<\/p>\n<p>O novo acionista principal da SAD, o ex-jogador Dani Alves, decidiu agir para alterar a situa\u00e7\u00e3o desportiva. Em comunicado, o clube confirmou mudan\u00e7as no comando t\u00e9cnico.<\/p>\n<p>Jo\u00e3o Nivea, t\u00e9cnico de 34 anos, ficou afastado do cargo ap\u00f3s o duelo com o Fafe. O clube anunciou a rescis\u00e3o contratual com o treinador, cabendo ao adjunto F\u00e1bio Pais assumir j\u00e1 este s\u00e1bado, na visita \u00e0 equipa B do Sp. Braga.<\/p>\n<p>A transi\u00e7\u00e3o acontece na mesma altura em que o S. Jo\u00e3o de Ver procura recuperar posi\u00e7\u00f5es na classifica\u00e7\u00e3o. O clube ainda n\u00e3o divulgou detalhes sobre planos a m\u00e9dio prazo ou contrata\u00e7\u00f5es subsequentes.<\/p>\n","protected":false},"excerpt":{"rendered":"<ul>\n<li>O S. Jo\u00e3o de Ver mant\u00e9m-se na 10.\u00aa e \u00faltima posi\u00e7\u00e3o da Liga 3, ap\u00f3s perder em casa por quatro a zero frente ao Fafe na jornada final.<\/li>\n<li>Dani Alves, novo acionista principal da SAD, fez altera\u00e7\u00f5es no clube ao rescindir com o treinador Jo\u00e3o Nivea, de 34 anos.<\/li>\n<li>O adjunto F\u00e1bio Pais assume o comando j\u00e1 neste s\u00e1bado, na visita \u00e0 equipa B do Sp. Braga.<\/li>\n<li>A decis\u00e3o foi anunciada na sexta-feira pelo clube, com o objetivo de inverter a fase negativa da equipa.<\/li>\n<\/ul>\n","protected":false},"author":2,"featured_media":146548,"comment_status":"closed","ping_status":"closed","sticky":false,"template":"","format":"standard","meta":{"footnotes":""},"categories":[21,24],"tags":[3281,948,152,1147,32,2477],"class_list":["post-146524","post","type-post","status-publish","format-standard","has-post-thumbnail","hentry","category-desporto","category-futebol","tag-dani-alves","tag-despedimento","tag-desporto","tag-fafe","tag-futebol","tag-treinadores"],"yoast_head":"<!-- This site is optimized with the Yoast SEO plugin v27.2 - https:\/\/yoast.com\/product\/yoast-seo-wordpress\/ -->\n<title>Dani Alves destitui Jo\u00e3o Nivea do comando do S. Jo\u00e3o de Ver - Portal Tela Portugal<\/title>\n<meta name=\"robots\" content=\"index, follow, max-snippet:-1, max-image-preview:large, max-video-preview:-1\" \/>\n<meta property=\"og:locale\" content=\"pt_PT\" \/>\n<meta property=\"og:type\" content=\"article\" \/>\n<meta property=\"og:title\" content=\"Dani Alves destitui Jo\u00e3o Nivea do comando do S. Jo\u00e3o de Ver - Portal Tela Portugal\" \/>\n<meta property=\"og:description\" content=\"O S. Jo\u00e3o de Ver mant\u00e9m-se na 10.\u00aa e \u00faltima posi\u00e7\u00e3o da Liga 3, ap\u00f3s perder em casa por quatro a zero frente ao Fafe na jornada final. Dani Alves, novo acionista principal da SAD, fez altera\u00e7\u00f5es no clube ao rescindir com o treinador Jo\u00e3o Nivea, de 34 anos. O adjunto F\u00e1bio Pais assume o comando j\u00e1 neste s\u00e1bado, na visita \u00e0 equipa B do Sp. Braga. A decis\u00e3o foi anunciada na sexta-feira pelo clube, com o objetivo de inverter a fase negativa da equipa.\" \/>\n<meta property=\"og:url\" content=\"https:\/\/portaltela.pt\/noticias\/2026\/01\/16\/dani-alves-destitui-joao-nivea-do-comando-do-s-joao-de-ver\/\" \/>\n<meta property=\"og:site_name\" content=\"Portal Tela Portugal\" \/>\n<meta property=\"article:published_time\" content=\"2026-01-16T21:38:44+00:00\" \/>\n<meta name=\"author\" content=\"Telinha\" \/>\n<meta name=\"twitter:card\" content=\"summary_large_image\" \/>\n<meta name=\"twitter:label1\" content=\"Escrito por\" \/>\n\t<meta name=\"twitter:data1\" content=\"Telinha\" \/>\n\t<meta name=\"twitter:label2\" content=\"Tempo estimado de leitura\" \/>\n\t<meta name=\"twitter:data2\" content=\"1 minuto\" \/>\n<script type=\"application\/ld+json\" class=\"yoast-schema-graph\">{\"@context\":\"https:\/\/schema.org\",\"@graph\":[{\"@type\":\"Article\",\"@id\":\"https:\/\/portaltela.pt\/noticias\/2026\/01\/16\/dani-alves-destitui-joao-nivea-do-comando-do-s-joao-de-ver\/#article\",\"isPartOf\":{\"@id\":\"https:\/\/portaltela.pt\/noticias\/2026\/01\/16\/dani-alves-destitui-joao-nivea-do-comando-do-s-joao-de-ver\/\"},\"author\":{\"name\":\"Telinha\",\"@id\":\"https:\/\/portaltela.pt\/#\/schema\/person\/c4278d4a6028830caff9ee44b42d32ed\"},\"headline\":\"Dani Alves destitui Jo\u00e3o Nivea do comando do S. Jo\u00e3o de Ver\",\"datePublished\":\"2026-01-16T21:38:44+00:00\",\"mainEntityOfPage\":{\"@id\":\"https:\/\/portaltela.pt\/noticias\/2026\/01\/16\/dani-alves-destitui-joao-nivea-do-comando-do-s-joao-de-ver\/\"},\"wordCount\":176,\"image\":{\"@id\":\"https:\/\/portaltela.pt\/noticias\/2026\/01\/16\/dani-alves-destitui-joao-nivea-do-comando-do-s-joao-de-ver\/#primaryimage\"},\"thumbnailUrl\":\"https:\/\/portaltela.pt\/s.01k8rhncp4jt1\/2026\/01\/img_920x518uu2026-01-10-14-34-19-2413937-im-639036524726347122-3.jpg\",\"keywords\":[\"Dani Alves\",\"despedimento\",\"desporto\",\"Fafe\",\"futebol\",\"treinadores\"],\"articleSection\":[\"Desporto\",\"Futebol\"],\"inLanguage\":\"pt-PT\"},{\"@type\":\"WebPage\",\"@id\":\"https:\/\/portaltela.pt\/noticias\/2026\/01\/16\/dani-alves-destitui-joao-nivea-do-comando-do-s-joao-de-ver\/\",\"url\":\"https:\/\/portaltela.pt\/noticias\/2026\/01\/16\/dani-alves-destitui-joao-nivea-do-comando-do-s-joao-de-ver\/\",\"name\":\"Dani Alves destitui Jo\u00e3o Nivea do comando do S. Jo\u00e3o de Ver - Portal Tela Portugal\",\"isPartOf\":{\"@id\":\"https:\/\/portaltela.pt\/#website\"},\"primaryImageOfPage\":{\"@id\":\"https:\/\/portaltela.pt\/noticias\/2026\/01\/16\/dani-alves-destitui-joao-nivea-do-comando-do-s-joao-de-ver\/#primaryimage\"},\"image\":{\"@id\":\"https:\/\/portaltela.pt\/noticias\/2026\/01\/16\/dani-alves-destitui-joao-nivea-do-comando-do-s-joao-de-ver\/#primaryimage\"},\"thumbnailUrl\":\"https:\/\/portaltela.pt\/s.01k8rhncp4jt1\/2026\/01\/img_920x518uu2026-01-10-14-34-19-2413937-im-639036524726347122-3.jpg\",\"datePublished\":\"2026-01-16T21:38:44+00:00\",\"author\":{\"@id\":\"https:\/\/portaltela.pt\/#\/schema\/person\/c4278d4a6028830caff9ee44b42d32ed\"},\"breadcrumb\":{\"@id\":\"https:\/\/portaltela.pt\/noticias\/2026\/01\/16\/dani-alves-destitui-joao-nivea-do-comando-do-s-joao-de-ver\/#breadcrumb\"},\"inLanguage\":\"pt-PT\",\"potentialAction\":[{\"@type\":\"ReadAction\",\"target\":[\"https:\/\/portaltela.pt\/noticias\/2026\/01\/16\/dani-alves-destitui-joao-nivea-do-comando-do-s-joao-de-ver\/\"]}]},{\"@type\":\"ImageObject\",\"inLanguage\":\"pt-PT\",\"@id\":\"https:\/\/portaltela.pt\/noticias\/2026\/01\/16\/dani-alves-destitui-joao-nivea-do-comando-do-s-joao-de-ver\/#primaryimage\",\"url\":\"https:\/\/portaltela.pt\/s.01k8rhncp4jt1\/2026\/01\/img_920x518uu2026-01-10-14-34-19-2413937-im-639036524726347122-3.jpg\",\"contentUrl\":\"https:\/\/portaltela.pt\/s.01k8rhncp4jt1\/2026\/01\/img_920x518uu2026-01-10-14-34-19-2413937-im-639036524726347122-3.jpg\",\"width\":796,\"height\":448,\"caption\":\"Dani Alves\"},{\"@type\":\"BreadcrumbList\",\"@id\":\"https:\/\/portaltela.pt\/noticias\/2026\/01\/16\/dani-alves-destitui-joao-nivea-do-comando-do-s-joao-de-ver\/#breadcrumb\",\"itemListElement\":[{\"@type\":\"ListItem\",\"position\":1,\"name\":\"In\u00edcio\",\"item\":\"https:\/\/portaltela.pt\/\"},{\"@type\":\"ListItem\",\"position\":2,\"name\":\"Dani Alves destitui Jo\u00e3o Nivea do comando do S. Jo\u00e3o de Ver\"}]},{\"@type\":\"WebSite\",\"@id\":\"https:\/\/portaltela.pt\/#website\",\"url\":\"https:\/\/portaltela.pt\/\",\"name\":\"Portal Tela Portugal\",\"description\":\"\",\"potentialAction\":[{\"@type\":\"SearchAction\",\"target\":{\"@type\":\"EntryPoint\",\"urlTemplate\":\"https:\/\/portaltela.pt\/?s={search_term_string}\"},\"query-input\":{\"@type\":\"PropertyValueSpecification\",\"valueRequired\":true,\"valueName\":\"search_term_string\"}}],\"inLanguage\":\"pt-PT\"},{\"@type\":\"Person\",\"@id\":\"https:\/\/portaltela.pt\/#\/schema\/person\/c4278d4a6028830caff9ee44b42d32ed\",\"name\":\"Telinha\",\"image\":{\"@type\":\"ImageObject\",\"inLanguage\":\"pt-PT\",\"@id\":\"https:\/\/portaltela.pt\/s.01k8rhncp4jt1\/2025\/11\/talking-bot-125x125.png\",\"url\":\"https:\/\/portaltela.pt\/s.01k8rhncp4jt1\/2025\/11\/talking-bot-125x125.png\",\"contentUrl\":\"https:\/\/portaltela.pt\/s.01k8rhncp4jt1\/2025\/11\/talking-bot-125x125.png\",\"caption\":\"Telinha\"},\"sameAs\":[\"https:\/\/portaltela.pt\/\"],\"url\":\"https:\/\/portaltela.pt\/por\/367410592786\/\"}]}<\/script>\n<!-- \/ Yoast SEO plugin. -->","yoast_head_json":{"title":"Dani Alves destitui Jo\u00e3o Nivea do comando do S. Jo\u00e3o de Ver - Portal Tela Portugal","robots":{"index":"index","follow":"follow","max-snippet":"max-snippet:-1","max-image-preview":"max-image-preview:large","max-video-preview":"max-video-preview:-1"},"og_locale":"pt_PT","og_type":"article","og_title":"Dani Alves destitui Jo\u00e3o Nivea do comando do S. Jo\u00e3o de Ver - Portal Tela Portugal","og_description":"O S. Jo\u00e3o de Ver mant\u00e9m-se na 10.\u00aa e \u00faltima posi\u00e7\u00e3o da Liga 3, ap\u00f3s perder em casa por quatro a zero frente ao Fafe na jornada final. Dani Alves, novo acionista principal da SAD, fez altera\u00e7\u00f5es no clube ao rescindir com o treinador Jo\u00e3o Nivea, de 34 anos. O adjunto F\u00e1bio Pais assume o comando j\u00e1 neste s\u00e1bado, na visita \u00e0 equipa B do Sp. Braga. A decis\u00e3o foi anunciada na sexta-feira pelo clube, com o objetivo de inverter a fase negativa da equipa.","og_url":"https:\/\/portaltela.pt\/noticias\/2026\/01\/16\/dani-alves-destitui-joao-nivea-do-comando-do-s-joao-de-ver\/","og_site_name":"Portal Tela Portugal","article_published_time":"2026-01-16T21:38:44+00:00","author":"Telinha","twitter_card":"summary_large_image","twitter_misc":{"Escrito por":"Telinha","Tempo estimado de leitura":"1 minuto"},"schema":{"@context":"https:\/\/schema.org","@graph":[{"@type":"Article","@id":"https:\/\/portaltela.pt\/noticias\/2026\/01\/16\/dani-alves-destitui-joao-nivea-do-comando-do-s-joao-de-ver\/#article","isPartOf":{"@id":"https:\/\/portaltela.pt\/noticias\/2026\/01\/16\/dani-alves-destitui-joao-nivea-do-comando-do-s-joao-de-ver\/"},"author":{"name":"Telinha","@id":"https:\/\/portaltela.pt\/#\/schema\/person\/c4278d4a6028830caff9ee44b42d32ed"},"headline":"Dani Alves destitui Jo\u00e3o Nivea do comando do S. Jo\u00e3o de Ver","datePublished":"2026-01-16T21:38:44+00:00","mainEntityOfPage":{"@id":"https:\/\/portaltela.pt\/noticias\/2026\/01\/16\/dani-alves-destitui-joao-nivea-do-comando-do-s-joao-de-ver\/"},"wordCount":176,"image":{"@id":"https:\/\/portaltela.pt\/noticias\/2026\/01\/16\/dani-alves-destitui-joao-nivea-do-comando-do-s-joao-de-ver\/#primaryimage"},"thumbnailUrl":"https:\/\/portaltela.pt\/s.01k8rhncp4jt1\/2026\/01\/img_920x518uu2026-01-10-14-34-19-2413937-im-639036524726347122-3.jpg","keywords":["Dani Alves","despedimento","desporto","Fafe","futebol","treinadores"],"articleSection":["Desporto","Futebol"],"inLanguage":"pt-PT"},{"@type":"WebPage","@id":"https:\/\/portaltela.pt\/noticias\/2026\/01\/16\/dani-alves-destitui-joao-nivea-do-comando-do-s-joao-de-ver\/","url":"https:\/\/portaltela.pt\/noticias\/2026\/01\/16\/dani-alves-destitui-joao-nivea-do-comando-do-s-joao-de-ver\/","name":"Dani Alves destitui Jo\u00e3o Nivea do comando do S. Jo\u00e3o de Ver - Portal Tela Portugal","isPartOf":{"@id":"https:\/\/portaltela.pt\/#website"},"primaryImageOfPage":{"@id":"https:\/\/portaltela.pt\/noticias\/2026\/01\/16\/dani-alves-destitui-joao-nivea-do-comando-do-s-joao-de-ver\/#primaryimage"},"image":{"@id":"https:\/\/portaltela.pt\/noticias\/2026\/01\/16\/dani-alves-destitui-joao-nivea-do-comando-do-s-joao-de-ver\/#primaryimage"},"thumbnailUrl":"https:\/\/portaltela.pt\/s.01k8rhncp4jt1\/2026\/01\/img_920x518uu2026-01-10-14-34-19-2413937-im-639036524726347122-3.jpg","datePublished":"2026-01-16T21:38:44+00:00","author":{"@id":"https:\/\/portaltela.pt\/#\/schema\/person\/c4278d4a6028830caff9ee44b42d32ed"},"breadcrumb":{"@id":"https:\/\/portaltela.pt\/noticias\/2026\/01\/16\/dani-alves-destitui-joao-nivea-do-comando-do-s-joao-de-ver\/#breadcrumb"},"inLanguage":"pt-PT","potentialAction":[{"@type":"ReadAction","target":["https:\/\/portaltela.pt\/noticias\/2026\/01\/16\/dani-alves-destitui-joao-nivea-do-comando-do-s-joao-de-ver\/"]}]},{"@type":"ImageObject","inLanguage":"pt-PT","@id":"https:\/\/portaltela.pt\/noticias\/2026\/01\/16\/dani-alves-destitui-joao-nivea-do-comando-do-s-joao-de-ver\/#primaryimage","url":"https:\/\/portaltela.pt\/s.01k8rhncp4jt1\/2026\/01\/img_920x518uu2026-01-10-14-34-19-2413937-im-639036524726347122-3.jpg","contentUrl":"https:\/\/portaltela.pt\/s.01k8rhncp4jt1\/2026\/01\/img_920x518uu2026-01-10-14-34-19-2413937-im-639036524726347122-3.jpg","width":796,"height":448,"caption":"Dani Alves"},{"@type":"BreadcrumbList","@id":"https:\/\/portaltela.pt\/noticias\/2026\/01\/16\/dani-alves-destitui-joao-nivea-do-comando-do-s-joao-de-ver\/#breadcrumb","itemListElement":[{"@type":"ListItem","position":1,"name":"In\u00edcio","item":"https:\/\/portaltela.pt\/"},{"@type":"ListItem","position":2,"name":"Dani Alves destitui Jo\u00e3o Nivea do comando do S. Jo\u00e3o de Ver"}]},{"@type":"WebSite","@id":"https:\/\/portaltela.pt\/#website","url":"https:\/\/portaltela.pt\/","name":"Portal Tela Portugal","description":"","potentialAction":[{"@type":"SearchAction","target":{"@type":"EntryPoint","urlTemplate":"https:\/\/portaltela.pt\/?s={search_term_string}"},"query-input":{"@type":"PropertyValueSpecification","valueRequired":true,"valueName":"search_term_string"}}],"inLanguage":"pt-PT"},{"@type":"Person","@id":"https:\/\/portaltela.pt\/#\/schema\/person\/c4278d4a6028830caff9ee44b42d32ed","name":"Telinha","image":{"@type":"ImageObject","inLanguage":"pt-PT","@id":"https:\/\/portaltela.pt\/s.01k8rhncp4jt1\/2025\/11\/talking-bot-125x125.png","url":"https:\/\/portaltela.pt\/s.01k8rhncp4jt1\/2025\/11\/talking-bot-125x125.png","contentUrl":"https:\/\/portaltela.pt\/s.01k8rhncp4jt1\/2025\/11\/talking-bot-125x125.png","caption":"Telinha"},"sameAs":["https:\/\/portaltela.pt\/"],"url":"https:\/\/portaltela.pt\/por\/367410592786\/"}]}},"_links":{"self":[{"href":"https:\/\/portaltela.pt\/api\/wp\/v2\/posts\/146524","targetHints":{"allow":["GET"]}}],"collection":[{"href":"https:\/\/portaltela.pt\/api\/wp\/v2\/posts"}],"about":[{"href":"https:\/\/portaltela.pt\/api\/wp\/v2\/types\/post"}],"author":[{"embeddable":true,"href":"https:\/\/portaltela.pt\/api\/wp\/v2\/users\/2"}],"replies":[{"embeddable":true,"href":"https:\/\/portaltela.pt\/api\/wp\/v2\/comments?post=146524"}],"version-history":[{"count":0,"href":"https:\/\/portaltela.pt\/api\/wp\/v2\/posts\/146524\/revisions"}],"wp:featuredmedia":[{"embeddable":true,"href":"https:\/\/portaltela.pt\/api\/wp\/v2\/media\/146548"}],"wp:attachment":[{"href":"https:\/\/portaltela.pt\/api\/wp\/v2\/media?parent=146524"}],"wp:term":[{"taxonomy":"category","embeddable":true,"href":"https:\/\/portaltela.pt\/api\/wp\/v2\/categories?post=146524"},{"taxonomy":"post_tag","embeddable":true,"href":"https:\/\/portaltela.pt\/api\/wp\/v2\/tags?post=146524"}],"curies":[{"name":"wp","href":"https:\/\/api.w.org\/{rel}","templated":true}]}}