{"id":146506,"date":"2026-01-16T18:21:41","date_gmt":"2026-01-16T21:21:41","guid":{"rendered":"https:\/\/portaltela.pt\/noticias\/2026\/01\/16\/paolla-oliveira-recebe-camiao-de-rosas-mas-nao-ficou-satisfeita\/"},"modified":"2026-01-16T18:21:41","modified_gmt":"2026-01-16T21:21:41","slug":"paolla-oliveira-recebe-camiao-de-rosas-mas-nao-ficou-satisfeita","status":"publish","type":"post","link":"https:\/\/portaltela.pt\/noticias\/2026\/01\/16\/paolla-oliveira-recebe-camiao-de-rosas-mas-nao-ficou-satisfeita\/","title":{"rendered":"Paolla Oliveira recebe cami\u00e3o de rosas, mas n\u00e3o ficou satisfeita"},"content":{"rendered":"<p>A atriz Paolla Oliveira foi surpreendida com um envio de flores \u00e0 sua resid\u00eancia, poucos dias ap\u00f3s terminar o namoro com Diogo Nogueira, antes do Natal. O gesto, que parecia elogioso, foi classificado pela artista como uma invas\u00e3o de privacidade por parte de algu\u00e9m que soube do seu endere\u00e7o sem autoriza\u00e7\u00e3o.<\/p>\n<p>Segundo Paolla, a pessoa desconhecida entregou flores em casa e chegou a documentar o momento para partilhar publicamente. A atriz explicou que n\u00e3o houve comprovadamente um cami\u00e3o de rosas nem milh\u00f5es de buqu\u00eas; o que chegou a mencionar foi uma quantia estimada em at\u00e9 30 pe\u00e7as, sem considerar o custo.<\/p>\n<p>A artista, que est\u00e1 solteira, afirmou que o epis\u00f3dio revela uma press\u00e3o social sobre mulheres solteiras, que pode ser interpretada como disponibilidade p\u00fablica. Ela pediu que se respeite o espa\u00e7o privado e que o carinho seja entendido apenas com consentimento.<\/p>\n<h3>Privacidade e limites<\/h3>\n<p>A mensagem p\u00fablica de Paolla refor\u00e7a a necessidade de respeitar limites pessoais, sobretudo quando h\u00e1 acesso n\u00e3o autorizado a informa\u00e7\u00f5es sens\u00edveis. A atriz concluiu pedindo que as pessoas reconhe\u00e7am o desconforto causado por gestos que ultrapassam o espa\u00e7o vital de algu\u00e9m.<\/p>\n<p>A situa\u00e7\u00e3o ganha contorno no debate sobre seguran\u00e7a de dados pessoais e redes de amizade, com foco na responsabilidade de quem envia mensagens ou presentes sem consentimento. O caso ainda n\u00e3o teve desdobramentos legais divulgados pelas autoridades.<\/p>\n","protected":false},"excerpt":{"rendered":"<ul>\n<li>Paolla Oliveira recebeu um grande volume de rosas em casa ap\u00f3s o fim do namoro, mas disse n\u00e3o ter gostado do gesto.<\/li>\n<li>A atriz afirmou ter sido v\u00edtima de invas\u00e3o de privacidade, j\u00e1 que algu\u00e9m descobriu o seu endere\u00e7o sem autoriza\u00e7\u00e3o e enviou flores.<\/li>\n<li>Ela explicou que n\u00e3o houve \u201ccaminh\u00e3o\u201d nem mil buqu\u00eas, e que o que importa \u00e9 refletir sobre o tratamento de mulheres solteiras como se estivessem em disponibilidade p\u00fablica.<\/li>\n<li>Paolla ressaltou que gestos aparentemente carinhosos podem atravessar limites e causar desconforto, pedindo respeito pelos limites pessoais.<\/li>\n<\/ul>\n","protected":false},"author":2,"featured_media":146508,"comment_status":"closed","ping_status":"closed","sticky":false,"template":"","format":"standard","meta":{"footnotes":""},"categories":[12,1],"tags":[3259,76,2639,2215,88],"class_list":["post-146506","post","type-post","status-publish","format-standard","has-post-thumbnail","hentry","category-entretenimento","category-noticias","tag-celebidades","tag-celebridades","tag-invasao-de-privacidade","tag-protecao-da-privacidade","tag-redes-sociais"],"yoast_head":"<!-- This site is optimized with the Yoast SEO plugin v27.2 - https:\/\/yoast.com\/product\/yoast-seo-wordpress\/ -->\n<title>Paolla Oliveira recebe cami\u00e3o de rosas, mas n\u00e3o ficou satisfeita - Portal Tela Portugal<\/title>\n<meta name=\"robots\" content=\"index, follow, max-snippet:-1, max-image-preview:large, max-video-preview:-1\" \/>\n<meta property=\"og:locale\" content=\"pt_PT\" \/>\n<meta property=\"og:type\" content=\"article\" \/>\n<meta property=\"og:title\" content=\"Paolla Oliveira recebe cami\u00e3o de rosas, mas n\u00e3o ficou satisfeita - Portal Tela Portugal\" \/>\n<meta property=\"og:description\" content=\"Paolla Oliveira recebeu um grande volume de rosas em casa ap\u00f3s o fim do namoro, mas disse n\u00e3o ter gostado do gesto. A atriz afirmou ter sido v\u00edtima de invas\u00e3o de privacidade, j\u00e1 que algu\u00e9m descobriu o seu endere\u00e7o sem autoriza\u00e7\u00e3o e enviou flores. Ela explicou que n\u00e3o houve \u201ccaminh\u00e3o\u201d nem mil buqu\u00eas, e que o que importa \u00e9 refletir sobre o tratamento de mulheres solteiras como se estivessem em disponibilidade p\u00fablica. Paolla ressaltou que gestos aparentemente carinhosos podem atravessar limites e causar desconforto, pedindo respeito pelos limites pessoais.\" \/>\n<meta property=\"og:url\" content=\"https:\/\/portaltela.pt\/noticias\/2026\/01\/16\/paolla-oliveira-recebe-camiao-de-rosas-mas-nao-ficou-satisfeita\/\" \/>\n<meta property=\"og:site_name\" content=\"Portal Tela Portugal\" \/>\n<meta property=\"article:published_time\" content=\"2026-01-16T21:21:41+00:00\" \/>\n<meta name=\"author\" content=\"Telinha\" \/>\n<meta name=\"twitter:card\" content=\"summary_large_image\" \/>\n<meta name=\"twitter:label1\" content=\"Escrito por\" \/>\n\t<meta name=\"twitter:data1\" content=\"Telinha\" \/>\n\t<meta name=\"twitter:label2\" content=\"Tempo estimado de leitura\" \/>\n\t<meta name=\"twitter:data2\" content=\"1 minuto\" \/>\n<script type=\"application\/ld+json\" class=\"yoast-schema-graph\">{\"@context\":\"https:\/\/schema.org\",\"@graph\":[{\"@type\":\"Article\",\"@id\":\"https:\/\/portaltela.pt\/noticias\/2026\/01\/16\/paolla-oliveira-recebe-camiao-de-rosas-mas-nao-ficou-satisfeita\/#article\",\"isPartOf\":{\"@id\":\"https:\/\/portaltela.pt\/noticias\/2026\/01\/16\/paolla-oliveira-recebe-camiao-de-rosas-mas-nao-ficou-satisfeita\/\"},\"author\":{\"name\":\"Telinha\",\"@id\":\"https:\/\/portaltela.pt\/#\/schema\/person\/c4278d4a6028830caff9ee44b42d32ed\"},\"headline\":\"Paolla Oliveira recebe cami\u00e3o de rosas, mas n\u00e3o ficou satisfeita\",\"datePublished\":\"2026-01-16T21:21:41+00:00\",\"mainEntityOfPage\":{\"@id\":\"https:\/\/portaltela.pt\/noticias\/2026\/01\/16\/paolla-oliveira-recebe-camiao-de-rosas-mas-nao-ficou-satisfeita\/\"},\"wordCount\":258,\"image\":{\"@id\":\"https:\/\/portaltela.pt\/noticias\/2026\/01\/16\/paolla-oliveira-recebe-camiao-de-rosas-mas-nao-ficou-satisfeita\/#primaryimage\"},\"thumbnailUrl\":\"https:\/\/portaltela.pt\/s.01k8rhncp4jt1\/2026\/01\/img_1500x1000uu2016-09-20-16-45-00-564977.jpg\",\"keywords\":[\"celebidades\",\"celebridades\",\"invas\u00e3o de privacidade\",\"prote\u00e7\u00e3o da privacidade\",\"redes sociais\"],\"articleSection\":[\"Entretenimento\",\"Not\u00edcias\"],\"inLanguage\":\"pt-PT\"},{\"@type\":\"WebPage\",\"@id\":\"https:\/\/portaltela.pt\/noticias\/2026\/01\/16\/paolla-oliveira-recebe-camiao-de-rosas-mas-nao-ficou-satisfeita\/\",\"url\":\"https:\/\/portaltela.pt\/noticias\/2026\/01\/16\/paolla-oliveira-recebe-camiao-de-rosas-mas-nao-ficou-satisfeita\/\",\"name\":\"Paolla Oliveira recebe cami\u00e3o de rosas, mas n\u00e3o ficou satisfeita - Portal Tela Portugal\",\"isPartOf\":{\"@id\":\"https:\/\/portaltela.pt\/#website\"},\"primaryImageOfPage\":{\"@id\":\"https:\/\/portaltela.pt\/noticias\/2026\/01\/16\/paolla-oliveira-recebe-camiao-de-rosas-mas-nao-ficou-satisfeita\/#primaryimage\"},\"image\":{\"@id\":\"https:\/\/portaltela.pt\/noticias\/2026\/01\/16\/paolla-oliveira-recebe-camiao-de-rosas-mas-nao-ficou-satisfeita\/#primaryimage\"},\"thumbnailUrl\":\"https:\/\/portaltela.pt\/s.01k8rhncp4jt1\/2026\/01\/img_1500x1000uu2016-09-20-16-45-00-564977.jpg\",\"datePublished\":\"2026-01-16T21:21:41+00:00\",\"author\":{\"@id\":\"https:\/\/portaltela.pt\/#\/schema\/person\/c4278d4a6028830caff9ee44b42d32ed\"},\"breadcrumb\":{\"@id\":\"https:\/\/portaltela.pt\/noticias\/2026\/01\/16\/paolla-oliveira-recebe-camiao-de-rosas-mas-nao-ficou-satisfeita\/#breadcrumb\"},\"inLanguage\":\"pt-PT\",\"potentialAction\":[{\"@type\":\"ReadAction\",\"target\":[\"https:\/\/portaltela.pt\/noticias\/2026\/01\/16\/paolla-oliveira-recebe-camiao-de-rosas-mas-nao-ficou-satisfeita\/\"]}]},{\"@type\":\"ImageObject\",\"inLanguage\":\"pt-PT\",\"@id\":\"https:\/\/portaltela.pt\/noticias\/2026\/01\/16\/paolla-oliveira-recebe-camiao-de-rosas-mas-nao-ficou-satisfeita\/#primaryimage\",\"url\":\"https:\/\/portaltela.pt\/s.01k8rhncp4jt1\/2026\/01\/img_1500x1000uu2016-09-20-16-45-00-564977.jpg\",\"contentUrl\":\"https:\/\/portaltela.pt\/s.01k8rhncp4jt1\/2026\/01\/img_1500x1000uu2016-09-20-16-45-00-564977.jpg\",\"width\":796,\"height\":448,\"caption\":\"Paolla Oliveira, Lisboa, Portugal, brasileira, atriz, casa, compra\"},{\"@type\":\"BreadcrumbList\",\"@id\":\"https:\/\/portaltela.pt\/noticias\/2026\/01\/16\/paolla-oliveira-recebe-camiao-de-rosas-mas-nao-ficou-satisfeita\/#breadcrumb\",\"itemListElement\":[{\"@type\":\"ListItem\",\"position\":1,\"name\":\"In\u00edcio\",\"item\":\"https:\/\/portaltela.pt\/\"},{\"@type\":\"ListItem\",\"position\":2,\"name\":\"Paolla Oliveira recebe cami\u00e3o de rosas, mas n\u00e3o ficou satisfeita\"}]},{\"@type\":\"WebSite\",\"@id\":\"https:\/\/portaltela.pt\/#website\",\"url\":\"https:\/\/portaltela.pt\/\",\"name\":\"Portal Tela Portugal\",\"description\":\"\",\"potentialAction\":[{\"@type\":\"SearchAction\",\"target\":{\"@type\":\"EntryPoint\",\"urlTemplate\":\"https:\/\/portaltela.pt\/?s={search_term_string}\"},\"query-input\":{\"@type\":\"PropertyValueSpecification\",\"valueRequired\":true,\"valueName\":\"search_term_string\"}}],\"inLanguage\":\"pt-PT\"},{\"@type\":\"Person\",\"@id\":\"https:\/\/portaltela.pt\/#\/schema\/person\/c4278d4a6028830caff9ee44b42d32ed\",\"name\":\"Telinha\",\"image\":{\"@type\":\"ImageObject\",\"inLanguage\":\"pt-PT\",\"@id\":\"https:\/\/portaltela.pt\/s.01k8rhncp4jt1\/2025\/11\/talking-bot-125x125.png\",\"url\":\"https:\/\/portaltela.pt\/s.01k8rhncp4jt1\/2025\/11\/talking-bot-125x125.png\",\"contentUrl\":\"https:\/\/portaltela.pt\/s.01k8rhncp4jt1\/2025\/11\/talking-bot-125x125.png\",\"caption\":\"Telinha\"},\"sameAs\":[\"https:\/\/portaltela.pt\/\"],\"url\":\"https:\/\/portaltela.pt\/por\/367410592786\/\"}]}<\/script>\n<!-- \/ Yoast SEO plugin. -->","yoast_head_json":{"title":"Paolla Oliveira recebe cami\u00e3o de rosas, mas n\u00e3o ficou satisfeita - Portal Tela Portugal","robots":{"index":"index","follow":"follow","max-snippet":"max-snippet:-1","max-image-preview":"max-image-preview:large","max-video-preview":"max-video-preview:-1"},"og_locale":"pt_PT","og_type":"article","og_title":"Paolla Oliveira recebe cami\u00e3o de rosas, mas n\u00e3o ficou satisfeita - Portal Tela Portugal","og_description":"Paolla Oliveira recebeu um grande volume de rosas em casa ap\u00f3s o fim do namoro, mas disse n\u00e3o ter gostado do gesto. A atriz afirmou ter sido v\u00edtima de invas\u00e3o de privacidade, j\u00e1 que algu\u00e9m descobriu o seu endere\u00e7o sem autoriza\u00e7\u00e3o e enviou flores. Ela explicou que n\u00e3o houve \u201ccaminh\u00e3o\u201d nem mil buqu\u00eas, e que o que importa \u00e9 refletir sobre o tratamento de mulheres solteiras como se estivessem em disponibilidade p\u00fablica. Paolla ressaltou que gestos aparentemente carinhosos podem atravessar limites e causar desconforto, pedindo respeito pelos limites pessoais.","og_url":"https:\/\/portaltela.pt\/noticias\/2026\/01\/16\/paolla-oliveira-recebe-camiao-de-rosas-mas-nao-ficou-satisfeita\/","og_site_name":"Portal Tela Portugal","article_published_time":"2026-01-16T21:21:41+00:00","author":"Telinha","twitter_card":"summary_large_image","twitter_misc":{"Escrito por":"Telinha","Tempo estimado de leitura":"1 minuto"},"schema":{"@context":"https:\/\/schema.org","@graph":[{"@type":"Article","@id":"https:\/\/portaltela.pt\/noticias\/2026\/01\/16\/paolla-oliveira-recebe-camiao-de-rosas-mas-nao-ficou-satisfeita\/#article","isPartOf":{"@id":"https:\/\/portaltela.pt\/noticias\/2026\/01\/16\/paolla-oliveira-recebe-camiao-de-rosas-mas-nao-ficou-satisfeita\/"},"author":{"name":"Telinha","@id":"https:\/\/portaltela.pt\/#\/schema\/person\/c4278d4a6028830caff9ee44b42d32ed"},"headline":"Paolla Oliveira recebe cami\u00e3o de rosas, mas n\u00e3o ficou satisfeita","datePublished":"2026-01-16T21:21:41+00:00","mainEntityOfPage":{"@id":"https:\/\/portaltela.pt\/noticias\/2026\/01\/16\/paolla-oliveira-recebe-camiao-de-rosas-mas-nao-ficou-satisfeita\/"},"wordCount":258,"image":{"@id":"https:\/\/portaltela.pt\/noticias\/2026\/01\/16\/paolla-oliveira-recebe-camiao-de-rosas-mas-nao-ficou-satisfeita\/#primaryimage"},"thumbnailUrl":"https:\/\/portaltela.pt\/s.01k8rhncp4jt1\/2026\/01\/img_1500x1000uu2016-09-20-16-45-00-564977.jpg","keywords":["celebidades","celebridades","invas\u00e3o de privacidade","prote\u00e7\u00e3o da privacidade","redes sociais"],"articleSection":["Entretenimento","Not\u00edcias"],"inLanguage":"pt-PT"},{"@type":"WebPage","@id":"https:\/\/portaltela.pt\/noticias\/2026\/01\/16\/paolla-oliveira-recebe-camiao-de-rosas-mas-nao-ficou-satisfeita\/","url":"https:\/\/portaltela.pt\/noticias\/2026\/01\/16\/paolla-oliveira-recebe-camiao-de-rosas-mas-nao-ficou-satisfeita\/","name":"Paolla Oliveira recebe cami\u00e3o de rosas, mas n\u00e3o ficou satisfeita - Portal Tela Portugal","isPartOf":{"@id":"https:\/\/portaltela.pt\/#website"},"primaryImageOfPage":{"@id":"https:\/\/portaltela.pt\/noticias\/2026\/01\/16\/paolla-oliveira-recebe-camiao-de-rosas-mas-nao-ficou-satisfeita\/#primaryimage"},"image":{"@id":"https:\/\/portaltela.pt\/noticias\/2026\/01\/16\/paolla-oliveira-recebe-camiao-de-rosas-mas-nao-ficou-satisfeita\/#primaryimage"},"thumbnailUrl":"https:\/\/portaltela.pt\/s.01k8rhncp4jt1\/2026\/01\/img_1500x1000uu2016-09-20-16-45-00-564977.jpg","datePublished":"2026-01-16T21:21:41+00:00","author":{"@id":"https:\/\/portaltela.pt\/#\/schema\/person\/c4278d4a6028830caff9ee44b42d32ed"},"breadcrumb":{"@id":"https:\/\/portaltela.pt\/noticias\/2026\/01\/16\/paolla-oliveira-recebe-camiao-de-rosas-mas-nao-ficou-satisfeita\/#breadcrumb"},"inLanguage":"pt-PT","potentialAction":[{"@type":"ReadAction","target":["https:\/\/portaltela.pt\/noticias\/2026\/01\/16\/paolla-oliveira-recebe-camiao-de-rosas-mas-nao-ficou-satisfeita\/"]}]},{"@type":"ImageObject","inLanguage":"pt-PT","@id":"https:\/\/portaltela.pt\/noticias\/2026\/01\/16\/paolla-oliveira-recebe-camiao-de-rosas-mas-nao-ficou-satisfeita\/#primaryimage","url":"https:\/\/portaltela.pt\/s.01k8rhncp4jt1\/2026\/01\/img_1500x1000uu2016-09-20-16-45-00-564977.jpg","contentUrl":"https:\/\/portaltela.pt\/s.01k8rhncp4jt1\/2026\/01\/img_1500x1000uu2016-09-20-16-45-00-564977.jpg","width":796,"height":448,"caption":"Paolla Oliveira, Lisboa, Portugal, brasileira, atriz, casa, compra"},{"@type":"BreadcrumbList","@id":"https:\/\/portaltela.pt\/noticias\/2026\/01\/16\/paolla-oliveira-recebe-camiao-de-rosas-mas-nao-ficou-satisfeita\/#breadcrumb","itemListElement":[{"@type":"ListItem","position":1,"name":"In\u00edcio","item":"https:\/\/portaltela.pt\/"},{"@type":"ListItem","position":2,"name":"Paolla Oliveira recebe cami\u00e3o de rosas, mas n\u00e3o ficou satisfeita"}]},{"@type":"WebSite","@id":"https:\/\/portaltela.pt\/#website","url":"https:\/\/portaltela.pt\/","name":"Portal Tela Portugal","description":"","potentialAction":[{"@type":"SearchAction","target":{"@type":"EntryPoint","urlTemplate":"https:\/\/portaltela.pt\/?s={search_term_string}"},"query-input":{"@type":"PropertyValueSpecification","valueRequired":true,"valueName":"search_term_string"}}],"inLanguage":"pt-PT"},{"@type":"Person","@id":"https:\/\/portaltela.pt\/#\/schema\/person\/c4278d4a6028830caff9ee44b42d32ed","name":"Telinha","image":{"@type":"ImageObject","inLanguage":"pt-PT","@id":"https:\/\/portaltela.pt\/s.01k8rhncp4jt1\/2025\/11\/talking-bot-125x125.png","url":"https:\/\/portaltela.pt\/s.01k8rhncp4jt1\/2025\/11\/talking-bot-125x125.png","contentUrl":"https:\/\/portaltela.pt\/s.01k8rhncp4jt1\/2025\/11\/talking-bot-125x125.png","caption":"Telinha"},"sameAs":["https:\/\/portaltela.pt\/"],"url":"https:\/\/portaltela.pt\/por\/367410592786\/"}]}},"_links":{"self":[{"href":"https:\/\/portaltela.pt\/api\/wp\/v2\/posts\/146506","targetHints":{"allow":["GET"]}}],"collection":[{"href":"https:\/\/portaltela.pt\/api\/wp\/v2\/posts"}],"about":[{"href":"https:\/\/portaltela.pt\/api\/wp\/v2\/types\/post"}],"author":[{"embeddable":true,"href":"https:\/\/portaltela.pt\/api\/wp\/v2\/users\/2"}],"replies":[{"embeddable":true,"href":"https:\/\/portaltela.pt\/api\/wp\/v2\/comments?post=146506"}],"version-history":[{"count":0,"href":"https:\/\/portaltela.pt\/api\/wp\/v2\/posts\/146506\/revisions"}],"wp:featuredmedia":[{"embeddable":true,"href":"https:\/\/portaltela.pt\/api\/wp\/v2\/media\/146508"}],"wp:attachment":[{"href":"https:\/\/portaltela.pt\/api\/wp\/v2\/media?parent=146506"}],"wp:term":[{"taxonomy":"category","embeddable":true,"href":"https:\/\/portaltela.pt\/api\/wp\/v2\/categories?post=146506"},{"taxonomy":"post_tag","embeddable":true,"href":"https:\/\/portaltela.pt\/api\/wp\/v2\/tags?post=146506"}],"curies":[{"name":"wp","href":"https:\/\/api.w.org\/{rel}","templated":true}]}}