{"id":146483,"date":"2026-01-16T18:09:00","date_gmt":"2026-01-16T21:09:00","guid":{"rendered":"https:\/\/portaltela.pt\/noticias\/2026\/01\/16\/trump-agradece-ao-irao-por-suspender-algumas-execucoes\/"},"modified":"2026-01-16T18:09:00","modified_gmt":"2026-01-16T21:09:00","slug":"trump-agradece-ao-irao-por-suspender-algumas-execucoes","status":"publish","type":"post","link":"https:\/\/portaltela.pt\/noticias\/internacional\/2026\/01\/16\/trump-agradece-ao-irao-por-suspender-algumas-execucoes\/","title":{"rendered":"Trump agradece ao Ir\u00e3o por suspender algumas execu\u00e7\u00f5es"},"content":{"rendered":"<p>Donald Trump agradeceu \u00e0s autoridades iranianas por alegadamente suspenderem mais de 800 execu\u00e7\u00f5es previstas para esta semana, segundo a Casa Branca. Ainda n\u00e3o h\u00e1 confirma\u00e7\u00e3o independente sobre esse n\u00famero.<\/p>\n<p>O Ir\u00e3o limitou-se a dizer que n\u00e3o existem execu\u00e7\u00f5es previstas, numa altura de crise que come\u00e7ou com protestos econ\u00f3micos e a desvaloriza\u00e7\u00e3o do rial. As autoridades enfrentaram repress\u00f5es intensas, com cr\u00edticas internacionais.<\/p>\n<p>O Governo iraniano reconheceu, inicialmente, leg\u00edtimas as queixas populares, mas culpa uma conspira\u00e7\u00e3o externa liderada pelos EUA e por Israel pelos dist\u00farbios que se seguiram.<\/p>\n<h3>Contexto e rea\u00e7\u00e3o internacional<\/h3>\n<p>Nesta conjuntura, Trump afirmou, via redes sociais, ter grande respeito pela suspens\u00e3o das execu\u00e7\u00f5es anunciadas pela lideran\u00e7a iraniana. A comunica\u00e7\u00e3o ocorreu ap\u00f3s um conjunto de tens\u00f5es regionais.<\/p>\n<p>No fim de semana, o chefe de Estado americano ofereceu ajuda ao Ir\u00e3o para liberta\u00e7\u00e3o, em resposta a declara\u00e7\u00f5es do presidente do Parlamento iraniano, que avisou sobre poss\u00edveis a\u00e7\u00f5es contra Israel e bases americanas em caso de ataque dos EUA.<\/p>\n","protected":false},"excerpt":{"rendered":"<ul>\n<li>O presidente dos Estados Unidos, Donald Trump, agradeceu \u00e0s autoridades iranianas por alegadamente suspender mais de 800 execu\u00e7\u00f5es previstas para esta semana, segundo a Casa Branca.<\/li>\n<li>O Ir\u00e3o, atrav\u00e9s do ministro dos Neg\u00f3cios Estrangeiros, Abbas Araqchi, afirmou apenas que n\u00e3o h\u00e1 execu\u00e7\u00f5es previstas no contexto da crise que come\u00e7ou no pa\u00eds no in\u00edcio do ano.<\/li>\n<li>O protesto inicial, movido por quest\u00f5es econ\u00f3micas e pelo colapso da moeda, acabou por evoluir para ataques a institui\u00e7\u00f5es p\u00fablicas, com a repress\u00e3o das for\u00e7as de seguran\u00e7a.<\/li>\n<li>O Governo iraniano reconheceu inicialmente as queixas leg\u00edtimas, mas atribuiu os dist\u00farbios a uma conspira\u00e7\u00e3o liderada pelos Estados Unidos e Israel.<\/li>\n<li>No domingo anterior, Trump ofereceu ajuda para &#8220;libertar&#8221; o Ir\u00e3o, em resposta a uma mensagem do presidente do Parlamento iraniano sobre alvos leg\u00edtimos caso haja ataque dos EUA.<\/li>\n<\/ul>\n","protected":false},"author":2,"featured_media":146494,"comment_status":"closed","ping_status":"closed","sticky":false,"template":"","format":"standard","meta":{"footnotes":""},"categories":[4,1],"tags":[2198,29,1600,3153,2832,2347],"class_list":["post-146483","post","type-post","status-publish","format-standard","has-post-thumbnail","hentry","category-internacional","category-noticias","tag-conflitos-internacionais","tag-diplomacia","tag-estados-unidos","tag-ira","tag-politica","tag-repercussoes-internacionais"],"yoast_head":"<!-- This site is optimized with the Yoast SEO plugin v27.2 - https:\/\/yoast.com\/product\/yoast-seo-wordpress\/ -->\n<title>Trump agradece ao Ir\u00e3o por suspender algumas execu\u00e7\u00f5es - Portal Tela Portugal<\/title>\n<meta name=\"robots\" content=\"index, follow, max-snippet:-1, max-image-preview:large, max-video-preview:-1\" \/>\n<meta property=\"og:locale\" content=\"pt_PT\" \/>\n<meta property=\"og:type\" content=\"article\" \/>\n<meta property=\"og:title\" content=\"Trump agradece ao Ir\u00e3o por suspender algumas execu\u00e7\u00f5es - Portal Tela Portugal\" \/>\n<meta property=\"og:description\" content=\"O presidente dos Estados Unidos, Donald Trump, agradeceu \u00e0s autoridades iranianas por alegadamente suspender mais de 800 execu\u00e7\u00f5es previstas para esta semana, segundo a Casa Branca. O Ir\u00e3o, atrav\u00e9s do ministro dos Neg\u00f3cios Estrangeiros, Abbas Araqchi, afirmou apenas que n\u00e3o h\u00e1 execu\u00e7\u00f5es previstas no contexto da crise que come\u00e7ou no pa\u00eds no in\u00edcio do ano. O protesto inicial, movido por quest\u00f5es econ\u00f3micas e pelo colapso da moeda, acabou por evoluir para ataques a institui\u00e7\u00f5es p\u00fablicas, com a repress\u00e3o das for\u00e7as de seguran\u00e7a. O Governo iraniano reconheceu inicialmente as queixas leg\u00edtimas, mas atribuiu os dist\u00farbios a uma conspira\u00e7\u00e3o liderada pelos Estados Unidos e Israel. No domingo anterior, Trump ofereceu ajuda para &quot;libertar&quot; o Ir\u00e3o, em resposta a uma mensagem do presidente do Parlamento iraniano sobre alvos leg\u00edtimos caso haja ataque dos EUA.\" \/>\n<meta property=\"og:url\" content=\"https:\/\/portaltela.pt\/noticias\/2026\/01\/16\/trump-agradece-ao-irao-por-suspender-algumas-execucoes\/\" \/>\n<meta property=\"og:site_name\" content=\"Portal Tela Portugal\" \/>\n<meta property=\"article:published_time\" content=\"2026-01-16T21:09:00+00:00\" \/>\n<meta name=\"author\" content=\"Telinha\" \/>\n<meta name=\"twitter:card\" content=\"summary_large_image\" \/>\n<meta name=\"twitter:label1\" content=\"Escrito por\" \/>\n\t<meta name=\"twitter:data1\" content=\"Telinha\" \/>\n\t<meta name=\"twitter:label2\" content=\"Tempo estimado de leitura\" \/>\n\t<meta name=\"twitter:data2\" content=\"1 minuto\" \/>\n<script type=\"application\/ld+json\" class=\"yoast-schema-graph\">{\"@context\":\"https:\/\/schema.org\",\"@graph\":[{\"@type\":\"Article\",\"@id\":\"https:\/\/portaltela.pt\/noticias\/2026\/01\/16\/trump-agradece-ao-irao-por-suspender-algumas-execucoes\/#article\",\"isPartOf\":{\"@id\":\"https:\/\/portaltela.pt\/noticias\/2026\/01\/16\/trump-agradece-ao-irao-por-suspender-algumas-execucoes\/\"},\"author\":{\"name\":\"Telinha\",\"@id\":\"https:\/\/portaltela.pt\/#\/schema\/person\/c4278d4a6028830caff9ee44b42d32ed\"},\"headline\":\"Trump agradece ao Ir\u00e3o por suspender algumas execu\u00e7\u00f5es\",\"datePublished\":\"2026-01-16T21:09:00+00:00\",\"mainEntityOfPage\":{\"@id\":\"https:\/\/portaltela.pt\/noticias\/2026\/01\/16\/trump-agradece-ao-irao-por-suspender-algumas-execucoes\/\"},\"wordCount\":193,\"image\":{\"@id\":\"https:\/\/portaltela.pt\/noticias\/2026\/01\/16\/trump-agradece-ao-irao-por-suspender-algumas-execucoes\/#primaryimage\"},\"thumbnailUrl\":\"https:\/\/portaltela.pt\/s.01k8rhncp4jt1\/2026\/01\/unnamed-file-3352.jpg\",\"keywords\":[\"conflitos internacionais\",\"diplomacia\",\"Estados Unidos\",\"Ir\u00e3\",\"pol\u00edtica\",\"Repercuss\u00f5es internacionais\"],\"articleSection\":[\"Internacional\",\"Not\u00edcias\"],\"inLanguage\":\"pt-PT\"},{\"@type\":\"WebPage\",\"@id\":\"https:\/\/portaltela.pt\/noticias\/2026\/01\/16\/trump-agradece-ao-irao-por-suspender-algumas-execucoes\/\",\"url\":\"https:\/\/portaltela.pt\/noticias\/2026\/01\/16\/trump-agradece-ao-irao-por-suspender-algumas-execucoes\/\",\"name\":\"Trump agradece ao Ir\u00e3o por suspender algumas execu\u00e7\u00f5es - Portal Tela Portugal\",\"isPartOf\":{\"@id\":\"https:\/\/portaltela.pt\/#website\"},\"primaryImageOfPage\":{\"@id\":\"https:\/\/portaltela.pt\/noticias\/2026\/01\/16\/trump-agradece-ao-irao-por-suspender-algumas-execucoes\/#primaryimage\"},\"image\":{\"@id\":\"https:\/\/portaltela.pt\/noticias\/2026\/01\/16\/trump-agradece-ao-irao-por-suspender-algumas-execucoes\/#primaryimage\"},\"thumbnailUrl\":\"https:\/\/portaltela.pt\/s.01k8rhncp4jt1\/2026\/01\/unnamed-file-3352.jpg\",\"datePublished\":\"2026-01-16T21:09:00+00:00\",\"author\":{\"@id\":\"https:\/\/portaltela.pt\/#\/schema\/person\/c4278d4a6028830caff9ee44b42d32ed\"},\"breadcrumb\":{\"@id\":\"https:\/\/portaltela.pt\/noticias\/2026\/01\/16\/trump-agradece-ao-irao-por-suspender-algumas-execucoes\/#breadcrumb\"},\"inLanguage\":\"pt-PT\",\"potentialAction\":[{\"@type\":\"ReadAction\",\"target\":[\"https:\/\/portaltela.pt\/noticias\/2026\/01\/16\/trump-agradece-ao-irao-por-suspender-algumas-execucoes\/\"]}]},{\"@type\":\"ImageObject\",\"inLanguage\":\"pt-PT\",\"@id\":\"https:\/\/portaltela.pt\/noticias\/2026\/01\/16\/trump-agradece-ao-irao-por-suspender-algumas-execucoes\/#primaryimage\",\"url\":\"https:\/\/portaltela.pt\/s.01k8rhncp4jt1\/2026\/01\/unnamed-file-3352.jpg\",\"contentUrl\":\"https:\/\/portaltela.pt\/s.01k8rhncp4jt1\/2026\/01\/unnamed-file-3352.jpg\",\"width\":796,\"height\":448,\"caption\":\"Donald Trump agradece ao Ir\u00e3o por suspender algumas execu\u00e7\u00f5es\"},{\"@type\":\"BreadcrumbList\",\"@id\":\"https:\/\/portaltela.pt\/noticias\/2026\/01\/16\/trump-agradece-ao-irao-por-suspender-algumas-execucoes\/#breadcrumb\",\"itemListElement\":[{\"@type\":\"ListItem\",\"position\":1,\"name\":\"In\u00edcio\",\"item\":\"https:\/\/portaltela.pt\/\"},{\"@type\":\"ListItem\",\"position\":2,\"name\":\"Trump agradece ao Ir\u00e3o por suspender algumas execu\u00e7\u00f5es\"}]},{\"@type\":\"WebSite\",\"@id\":\"https:\/\/portaltela.pt\/#website\",\"url\":\"https:\/\/portaltela.pt\/\",\"name\":\"Portal Tela Portugal\",\"description\":\"\",\"potentialAction\":[{\"@type\":\"SearchAction\",\"target\":{\"@type\":\"EntryPoint\",\"urlTemplate\":\"https:\/\/portaltela.pt\/?s={search_term_string}\"},\"query-input\":{\"@type\":\"PropertyValueSpecification\",\"valueRequired\":true,\"valueName\":\"search_term_string\"}}],\"inLanguage\":\"pt-PT\"},{\"@type\":\"Person\",\"@id\":\"https:\/\/portaltela.pt\/#\/schema\/person\/c4278d4a6028830caff9ee44b42d32ed\",\"name\":\"Telinha\",\"image\":{\"@type\":\"ImageObject\",\"inLanguage\":\"pt-PT\",\"@id\":\"https:\/\/portaltela.pt\/s.01k8rhncp4jt1\/2025\/11\/talking-bot-125x125.png\",\"url\":\"https:\/\/portaltela.pt\/s.01k8rhncp4jt1\/2025\/11\/talking-bot-125x125.png\",\"contentUrl\":\"https:\/\/portaltela.pt\/s.01k8rhncp4jt1\/2025\/11\/talking-bot-125x125.png\",\"caption\":\"Telinha\"},\"sameAs\":[\"https:\/\/portaltela.pt\/\"],\"url\":\"https:\/\/portaltela.pt\/por\/367410592786\/\"}]}<\/script>\n<!-- \/ Yoast SEO plugin. -->","yoast_head_json":{"title":"Trump agradece ao Ir\u00e3o por suspender algumas execu\u00e7\u00f5es - Portal Tela Portugal","robots":{"index":"index","follow":"follow","max-snippet":"max-snippet:-1","max-image-preview":"max-image-preview:large","max-video-preview":"max-video-preview:-1"},"og_locale":"pt_PT","og_type":"article","og_title":"Trump agradece ao Ir\u00e3o por suspender algumas execu\u00e7\u00f5es - Portal Tela Portugal","og_description":"O presidente dos Estados Unidos, Donald Trump, agradeceu \u00e0s autoridades iranianas por alegadamente suspender mais de 800 execu\u00e7\u00f5es previstas para esta semana, segundo a Casa Branca. O Ir\u00e3o, atrav\u00e9s do ministro dos Neg\u00f3cios Estrangeiros, Abbas Araqchi, afirmou apenas que n\u00e3o h\u00e1 execu\u00e7\u00f5es previstas no contexto da crise que come\u00e7ou no pa\u00eds no in\u00edcio do ano. O protesto inicial, movido por quest\u00f5es econ\u00f3micas e pelo colapso da moeda, acabou por evoluir para ataques a institui\u00e7\u00f5es p\u00fablicas, com a repress\u00e3o das for\u00e7as de seguran\u00e7a. O Governo iraniano reconheceu inicialmente as queixas leg\u00edtimas, mas atribuiu os dist\u00farbios a uma conspira\u00e7\u00e3o liderada pelos Estados Unidos e Israel. No domingo anterior, Trump ofereceu ajuda para \"libertar\" o Ir\u00e3o, em resposta a uma mensagem do presidente do Parlamento iraniano sobre alvos leg\u00edtimos caso haja ataque dos EUA.","og_url":"https:\/\/portaltela.pt\/noticias\/2026\/01\/16\/trump-agradece-ao-irao-por-suspender-algumas-execucoes\/","og_site_name":"Portal Tela Portugal","article_published_time":"2026-01-16T21:09:00+00:00","author":"Telinha","twitter_card":"summary_large_image","twitter_misc":{"Escrito por":"Telinha","Tempo estimado de leitura":"1 minuto"},"schema":{"@context":"https:\/\/schema.org","@graph":[{"@type":"Article","@id":"https:\/\/portaltela.pt\/noticias\/2026\/01\/16\/trump-agradece-ao-irao-por-suspender-algumas-execucoes\/#article","isPartOf":{"@id":"https:\/\/portaltela.pt\/noticias\/2026\/01\/16\/trump-agradece-ao-irao-por-suspender-algumas-execucoes\/"},"author":{"name":"Telinha","@id":"https:\/\/portaltela.pt\/#\/schema\/person\/c4278d4a6028830caff9ee44b42d32ed"},"headline":"Trump agradece ao Ir\u00e3o por suspender algumas execu\u00e7\u00f5es","datePublished":"2026-01-16T21:09:00+00:00","mainEntityOfPage":{"@id":"https:\/\/portaltela.pt\/noticias\/2026\/01\/16\/trump-agradece-ao-irao-por-suspender-algumas-execucoes\/"},"wordCount":193,"image":{"@id":"https:\/\/portaltela.pt\/noticias\/2026\/01\/16\/trump-agradece-ao-irao-por-suspender-algumas-execucoes\/#primaryimage"},"thumbnailUrl":"https:\/\/portaltela.pt\/s.01k8rhncp4jt1\/2026\/01\/unnamed-file-3352.jpg","keywords":["conflitos internacionais","diplomacia","Estados Unidos","Ir\u00e3","pol\u00edtica","Repercuss\u00f5es internacionais"],"articleSection":["Internacional","Not\u00edcias"],"inLanguage":"pt-PT"},{"@type":"WebPage","@id":"https:\/\/portaltela.pt\/noticias\/2026\/01\/16\/trump-agradece-ao-irao-por-suspender-algumas-execucoes\/","url":"https:\/\/portaltela.pt\/noticias\/2026\/01\/16\/trump-agradece-ao-irao-por-suspender-algumas-execucoes\/","name":"Trump agradece ao Ir\u00e3o por suspender algumas execu\u00e7\u00f5es - Portal Tela Portugal","isPartOf":{"@id":"https:\/\/portaltela.pt\/#website"},"primaryImageOfPage":{"@id":"https:\/\/portaltela.pt\/noticias\/2026\/01\/16\/trump-agradece-ao-irao-por-suspender-algumas-execucoes\/#primaryimage"},"image":{"@id":"https:\/\/portaltela.pt\/noticias\/2026\/01\/16\/trump-agradece-ao-irao-por-suspender-algumas-execucoes\/#primaryimage"},"thumbnailUrl":"https:\/\/portaltela.pt\/s.01k8rhncp4jt1\/2026\/01\/unnamed-file-3352.jpg","datePublished":"2026-01-16T21:09:00+00:00","author":{"@id":"https:\/\/portaltela.pt\/#\/schema\/person\/c4278d4a6028830caff9ee44b42d32ed"},"breadcrumb":{"@id":"https:\/\/portaltela.pt\/noticias\/2026\/01\/16\/trump-agradece-ao-irao-por-suspender-algumas-execucoes\/#breadcrumb"},"inLanguage":"pt-PT","potentialAction":[{"@type":"ReadAction","target":["https:\/\/portaltela.pt\/noticias\/2026\/01\/16\/trump-agradece-ao-irao-por-suspender-algumas-execucoes\/"]}]},{"@type":"ImageObject","inLanguage":"pt-PT","@id":"https:\/\/portaltela.pt\/noticias\/2026\/01\/16\/trump-agradece-ao-irao-por-suspender-algumas-execucoes\/#primaryimage","url":"https:\/\/portaltela.pt\/s.01k8rhncp4jt1\/2026\/01\/unnamed-file-3352.jpg","contentUrl":"https:\/\/portaltela.pt\/s.01k8rhncp4jt1\/2026\/01\/unnamed-file-3352.jpg","width":796,"height":448,"caption":"Donald Trump agradece ao Ir\u00e3o por suspender algumas execu\u00e7\u00f5es"},{"@type":"BreadcrumbList","@id":"https:\/\/portaltela.pt\/noticias\/2026\/01\/16\/trump-agradece-ao-irao-por-suspender-algumas-execucoes\/#breadcrumb","itemListElement":[{"@type":"ListItem","position":1,"name":"In\u00edcio","item":"https:\/\/portaltela.pt\/"},{"@type":"ListItem","position":2,"name":"Trump agradece ao Ir\u00e3o por suspender algumas execu\u00e7\u00f5es"}]},{"@type":"WebSite","@id":"https:\/\/portaltela.pt\/#website","url":"https:\/\/portaltela.pt\/","name":"Portal Tela Portugal","description":"","potentialAction":[{"@type":"SearchAction","target":{"@type":"EntryPoint","urlTemplate":"https:\/\/portaltela.pt\/?s={search_term_string}"},"query-input":{"@type":"PropertyValueSpecification","valueRequired":true,"valueName":"search_term_string"}}],"inLanguage":"pt-PT"},{"@type":"Person","@id":"https:\/\/portaltela.pt\/#\/schema\/person\/c4278d4a6028830caff9ee44b42d32ed","name":"Telinha","image":{"@type":"ImageObject","inLanguage":"pt-PT","@id":"https:\/\/portaltela.pt\/s.01k8rhncp4jt1\/2025\/11\/talking-bot-125x125.png","url":"https:\/\/portaltela.pt\/s.01k8rhncp4jt1\/2025\/11\/talking-bot-125x125.png","contentUrl":"https:\/\/portaltela.pt\/s.01k8rhncp4jt1\/2025\/11\/talking-bot-125x125.png","caption":"Telinha"},"sameAs":["https:\/\/portaltela.pt\/"],"url":"https:\/\/portaltela.pt\/por\/367410592786\/"}]}},"_links":{"self":[{"href":"https:\/\/portaltela.pt\/api\/wp\/v2\/posts\/146483","targetHints":{"allow":["GET"]}}],"collection":[{"href":"https:\/\/portaltela.pt\/api\/wp\/v2\/posts"}],"about":[{"href":"https:\/\/portaltela.pt\/api\/wp\/v2\/types\/post"}],"author":[{"embeddable":true,"href":"https:\/\/portaltela.pt\/api\/wp\/v2\/users\/2"}],"replies":[{"embeddable":true,"href":"https:\/\/portaltela.pt\/api\/wp\/v2\/comments?post=146483"}],"version-history":[{"count":0,"href":"https:\/\/portaltela.pt\/api\/wp\/v2\/posts\/146483\/revisions"}],"wp:featuredmedia":[{"embeddable":true,"href":"https:\/\/portaltela.pt\/api\/wp\/v2\/media\/146494"}],"wp:attachment":[{"href":"https:\/\/portaltela.pt\/api\/wp\/v2\/media?parent=146483"}],"wp:term":[{"taxonomy":"category","embeddable":true,"href":"https:\/\/portaltela.pt\/api\/wp\/v2\/categories?post=146483"},{"taxonomy":"post_tag","embeddable":true,"href":"https:\/\/portaltela.pt\/api\/wp\/v2\/tags?post=146483"}],"curies":[{"name":"wp","href":"https:\/\/api.w.org\/{rel}","templated":true}]}}