{"id":146478,"date":"2026-01-16T18:11:55","date_gmt":"2026-01-16T21:11:55","guid":{"rendered":"https:\/\/portaltela.pt\/noticias\/2026\/01\/16\/uls-tamega-e-sousa-inicia-formacao-pratica-em-nefrologia-de-intervencao\/"},"modified":"2026-01-16T18:11:55","modified_gmt":"2026-01-16T21:11:55","slug":"uls-tamega-e-sousa-inicia-formacao-pratica-em-nefrologia-de-intervencao","status":"publish","type":"post","link":"https:\/\/portaltela.pt\/noticias\/2026\/01\/16\/uls-tamega-e-sousa-inicia-formacao-pratica-em-nefrologia-de-intervencao\/","title":{"rendered":"ULS T\u00e2mega e Sousa inicia forma\u00e7\u00e3o pr\u00e1tica em Nefrologia de Interven\u00e7\u00e3o"},"content":{"rendered":"<p>A ULS T\u00e2mega e Sousa iniciou a componente pr\u00e1tica do I Curso de Nefrologia Diagn\u00f3stica e de Interven\u00e7\u00e3o, acolhendo tr\u00eas m\u00e9dicos internos de forma\u00e7\u00e3o espec\u00edfica. A forma\u00e7\u00e3o decorre na Unidade de Nefrologia da institui\u00e7\u00e3o at\u00e9 junho de 2026, com sess\u00e3o pr\u00e1tica j\u00e1 em curso.<\/p>\n<p>Os formandos v\u00eam das ULS Santo Ant\u00f3nio, Braga, e Gaia e Espinho. Durante o percurso, v\u00e3o desenvolver compet\u00eancias pr\u00e1ticas em \u00e1reas centrais da nefrologia de interven\u00e7\u00e3o, sob supervis\u00e3o da equipa interna.<\/p>\n<p>A forma\u00e7\u00e3o visa consolidar t\u00e9cnicas como ecografia do acesso vascular, cirurgia vascular, coloca\u00e7\u00e3o de cateteres para hemodi\u00e1lise e realiza\u00e7\u00e3o de bi\u00f3psias renais. Conta com a colabora\u00e7\u00e3o do Servi\u00e7o de Angiologia e Cirurgia Vascular da ULS.<\/p>\n<p>A ULS T\u00e2mega e Sousa refor\u00e7a o papel de unidade formadora de refer\u00eancia, alinhando-se com o programa nacional promovido pela Sociedade Portuguesa de Nefrologia. O objetivo \u00e9 ampliar a forma\u00e7\u00e3o m\u00e9dica especializada na regi\u00e3o.<\/p>\n<h3>Estrutura e objetivos<\/h3>\n<p>O curso integra m\u00f3dulos t\u00e9cnicos e pr\u00e1ticos, com abordagem multidisciplinar para atender as necessidades da nefrologia de interven\u00e7\u00e3o. A participa\u00e7\u00e3o refor\u00e7a a qualidade dos cuidados de sa\u00fade na regi\u00e3o.<\/p>\n","protected":false},"excerpt":{"rendered":"<ul>\n<li>A Unidade Local de Sa\u00fade T\u00e2mega e Sousa iniciou a forma\u00e7\u00e3o pr\u00e1tica em Nefrologia de Interven\u00e7\u00e3o para m\u00e9dicos internos, que decorre at\u00e9 junho de 2026.<\/li>\n<li>S\u00e3o tr\u00eas m\u00e9dicos internos de forma\u00e7\u00e3o espec\u00edfica, oriundos da ULS Santo Ant\u00f3nio, de Braga, e de Gaia e Espinho.<\/li>\n<li>A forma\u00e7\u00e3o \u00e9 promovida pelo Grupo de Trabalho de Nefrologia de Interven\u00e7\u00e3o da Sociedade Portuguesa de Nefrologia e inclui ecografia do acesso vascular, cirurgia vascular, coloca\u00e7\u00e3o de cateteres para hemodi\u00e1lise e bi\u00f3psias renais.<\/li>\n<li>Conta com a colabora\u00e7\u00e3o do Servi\u00e7o de Angiologia e Cirurgia Vascular da ULS, numa abordagem multidisciplinar essencial \u00e0 especialidade.<\/li>\n<li>A participa\u00e7\u00e3o refor\u00e7a o papel da ULS T\u00e2mega e Sousa como unidade formadora de refer\u00eancia e o compromisso com a forma\u00e7\u00e3o m\u00e9dica especializada e a qualidade dos cuidados de sa\u00fade na regi\u00e3o.<\/li>\n<\/ul>\n","protected":false},"author":2,"featured_media":146496,"comment_status":"closed","ping_status":"closed","sticky":false,"template":"","format":"standard","meta":{"footnotes":""},"categories":[1],"tags":[3279,1207,1839,1290,1761,1865],"class_list":["post-146478","post","type-post","status-publish","format-standard","has-post-thumbnail","hentry","category-noticias","tag-angiologia","tag-braga","tag-espinho","tag-formacao","tag-gaia","tag-nefrologia"],"yoast_head":"<!-- This site is optimized with the Yoast SEO plugin v27.2 - https:\/\/yoast.com\/product\/yoast-seo-wordpress\/ -->\n<title>ULS T\u00e2mega e Sousa inicia forma\u00e7\u00e3o pr\u00e1tica em Nefrologia de Interven\u00e7\u00e3o - Portal Tela Portugal<\/title>\n<meta name=\"robots\" content=\"index, follow, max-snippet:-1, max-image-preview:large, max-video-preview:-1\" \/>\n<meta property=\"og:locale\" content=\"pt_PT\" \/>\n<meta property=\"og:type\" content=\"article\" \/>\n<meta property=\"og:title\" content=\"ULS T\u00e2mega e Sousa inicia forma\u00e7\u00e3o pr\u00e1tica em Nefrologia de Interven\u00e7\u00e3o - Portal Tela Portugal\" \/>\n<meta property=\"og:description\" content=\"A Unidade Local de Sa\u00fade T\u00e2mega e Sousa iniciou a forma\u00e7\u00e3o pr\u00e1tica em Nefrologia de Interven\u00e7\u00e3o para m\u00e9dicos internos, que decorre at\u00e9 junho de 2026. S\u00e3o tr\u00eas m\u00e9dicos internos de forma\u00e7\u00e3o espec\u00edfica, oriundos da ULS Santo Ant\u00f3nio, de Braga, e de Gaia e Espinho. A forma\u00e7\u00e3o \u00e9 promovida pelo Grupo de Trabalho de Nefrologia de Interven\u00e7\u00e3o da Sociedade Portuguesa de Nefrologia e inclui ecografia do acesso vascular, cirurgia vascular, coloca\u00e7\u00e3o de cateteres para hemodi\u00e1lise e bi\u00f3psias renais. Conta com a colabora\u00e7\u00e3o do Servi\u00e7o de Angiologia e Cirurgia Vascular da ULS, numa abordagem multidisciplinar essencial \u00e0 especialidade. A participa\u00e7\u00e3o refor\u00e7a o papel da ULS T\u00e2mega e Sousa como unidade formadora de refer\u00eancia e o compromisso com a forma\u00e7\u00e3o m\u00e9dica especializada e a qualidade dos cuidados de sa\u00fade na regi\u00e3o.\" \/>\n<meta property=\"og:url\" content=\"https:\/\/portaltela.pt\/noticias\/2026\/01\/16\/uls-tamega-e-sousa-inicia-formacao-pratica-em-nefrologia-de-intervencao\/\" \/>\n<meta property=\"og:site_name\" content=\"Portal Tela Portugal\" \/>\n<meta property=\"article:published_time\" content=\"2026-01-16T21:11:55+00:00\" \/>\n<meta name=\"author\" content=\"Telinha\" \/>\n<meta name=\"twitter:card\" content=\"summary_large_image\" \/>\n<meta name=\"twitter:label1\" content=\"Escrito por\" \/>\n\t<meta name=\"twitter:data1\" content=\"Telinha\" \/>\n\t<meta name=\"twitter:label2\" content=\"Tempo estimado de leitura\" \/>\n\t<meta name=\"twitter:data2\" content=\"1 minuto\" \/>\n<script type=\"application\/ld+json\" class=\"yoast-schema-graph\">{\"@context\":\"https:\/\/schema.org\",\"@graph\":[{\"@type\":\"Article\",\"@id\":\"https:\/\/portaltela.pt\/noticias\/2026\/01\/16\/uls-tamega-e-sousa-inicia-formacao-pratica-em-nefrologia-de-intervencao\/#article\",\"isPartOf\":{\"@id\":\"https:\/\/portaltela.pt\/noticias\/2026\/01\/16\/uls-tamega-e-sousa-inicia-formacao-pratica-em-nefrologia-de-intervencao\/\"},\"author\":{\"name\":\"Telinha\",\"@id\":\"https:\/\/portaltela.pt\/#\/schema\/person\/c4278d4a6028830caff9ee44b42d32ed\"},\"headline\":\"ULS T\u00e2mega e Sousa inicia forma\u00e7\u00e3o pr\u00e1tica em Nefrologia de Interven\u00e7\u00e3o\",\"datePublished\":\"2026-01-16T21:11:55+00:00\",\"mainEntityOfPage\":{\"@id\":\"https:\/\/portaltela.pt\/noticias\/2026\/01\/16\/uls-tamega-e-sousa-inicia-formacao-pratica-em-nefrologia-de-intervencao\/\"},\"wordCount\":230,\"image\":{\"@id\":\"https:\/\/portaltela.pt\/noticias\/2026\/01\/16\/uls-tamega-e-sousa-inicia-formacao-pratica-em-nefrologia-de-intervencao\/#primaryimage\"},\"thumbnailUrl\":\"https:\/\/portaltela.pt\/s.01k8rhncp4jt1\/2026\/01\/unnamed-file-3352.jpg\",\"keywords\":[\"angiologia\",\"Braga\",\"Espinho\",\"forma\u00e7\u00e3o\",\"Gaia\",\"nefrologia\"],\"articleSection\":[\"Not\u00edcias\"],\"inLanguage\":\"pt-PT\"},{\"@type\":\"WebPage\",\"@id\":\"https:\/\/portaltela.pt\/noticias\/2026\/01\/16\/uls-tamega-e-sousa-inicia-formacao-pratica-em-nefrologia-de-intervencao\/\",\"url\":\"https:\/\/portaltela.pt\/noticias\/2026\/01\/16\/uls-tamega-e-sousa-inicia-formacao-pratica-em-nefrologia-de-intervencao\/\",\"name\":\"ULS T\u00e2mega e Sousa inicia forma\u00e7\u00e3o pr\u00e1tica em Nefrologia de Interven\u00e7\u00e3o - Portal Tela Portugal\",\"isPartOf\":{\"@id\":\"https:\/\/portaltela.pt\/#website\"},\"primaryImageOfPage\":{\"@id\":\"https:\/\/portaltela.pt\/noticias\/2026\/01\/16\/uls-tamega-e-sousa-inicia-formacao-pratica-em-nefrologia-de-intervencao\/#primaryimage\"},\"image\":{\"@id\":\"https:\/\/portaltela.pt\/noticias\/2026\/01\/16\/uls-tamega-e-sousa-inicia-formacao-pratica-em-nefrologia-de-intervencao\/#primaryimage\"},\"thumbnailUrl\":\"https:\/\/portaltela.pt\/s.01k8rhncp4jt1\/2026\/01\/unnamed-file-3352.jpg\",\"datePublished\":\"2026-01-16T21:11:55+00:00\",\"author\":{\"@id\":\"https:\/\/portaltela.pt\/#\/schema\/person\/c4278d4a6028830caff9ee44b42d32ed\"},\"breadcrumb\":{\"@id\":\"https:\/\/portaltela.pt\/noticias\/2026\/01\/16\/uls-tamega-e-sousa-inicia-formacao-pratica-em-nefrologia-de-intervencao\/#breadcrumb\"},\"inLanguage\":\"pt-PT\",\"potentialAction\":[{\"@type\":\"ReadAction\",\"target\":[\"https:\/\/portaltela.pt\/noticias\/2026\/01\/16\/uls-tamega-e-sousa-inicia-formacao-pratica-em-nefrologia-de-intervencao\/\"]}]},{\"@type\":\"ImageObject\",\"inLanguage\":\"pt-PT\",\"@id\":\"https:\/\/portaltela.pt\/noticias\/2026\/01\/16\/uls-tamega-e-sousa-inicia-formacao-pratica-em-nefrologia-de-intervencao\/#primaryimage\",\"url\":\"https:\/\/portaltela.pt\/s.01k8rhncp4jt1\/2026\/01\/unnamed-file-3352.jpg\",\"contentUrl\":\"https:\/\/portaltela.pt\/s.01k8rhncp4jt1\/2026\/01\/unnamed-file-3352.jpg\",\"width\":796,\"height\":448,\"caption\":\"ULS T\u00e2mega e Sousa inicia forma\u00e7\u00e3o pr\u00e1tica em Nefrologia de Interven\u00e7\u00e3o para m\u00e9dicos internos\"},{\"@type\":\"BreadcrumbList\",\"@id\":\"https:\/\/portaltela.pt\/noticias\/2026\/01\/16\/uls-tamega-e-sousa-inicia-formacao-pratica-em-nefrologia-de-intervencao\/#breadcrumb\",\"itemListElement\":[{\"@type\":\"ListItem\",\"position\":1,\"name\":\"In\u00edcio\",\"item\":\"https:\/\/portaltela.pt\/\"},{\"@type\":\"ListItem\",\"position\":2,\"name\":\"ULS T\u00e2mega e Sousa inicia forma\u00e7\u00e3o pr\u00e1tica em Nefrologia de Interven\u00e7\u00e3o\"}]},{\"@type\":\"WebSite\",\"@id\":\"https:\/\/portaltela.pt\/#website\",\"url\":\"https:\/\/portaltela.pt\/\",\"name\":\"Portal Tela Portugal\",\"description\":\"\",\"potentialAction\":[{\"@type\":\"SearchAction\",\"target\":{\"@type\":\"EntryPoint\",\"urlTemplate\":\"https:\/\/portaltela.pt\/?s={search_term_string}\"},\"query-input\":{\"@type\":\"PropertyValueSpecification\",\"valueRequired\":true,\"valueName\":\"search_term_string\"}}],\"inLanguage\":\"pt-PT\"},{\"@type\":\"Person\",\"@id\":\"https:\/\/portaltela.pt\/#\/schema\/person\/c4278d4a6028830caff9ee44b42d32ed\",\"name\":\"Telinha\",\"image\":{\"@type\":\"ImageObject\",\"inLanguage\":\"pt-PT\",\"@id\":\"https:\/\/portaltela.pt\/s.01k8rhncp4jt1\/2025\/11\/talking-bot-125x125.png\",\"url\":\"https:\/\/portaltela.pt\/s.01k8rhncp4jt1\/2025\/11\/talking-bot-125x125.png\",\"contentUrl\":\"https:\/\/portaltela.pt\/s.01k8rhncp4jt1\/2025\/11\/talking-bot-125x125.png\",\"caption\":\"Telinha\"},\"sameAs\":[\"https:\/\/portaltela.pt\/\"],\"url\":\"https:\/\/portaltela.pt\/por\/367410592786\/\"}]}<\/script>\n<!-- \/ Yoast SEO plugin. -->","yoast_head_json":{"title":"ULS T\u00e2mega e Sousa inicia forma\u00e7\u00e3o pr\u00e1tica em Nefrologia de Interven\u00e7\u00e3o - Portal Tela Portugal","robots":{"index":"index","follow":"follow","max-snippet":"max-snippet:-1","max-image-preview":"max-image-preview:large","max-video-preview":"max-video-preview:-1"},"og_locale":"pt_PT","og_type":"article","og_title":"ULS T\u00e2mega e Sousa inicia forma\u00e7\u00e3o pr\u00e1tica em Nefrologia de Interven\u00e7\u00e3o - Portal Tela Portugal","og_description":"A Unidade Local de Sa\u00fade T\u00e2mega e Sousa iniciou a forma\u00e7\u00e3o pr\u00e1tica em Nefrologia de Interven\u00e7\u00e3o para m\u00e9dicos internos, que decorre at\u00e9 junho de 2026. S\u00e3o tr\u00eas m\u00e9dicos internos de forma\u00e7\u00e3o espec\u00edfica, oriundos da ULS Santo Ant\u00f3nio, de Braga, e de Gaia e Espinho. A forma\u00e7\u00e3o \u00e9 promovida pelo Grupo de Trabalho de Nefrologia de Interven\u00e7\u00e3o da Sociedade Portuguesa de Nefrologia e inclui ecografia do acesso vascular, cirurgia vascular, coloca\u00e7\u00e3o de cateteres para hemodi\u00e1lise e bi\u00f3psias renais. Conta com a colabora\u00e7\u00e3o do Servi\u00e7o de Angiologia e Cirurgia Vascular da ULS, numa abordagem multidisciplinar essencial \u00e0 especialidade. A participa\u00e7\u00e3o refor\u00e7a o papel da ULS T\u00e2mega e Sousa como unidade formadora de refer\u00eancia e o compromisso com a forma\u00e7\u00e3o m\u00e9dica especializada e a qualidade dos cuidados de sa\u00fade na regi\u00e3o.","og_url":"https:\/\/portaltela.pt\/noticias\/2026\/01\/16\/uls-tamega-e-sousa-inicia-formacao-pratica-em-nefrologia-de-intervencao\/","og_site_name":"Portal Tela Portugal","article_published_time":"2026-01-16T21:11:55+00:00","author":"Telinha","twitter_card":"summary_large_image","twitter_misc":{"Escrito por":"Telinha","Tempo estimado de leitura":"1 minuto"},"schema":{"@context":"https:\/\/schema.org","@graph":[{"@type":"Article","@id":"https:\/\/portaltela.pt\/noticias\/2026\/01\/16\/uls-tamega-e-sousa-inicia-formacao-pratica-em-nefrologia-de-intervencao\/#article","isPartOf":{"@id":"https:\/\/portaltela.pt\/noticias\/2026\/01\/16\/uls-tamega-e-sousa-inicia-formacao-pratica-em-nefrologia-de-intervencao\/"},"author":{"name":"Telinha","@id":"https:\/\/portaltela.pt\/#\/schema\/person\/c4278d4a6028830caff9ee44b42d32ed"},"headline":"ULS T\u00e2mega e Sousa inicia forma\u00e7\u00e3o pr\u00e1tica em Nefrologia de Interven\u00e7\u00e3o","datePublished":"2026-01-16T21:11:55+00:00","mainEntityOfPage":{"@id":"https:\/\/portaltela.pt\/noticias\/2026\/01\/16\/uls-tamega-e-sousa-inicia-formacao-pratica-em-nefrologia-de-intervencao\/"},"wordCount":230,"image":{"@id":"https:\/\/portaltela.pt\/noticias\/2026\/01\/16\/uls-tamega-e-sousa-inicia-formacao-pratica-em-nefrologia-de-intervencao\/#primaryimage"},"thumbnailUrl":"https:\/\/portaltela.pt\/s.01k8rhncp4jt1\/2026\/01\/unnamed-file-3352.jpg","keywords":["angiologia","Braga","Espinho","forma\u00e7\u00e3o","Gaia","nefrologia"],"articleSection":["Not\u00edcias"],"inLanguage":"pt-PT"},{"@type":"WebPage","@id":"https:\/\/portaltela.pt\/noticias\/2026\/01\/16\/uls-tamega-e-sousa-inicia-formacao-pratica-em-nefrologia-de-intervencao\/","url":"https:\/\/portaltela.pt\/noticias\/2026\/01\/16\/uls-tamega-e-sousa-inicia-formacao-pratica-em-nefrologia-de-intervencao\/","name":"ULS T\u00e2mega e Sousa inicia forma\u00e7\u00e3o pr\u00e1tica em Nefrologia de Interven\u00e7\u00e3o - Portal Tela Portugal","isPartOf":{"@id":"https:\/\/portaltela.pt\/#website"},"primaryImageOfPage":{"@id":"https:\/\/portaltela.pt\/noticias\/2026\/01\/16\/uls-tamega-e-sousa-inicia-formacao-pratica-em-nefrologia-de-intervencao\/#primaryimage"},"image":{"@id":"https:\/\/portaltela.pt\/noticias\/2026\/01\/16\/uls-tamega-e-sousa-inicia-formacao-pratica-em-nefrologia-de-intervencao\/#primaryimage"},"thumbnailUrl":"https:\/\/portaltela.pt\/s.01k8rhncp4jt1\/2026\/01\/unnamed-file-3352.jpg","datePublished":"2026-01-16T21:11:55+00:00","author":{"@id":"https:\/\/portaltela.pt\/#\/schema\/person\/c4278d4a6028830caff9ee44b42d32ed"},"breadcrumb":{"@id":"https:\/\/portaltela.pt\/noticias\/2026\/01\/16\/uls-tamega-e-sousa-inicia-formacao-pratica-em-nefrologia-de-intervencao\/#breadcrumb"},"inLanguage":"pt-PT","potentialAction":[{"@type":"ReadAction","target":["https:\/\/portaltela.pt\/noticias\/2026\/01\/16\/uls-tamega-e-sousa-inicia-formacao-pratica-em-nefrologia-de-intervencao\/"]}]},{"@type":"ImageObject","inLanguage":"pt-PT","@id":"https:\/\/portaltela.pt\/noticias\/2026\/01\/16\/uls-tamega-e-sousa-inicia-formacao-pratica-em-nefrologia-de-intervencao\/#primaryimage","url":"https:\/\/portaltela.pt\/s.01k8rhncp4jt1\/2026\/01\/unnamed-file-3352.jpg","contentUrl":"https:\/\/portaltela.pt\/s.01k8rhncp4jt1\/2026\/01\/unnamed-file-3352.jpg","width":796,"height":448,"caption":"ULS T\u00e2mega e Sousa inicia forma\u00e7\u00e3o pr\u00e1tica em Nefrologia de Interven\u00e7\u00e3o para m\u00e9dicos internos"},{"@type":"BreadcrumbList","@id":"https:\/\/portaltela.pt\/noticias\/2026\/01\/16\/uls-tamega-e-sousa-inicia-formacao-pratica-em-nefrologia-de-intervencao\/#breadcrumb","itemListElement":[{"@type":"ListItem","position":1,"name":"In\u00edcio","item":"https:\/\/portaltela.pt\/"},{"@type":"ListItem","position":2,"name":"ULS T\u00e2mega e Sousa inicia forma\u00e7\u00e3o pr\u00e1tica em Nefrologia de Interven\u00e7\u00e3o"}]},{"@type":"WebSite","@id":"https:\/\/portaltela.pt\/#website","url":"https:\/\/portaltela.pt\/","name":"Portal Tela Portugal","description":"","potentialAction":[{"@type":"SearchAction","target":{"@type":"EntryPoint","urlTemplate":"https:\/\/portaltela.pt\/?s={search_term_string}"},"query-input":{"@type":"PropertyValueSpecification","valueRequired":true,"valueName":"search_term_string"}}],"inLanguage":"pt-PT"},{"@type":"Person","@id":"https:\/\/portaltela.pt\/#\/schema\/person\/c4278d4a6028830caff9ee44b42d32ed","name":"Telinha","image":{"@type":"ImageObject","inLanguage":"pt-PT","@id":"https:\/\/portaltela.pt\/s.01k8rhncp4jt1\/2025\/11\/talking-bot-125x125.png","url":"https:\/\/portaltela.pt\/s.01k8rhncp4jt1\/2025\/11\/talking-bot-125x125.png","contentUrl":"https:\/\/portaltela.pt\/s.01k8rhncp4jt1\/2025\/11\/talking-bot-125x125.png","caption":"Telinha"},"sameAs":["https:\/\/portaltela.pt\/"],"url":"https:\/\/portaltela.pt\/por\/367410592786\/"}]}},"_links":{"self":[{"href":"https:\/\/portaltela.pt\/api\/wp\/v2\/posts\/146478","targetHints":{"allow":["GET"]}}],"collection":[{"href":"https:\/\/portaltela.pt\/api\/wp\/v2\/posts"}],"about":[{"href":"https:\/\/portaltela.pt\/api\/wp\/v2\/types\/post"}],"author":[{"embeddable":true,"href":"https:\/\/portaltela.pt\/api\/wp\/v2\/users\/2"}],"replies":[{"embeddable":true,"href":"https:\/\/portaltela.pt\/api\/wp\/v2\/comments?post=146478"}],"version-history":[{"count":0,"href":"https:\/\/portaltela.pt\/api\/wp\/v2\/posts\/146478\/revisions"}],"wp:featuredmedia":[{"embeddable":true,"href":"https:\/\/portaltela.pt\/api\/wp\/v2\/media\/146496"}],"wp:attachment":[{"href":"https:\/\/portaltela.pt\/api\/wp\/v2\/media?parent=146478"}],"wp:term":[{"taxonomy":"category","embeddable":true,"href":"https:\/\/portaltela.pt\/api\/wp\/v2\/categories?post=146478"},{"taxonomy":"post_tag","embeddable":true,"href":"https:\/\/portaltela.pt\/api\/wp\/v2\/tags?post=146478"}],"curies":[{"name":"wp","href":"https:\/\/api.w.org\/{rel}","templated":true}]}}