{"id":146307,"date":"2026-01-16T15:44:00","date_gmt":"2026-01-16T18:44:00","guid":{"rendered":"https:\/\/portaltela.pt\/noticias\/2026\/01\/16\/portugal-regista-descida-nos-casos-de-gripe\/"},"modified":"2026-01-16T15:44:00","modified_gmt":"2026-01-16T18:44:00","slug":"portugal-regista-descida-nos-casos-de-gripe","status":"publish","type":"post","link":"https:\/\/portaltela.pt\/noticias\/2026\/01\/16\/portugal-regista-descida-nos-casos-de-gripe\/","title":{"rendered":"Portugal regista descida nos casos de gripe"},"content":{"rendered":"<p>Na semana de 5 a 11 de janeiro, Portugal registou menos casos de gripe e uma redu\u00e7\u00e3o nos internamentos em cuidados intensivos. A mortalidade por todas as causas manteve-se acima do esperado, segundo o INSA.<\/p>\n<p>O Boletim de vigil\u00e2ncia epidemiol\u00f3gica da gripe e outros v\u00edrus respirat\u00f3rios destaca excessos de mortalidade em todas as regi\u00f5es de Portugal continental, em ambos os sexos e nos maiores de 65 anos.<\/p>\n<p>Desde o in\u00edcio da \u00e9poca gripal, em 29 de setembro de 2025, os laborat\u00f3rios notificaram 66.524 casos de infe\u00e7\u00e3o respirat\u00f3ria e identificaram 13.244 casos de gripe.<\/p>\n<p>Na semana analisada, foram detetados 753 casos positivos para gripe, menos 587 face \u00e0 primeira semana de janeiro (1.340). A propor\u00e7\u00e3o de gripe em unidades de cuidados intensivos foi de 9,2%, face a 19,1% na semana anterior.<\/p>\n<p>Nove UCI deram nota de informa\u00e7\u00e3o: 11 casos de gripe foram reportados, com quatro doentes com 65+ anos, cinco entre 55 e 64, e dois entre 45 e 54. No total, 10 pacientes tinham doen\u00e7a cr\u00f3nica, e 11 tinham recomenda\u00e7\u00e3o para vacina\u00e7\u00e3o contra a gripe sazonal, um encontrado vacinado.<\/p>\n<p>Desde o in\u00edcio da \u00e9poca, foram notificados 130 casos de gripe nas UCI. O v\u00edrus influenza A(H1) foi identificado em 8 casos, A(H3) em 13, e A n\u00e3o subtipado em 109. Dos casos com gripe, 113 tinham doen\u00e7a cr\u00f3nica, e 121 tinham recomenda\u00e7\u00e3o para vacina\u00e7\u00e3o, dos quais 23 estavam vacinados.<\/p>\n<p>A taxa de incid\u00eancia de infe\u00e7\u00f5es respirat\u00f3rias agudas graves (SARI) manteve-se est\u00e1vel, com 80 casos admitidos nas Unidades Locais de Sa\u00fade que forneceram dados, representando 10,3 casos por 100.000 habitantes. A incid\u00eancia de SARI \u00e9 mais elevada entre 65+ anos; o grupo 0-4 anos apresentou tend\u00eancia decrescente.<\/p>\n<p>Al\u00e9m da gripe, a monitoriza\u00e7\u00e3o detectou outros agentes respirat\u00f3rios em 4.866 casos desde o in\u00edcio da \u00e9poca, com a semana em an\u00e1lise a registar 300 casos. O v\u00edrus sincicial respirat\u00f3rio foi o mais frequente entre estes.<\/p>\n<h3>Panorama laboratorial e vacina\u00e7\u00e3o<\/h3>\n<p>Entre os casos de gripe, a maioria envolveu indiv\u00edduos com doen\u00e7a cr\u00f3nica e com recomenda\u00e7\u00e3o de vacina\u00e7\u00e3o. O INSA mant\u00e9m a vigil\u00e2ncia cont\u00ednua para ajustar a\u00e7\u00f5es de preven\u00e7\u00e3o e tratamento, com foco nos grupos de maior risco.<\/p>\n<p>As autoridades destacam a evolu\u00e7\u00e3o semanal dos n\u00fameros, sem ainda indicar mudan\u00e7as estruturais no comportamento da doen\u00e7a. A situa\u00e7\u00e3o permanece em avalia\u00e7\u00e3o cont\u00ednua pela rede de laborat\u00f3rios.<\/p>\n","protected":false},"excerpt":{"rendered":"<ul>\n<li>Na semana de 5 a 11 de janeiro, Portugal registou menos casos de gripe e uma redu\u00e7\u00e3o nos internamentos em cuidados intensivos, mantendo-se a mortalidade por todas as causas acima do esperado.<\/li>\n<li>Desde o in\u00edcio da \u00e9poca, foram notificadas 66.524 infe\u00e7\u00f5es respirat\u00f3rias e identificados 13.244 casos de gripe.<\/li>\n<li>Na semana analisada, foram detetados 753 casos positivos de gripe, menos 587 face \u00e0 primeira semana de janeiro.<\/li>\n<li>A propor\u00e7\u00e3o de gripe em unidades de cuidados intensivos ficou em 9,2 por cento, abaixo dos 19,1 por cento da semana anterior; 11 casos de gripe foram reportados por 13 UCI que enviaram dados.<\/li>\n<li>At\u00e9 ao momento, foram identificados 4.866 casos de outros agentes respirat\u00f3rios; na semana em an\u00e1lise foram detetados 300 casos, com o v\u00edrus sincicial respirat\u00f3rio a ser o mais frequente.<\/li>\n<\/ul>\n","protected":false},"author":2,"featured_media":146308,"comment_status":"closed","ping_status":"closed","sticky":false,"template":"","format":"standard","meta":{"footnotes":""},"categories":[1],"tags":[1905,3270,841,1014,271,374],"class_list":["post-146307","post","type-post","status-publish","format-standard","has-post-thumbnail","hentry","category-noticias","tag-gripe","tag-infecao-respiratoria","tag-infecao-respiratoria-aguda","tag-portugal","tag-saude-publica","tag-vigilancia-epidemiologica"],"yoast_head":"<!-- This site is optimized with the Yoast SEO plugin v27.2 - https:\/\/yoast.com\/product\/yoast-seo-wordpress\/ -->\n<title>Portugal regista descida nos casos de gripe - Portal Tela Portugal<\/title>\n<meta name=\"robots\" content=\"index, follow, max-snippet:-1, max-image-preview:large, max-video-preview:-1\" \/>\n<meta property=\"og:locale\" content=\"pt_PT\" \/>\n<meta property=\"og:type\" content=\"article\" \/>\n<meta property=\"og:title\" content=\"Portugal regista descida nos casos de gripe - Portal Tela Portugal\" \/>\n<meta property=\"og:description\" content=\"Na semana de 5 a 11 de janeiro, Portugal registou menos casos de gripe e uma redu\u00e7\u00e3o nos internamentos em cuidados intensivos, mantendo-se a mortalidade por todas as causas acima do esperado. Desde o in\u00edcio da \u00e9poca, foram notificadas 66.524 infe\u00e7\u00f5es respirat\u00f3rias e identificados 13.244 casos de gripe. Na semana analisada, foram detetados 753 casos positivos de gripe, menos 587 face \u00e0 primeira semana de janeiro. A propor\u00e7\u00e3o de gripe em unidades de cuidados intensivos ficou em 9,2 por cento, abaixo dos 19,1 por cento da semana anterior; 11 casos de gripe foram reportados por 13 UCI que enviaram dados. At\u00e9 ao momento, foram identificados 4.866 casos de outros agentes respirat\u00f3rios; na semana em an\u00e1lise foram detetados 300 casos, com o v\u00edrus sincicial respirat\u00f3rio a ser o mais frequente.\" \/>\n<meta property=\"og:url\" content=\"https:\/\/portaltela.pt\/noticias\/2026\/01\/16\/portugal-regista-descida-nos-casos-de-gripe\/\" \/>\n<meta property=\"og:site_name\" content=\"Portal Tela Portugal\" \/>\n<meta property=\"article:published_time\" content=\"2026-01-16T18:44:00+00:00\" \/>\n<meta name=\"author\" content=\"Telinha\" \/>\n<meta name=\"twitter:card\" content=\"summary_large_image\" \/>\n<meta name=\"twitter:label1\" content=\"Escrito por\" \/>\n\t<meta name=\"twitter:data1\" content=\"Telinha\" \/>\n\t<meta name=\"twitter:label2\" content=\"Tempo estimado de leitura\" \/>\n\t<meta name=\"twitter:data2\" content=\"2 minutos\" \/>\n<script type=\"application\/ld+json\" class=\"yoast-schema-graph\">{\"@context\":\"https:\/\/schema.org\",\"@graph\":[{\"@type\":\"Article\",\"@id\":\"https:\/\/portaltela.pt\/noticias\/2026\/01\/16\/portugal-regista-descida-nos-casos-de-gripe\/#article\",\"isPartOf\":{\"@id\":\"https:\/\/portaltela.pt\/noticias\/2026\/01\/16\/portugal-regista-descida-nos-casos-de-gripe\/\"},\"author\":{\"name\":\"Telinha\",\"@id\":\"https:\/\/portaltela.pt\/#\/schema\/person\/c4278d4a6028830caff9ee44b42d32ed\"},\"headline\":\"Portugal regista descida nos casos de gripe\",\"datePublished\":\"2026-01-16T18:44:00+00:00\",\"mainEntityOfPage\":{\"@id\":\"https:\/\/portaltela.pt\/noticias\/2026\/01\/16\/portugal-regista-descida-nos-casos-de-gripe\/\"},\"wordCount\":410,\"image\":{\"@id\":\"https:\/\/portaltela.pt\/noticias\/2026\/01\/16\/portugal-regista-descida-nos-casos-de-gripe\/#primaryimage\"},\"thumbnailUrl\":\"https:\/\/portaltela.pt\/s.01k8rhncp4jt1\/2026\/01\/45712926-2.jpg\",\"keywords\":[\"gripe\",\"infe\u00e7\u00e3o respirat\u00f3ria\",\"infe\u00e7\u00e3o respirat\u00f3ria aguda\",\"Portugal\",\"sa\u00fade p\u00fablica\",\"vigil\u00e2ncia epidemiol\u00f3gica\"],\"articleSection\":[\"Not\u00edcias\"],\"inLanguage\":\"pt-PT\"},{\"@type\":\"WebPage\",\"@id\":\"https:\/\/portaltela.pt\/noticias\/2026\/01\/16\/portugal-regista-descida-nos-casos-de-gripe\/\",\"url\":\"https:\/\/portaltela.pt\/noticias\/2026\/01\/16\/portugal-regista-descida-nos-casos-de-gripe\/\",\"name\":\"Portugal regista descida nos casos de gripe - Portal Tela Portugal\",\"isPartOf\":{\"@id\":\"https:\/\/portaltela.pt\/#website\"},\"primaryImageOfPage\":{\"@id\":\"https:\/\/portaltela.pt\/noticias\/2026\/01\/16\/portugal-regista-descida-nos-casos-de-gripe\/#primaryimage\"},\"image\":{\"@id\":\"https:\/\/portaltela.pt\/noticias\/2026\/01\/16\/portugal-regista-descida-nos-casos-de-gripe\/#primaryimage\"},\"thumbnailUrl\":\"https:\/\/portaltela.pt\/s.01k8rhncp4jt1\/2026\/01\/45712926-2.jpg\",\"datePublished\":\"2026-01-16T18:44:00+00:00\",\"author\":{\"@id\":\"https:\/\/portaltela.pt\/#\/schema\/person\/c4278d4a6028830caff9ee44b42d32ed\"},\"breadcrumb\":{\"@id\":\"https:\/\/portaltela.pt\/noticias\/2026\/01\/16\/portugal-regista-descida-nos-casos-de-gripe\/#breadcrumb\"},\"inLanguage\":\"pt-PT\",\"potentialAction\":[{\"@type\":\"ReadAction\",\"target\":[\"https:\/\/portaltela.pt\/noticias\/2026\/01\/16\/portugal-regista-descida-nos-casos-de-gripe\/\"]}]},{\"@type\":\"ImageObject\",\"inLanguage\":\"pt-PT\",\"@id\":\"https:\/\/portaltela.pt\/noticias\/2026\/01\/16\/portugal-regista-descida-nos-casos-de-gripe\/#primaryimage\",\"url\":\"https:\/\/portaltela.pt\/s.01k8rhncp4jt1\/2026\/01\/45712926-2.jpg\",\"contentUrl\":\"https:\/\/portaltela.pt\/s.01k8rhncp4jt1\/2026\/01\/45712926-2.jpg\",\"width\":796,\"height\":448,\"caption\":\"A Associa\u00e7\u00e3o Nacional de Farm\u00e1cias disse saber at\u00e9 ao momento que os laborat\u00f3rios j\u00e1 confirmaram n\u00e3o possuir mais vacinas destinadas ao contingente privado\"},{\"@type\":\"BreadcrumbList\",\"@id\":\"https:\/\/portaltela.pt\/noticias\/2026\/01\/16\/portugal-regista-descida-nos-casos-de-gripe\/#breadcrumb\",\"itemListElement\":[{\"@type\":\"ListItem\",\"position\":1,\"name\":\"In\u00edcio\",\"item\":\"https:\/\/portaltela.pt\/\"},{\"@type\":\"ListItem\",\"position\":2,\"name\":\"Portugal regista descida nos casos de gripe\"}]},{\"@type\":\"WebSite\",\"@id\":\"https:\/\/portaltela.pt\/#website\",\"url\":\"https:\/\/portaltela.pt\/\",\"name\":\"Portal Tela Portugal\",\"description\":\"\",\"potentialAction\":[{\"@type\":\"SearchAction\",\"target\":{\"@type\":\"EntryPoint\",\"urlTemplate\":\"https:\/\/portaltela.pt\/?s={search_term_string}\"},\"query-input\":{\"@type\":\"PropertyValueSpecification\",\"valueRequired\":true,\"valueName\":\"search_term_string\"}}],\"inLanguage\":\"pt-PT\"},{\"@type\":\"Person\",\"@id\":\"https:\/\/portaltela.pt\/#\/schema\/person\/c4278d4a6028830caff9ee44b42d32ed\",\"name\":\"Telinha\",\"image\":{\"@type\":\"ImageObject\",\"inLanguage\":\"pt-PT\",\"@id\":\"https:\/\/portaltela.pt\/s.01k8rhncp4jt1\/2025\/11\/talking-bot-125x125.png\",\"url\":\"https:\/\/portaltela.pt\/s.01k8rhncp4jt1\/2025\/11\/talking-bot-125x125.png\",\"contentUrl\":\"https:\/\/portaltela.pt\/s.01k8rhncp4jt1\/2025\/11\/talking-bot-125x125.png\",\"caption\":\"Telinha\"},\"sameAs\":[\"https:\/\/portaltela.pt\/\"],\"url\":\"https:\/\/portaltela.pt\/por\/367410592786\/\"}]}<\/script>\n<!-- \/ Yoast SEO plugin. -->","yoast_head_json":{"title":"Portugal regista descida nos casos de gripe - Portal Tela Portugal","robots":{"index":"index","follow":"follow","max-snippet":"max-snippet:-1","max-image-preview":"max-image-preview:large","max-video-preview":"max-video-preview:-1"},"og_locale":"pt_PT","og_type":"article","og_title":"Portugal regista descida nos casos de gripe - Portal Tela Portugal","og_description":"Na semana de 5 a 11 de janeiro, Portugal registou menos casos de gripe e uma redu\u00e7\u00e3o nos internamentos em cuidados intensivos, mantendo-se a mortalidade por todas as causas acima do esperado. Desde o in\u00edcio da \u00e9poca, foram notificadas 66.524 infe\u00e7\u00f5es respirat\u00f3rias e identificados 13.244 casos de gripe. Na semana analisada, foram detetados 753 casos positivos de gripe, menos 587 face \u00e0 primeira semana de janeiro. A propor\u00e7\u00e3o de gripe em unidades de cuidados intensivos ficou em 9,2 por cento, abaixo dos 19,1 por cento da semana anterior; 11 casos de gripe foram reportados por 13 UCI que enviaram dados. At\u00e9 ao momento, foram identificados 4.866 casos de outros agentes respirat\u00f3rios; na semana em an\u00e1lise foram detetados 300 casos, com o v\u00edrus sincicial respirat\u00f3rio a ser o mais frequente.","og_url":"https:\/\/portaltela.pt\/noticias\/2026\/01\/16\/portugal-regista-descida-nos-casos-de-gripe\/","og_site_name":"Portal Tela Portugal","article_published_time":"2026-01-16T18:44:00+00:00","author":"Telinha","twitter_card":"summary_large_image","twitter_misc":{"Escrito por":"Telinha","Tempo estimado de leitura":"2 minutos"},"schema":{"@context":"https:\/\/schema.org","@graph":[{"@type":"Article","@id":"https:\/\/portaltela.pt\/noticias\/2026\/01\/16\/portugal-regista-descida-nos-casos-de-gripe\/#article","isPartOf":{"@id":"https:\/\/portaltela.pt\/noticias\/2026\/01\/16\/portugal-regista-descida-nos-casos-de-gripe\/"},"author":{"name":"Telinha","@id":"https:\/\/portaltela.pt\/#\/schema\/person\/c4278d4a6028830caff9ee44b42d32ed"},"headline":"Portugal regista descida nos casos de gripe","datePublished":"2026-01-16T18:44:00+00:00","mainEntityOfPage":{"@id":"https:\/\/portaltela.pt\/noticias\/2026\/01\/16\/portugal-regista-descida-nos-casos-de-gripe\/"},"wordCount":410,"image":{"@id":"https:\/\/portaltela.pt\/noticias\/2026\/01\/16\/portugal-regista-descida-nos-casos-de-gripe\/#primaryimage"},"thumbnailUrl":"https:\/\/portaltela.pt\/s.01k8rhncp4jt1\/2026\/01\/45712926-2.jpg","keywords":["gripe","infe\u00e7\u00e3o respirat\u00f3ria","infe\u00e7\u00e3o respirat\u00f3ria aguda","Portugal","sa\u00fade p\u00fablica","vigil\u00e2ncia epidemiol\u00f3gica"],"articleSection":["Not\u00edcias"],"inLanguage":"pt-PT"},{"@type":"WebPage","@id":"https:\/\/portaltela.pt\/noticias\/2026\/01\/16\/portugal-regista-descida-nos-casos-de-gripe\/","url":"https:\/\/portaltela.pt\/noticias\/2026\/01\/16\/portugal-regista-descida-nos-casos-de-gripe\/","name":"Portugal regista descida nos casos de gripe - Portal Tela Portugal","isPartOf":{"@id":"https:\/\/portaltela.pt\/#website"},"primaryImageOfPage":{"@id":"https:\/\/portaltela.pt\/noticias\/2026\/01\/16\/portugal-regista-descida-nos-casos-de-gripe\/#primaryimage"},"image":{"@id":"https:\/\/portaltela.pt\/noticias\/2026\/01\/16\/portugal-regista-descida-nos-casos-de-gripe\/#primaryimage"},"thumbnailUrl":"https:\/\/portaltela.pt\/s.01k8rhncp4jt1\/2026\/01\/45712926-2.jpg","datePublished":"2026-01-16T18:44:00+00:00","author":{"@id":"https:\/\/portaltela.pt\/#\/schema\/person\/c4278d4a6028830caff9ee44b42d32ed"},"breadcrumb":{"@id":"https:\/\/portaltela.pt\/noticias\/2026\/01\/16\/portugal-regista-descida-nos-casos-de-gripe\/#breadcrumb"},"inLanguage":"pt-PT","potentialAction":[{"@type":"ReadAction","target":["https:\/\/portaltela.pt\/noticias\/2026\/01\/16\/portugal-regista-descida-nos-casos-de-gripe\/"]}]},{"@type":"ImageObject","inLanguage":"pt-PT","@id":"https:\/\/portaltela.pt\/noticias\/2026\/01\/16\/portugal-regista-descida-nos-casos-de-gripe\/#primaryimage","url":"https:\/\/portaltela.pt\/s.01k8rhncp4jt1\/2026\/01\/45712926-2.jpg","contentUrl":"https:\/\/portaltela.pt\/s.01k8rhncp4jt1\/2026\/01\/45712926-2.jpg","width":796,"height":448,"caption":"A Associa\u00e7\u00e3o Nacional de Farm\u00e1cias disse saber at\u00e9 ao momento que os laborat\u00f3rios j\u00e1 confirmaram n\u00e3o possuir mais vacinas destinadas ao contingente privado"},{"@type":"BreadcrumbList","@id":"https:\/\/portaltela.pt\/noticias\/2026\/01\/16\/portugal-regista-descida-nos-casos-de-gripe\/#breadcrumb","itemListElement":[{"@type":"ListItem","position":1,"name":"In\u00edcio","item":"https:\/\/portaltela.pt\/"},{"@type":"ListItem","position":2,"name":"Portugal regista descida nos casos de gripe"}]},{"@type":"WebSite","@id":"https:\/\/portaltela.pt\/#website","url":"https:\/\/portaltela.pt\/","name":"Portal Tela Portugal","description":"","potentialAction":[{"@type":"SearchAction","target":{"@type":"EntryPoint","urlTemplate":"https:\/\/portaltela.pt\/?s={search_term_string}"},"query-input":{"@type":"PropertyValueSpecification","valueRequired":true,"valueName":"search_term_string"}}],"inLanguage":"pt-PT"},{"@type":"Person","@id":"https:\/\/portaltela.pt\/#\/schema\/person\/c4278d4a6028830caff9ee44b42d32ed","name":"Telinha","image":{"@type":"ImageObject","inLanguage":"pt-PT","@id":"https:\/\/portaltela.pt\/s.01k8rhncp4jt1\/2025\/11\/talking-bot-125x125.png","url":"https:\/\/portaltela.pt\/s.01k8rhncp4jt1\/2025\/11\/talking-bot-125x125.png","contentUrl":"https:\/\/portaltela.pt\/s.01k8rhncp4jt1\/2025\/11\/talking-bot-125x125.png","caption":"Telinha"},"sameAs":["https:\/\/portaltela.pt\/"],"url":"https:\/\/portaltela.pt\/por\/367410592786\/"}]}},"_links":{"self":[{"href":"https:\/\/portaltela.pt\/api\/wp\/v2\/posts\/146307","targetHints":{"allow":["GET"]}}],"collection":[{"href":"https:\/\/portaltela.pt\/api\/wp\/v2\/posts"}],"about":[{"href":"https:\/\/portaltela.pt\/api\/wp\/v2\/types\/post"}],"author":[{"embeddable":true,"href":"https:\/\/portaltela.pt\/api\/wp\/v2\/users\/2"}],"replies":[{"embeddable":true,"href":"https:\/\/portaltela.pt\/api\/wp\/v2\/comments?post=146307"}],"version-history":[{"count":0,"href":"https:\/\/portaltela.pt\/api\/wp\/v2\/posts\/146307\/revisions"}],"wp:featuredmedia":[{"embeddable":true,"href":"https:\/\/portaltela.pt\/api\/wp\/v2\/media\/146308"}],"wp:attachment":[{"href":"https:\/\/portaltela.pt\/api\/wp\/v2\/media?parent=146307"}],"wp:term":[{"taxonomy":"category","embeddable":true,"href":"https:\/\/portaltela.pt\/api\/wp\/v2\/categories?post=146307"},{"taxonomy":"post_tag","embeddable":true,"href":"https:\/\/portaltela.pt\/api\/wp\/v2\/tags?post=146307"}],"curies":[{"name":"wp","href":"https:\/\/api.w.org\/{rel}","templated":true}]}}