{"id":146263,"date":"2026-01-16T15:44:00","date_gmt":"2026-01-16T18:44:00","guid":{"rendered":"https:\/\/portaltela.pt\/noticias\/2026\/01\/16\/portugal-regista-menos-casos-de-gripe-e-queda-de-internamentos-na-uci\/"},"modified":"2026-01-16T15:44:00","modified_gmt":"2026-01-16T18:44:00","slug":"portugal-regista-menos-casos-de-gripe-e-queda-de-internamentos-na-uci","status":"publish","type":"post","link":"https:\/\/portaltela.pt\/noticias\/2026\/01\/16\/portugal-regista-menos-casos-de-gripe-e-queda-de-internamentos-na-uci\/","title":{"rendered":"Portugal regista menos casos de gripe e queda de internamentos na UCI"},"content":{"rendered":"<p>Portugal regista uma descida nos casos de gripe na \u00faltima semana, embora a mortalidade por todas as causas se mantenha acima do esperado. O INSA indica menos internamentos em cuidados intensivos e uma redu\u00e7\u00e3o no total de infe\u00e7\u00f5es respirat\u00f3rias desde 29 de setembro de 2025.<\/p>\n<p>No per\u00edodo de 5 a 11 de janeiro, foram confirmados 753 casos de gripe, menos 587 em rela\u00e7\u00e3o \u00e0 primeira semana de janeiro (1.340). Em unidades de cuidados intensivos, a gripe representou 9,2% dos casos, face a 19,1% na semana anterior, segundo o boletim da vigil\u00e2ncia epidemiol\u00f3gica.<\/p>\n<h3>Dados por faixa et\u00e1ria e ocupa\u00e7\u00e3o<\/h3>\n<p>Entre as 13 UCI que reportaram, 11 pacientes tinham gripe, com idades entre 45 e 64 anos; quatro tinham 65 ou mais. Entre os casos notificados, 10 tinham doen\u00e7a cr\u00f3nica subjacente e 11 estavam com recomenda\u00e7\u00e3o para vacina\u00e7\u00e3o, um apenas estava vacinado.<\/p>\n<p>Desde o in\u00edcio da \u00e9poca gripal, as UCI notificaram 130 casos de gripe. O v\u00edrus influenza A(H1) correspondeu a 6,2%, A(H3) a 10,0% e o A n\u00e3o subtipado a 83,8% dos casos.<\/p>\n<h3>Contexto de vacinas e SARI<\/h3>\n<p>A grande maioria dos casos com gripe tinha doen\u00e7a cr\u00f3nica subjacente (86,9%), e 93,1% tinham indica\u00e7\u00e3o de vacina\u00e7\u00e3o sazonal, dos quais 22,1% estavam vacinados. A incid\u00eancia de infe\u00e7\u00f5es respirat\u00f3rias agudas graves (SARI) manteve-se est\u00e1vel, com 80 admitidos reportados por 10,3 casos por 100.000 habitantes.<\/p>\n<p>O boletim ressalta que as taxas de SARI s\u00e3o mais elevadas em pessoas com 65 ou mais anos, enquanto o grupo 0-4 anos mostraram tend\u00eancia decrescente.<\/p>\n<h3>Detec\u00e7\u00e3o de outros v\u00edrus respirat\u00f3rios<\/h3>\n<p>Durante a \u00e9poca, foram identificados outros agentes respirat\u00f3rios em 4.866 casos, com 300 detetados na semana em an\u00e1lise. O v\u00edrus sincicial respirat\u00f3rio foi o mais frequentemente detetado entre eles.<\/p>\n","protected":false},"excerpt":{"rendered":"<ul>\n<li>Na semana de 5 a 11 de janeiro, Portugal registou menos casos de gripe e reduziu os internamentos em cuidados intensivos, mas a mortalidade por todas as causas continua acima do esperado.<\/li>\n<li>O Boletim do INSA aponta excessos de mortalidade em todas as regi\u00f5es de Portugal continental, em ambos os sexos e entre quem tem mais de sessenta e cinco anos.<\/li>\n<li>Desde o in\u00edcio da \u00e9poca gripal, a 29 de setembro de 2025, foram notificadas 66.524 infe\u00e7\u00f5es respirat\u00f3rias e identificados 13.244 casos de gripe.<\/li>\n<li>Na semana analisada, foram identificados 753 casos positivos de gripe, menos 587 face \u00e0 primeira semana de janeiro (1.340).<\/li>\n<li>A taxa de infec\u00e7\u00e3o respirat\u00f3ria aguda grave (SARI) manteve-se est\u00e1vel, com 80 admiss\u00f5es reportadas e incid\u00eancia de 10,3 por 100 mil habitantes; o grupo dos 65 ou mais anos \u00e9 o mais afetado.<\/li>\n<\/ul>\n","protected":false},"author":2,"featured_media":146269,"comment_status":"closed","ping_status":"closed","sticky":false,"template":"","format":"standard","meta":{"footnotes":""},"categories":[1],"tags":[1905,3269,1014,271,2760],"class_list":["post-146263","post","type-post","status-publish","format-standard","has-post-thumbnail","hentry","category-noticias","tag-gripe","tag-infecoes-respiratorias-agudas","tag-portugal","tag-saude-publica","tag-virus-sincicial-respiratorio"],"yoast_head":"<!-- This site is optimized with the Yoast SEO plugin v27.2 - https:\/\/yoast.com\/product\/yoast-seo-wordpress\/ -->\n<title>Portugal regista menos casos de gripe e queda de internamentos na UCI - Portal Tela Portugal<\/title>\n<meta name=\"robots\" content=\"index, follow, max-snippet:-1, max-image-preview:large, max-video-preview:-1\" \/>\n<meta property=\"og:locale\" content=\"pt_PT\" \/>\n<meta property=\"og:type\" content=\"article\" \/>\n<meta property=\"og:title\" content=\"Portugal regista menos casos de gripe e queda de internamentos na UCI - Portal Tela Portugal\" \/>\n<meta property=\"og:description\" content=\"Na semana de 5 a 11 de janeiro, Portugal registou menos casos de gripe e reduziu os internamentos em cuidados intensivos, mas a mortalidade por todas as causas continua acima do esperado. O Boletim do INSA aponta excessos de mortalidade em todas as regi\u00f5es de Portugal continental, em ambos os sexos e entre quem tem mais de sessenta e cinco anos. Desde o in\u00edcio da \u00e9poca gripal, a 29 de setembro de 2025, foram notificadas 66.524 infe\u00e7\u00f5es respirat\u00f3rias e identificados 13.244 casos de gripe. Na semana analisada, foram identificados 753 casos positivos de gripe, menos 587 face \u00e0 primeira semana de janeiro (1.340). A taxa de infec\u00e7\u00e3o respirat\u00f3ria aguda grave (SARI) manteve-se est\u00e1vel, com 80 admiss\u00f5es reportadas e incid\u00eancia de 10,3 por 100 mil habitantes; o grupo dos 65 ou mais anos \u00e9 o mais afetado.\" \/>\n<meta property=\"og:url\" content=\"https:\/\/portaltela.pt\/noticias\/2026\/01\/16\/portugal-regista-menos-casos-de-gripe-e-queda-de-internamentos-na-uci\/\" \/>\n<meta property=\"og:site_name\" content=\"Portal Tela Portugal\" \/>\n<meta property=\"article:published_time\" content=\"2026-01-16T18:44:00+00:00\" \/>\n<meta name=\"author\" content=\"Telinha\" \/>\n<meta name=\"twitter:card\" content=\"summary_large_image\" \/>\n<meta name=\"twitter:label1\" content=\"Escrito por\" \/>\n\t<meta name=\"twitter:data1\" content=\"Telinha\" \/>\n\t<meta name=\"twitter:label2\" content=\"Tempo estimado de leitura\" \/>\n\t<meta name=\"twitter:data2\" content=\"1 minuto\" \/>\n<script type=\"application\/ld+json\" class=\"yoast-schema-graph\">{\"@context\":\"https:\/\/schema.org\",\"@graph\":[{\"@type\":\"Article\",\"@id\":\"https:\/\/portaltela.pt\/noticias\/2026\/01\/16\/portugal-regista-menos-casos-de-gripe-e-queda-de-internamentos-na-uci\/#article\",\"isPartOf\":{\"@id\":\"https:\/\/portaltela.pt\/noticias\/2026\/01\/16\/portugal-regista-menos-casos-de-gripe-e-queda-de-internamentos-na-uci\/\"},\"author\":{\"name\":\"Telinha\",\"@id\":\"https:\/\/portaltela.pt\/#\/schema\/person\/c4278d4a6028830caff9ee44b42d32ed\"},\"headline\":\"Portugal regista menos casos de gripe e queda de internamentos na UCI\",\"datePublished\":\"2026-01-16T18:44:00+00:00\",\"mainEntityOfPage\":{\"@id\":\"https:\/\/portaltela.pt\/noticias\/2026\/01\/16\/portugal-regista-menos-casos-de-gripe-e-queda-de-internamentos-na-uci\/\"},\"wordCount\":298,\"image\":{\"@id\":\"https:\/\/portaltela.pt\/noticias\/2026\/01\/16\/portugal-regista-menos-casos-de-gripe-e-queda-de-internamentos-na-uci\/#primaryimage\"},\"thumbnailUrl\":\"https:\/\/portaltela.pt\/s.01k8rhncp4jt1\/2026\/01\/andreVentura_outline_cor-172.jpg\",\"keywords\":[\"gripe\",\"infe\u00e7\u00f5es respirat\u00f3rias agudas\",\"Portugal\",\"sa\u00fade p\u00fablica\",\"V\u00edrus Sincicial Respirat\u00f3rio\"],\"articleSection\":[\"Not\u00edcias\"],\"inLanguage\":\"pt-PT\"},{\"@type\":\"WebPage\",\"@id\":\"https:\/\/portaltela.pt\/noticias\/2026\/01\/16\/portugal-regista-menos-casos-de-gripe-e-queda-de-internamentos-na-uci\/\",\"url\":\"https:\/\/portaltela.pt\/noticias\/2026\/01\/16\/portugal-regista-menos-casos-de-gripe-e-queda-de-internamentos-na-uci\/\",\"name\":\"Portugal regista menos casos de gripe e queda de internamentos na UCI - Portal Tela Portugal\",\"isPartOf\":{\"@id\":\"https:\/\/portaltela.pt\/#website\"},\"primaryImageOfPage\":{\"@id\":\"https:\/\/portaltela.pt\/noticias\/2026\/01\/16\/portugal-regista-menos-casos-de-gripe-e-queda-de-internamentos-na-uci\/#primaryimage\"},\"image\":{\"@id\":\"https:\/\/portaltela.pt\/noticias\/2026\/01\/16\/portugal-regista-menos-casos-de-gripe-e-queda-de-internamentos-na-uci\/#primaryimage\"},\"thumbnailUrl\":\"https:\/\/portaltela.pt\/s.01k8rhncp4jt1\/2026\/01\/andreVentura_outline_cor-172.jpg\",\"datePublished\":\"2026-01-16T18:44:00+00:00\",\"author\":{\"@id\":\"https:\/\/portaltela.pt\/#\/schema\/person\/c4278d4a6028830caff9ee44b42d32ed\"},\"breadcrumb\":{\"@id\":\"https:\/\/portaltela.pt\/noticias\/2026\/01\/16\/portugal-regista-menos-casos-de-gripe-e-queda-de-internamentos-na-uci\/#breadcrumb\"},\"inLanguage\":\"pt-PT\",\"potentialAction\":[{\"@type\":\"ReadAction\",\"target\":[\"https:\/\/portaltela.pt\/noticias\/2026\/01\/16\/portugal-regista-menos-casos-de-gripe-e-queda-de-internamentos-na-uci\/\"]}]},{\"@type\":\"ImageObject\",\"inLanguage\":\"pt-PT\",\"@id\":\"https:\/\/portaltela.pt\/noticias\/2026\/01\/16\/portugal-regista-menos-casos-de-gripe-e-queda-de-internamentos-na-uci\/#primaryimage\",\"url\":\"https:\/\/portaltela.pt\/s.01k8rhncp4jt1\/2026\/01\/andreVentura_outline_cor-172.jpg\",\"contentUrl\":\"https:\/\/portaltela.pt\/s.01k8rhncp4jt1\/2026\/01\/andreVentura_outline_cor-172.jpg\",\"width\":796,\"height\":448,\"caption\":\"Photo\"},{\"@type\":\"BreadcrumbList\",\"@id\":\"https:\/\/portaltela.pt\/noticias\/2026\/01\/16\/portugal-regista-menos-casos-de-gripe-e-queda-de-internamentos-na-uci\/#breadcrumb\",\"itemListElement\":[{\"@type\":\"ListItem\",\"position\":1,\"name\":\"In\u00edcio\",\"item\":\"https:\/\/portaltela.pt\/\"},{\"@type\":\"ListItem\",\"position\":2,\"name\":\"Portugal regista menos casos de gripe e queda de internamentos na UCI\"}]},{\"@type\":\"WebSite\",\"@id\":\"https:\/\/portaltela.pt\/#website\",\"url\":\"https:\/\/portaltela.pt\/\",\"name\":\"Portal Tela Portugal\",\"description\":\"\",\"potentialAction\":[{\"@type\":\"SearchAction\",\"target\":{\"@type\":\"EntryPoint\",\"urlTemplate\":\"https:\/\/portaltela.pt\/?s={search_term_string}\"},\"query-input\":{\"@type\":\"PropertyValueSpecification\",\"valueRequired\":true,\"valueName\":\"search_term_string\"}}],\"inLanguage\":\"pt-PT\"},{\"@type\":\"Person\",\"@id\":\"https:\/\/portaltela.pt\/#\/schema\/person\/c4278d4a6028830caff9ee44b42d32ed\",\"name\":\"Telinha\",\"image\":{\"@type\":\"ImageObject\",\"inLanguage\":\"pt-PT\",\"@id\":\"https:\/\/portaltela.pt\/s.01k8rhncp4jt1\/2025\/11\/talking-bot-125x125.png\",\"url\":\"https:\/\/portaltela.pt\/s.01k8rhncp4jt1\/2025\/11\/talking-bot-125x125.png\",\"contentUrl\":\"https:\/\/portaltela.pt\/s.01k8rhncp4jt1\/2025\/11\/talking-bot-125x125.png\",\"caption\":\"Telinha\"},\"sameAs\":[\"https:\/\/portaltela.pt\/\"],\"url\":\"https:\/\/portaltela.pt\/por\/367410592786\/\"}]}<\/script>\n<!-- \/ Yoast SEO plugin. -->","yoast_head_json":{"title":"Portugal regista menos casos de gripe e queda de internamentos na UCI - Portal Tela Portugal","robots":{"index":"index","follow":"follow","max-snippet":"max-snippet:-1","max-image-preview":"max-image-preview:large","max-video-preview":"max-video-preview:-1"},"og_locale":"pt_PT","og_type":"article","og_title":"Portugal regista menos casos de gripe e queda de internamentos na UCI - Portal Tela Portugal","og_description":"Na semana de 5 a 11 de janeiro, Portugal registou menos casos de gripe e reduziu os internamentos em cuidados intensivos, mas a mortalidade por todas as causas continua acima do esperado. O Boletim do INSA aponta excessos de mortalidade em todas as regi\u00f5es de Portugal continental, em ambos os sexos e entre quem tem mais de sessenta e cinco anos. Desde o in\u00edcio da \u00e9poca gripal, a 29 de setembro de 2025, foram notificadas 66.524 infe\u00e7\u00f5es respirat\u00f3rias e identificados 13.244 casos de gripe. Na semana analisada, foram identificados 753 casos positivos de gripe, menos 587 face \u00e0 primeira semana de janeiro (1.340). A taxa de infec\u00e7\u00e3o respirat\u00f3ria aguda grave (SARI) manteve-se est\u00e1vel, com 80 admiss\u00f5es reportadas e incid\u00eancia de 10,3 por 100 mil habitantes; o grupo dos 65 ou mais anos \u00e9 o mais afetado.","og_url":"https:\/\/portaltela.pt\/noticias\/2026\/01\/16\/portugal-regista-menos-casos-de-gripe-e-queda-de-internamentos-na-uci\/","og_site_name":"Portal Tela Portugal","article_published_time":"2026-01-16T18:44:00+00:00","author":"Telinha","twitter_card":"summary_large_image","twitter_misc":{"Escrito por":"Telinha","Tempo estimado de leitura":"1 minuto"},"schema":{"@context":"https:\/\/schema.org","@graph":[{"@type":"Article","@id":"https:\/\/portaltela.pt\/noticias\/2026\/01\/16\/portugal-regista-menos-casos-de-gripe-e-queda-de-internamentos-na-uci\/#article","isPartOf":{"@id":"https:\/\/portaltela.pt\/noticias\/2026\/01\/16\/portugal-regista-menos-casos-de-gripe-e-queda-de-internamentos-na-uci\/"},"author":{"name":"Telinha","@id":"https:\/\/portaltela.pt\/#\/schema\/person\/c4278d4a6028830caff9ee44b42d32ed"},"headline":"Portugal regista menos casos de gripe e queda de internamentos na UCI","datePublished":"2026-01-16T18:44:00+00:00","mainEntityOfPage":{"@id":"https:\/\/portaltela.pt\/noticias\/2026\/01\/16\/portugal-regista-menos-casos-de-gripe-e-queda-de-internamentos-na-uci\/"},"wordCount":298,"image":{"@id":"https:\/\/portaltela.pt\/noticias\/2026\/01\/16\/portugal-regista-menos-casos-de-gripe-e-queda-de-internamentos-na-uci\/#primaryimage"},"thumbnailUrl":"https:\/\/portaltela.pt\/s.01k8rhncp4jt1\/2026\/01\/andreVentura_outline_cor-172.jpg","keywords":["gripe","infe\u00e7\u00f5es respirat\u00f3rias agudas","Portugal","sa\u00fade p\u00fablica","V\u00edrus Sincicial Respirat\u00f3rio"],"articleSection":["Not\u00edcias"],"inLanguage":"pt-PT"},{"@type":"WebPage","@id":"https:\/\/portaltela.pt\/noticias\/2026\/01\/16\/portugal-regista-menos-casos-de-gripe-e-queda-de-internamentos-na-uci\/","url":"https:\/\/portaltela.pt\/noticias\/2026\/01\/16\/portugal-regista-menos-casos-de-gripe-e-queda-de-internamentos-na-uci\/","name":"Portugal regista menos casos de gripe e queda de internamentos na UCI - Portal Tela Portugal","isPartOf":{"@id":"https:\/\/portaltela.pt\/#website"},"primaryImageOfPage":{"@id":"https:\/\/portaltela.pt\/noticias\/2026\/01\/16\/portugal-regista-menos-casos-de-gripe-e-queda-de-internamentos-na-uci\/#primaryimage"},"image":{"@id":"https:\/\/portaltela.pt\/noticias\/2026\/01\/16\/portugal-regista-menos-casos-de-gripe-e-queda-de-internamentos-na-uci\/#primaryimage"},"thumbnailUrl":"https:\/\/portaltela.pt\/s.01k8rhncp4jt1\/2026\/01\/andreVentura_outline_cor-172.jpg","datePublished":"2026-01-16T18:44:00+00:00","author":{"@id":"https:\/\/portaltela.pt\/#\/schema\/person\/c4278d4a6028830caff9ee44b42d32ed"},"breadcrumb":{"@id":"https:\/\/portaltela.pt\/noticias\/2026\/01\/16\/portugal-regista-menos-casos-de-gripe-e-queda-de-internamentos-na-uci\/#breadcrumb"},"inLanguage":"pt-PT","potentialAction":[{"@type":"ReadAction","target":["https:\/\/portaltela.pt\/noticias\/2026\/01\/16\/portugal-regista-menos-casos-de-gripe-e-queda-de-internamentos-na-uci\/"]}]},{"@type":"ImageObject","inLanguage":"pt-PT","@id":"https:\/\/portaltela.pt\/noticias\/2026\/01\/16\/portugal-regista-menos-casos-de-gripe-e-queda-de-internamentos-na-uci\/#primaryimage","url":"https:\/\/portaltela.pt\/s.01k8rhncp4jt1\/2026\/01\/andreVentura_outline_cor-172.jpg","contentUrl":"https:\/\/portaltela.pt\/s.01k8rhncp4jt1\/2026\/01\/andreVentura_outline_cor-172.jpg","width":796,"height":448,"caption":"Photo"},{"@type":"BreadcrumbList","@id":"https:\/\/portaltela.pt\/noticias\/2026\/01\/16\/portugal-regista-menos-casos-de-gripe-e-queda-de-internamentos-na-uci\/#breadcrumb","itemListElement":[{"@type":"ListItem","position":1,"name":"In\u00edcio","item":"https:\/\/portaltela.pt\/"},{"@type":"ListItem","position":2,"name":"Portugal regista menos casos de gripe e queda de internamentos na UCI"}]},{"@type":"WebSite","@id":"https:\/\/portaltela.pt\/#website","url":"https:\/\/portaltela.pt\/","name":"Portal Tela Portugal","description":"","potentialAction":[{"@type":"SearchAction","target":{"@type":"EntryPoint","urlTemplate":"https:\/\/portaltela.pt\/?s={search_term_string}"},"query-input":{"@type":"PropertyValueSpecification","valueRequired":true,"valueName":"search_term_string"}}],"inLanguage":"pt-PT"},{"@type":"Person","@id":"https:\/\/portaltela.pt\/#\/schema\/person\/c4278d4a6028830caff9ee44b42d32ed","name":"Telinha","image":{"@type":"ImageObject","inLanguage":"pt-PT","@id":"https:\/\/portaltela.pt\/s.01k8rhncp4jt1\/2025\/11\/talking-bot-125x125.png","url":"https:\/\/portaltela.pt\/s.01k8rhncp4jt1\/2025\/11\/talking-bot-125x125.png","contentUrl":"https:\/\/portaltela.pt\/s.01k8rhncp4jt1\/2025\/11\/talking-bot-125x125.png","caption":"Telinha"},"sameAs":["https:\/\/portaltela.pt\/"],"url":"https:\/\/portaltela.pt\/por\/367410592786\/"}]}},"_links":{"self":[{"href":"https:\/\/portaltela.pt\/api\/wp\/v2\/posts\/146263","targetHints":{"allow":["GET"]}}],"collection":[{"href":"https:\/\/portaltela.pt\/api\/wp\/v2\/posts"}],"about":[{"href":"https:\/\/portaltela.pt\/api\/wp\/v2\/types\/post"}],"author":[{"embeddable":true,"href":"https:\/\/portaltela.pt\/api\/wp\/v2\/users\/2"}],"replies":[{"embeddable":true,"href":"https:\/\/portaltela.pt\/api\/wp\/v2\/comments?post=146263"}],"version-history":[{"count":0,"href":"https:\/\/portaltela.pt\/api\/wp\/v2\/posts\/146263\/revisions"}],"wp:featuredmedia":[{"embeddable":true,"href":"https:\/\/portaltela.pt\/api\/wp\/v2\/media\/146269"}],"wp:attachment":[{"href":"https:\/\/portaltela.pt\/api\/wp\/v2\/media?parent=146263"}],"wp:term":[{"taxonomy":"category","embeddable":true,"href":"https:\/\/portaltela.pt\/api\/wp\/v2\/categories?post=146263"},{"taxonomy":"post_tag","embeddable":true,"href":"https:\/\/portaltela.pt\/api\/wp\/v2\/tags?post=146263"}],"curies":[{"name":"wp","href":"https:\/\/api.w.org\/{rel}","templated":true}]}}