{"id":146216,"date":"2026-01-16T15:30:36","date_gmt":"2026-01-16T18:30:36","guid":{"rendered":"https:\/\/portaltela.pt\/noticias\/2026\/01\/16\/zidane-a-caminho-franca-prepara-a-sucessao-de-deschamps\/"},"modified":"2026-01-16T15:30:36","modified_gmt":"2026-01-16T18:30:36","slug":"zidane-a-caminho-franca-prepara-a-sucessao-de-deschamps","status":"publish","type":"post","link":"https:\/\/portaltela.pt\/desporto\/futebol\/2026\/01\/16\/zidane-a-caminho-franca-prepara-a-sucessao-de-deschamps\/","title":{"rendered":"Zidane a caminho: Fran\u00e7a prepara a sucess\u00e3o de Deschamps"},"content":{"rendered":"<p>A Fran\u00e7a prepara j\u00e1 a sucess\u00e3o de Didier Deschamps, com a decis\u00e3o de quem o suceder\u00e1 a ficar para depois do Mundial-2026. O presidente da Federa\u00e7\u00e3o Francesa de Futebol (FFF), Philippe Diallo, afirmou que a escolha s\u00f3 ficar\u00e1 oficial ap\u00f3s a sa\u00edda do atual selecionador.<\/p>\n<p>Segundo o jornal L&#8217;\u00c9quipe, a FFF j\u00e1 iniciou contactos com Zinedine Zidane, antigo treinador do Real Madrid, e h\u00e1 abertura de ambas as partes para chegar a um acordo. A escolha de Zidane surge numa janela em que o pa\u00eds procura manter a continuidade no comando t\u00e9cnico.<\/p>\n<p>Zidane n\u00e3o treinava desde a temporada 2020\/21, no Real Madrid, onde disputou 265 jogos e conquistou 11 t\u00edtulos, incluindo tr\u00eas Champions League. Deschamps, que est\u00e1 \u00e0 frente da Fran\u00e7a desde 2012, tem contrato at\u00e9 ao fim do seu ciclo e planeia sair ao t\u00e9rmino da pr\u00f3xima \u00e9poca, ap\u00f3s tentar vencer mais um Mundial.<\/p>\n<h3>Elementos-chave<\/h3>\n<p>A FFF indicou que a mudan\u00e7a de treinador s\u00f3 ser\u00e1 confirmada ap\u00f3s a sa\u00edda de Deschamps. A equipa t\u00e9cnica de Zidane est\u00e1 a ser analisada, com foco em compor um staff compat\u00edvel com a sele\u00e7\u00e3o francesa. Os pr\u00f3ximos passos dependem de acordos formais entre as partes.<\/p>\n","protected":false},"excerpt":{"rendered":"<ul>\n<li>A Fran\u00e7a est\u00e1 a preparar a sucess\u00e3o de Didier Deschamps, que deixar\u00e1 o comando ap\u00f3s o Mundial-2026.<\/li>\n<li>O presidente da Federa\u00e7\u00e3o Francesa de Futebol (FFF), Philippe Diallo, afirmou que o substituto s\u00f3 ser\u00e1 oficializado depois da sa\u00edda de Deschamps.<\/li>\n<li>Segundo o L&#8217;\u00c9quipe, a FFF j\u00e1 iniciou conversas com Zinedine Zidane, antigo treinador do Real Madrid, com interesse m\u00fatuo no cargo.<\/li>\n<li>Zidane ainda n\u00e3o treina desde 2020\/21, e a futura equipa t\u00e9cnica dele est\u00e1 a ser analisada pela FFF.<\/li>\n<li>Deschamps est\u00e1 \u00e0 frente da sele\u00e7\u00e3o desde 2012 e anunciou a sa\u00edda no in\u00edcio da temporada 2025\/26, pretendendo vencer mais um Mundial antes de se despedir.<\/li>\n<\/ul>\n","protected":false},"author":2,"featured_media":146228,"comment_status":"closed","ping_status":"closed","sticky":false,"template":"","format":"standard","meta":{"footnotes":""},"categories":[21,24],"tags":[1856,32,2057,2477,3240],"class_list":["post-146216","post","type-post","status-publish","format-standard","has-post-thumbnail","hentry","category-desporto","category-futebol","tag-franca","tag-futebol","tag-selecao-nacional","tag-treinadores","tag-zidane"],"yoast_head":"<!-- This site is optimized with the Yoast SEO plugin v27.2 - https:\/\/yoast.com\/product\/yoast-seo-wordpress\/ -->\n<title>Zidane a caminho: Fran\u00e7a prepara a sucess\u00e3o de Deschamps - Portal Tela Portugal<\/title>\n<meta name=\"robots\" content=\"index, follow, max-snippet:-1, max-image-preview:large, max-video-preview:-1\" \/>\n<meta property=\"og:locale\" content=\"pt_PT\" \/>\n<meta property=\"og:type\" content=\"article\" \/>\n<meta property=\"og:title\" content=\"Zidane a caminho: Fran\u00e7a prepara a sucess\u00e3o de Deschamps - Portal Tela Portugal\" \/>\n<meta property=\"og:description\" content=\"A Fran\u00e7a est\u00e1 a preparar a sucess\u00e3o de Didier Deschamps, que deixar\u00e1 o comando ap\u00f3s o Mundial-2026. O presidente da Federa\u00e7\u00e3o Francesa de Futebol (FFF), Philippe Diallo, afirmou que o substituto s\u00f3 ser\u00e1 oficializado depois da sa\u00edda de Deschamps. Segundo o L&#039;\u00c9quipe, a FFF j\u00e1 iniciou conversas com Zinedine Zidane, antigo treinador do Real Madrid, com interesse m\u00fatuo no cargo. Zidane ainda n\u00e3o treina desde 2020\/21, e a futura equipa t\u00e9cnica dele est\u00e1 a ser analisada pela FFF. Deschamps est\u00e1 \u00e0 frente da sele\u00e7\u00e3o desde 2012 e anunciou a sa\u00edda no in\u00edcio da temporada 2025\/26, pretendendo vencer mais um Mundial antes de se despedir.\" \/>\n<meta property=\"og:url\" content=\"https:\/\/portaltela.pt\/noticias\/2026\/01\/16\/zidane-a-caminho-franca-prepara-a-sucessao-de-deschamps\/\" \/>\n<meta property=\"og:site_name\" content=\"Portal Tela Portugal\" \/>\n<meta property=\"article:published_time\" content=\"2026-01-16T18:30:36+00:00\" \/>\n<meta name=\"author\" content=\"Telinha\" \/>\n<meta name=\"twitter:card\" content=\"summary_large_image\" \/>\n<meta name=\"twitter:label1\" content=\"Escrito por\" \/>\n\t<meta name=\"twitter:data1\" content=\"Telinha\" \/>\n\t<meta name=\"twitter:label2\" content=\"Tempo estimado de leitura\" \/>\n\t<meta name=\"twitter:data2\" content=\"1 minuto\" \/>\n<script type=\"application\/ld+json\" class=\"yoast-schema-graph\">{\"@context\":\"https:\/\/schema.org\",\"@graph\":[{\"@type\":\"Article\",\"@id\":\"https:\/\/portaltela.pt\/noticias\/2026\/01\/16\/zidane-a-caminho-franca-prepara-a-sucessao-de-deschamps\/#article\",\"isPartOf\":{\"@id\":\"https:\/\/portaltela.pt\/noticias\/2026\/01\/16\/zidane-a-caminho-franca-prepara-a-sucessao-de-deschamps\/\"},\"author\":{\"name\":\"Telinha\",\"@id\":\"https:\/\/portaltela.pt\/#\/schema\/person\/c4278d4a6028830caff9ee44b42d32ed\"},\"headline\":\"Zidane a caminho: Fran\u00e7a prepara a sucess\u00e3o de Deschamps\",\"datePublished\":\"2026-01-16T18:30:36+00:00\",\"mainEntityOfPage\":{\"@id\":\"https:\/\/portaltela.pt\/noticias\/2026\/01\/16\/zidane-a-caminho-franca-prepara-a-sucessao-de-deschamps\/\"},\"wordCount\":221,\"image\":{\"@id\":\"https:\/\/portaltela.pt\/noticias\/2026\/01\/16\/zidane-a-caminho-franca-prepara-a-sucessao-de-deschamps\/#primaryimage\"},\"thumbnailUrl\":\"https:\/\/portaltela.pt\/s.01k8rhncp4jt1\/2026\/01\/bc29ba4c-705a-43dc-a0a9-4a5bd72e7e15.jpg\",\"keywords\":[\"Fran\u00e7a\",\"futebol\",\"Sele\u00e7\u00e3o Nacional\",\"treinadores\",\"Zidane\"],\"articleSection\":[\"Desporto\",\"Futebol\"],\"inLanguage\":\"pt-PT\"},{\"@type\":\"WebPage\",\"@id\":\"https:\/\/portaltela.pt\/noticias\/2026\/01\/16\/zidane-a-caminho-franca-prepara-a-sucessao-de-deschamps\/\",\"url\":\"https:\/\/portaltela.pt\/noticias\/2026\/01\/16\/zidane-a-caminho-franca-prepara-a-sucessao-de-deschamps\/\",\"name\":\"Zidane a caminho: Fran\u00e7a prepara a sucess\u00e3o de Deschamps - Portal Tela Portugal\",\"isPartOf\":{\"@id\":\"https:\/\/portaltela.pt\/#website\"},\"primaryImageOfPage\":{\"@id\":\"https:\/\/portaltela.pt\/noticias\/2026\/01\/16\/zidane-a-caminho-franca-prepara-a-sucessao-de-deschamps\/#primaryimage\"},\"image\":{\"@id\":\"https:\/\/portaltela.pt\/noticias\/2026\/01\/16\/zidane-a-caminho-franca-prepara-a-sucessao-de-deschamps\/#primaryimage\"},\"thumbnailUrl\":\"https:\/\/portaltela.pt\/s.01k8rhncp4jt1\/2026\/01\/bc29ba4c-705a-43dc-a0a9-4a5bd72e7e15.jpg\",\"datePublished\":\"2026-01-16T18:30:36+00:00\",\"author\":{\"@id\":\"https:\/\/portaltela.pt\/#\/schema\/person\/c4278d4a6028830caff9ee44b42d32ed\"},\"breadcrumb\":{\"@id\":\"https:\/\/portaltela.pt\/noticias\/2026\/01\/16\/zidane-a-caminho-franca-prepara-a-sucessao-de-deschamps\/#breadcrumb\"},\"inLanguage\":\"pt-PT\",\"potentialAction\":[{\"@type\":\"ReadAction\",\"target\":[\"https:\/\/portaltela.pt\/noticias\/2026\/01\/16\/zidane-a-caminho-franca-prepara-a-sucessao-de-deschamps\/\"]}]},{\"@type\":\"ImageObject\",\"inLanguage\":\"pt-PT\",\"@id\":\"https:\/\/portaltela.pt\/noticias\/2026\/01\/16\/zidane-a-caminho-franca-prepara-a-sucessao-de-deschamps\/#primaryimage\",\"url\":\"https:\/\/portaltela.pt\/s.01k8rhncp4jt1\/2026\/01\/bc29ba4c-705a-43dc-a0a9-4a5bd72e7e15.jpg\",\"contentUrl\":\"https:\/\/portaltela.pt\/s.01k8rhncp4jt1\/2026\/01\/bc29ba4c-705a-43dc-a0a9-4a5bd72e7e15.jpg\",\"width\":796,\"height\":448,\"caption\":\"Zin\u00e9dine Zidane, antigo treinador e jogador do Real Madrid\"},{\"@type\":\"BreadcrumbList\",\"@id\":\"https:\/\/portaltela.pt\/noticias\/2026\/01\/16\/zidane-a-caminho-franca-prepara-a-sucessao-de-deschamps\/#breadcrumb\",\"itemListElement\":[{\"@type\":\"ListItem\",\"position\":1,\"name\":\"In\u00edcio\",\"item\":\"https:\/\/portaltela.pt\/\"},{\"@type\":\"ListItem\",\"position\":2,\"name\":\"Zidane a caminho: Fran\u00e7a prepara a sucess\u00e3o de Deschamps\"}]},{\"@type\":\"WebSite\",\"@id\":\"https:\/\/portaltela.pt\/#website\",\"url\":\"https:\/\/portaltela.pt\/\",\"name\":\"Portal Tela Portugal\",\"description\":\"\",\"potentialAction\":[{\"@type\":\"SearchAction\",\"target\":{\"@type\":\"EntryPoint\",\"urlTemplate\":\"https:\/\/portaltela.pt\/?s={search_term_string}\"},\"query-input\":{\"@type\":\"PropertyValueSpecification\",\"valueRequired\":true,\"valueName\":\"search_term_string\"}}],\"inLanguage\":\"pt-PT\"},{\"@type\":\"Person\",\"@id\":\"https:\/\/portaltela.pt\/#\/schema\/person\/c4278d4a6028830caff9ee44b42d32ed\",\"name\":\"Telinha\",\"image\":{\"@type\":\"ImageObject\",\"inLanguage\":\"pt-PT\",\"@id\":\"https:\/\/portaltela.pt\/s.01k8rhncp4jt1\/2025\/11\/talking-bot-125x125.png\",\"url\":\"https:\/\/portaltela.pt\/s.01k8rhncp4jt1\/2025\/11\/talking-bot-125x125.png\",\"contentUrl\":\"https:\/\/portaltela.pt\/s.01k8rhncp4jt1\/2025\/11\/talking-bot-125x125.png\",\"caption\":\"Telinha\"},\"sameAs\":[\"https:\/\/portaltela.pt\/\"],\"url\":\"https:\/\/portaltela.pt\/por\/367410592786\/\"}]}<\/script>\n<!-- \/ Yoast SEO plugin. -->","yoast_head_json":{"title":"Zidane a caminho: Fran\u00e7a prepara a sucess\u00e3o de Deschamps - Portal Tela Portugal","robots":{"index":"index","follow":"follow","max-snippet":"max-snippet:-1","max-image-preview":"max-image-preview:large","max-video-preview":"max-video-preview:-1"},"og_locale":"pt_PT","og_type":"article","og_title":"Zidane a caminho: Fran\u00e7a prepara a sucess\u00e3o de Deschamps - Portal Tela Portugal","og_description":"A Fran\u00e7a est\u00e1 a preparar a sucess\u00e3o de Didier Deschamps, que deixar\u00e1 o comando ap\u00f3s o Mundial-2026. O presidente da Federa\u00e7\u00e3o Francesa de Futebol (FFF), Philippe Diallo, afirmou que o substituto s\u00f3 ser\u00e1 oficializado depois da sa\u00edda de Deschamps. Segundo o L'\u00c9quipe, a FFF j\u00e1 iniciou conversas com Zinedine Zidane, antigo treinador do Real Madrid, com interesse m\u00fatuo no cargo. Zidane ainda n\u00e3o treina desde 2020\/21, e a futura equipa t\u00e9cnica dele est\u00e1 a ser analisada pela FFF. Deschamps est\u00e1 \u00e0 frente da sele\u00e7\u00e3o desde 2012 e anunciou a sa\u00edda no in\u00edcio da temporada 2025\/26, pretendendo vencer mais um Mundial antes de se despedir.","og_url":"https:\/\/portaltela.pt\/noticias\/2026\/01\/16\/zidane-a-caminho-franca-prepara-a-sucessao-de-deschamps\/","og_site_name":"Portal Tela Portugal","article_published_time":"2026-01-16T18:30:36+00:00","author":"Telinha","twitter_card":"summary_large_image","twitter_misc":{"Escrito por":"Telinha","Tempo estimado de leitura":"1 minuto"},"schema":{"@context":"https:\/\/schema.org","@graph":[{"@type":"Article","@id":"https:\/\/portaltela.pt\/noticias\/2026\/01\/16\/zidane-a-caminho-franca-prepara-a-sucessao-de-deschamps\/#article","isPartOf":{"@id":"https:\/\/portaltela.pt\/noticias\/2026\/01\/16\/zidane-a-caminho-franca-prepara-a-sucessao-de-deschamps\/"},"author":{"name":"Telinha","@id":"https:\/\/portaltela.pt\/#\/schema\/person\/c4278d4a6028830caff9ee44b42d32ed"},"headline":"Zidane a caminho: Fran\u00e7a prepara a sucess\u00e3o de Deschamps","datePublished":"2026-01-16T18:30:36+00:00","mainEntityOfPage":{"@id":"https:\/\/portaltela.pt\/noticias\/2026\/01\/16\/zidane-a-caminho-franca-prepara-a-sucessao-de-deschamps\/"},"wordCount":221,"image":{"@id":"https:\/\/portaltela.pt\/noticias\/2026\/01\/16\/zidane-a-caminho-franca-prepara-a-sucessao-de-deschamps\/#primaryimage"},"thumbnailUrl":"https:\/\/portaltela.pt\/s.01k8rhncp4jt1\/2026\/01\/bc29ba4c-705a-43dc-a0a9-4a5bd72e7e15.jpg","keywords":["Fran\u00e7a","futebol","Sele\u00e7\u00e3o Nacional","treinadores","Zidane"],"articleSection":["Desporto","Futebol"],"inLanguage":"pt-PT"},{"@type":"WebPage","@id":"https:\/\/portaltela.pt\/noticias\/2026\/01\/16\/zidane-a-caminho-franca-prepara-a-sucessao-de-deschamps\/","url":"https:\/\/portaltela.pt\/noticias\/2026\/01\/16\/zidane-a-caminho-franca-prepara-a-sucessao-de-deschamps\/","name":"Zidane a caminho: Fran\u00e7a prepara a sucess\u00e3o de Deschamps - Portal Tela Portugal","isPartOf":{"@id":"https:\/\/portaltela.pt\/#website"},"primaryImageOfPage":{"@id":"https:\/\/portaltela.pt\/noticias\/2026\/01\/16\/zidane-a-caminho-franca-prepara-a-sucessao-de-deschamps\/#primaryimage"},"image":{"@id":"https:\/\/portaltela.pt\/noticias\/2026\/01\/16\/zidane-a-caminho-franca-prepara-a-sucessao-de-deschamps\/#primaryimage"},"thumbnailUrl":"https:\/\/portaltela.pt\/s.01k8rhncp4jt1\/2026\/01\/bc29ba4c-705a-43dc-a0a9-4a5bd72e7e15.jpg","datePublished":"2026-01-16T18:30:36+00:00","author":{"@id":"https:\/\/portaltela.pt\/#\/schema\/person\/c4278d4a6028830caff9ee44b42d32ed"},"breadcrumb":{"@id":"https:\/\/portaltela.pt\/noticias\/2026\/01\/16\/zidane-a-caminho-franca-prepara-a-sucessao-de-deschamps\/#breadcrumb"},"inLanguage":"pt-PT","potentialAction":[{"@type":"ReadAction","target":["https:\/\/portaltela.pt\/noticias\/2026\/01\/16\/zidane-a-caminho-franca-prepara-a-sucessao-de-deschamps\/"]}]},{"@type":"ImageObject","inLanguage":"pt-PT","@id":"https:\/\/portaltela.pt\/noticias\/2026\/01\/16\/zidane-a-caminho-franca-prepara-a-sucessao-de-deschamps\/#primaryimage","url":"https:\/\/portaltela.pt\/s.01k8rhncp4jt1\/2026\/01\/bc29ba4c-705a-43dc-a0a9-4a5bd72e7e15.jpg","contentUrl":"https:\/\/portaltela.pt\/s.01k8rhncp4jt1\/2026\/01\/bc29ba4c-705a-43dc-a0a9-4a5bd72e7e15.jpg","width":796,"height":448,"caption":"Zin\u00e9dine Zidane, antigo treinador e jogador do Real Madrid"},{"@type":"BreadcrumbList","@id":"https:\/\/portaltela.pt\/noticias\/2026\/01\/16\/zidane-a-caminho-franca-prepara-a-sucessao-de-deschamps\/#breadcrumb","itemListElement":[{"@type":"ListItem","position":1,"name":"In\u00edcio","item":"https:\/\/portaltela.pt\/"},{"@type":"ListItem","position":2,"name":"Zidane a caminho: Fran\u00e7a prepara a sucess\u00e3o de Deschamps"}]},{"@type":"WebSite","@id":"https:\/\/portaltela.pt\/#website","url":"https:\/\/portaltela.pt\/","name":"Portal Tela Portugal","description":"","potentialAction":[{"@type":"SearchAction","target":{"@type":"EntryPoint","urlTemplate":"https:\/\/portaltela.pt\/?s={search_term_string}"},"query-input":{"@type":"PropertyValueSpecification","valueRequired":true,"valueName":"search_term_string"}}],"inLanguage":"pt-PT"},{"@type":"Person","@id":"https:\/\/portaltela.pt\/#\/schema\/person\/c4278d4a6028830caff9ee44b42d32ed","name":"Telinha","image":{"@type":"ImageObject","inLanguage":"pt-PT","@id":"https:\/\/portaltela.pt\/s.01k8rhncp4jt1\/2025\/11\/talking-bot-125x125.png","url":"https:\/\/portaltela.pt\/s.01k8rhncp4jt1\/2025\/11\/talking-bot-125x125.png","contentUrl":"https:\/\/portaltela.pt\/s.01k8rhncp4jt1\/2025\/11\/talking-bot-125x125.png","caption":"Telinha"},"sameAs":["https:\/\/portaltela.pt\/"],"url":"https:\/\/portaltela.pt\/por\/367410592786\/"}]}},"_links":{"self":[{"href":"https:\/\/portaltela.pt\/api\/wp\/v2\/posts\/146216","targetHints":{"allow":["GET"]}}],"collection":[{"href":"https:\/\/portaltela.pt\/api\/wp\/v2\/posts"}],"about":[{"href":"https:\/\/portaltela.pt\/api\/wp\/v2\/types\/post"}],"author":[{"embeddable":true,"href":"https:\/\/portaltela.pt\/api\/wp\/v2\/users\/2"}],"replies":[{"embeddable":true,"href":"https:\/\/portaltela.pt\/api\/wp\/v2\/comments?post=146216"}],"version-history":[{"count":0,"href":"https:\/\/portaltela.pt\/api\/wp\/v2\/posts\/146216\/revisions"}],"wp:featuredmedia":[{"embeddable":true,"href":"https:\/\/portaltela.pt\/api\/wp\/v2\/media\/146228"}],"wp:attachment":[{"href":"https:\/\/portaltela.pt\/api\/wp\/v2\/media?parent=146216"}],"wp:term":[{"taxonomy":"category","embeddable":true,"href":"https:\/\/portaltela.pt\/api\/wp\/v2\/categories?post=146216"},{"taxonomy":"post_tag","embeddable":true,"href":"https:\/\/portaltela.pt\/api\/wp\/v2\/tags?post=146216"}],"curies":[{"name":"wp","href":"https:\/\/api.w.org\/{rel}","templated":true}]}}