{"id":146113,"date":"2026-01-16T14:53:41","date_gmt":"2026-01-16T17:53:41","guid":{"rendered":"https:\/\/portaltela.pt\/noticias\/2026\/01\/16\/paulo-fiuza-nasser-al-attiyah-e-ricky-brabec-perto-da-vitoria-no-dakar-2026\/"},"modified":"2026-01-16T14:53:41","modified_gmt":"2026-01-16T17:53:41","slug":"paulo-fiuza-nasser-al-attiyah-e-ricky-brabec-perto-da-vitoria-no-dakar-2026","status":"publish","type":"post","link":"https:\/\/portaltela.pt\/desporto\/2026\/01\/16\/paulo-fiuza-nasser-al-attiyah-e-ricky-brabec-perto-da-vitoria-no-dakar-2026\/","title":{"rendered":"Paulo Fi\u00faza, Nasser Al-Attiyah e Ricky Brabec perto da vit\u00f3ria no Dakar 2026"},"content":{"rendered":"<p>Paulo Fi\u00faza aproximou-se de um feito hist\u00f3rico no Dakar 2026 ao assegurar a lideran\u00e7a na classe dos cami\u00f5es, ap\u00f3s a 12.\u00aa etapa disputada na Ar\u00e1bia Saudita. O piloto navega Vaidotas Zala, num Iveco, e acabou na segunda posi\u00e7\u00e3o, a 6,56 minutos do vencedor do dia, Mitchel van den Brink (MMT).<\/p>\n<p>A equipa do portugu\u00eas mant\u00e9m a lideran\u00e7a da classifica\u00e7\u00e3o geral com 21,24 minutos de vantagem sobre Ales Loprais (Iveco). Max van Grol, mec\u00e2nico neerland\u00eas, integra o conjunto.<\/p>\n<p>Na prova dos autom\u00f3veis, Jo\u00e3o Ferreira (Toyota Hilux) terminou na 19.\u00aa posi\u00e7\u00e3o, entre Al Henakiyah e Yanbu, ap\u00f3s 311 km cronometrados. Dois furos obrigaram o leiriense a gastar os pneus suplentes, deixando-o na mesma posi\u00e7\u00e3o na geral.<\/p>\n<p>Maria Gameiro (Mini) subiu ao 66.\u00ba lugar da etapa e ocupa agora a 68.\u00aa posi\u00e7\u00e3o na classifica\u00e7\u00e3o total, mantendo a lideran\u00e7a na Ta\u00e7a das Senhoras.<\/p>\n<h3>Luta pela lideran\u00e7a<\/h3>\n<p>A etapa foi ganha por Nasser Al-Attiyah (Dacia Sandero), que igualou o recorde de vit\u00f3rias em etapas do franc\u00eas St\u00e9phane Peterhansel, com 50 triunfos. Al-Attiyah venceu Mitch Guthrie (Ford Raptor) por 1,04 minutos e Toby Price (Toyota Hilux) por 1,25.<\/p>\n<p>Nani Roma (Ford Raptor) viveu um momento de drama perto do final, sofrendo um acidente a 500 metros da meta e perdendo uma roda. Embora tenha chegado \u00e0 linha de meta, foi rebocado at\u00e9 ao acampamento final para conseguir concluir a prova. Mant\u00e9m-se, por\u00e9m, na luta pelo p\u00f3dio, a 16,02 minutos de Al-Attiyah.<\/p>\n<p>Na lideran\u00e7a da prova de motos, o norte\u2011americano Ricky Brabec (Honda) atingiu a vit\u00f3ria na especial, com 3,43 minutos de vantagem sobre Luciano Benavides (KTM). Martim Ventura (Honda) foi 6.\u00ba da geral na Rally 2, ocupando o segundo posto neste grupo.<\/p>\n<p>Nos quads, SSV e outros vistos na classifica\u00e7\u00e3o, Jo\u00e3o Monteiro (Can-Am) teve lugar de destaque ao 2.\u00ba lugar numa etapa dominada por Gonzalez Ferioli (Can-Am). Monteiro \u00e9 4.\u00ba na geral; H\u00e9lder Rodrigues (Polaris) sobe ao 23.\u00ba.<\/p>\n<p>A 48.\u00aa edi\u00e7\u00e3o do Dakar termina no s\u00e1bado, em Yanbu, com uma especial final de 105 quil\u00f3metros cronometrados.<\/p>\n","protected":false},"excerpt":{"rendered":"<ul>\n<li>Paulo Fi\u00faza, que navega para o piloto lituano Vaidotas Zala, terminou a 12.\u00aa etapa na segunda posi\u00e7\u00e3o e mant\u00e9m a lideran\u00e7a nos cami\u00f5es, com 21,24 minutos de avan\u00e7o sobre Ales Loprais.<\/li>\n<li>A etapa foi ganha por Mitchel van den Brink, com Fi\u00faza a ficar a 6,56 minutos do vencedor.<\/li>\n<li>O Dakar termina no s\u00e1bado em Yanbu, com uma especial final de 105 quil\u00f3metros cronometrados.<\/li>\n<li>Nos autom\u00f3veis, Jo\u00e3o Ferreira terminou a etapa na 19.\u00aa posi\u00e7\u00e3o e ocupa a mesma posi\u00e7\u00e3o na geral, ap\u00f3s dois furos; Maria Gameiro lidera a Ta\u00e7a das Senhoras.<\/li>\n<li>Nos motas, Ricky Brabec venceu a especial e assume a lideran\u00e7a da categoria, com 3,20 minutos de vantagem sobre Benavides; Nani Roma sofreu acidente perto do final, arrancando uma roda mas manteve-se no p\u00f3dio 16,02 minutos atr\u00e1s de Al\u2011Attiyah.<\/li>\n<\/ul>\n","protected":false},"author":2,"featured_media":146115,"comment_status":"closed","ping_status":"closed","sticky":false,"template":"","format":"standard","meta":{"footnotes":""},"categories":[21],"tags":[2371,3261,152,1014,3144],"class_list":["post-146113","post","type-post","status-publish","format-standard","has-post-thumbnail","hentry","category-desporto","tag-automoveis","tag-can-am","tag-desporto","tag-portugal","tag-rally-2"],"yoast_head":"<!-- This site is optimized with the Yoast SEO plugin v27.2 - https:\/\/yoast.com\/product\/yoast-seo-wordpress\/ -->\n<title>Paulo Fi\u00faza, Nasser Al-Attiyah e Ricky Brabec perto da vit\u00f3ria no Dakar 2026 - Portal Tela Portugal<\/title>\n<meta name=\"robots\" content=\"index, follow, max-snippet:-1, max-image-preview:large, max-video-preview:-1\" \/>\n<meta property=\"og:locale\" content=\"pt_PT\" \/>\n<meta property=\"og:type\" content=\"article\" \/>\n<meta property=\"og:title\" content=\"Paulo Fi\u00faza, Nasser Al-Attiyah e Ricky Brabec perto da vit\u00f3ria no Dakar 2026 - Portal Tela Portugal\" \/>\n<meta property=\"og:description\" content=\"Paulo Fi\u00faza, que navega para o piloto lituano Vaidotas Zala, terminou a 12.\u00aa etapa na segunda posi\u00e7\u00e3o e mant\u00e9m a lideran\u00e7a nos cami\u00f5es, com 21,24 minutos de avan\u00e7o sobre Ales Loprais. A etapa foi ganha por Mitchel van den Brink, com Fi\u00faza a ficar a 6,56 minutos do vencedor. O Dakar termina no s\u00e1bado em Yanbu, com uma especial final de 105 quil\u00f3metros cronometrados. Nos autom\u00f3veis, Jo\u00e3o Ferreira terminou a etapa na 19.\u00aa posi\u00e7\u00e3o e ocupa a mesma posi\u00e7\u00e3o na geral, ap\u00f3s dois furos; Maria Gameiro lidera a Ta\u00e7a das Senhoras. Nos motas, Ricky Brabec venceu a especial e assume a lideran\u00e7a da categoria, com 3,20 minutos de vantagem sobre Benavides; Nani Roma sofreu acidente perto do final, arrancando uma roda mas manteve-se no p\u00f3dio 16,02 minutos atr\u00e1s de Al\u2011Attiyah.\" \/>\n<meta property=\"og:url\" content=\"https:\/\/portaltela.pt\/noticias\/2026\/01\/16\/paulo-fiuza-nasser-al-attiyah-e-ricky-brabec-perto-da-vitoria-no-dakar-2026\/\" \/>\n<meta property=\"og:site_name\" content=\"Portal Tela Portugal\" \/>\n<meta property=\"article:published_time\" content=\"2026-01-16T17:53:41+00:00\" \/>\n<meta name=\"author\" content=\"Telinha\" \/>\n<meta name=\"twitter:card\" content=\"summary_large_image\" \/>\n<meta name=\"twitter:label1\" content=\"Escrito por\" \/>\n\t<meta name=\"twitter:data1\" content=\"Telinha\" \/>\n\t<meta name=\"twitter:label2\" content=\"Tempo estimado de leitura\" \/>\n\t<meta name=\"twitter:data2\" content=\"2 minutos\" \/>\n<script type=\"application\/ld+json\" class=\"yoast-schema-graph\">{\"@context\":\"https:\/\/schema.org\",\"@graph\":[{\"@type\":\"Article\",\"@id\":\"https:\/\/portaltela.pt\/noticias\/2026\/01\/16\/paulo-fiuza-nasser-al-attiyah-e-ricky-brabec-perto-da-vitoria-no-dakar-2026\/#article\",\"isPartOf\":{\"@id\":\"https:\/\/portaltela.pt\/noticias\/2026\/01\/16\/paulo-fiuza-nasser-al-attiyah-e-ricky-brabec-perto-da-vitoria-no-dakar-2026\/\"},\"author\":{\"name\":\"Telinha\",\"@id\":\"https:\/\/portaltela.pt\/#\/schema\/person\/c4278d4a6028830caff9ee44b42d32ed\"},\"headline\":\"Paulo Fi\u00faza, Nasser Al-Attiyah e Ricky Brabec perto da vit\u00f3ria no Dakar 2026\",\"datePublished\":\"2026-01-16T17:53:41+00:00\",\"mainEntityOfPage\":{\"@id\":\"https:\/\/portaltela.pt\/noticias\/2026\/01\/16\/paulo-fiuza-nasser-al-attiyah-e-ricky-brabec-perto-da-vitoria-no-dakar-2026\/\"},\"wordCount\":359,\"image\":{\"@id\":\"https:\/\/portaltela.pt\/noticias\/2026\/01\/16\/paulo-fiuza-nasser-al-attiyah-e-ricky-brabec-perto-da-vitoria-no-dakar-2026\/#primaryimage\"},\"thumbnailUrl\":\"https:\/\/portaltela.pt\/s.01k8rhncp4jt1\/2026\/01\/img_1200x721uu2026-01-16-17-53-08-2415184.jpg\",\"keywords\":[\"Autom\u00f3veis\",\"Can-Am\",\"desporto\",\"Portugal\",\"Rally 2\"],\"articleSection\":[\"Desporto\"],\"inLanguage\":\"pt-PT\"},{\"@type\":\"WebPage\",\"@id\":\"https:\/\/portaltela.pt\/noticias\/2026\/01\/16\/paulo-fiuza-nasser-al-attiyah-e-ricky-brabec-perto-da-vitoria-no-dakar-2026\/\",\"url\":\"https:\/\/portaltela.pt\/noticias\/2026\/01\/16\/paulo-fiuza-nasser-al-attiyah-e-ricky-brabec-perto-da-vitoria-no-dakar-2026\/\",\"name\":\"Paulo Fi\u00faza, Nasser Al-Attiyah e Ricky Brabec perto da vit\u00f3ria no Dakar 2026 - Portal Tela Portugal\",\"isPartOf\":{\"@id\":\"https:\/\/portaltela.pt\/#website\"},\"primaryImageOfPage\":{\"@id\":\"https:\/\/portaltela.pt\/noticias\/2026\/01\/16\/paulo-fiuza-nasser-al-attiyah-e-ricky-brabec-perto-da-vitoria-no-dakar-2026\/#primaryimage\"},\"image\":{\"@id\":\"https:\/\/portaltela.pt\/noticias\/2026\/01\/16\/paulo-fiuza-nasser-al-attiyah-e-ricky-brabec-perto-da-vitoria-no-dakar-2026\/#primaryimage\"},\"thumbnailUrl\":\"https:\/\/portaltela.pt\/s.01k8rhncp4jt1\/2026\/01\/img_1200x721uu2026-01-16-17-53-08-2415184.jpg\",\"datePublished\":\"2026-01-16T17:53:41+00:00\",\"author\":{\"@id\":\"https:\/\/portaltela.pt\/#\/schema\/person\/c4278d4a6028830caff9ee44b42d32ed\"},\"breadcrumb\":{\"@id\":\"https:\/\/portaltela.pt\/noticias\/2026\/01\/16\/paulo-fiuza-nasser-al-attiyah-e-ricky-brabec-perto-da-vitoria-no-dakar-2026\/#breadcrumb\"},\"inLanguage\":\"pt-PT\",\"potentialAction\":[{\"@type\":\"ReadAction\",\"target\":[\"https:\/\/portaltela.pt\/noticias\/2026\/01\/16\/paulo-fiuza-nasser-al-attiyah-e-ricky-brabec-perto-da-vitoria-no-dakar-2026\/\"]}]},{\"@type\":\"ImageObject\",\"inLanguage\":\"pt-PT\",\"@id\":\"https:\/\/portaltela.pt\/noticias\/2026\/01\/16\/paulo-fiuza-nasser-al-attiyah-e-ricky-brabec-perto-da-vitoria-no-dakar-2026\/#primaryimage\",\"url\":\"https:\/\/portaltela.pt\/s.01k8rhncp4jt1\/2026\/01\/img_1200x721uu2026-01-16-17-53-08-2415184.jpg\",\"contentUrl\":\"https:\/\/portaltela.pt\/s.01k8rhncp4jt1\/2026\/01\/img_1200x721uu2026-01-16-17-53-08-2415184.jpg\",\"width\":796,\"height\":448,\"caption\":\"Fi\u00faza, que navega para o piloto lituano Vaidotas Zala (Iveco), terminou a 12.\u00aa e pen\u00faltima etapa na segunda posi\u00e7\u00e3o\"},{\"@type\":\"BreadcrumbList\",\"@id\":\"https:\/\/portaltela.pt\/noticias\/2026\/01\/16\/paulo-fiuza-nasser-al-attiyah-e-ricky-brabec-perto-da-vitoria-no-dakar-2026\/#breadcrumb\",\"itemListElement\":[{\"@type\":\"ListItem\",\"position\":1,\"name\":\"In\u00edcio\",\"item\":\"https:\/\/portaltela.pt\/\"},{\"@type\":\"ListItem\",\"position\":2,\"name\":\"Paulo Fi\u00faza, Nasser Al-Attiyah e Ricky Brabec perto da vit\u00f3ria no Dakar 2026\"}]},{\"@type\":\"WebSite\",\"@id\":\"https:\/\/portaltela.pt\/#website\",\"url\":\"https:\/\/portaltela.pt\/\",\"name\":\"Portal Tela Portugal\",\"description\":\"\",\"potentialAction\":[{\"@type\":\"SearchAction\",\"target\":{\"@type\":\"EntryPoint\",\"urlTemplate\":\"https:\/\/portaltela.pt\/?s={search_term_string}\"},\"query-input\":{\"@type\":\"PropertyValueSpecification\",\"valueRequired\":true,\"valueName\":\"search_term_string\"}}],\"inLanguage\":\"pt-PT\"},{\"@type\":\"Person\",\"@id\":\"https:\/\/portaltela.pt\/#\/schema\/person\/c4278d4a6028830caff9ee44b42d32ed\",\"name\":\"Telinha\",\"image\":{\"@type\":\"ImageObject\",\"inLanguage\":\"pt-PT\",\"@id\":\"https:\/\/portaltela.pt\/s.01k8rhncp4jt1\/2025\/11\/talking-bot-125x125.png\",\"url\":\"https:\/\/portaltela.pt\/s.01k8rhncp4jt1\/2025\/11\/talking-bot-125x125.png\",\"contentUrl\":\"https:\/\/portaltela.pt\/s.01k8rhncp4jt1\/2025\/11\/talking-bot-125x125.png\",\"caption\":\"Telinha\"},\"sameAs\":[\"https:\/\/portaltela.pt\/\"],\"url\":\"https:\/\/portaltela.pt\/por\/367410592786\/\"}]}<\/script>\n<!-- \/ Yoast SEO plugin. -->","yoast_head_json":{"title":"Paulo Fi\u00faza, Nasser Al-Attiyah e Ricky Brabec perto da vit\u00f3ria no Dakar 2026 - Portal Tela Portugal","robots":{"index":"index","follow":"follow","max-snippet":"max-snippet:-1","max-image-preview":"max-image-preview:large","max-video-preview":"max-video-preview:-1"},"og_locale":"pt_PT","og_type":"article","og_title":"Paulo Fi\u00faza, Nasser Al-Attiyah e Ricky Brabec perto da vit\u00f3ria no Dakar 2026 - Portal Tela Portugal","og_description":"Paulo Fi\u00faza, que navega para o piloto lituano Vaidotas Zala, terminou a 12.\u00aa etapa na segunda posi\u00e7\u00e3o e mant\u00e9m a lideran\u00e7a nos cami\u00f5es, com 21,24 minutos de avan\u00e7o sobre Ales Loprais. A etapa foi ganha por Mitchel van den Brink, com Fi\u00faza a ficar a 6,56 minutos do vencedor. O Dakar termina no s\u00e1bado em Yanbu, com uma especial final de 105 quil\u00f3metros cronometrados. Nos autom\u00f3veis, Jo\u00e3o Ferreira terminou a etapa na 19.\u00aa posi\u00e7\u00e3o e ocupa a mesma posi\u00e7\u00e3o na geral, ap\u00f3s dois furos; Maria Gameiro lidera a Ta\u00e7a das Senhoras. Nos motas, Ricky Brabec venceu a especial e assume a lideran\u00e7a da categoria, com 3,20 minutos de vantagem sobre Benavides; Nani Roma sofreu acidente perto do final, arrancando uma roda mas manteve-se no p\u00f3dio 16,02 minutos atr\u00e1s de Al\u2011Attiyah.","og_url":"https:\/\/portaltela.pt\/noticias\/2026\/01\/16\/paulo-fiuza-nasser-al-attiyah-e-ricky-brabec-perto-da-vitoria-no-dakar-2026\/","og_site_name":"Portal Tela Portugal","article_published_time":"2026-01-16T17:53:41+00:00","author":"Telinha","twitter_card":"summary_large_image","twitter_misc":{"Escrito por":"Telinha","Tempo estimado de leitura":"2 minutos"},"schema":{"@context":"https:\/\/schema.org","@graph":[{"@type":"Article","@id":"https:\/\/portaltela.pt\/noticias\/2026\/01\/16\/paulo-fiuza-nasser-al-attiyah-e-ricky-brabec-perto-da-vitoria-no-dakar-2026\/#article","isPartOf":{"@id":"https:\/\/portaltela.pt\/noticias\/2026\/01\/16\/paulo-fiuza-nasser-al-attiyah-e-ricky-brabec-perto-da-vitoria-no-dakar-2026\/"},"author":{"name":"Telinha","@id":"https:\/\/portaltela.pt\/#\/schema\/person\/c4278d4a6028830caff9ee44b42d32ed"},"headline":"Paulo Fi\u00faza, Nasser Al-Attiyah e Ricky Brabec perto da vit\u00f3ria no Dakar 2026","datePublished":"2026-01-16T17:53:41+00:00","mainEntityOfPage":{"@id":"https:\/\/portaltela.pt\/noticias\/2026\/01\/16\/paulo-fiuza-nasser-al-attiyah-e-ricky-brabec-perto-da-vitoria-no-dakar-2026\/"},"wordCount":359,"image":{"@id":"https:\/\/portaltela.pt\/noticias\/2026\/01\/16\/paulo-fiuza-nasser-al-attiyah-e-ricky-brabec-perto-da-vitoria-no-dakar-2026\/#primaryimage"},"thumbnailUrl":"https:\/\/portaltela.pt\/s.01k8rhncp4jt1\/2026\/01\/img_1200x721uu2026-01-16-17-53-08-2415184.jpg","keywords":["Autom\u00f3veis","Can-Am","desporto","Portugal","Rally 2"],"articleSection":["Desporto"],"inLanguage":"pt-PT"},{"@type":"WebPage","@id":"https:\/\/portaltela.pt\/noticias\/2026\/01\/16\/paulo-fiuza-nasser-al-attiyah-e-ricky-brabec-perto-da-vitoria-no-dakar-2026\/","url":"https:\/\/portaltela.pt\/noticias\/2026\/01\/16\/paulo-fiuza-nasser-al-attiyah-e-ricky-brabec-perto-da-vitoria-no-dakar-2026\/","name":"Paulo Fi\u00faza, Nasser Al-Attiyah e Ricky Brabec perto da vit\u00f3ria no Dakar 2026 - Portal Tela Portugal","isPartOf":{"@id":"https:\/\/portaltela.pt\/#website"},"primaryImageOfPage":{"@id":"https:\/\/portaltela.pt\/noticias\/2026\/01\/16\/paulo-fiuza-nasser-al-attiyah-e-ricky-brabec-perto-da-vitoria-no-dakar-2026\/#primaryimage"},"image":{"@id":"https:\/\/portaltela.pt\/noticias\/2026\/01\/16\/paulo-fiuza-nasser-al-attiyah-e-ricky-brabec-perto-da-vitoria-no-dakar-2026\/#primaryimage"},"thumbnailUrl":"https:\/\/portaltela.pt\/s.01k8rhncp4jt1\/2026\/01\/img_1200x721uu2026-01-16-17-53-08-2415184.jpg","datePublished":"2026-01-16T17:53:41+00:00","author":{"@id":"https:\/\/portaltela.pt\/#\/schema\/person\/c4278d4a6028830caff9ee44b42d32ed"},"breadcrumb":{"@id":"https:\/\/portaltela.pt\/noticias\/2026\/01\/16\/paulo-fiuza-nasser-al-attiyah-e-ricky-brabec-perto-da-vitoria-no-dakar-2026\/#breadcrumb"},"inLanguage":"pt-PT","potentialAction":[{"@type":"ReadAction","target":["https:\/\/portaltela.pt\/noticias\/2026\/01\/16\/paulo-fiuza-nasser-al-attiyah-e-ricky-brabec-perto-da-vitoria-no-dakar-2026\/"]}]},{"@type":"ImageObject","inLanguage":"pt-PT","@id":"https:\/\/portaltela.pt\/noticias\/2026\/01\/16\/paulo-fiuza-nasser-al-attiyah-e-ricky-brabec-perto-da-vitoria-no-dakar-2026\/#primaryimage","url":"https:\/\/portaltela.pt\/s.01k8rhncp4jt1\/2026\/01\/img_1200x721uu2026-01-16-17-53-08-2415184.jpg","contentUrl":"https:\/\/portaltela.pt\/s.01k8rhncp4jt1\/2026\/01\/img_1200x721uu2026-01-16-17-53-08-2415184.jpg","width":796,"height":448,"caption":"Fi\u00faza, que navega para o piloto lituano Vaidotas Zala (Iveco), terminou a 12.\u00aa e pen\u00faltima etapa na segunda posi\u00e7\u00e3o"},{"@type":"BreadcrumbList","@id":"https:\/\/portaltela.pt\/noticias\/2026\/01\/16\/paulo-fiuza-nasser-al-attiyah-e-ricky-brabec-perto-da-vitoria-no-dakar-2026\/#breadcrumb","itemListElement":[{"@type":"ListItem","position":1,"name":"In\u00edcio","item":"https:\/\/portaltela.pt\/"},{"@type":"ListItem","position":2,"name":"Paulo Fi\u00faza, Nasser Al-Attiyah e Ricky Brabec perto da vit\u00f3ria no Dakar 2026"}]},{"@type":"WebSite","@id":"https:\/\/portaltela.pt\/#website","url":"https:\/\/portaltela.pt\/","name":"Portal Tela Portugal","description":"","potentialAction":[{"@type":"SearchAction","target":{"@type":"EntryPoint","urlTemplate":"https:\/\/portaltela.pt\/?s={search_term_string}"},"query-input":{"@type":"PropertyValueSpecification","valueRequired":true,"valueName":"search_term_string"}}],"inLanguage":"pt-PT"},{"@type":"Person","@id":"https:\/\/portaltela.pt\/#\/schema\/person\/c4278d4a6028830caff9ee44b42d32ed","name":"Telinha","image":{"@type":"ImageObject","inLanguage":"pt-PT","@id":"https:\/\/portaltela.pt\/s.01k8rhncp4jt1\/2025\/11\/talking-bot-125x125.png","url":"https:\/\/portaltela.pt\/s.01k8rhncp4jt1\/2025\/11\/talking-bot-125x125.png","contentUrl":"https:\/\/portaltela.pt\/s.01k8rhncp4jt1\/2025\/11\/talking-bot-125x125.png","caption":"Telinha"},"sameAs":["https:\/\/portaltela.pt\/"],"url":"https:\/\/portaltela.pt\/por\/367410592786\/"}]}},"_links":{"self":[{"href":"https:\/\/portaltela.pt\/api\/wp\/v2\/posts\/146113","targetHints":{"allow":["GET"]}}],"collection":[{"href":"https:\/\/portaltela.pt\/api\/wp\/v2\/posts"}],"about":[{"href":"https:\/\/portaltela.pt\/api\/wp\/v2\/types\/post"}],"author":[{"embeddable":true,"href":"https:\/\/portaltela.pt\/api\/wp\/v2\/users\/2"}],"replies":[{"embeddable":true,"href":"https:\/\/portaltela.pt\/api\/wp\/v2\/comments?post=146113"}],"version-history":[{"count":0,"href":"https:\/\/portaltela.pt\/api\/wp\/v2\/posts\/146113\/revisions"}],"wp:featuredmedia":[{"embeddable":true,"href":"https:\/\/portaltela.pt\/api\/wp\/v2\/media\/146115"}],"wp:attachment":[{"href":"https:\/\/portaltela.pt\/api\/wp\/v2\/media?parent=146113"}],"wp:term":[{"taxonomy":"category","embeddable":true,"href":"https:\/\/portaltela.pt\/api\/wp\/v2\/categories?post=146113"},{"taxonomy":"post_tag","embeddable":true,"href":"https:\/\/portaltela.pt\/api\/wp\/v2\/tags?post=146113"}],"curies":[{"name":"wp","href":"https:\/\/api.w.org\/{rel}","templated":true}]}}