{"id":146075,"date":"2026-01-16T14:17:00","date_gmt":"2026-01-16T17:17:00","guid":{"rendered":"https:\/\/portaltela.pt\/noticias\/2026\/01\/16\/navegador-portugues-aproxima-se-da-vitoria-no-dakar-2026\/"},"modified":"2026-01-16T14:17:00","modified_gmt":"2026-01-16T17:17:00","slug":"navegador-portugues-aproxima-se-da-vitoria-no-dakar-2026","status":"publish","type":"post","link":"https:\/\/portaltela.pt\/desporto\/2026\/01\/16\/navegador-portugues-aproxima-se-da-vitoria-no-dakar-2026\/","title":{"rendered":"Navegador portugu\u00eas aproxima-se da vit\u00f3ria no Dakar 2026"},"content":{"rendered":"<p>A 48.\u00aa edi\u00e7\u00e3o do Dakar aproxima-se do final na Ar\u00e1bia Saudita, com o rali a chegar ao pen\u00faltimo dia. Nasser Al-Attiyah lidera nos autom\u00f3veis e Ricky Brabec est\u00e1 perto da vit\u00f3ria entre as motos, numa prova marcada por reviravoltas e paragens t\u00e9cnicas.<\/p>\n<p>Paulo Fi\u00faza, a navegar para Vaidotas Zala, consolidou a lideran\u00e7a dos cami\u00f5es. A dupla terminou a 12.\u00aa etapa na segunda posi\u00e7\u00e3o, a 6m56s do vencedor do dia, Mitchel van den Brink. A equipa mant\u00e9m vantagem de 21m24s na geral.<\/p>\n<p>Jo\u00e3o Ferreira (Toyota Hilux) terminou a etapa entre Al Henakiyah e Yanbu na 19.\u00aa posi\u00e7\u00e3o, ap\u00f3s dois furos que o obrigaram a gastar dois pneus suplentes. Mant\u00e9m a mesma posi\u00e7\u00e3o na geral, sem registar altera\u00e7\u00f5es relevantes.<\/p>\n<p>Maria Gameiro (Mini) subiu \u00e0 68.\u00aa posi\u00e7\u00e3o na geral, ap\u00f3s terminar a etapa no 66.\u00ba lugar, e continua l\u00edder na Ta\u00e7a das Senhoras. O desfecho da prova acontece amanh\u00e3, em Yanbu, com a \u00faltima especial.<\/p>\n<p>Nas carater\u00edsticas da etapa, Nasser Al-Attiyah (Dacia Sandero) venceu a prova, igualando o recorde de fases com 50 vit\u00f3rias, ao lado de Stephane Peterhansel. O franc\u00eas continua com mais vit\u00f3rias no rali, somando 83.<\/p>\n<p>O drama do dia ficou marcado pelo acidente de Nani Roma (Ford Raptor), que ficou sem gasolina a 500 metros da meta e teve de ser rebocado. Mesmo assim, cruzou a linha com o 2.\u00ba lugar da geral \u00e0 vista, assegurando o p\u00f3dio tempor\u00e1rio.<\/p>\n<p>Na classe motos, Ricky Brabec (Honda) venceu a etapa, beneficiando da estrat\u00e9gia de pausa demonstrada na v\u00e9spera. Luciano Benavides (KTM) mant\u00e9m-se na frente da geral, com Brabec a aproximar-se com vantagem de 3m20s.<\/p>\n<p>Entre os SSV, Jo\u00e3o Monteiro (Can-Am) foi 2.\u00ba na etapa, atr\u00e1s de Gonzalez Ferioli, que liderou a prova. Na geral, Monteiro ocupa o 4.\u00ba posto, a pouco mais de uma hora do p\u00f3dio, enquanto H\u00e9lder Rodrigues \u00e9 23.\u00ba.<\/p>\n<p>Amanh\u00e3 encerra-se o Dakar com a especial final de 105 quil\u00f3metros, em Yanbu, concluindo a 48.\u00aa edi\u00e7\u00e3o do rali de todo-o-terreno. A classifica\u00e7\u00e3o geral apresentar\u00e1 os vencedores por cada categoria.<\/p>\n","protected":false},"excerpt":{"rendered":"<ul>\n<li>O portugu\u00eas Paulo Fi\u00faza aproxima-se de vencer no Dakar 2026 ao manter a lideran\u00e7a na classe de cami\u00f5es para a equipa de Vaidotas Zala, com 21m24s de avan\u00e7o sobre o checo Ales Loprais, na pen\u00faltima etapa.<\/li>\n<li>Nesta sexta-feira, a dupla Zala\/Fi\u00faza terminou a etapa em segundo lugar, a 6m56s do vencedor, Mitchel van den Brink, que corre pela equipa MM Technology.<\/li>\n<li>Nos autom\u00f3veis, Jo\u00e3o Ferreira terminou a etapa entre Al Henakiyah e Yanbu em 19.\u00ba, ap\u00f3s dois furos, mantendo o mesmo lugar na classifica\u00e7\u00e3o geral.<\/li>\n<li>A etapa foi ganha por Nasser Al-Attiyah, que igualou o recorde de vit\u00f3rias em etapas do Dakar, com 50 triunfos, estabelecendo novo equil\u00edbrio entre carros e motos no palmar\u00e9s.<\/li>\n<li>Nas motos, o norte-americano Ricky Brabec venceu a etapa e assume a lideran\u00e7a do rali, com 3m20s de vantagem sobre Luciano Benavides; Martim Ventura \u00e9 o segundo entre Rally 2. O rali termina s\u00e1bado, em Yanbu, com uma especial final de 105 quil\u00f3metros cronometrados.<\/li>\n<\/ul>\n","protected":false},"author":2,"featured_media":146078,"comment_status":"closed","ping_status":"closed","sticky":false,"template":"","format":"standard","meta":{"footnotes":""},"categories":[21],"tags":[1016,2371,3261,152,2517],"class_list":["post-146075","post","type-post","status-publish","format-standard","has-post-thumbnail","hentry","category-desporto","tag-arabia-saudita","tag-automoveis","tag-can-am","tag-desporto","tag-toyota"],"yoast_head":"<!-- This site is optimized with the Yoast SEO plugin v27.2 - https:\/\/yoast.com\/product\/yoast-seo-wordpress\/ -->\n<title>Navegador portugu\u00eas aproxima-se da vit\u00f3ria no Dakar 2026 - Portal Tela Portugal<\/title>\n<meta name=\"robots\" content=\"index, follow, max-snippet:-1, max-image-preview:large, max-video-preview:-1\" \/>\n<meta property=\"og:locale\" content=\"pt_PT\" \/>\n<meta property=\"og:type\" content=\"article\" \/>\n<meta property=\"og:title\" content=\"Navegador portugu\u00eas aproxima-se da vit\u00f3ria no Dakar 2026 - Portal Tela Portugal\" \/>\n<meta property=\"og:description\" content=\"O portugu\u00eas Paulo Fi\u00faza aproxima-se de vencer no Dakar 2026 ao manter a lideran\u00e7a na classe de cami\u00f5es para a equipa de Vaidotas Zala, com 21m24s de avan\u00e7o sobre o checo Ales Loprais, na pen\u00faltima etapa. Nesta sexta-feira, a dupla Zala\/Fi\u00faza terminou a etapa em segundo lugar, a 6m56s do vencedor, Mitchel van den Brink, que corre pela equipa MM Technology. Nos autom\u00f3veis, Jo\u00e3o Ferreira terminou a etapa entre Al Henakiyah e Yanbu em 19.\u00ba, ap\u00f3s dois furos, mantendo o mesmo lugar na classifica\u00e7\u00e3o geral. A etapa foi ganha por Nasser Al-Attiyah, que igualou o recorde de vit\u00f3rias em etapas do Dakar, com 50 triunfos, estabelecendo novo equil\u00edbrio entre carros e motos no palmar\u00e9s. Nas motos, o norte-americano Ricky Brabec venceu a etapa e assume a lideran\u00e7a do rali, com 3m20s de vantagem sobre Luciano Benavides; Martim Ventura \u00e9 o segundo entre Rally 2. O rali termina s\u00e1bado, em Yanbu, com uma especial final de 105 quil\u00f3metros cronometrados.\" \/>\n<meta property=\"og:url\" content=\"https:\/\/portaltela.pt\/noticias\/2026\/01\/16\/navegador-portugues-aproxima-se-da-vitoria-no-dakar-2026\/\" \/>\n<meta property=\"og:site_name\" content=\"Portal Tela Portugal\" \/>\n<meta property=\"article:published_time\" content=\"2026-01-16T17:17:00+00:00\" \/>\n<meta name=\"author\" content=\"Telinha\" \/>\n<meta name=\"twitter:card\" content=\"summary_large_image\" \/>\n<meta name=\"twitter:label1\" content=\"Escrito por\" \/>\n\t<meta name=\"twitter:data1\" content=\"Telinha\" \/>\n\t<meta name=\"twitter:label2\" content=\"Tempo estimado de leitura\" \/>\n\t<meta name=\"twitter:data2\" content=\"2 minutos\" \/>\n<script type=\"application\/ld+json\" class=\"yoast-schema-graph\">{\"@context\":\"https:\/\/schema.org\",\"@graph\":[{\"@type\":\"Article\",\"@id\":\"https:\/\/portaltela.pt\/noticias\/2026\/01\/16\/navegador-portugues-aproxima-se-da-vitoria-no-dakar-2026\/#article\",\"isPartOf\":{\"@id\":\"https:\/\/portaltela.pt\/noticias\/2026\/01\/16\/navegador-portugues-aproxima-se-da-vitoria-no-dakar-2026\/\"},\"author\":{\"name\":\"Telinha\",\"@id\":\"https:\/\/portaltela.pt\/#\/schema\/person\/c4278d4a6028830caff9ee44b42d32ed\"},\"headline\":\"Navegador portugu\u00eas aproxima-se da vit\u00f3ria no Dakar 2026\",\"datePublished\":\"2026-01-16T17:17:00+00:00\",\"mainEntityOfPage\":{\"@id\":\"https:\/\/portaltela.pt\/noticias\/2026\/01\/16\/navegador-portugues-aproxima-se-da-vitoria-no-dakar-2026\/\"},\"wordCount\":363,\"image\":{\"@id\":\"https:\/\/portaltela.pt\/noticias\/2026\/01\/16\/navegador-portugues-aproxima-se-da-vitoria-no-dakar-2026\/#primaryimage\"},\"thumbnailUrl\":\"https:\/\/portaltela.pt\/s.01k8rhncp4jt1\/2026\/01\/2059881.jpg\",\"keywords\":[\"Ar\u00e1bia Saudita\",\"Autom\u00f3veis\",\"Can-Am\",\"desporto\",\"Toyota\"],\"articleSection\":[\"Desporto\"],\"inLanguage\":\"pt-PT\"},{\"@type\":\"WebPage\",\"@id\":\"https:\/\/portaltela.pt\/noticias\/2026\/01\/16\/navegador-portugues-aproxima-se-da-vitoria-no-dakar-2026\/\",\"url\":\"https:\/\/portaltela.pt\/noticias\/2026\/01\/16\/navegador-portugues-aproxima-se-da-vitoria-no-dakar-2026\/\",\"name\":\"Navegador portugu\u00eas aproxima-se da vit\u00f3ria no Dakar 2026 - Portal Tela Portugal\",\"isPartOf\":{\"@id\":\"https:\/\/portaltela.pt\/#website\"},\"primaryImageOfPage\":{\"@id\":\"https:\/\/portaltela.pt\/noticias\/2026\/01\/16\/navegador-portugues-aproxima-se-da-vitoria-no-dakar-2026\/#primaryimage\"},\"image\":{\"@id\":\"https:\/\/portaltela.pt\/noticias\/2026\/01\/16\/navegador-portugues-aproxima-se-da-vitoria-no-dakar-2026\/#primaryimage\"},\"thumbnailUrl\":\"https:\/\/portaltela.pt\/s.01k8rhncp4jt1\/2026\/01\/2059881.jpg\",\"datePublished\":\"2026-01-16T17:17:00+00:00\",\"author\":{\"@id\":\"https:\/\/portaltela.pt\/#\/schema\/person\/c4278d4a6028830caff9ee44b42d32ed\"},\"breadcrumb\":{\"@id\":\"https:\/\/portaltela.pt\/noticias\/2026\/01\/16\/navegador-portugues-aproxima-se-da-vitoria-no-dakar-2026\/#breadcrumb\"},\"inLanguage\":\"pt-PT\",\"potentialAction\":[{\"@type\":\"ReadAction\",\"target\":[\"https:\/\/portaltela.pt\/noticias\/2026\/01\/16\/navegador-portugues-aproxima-se-da-vitoria-no-dakar-2026\/\"]}]},{\"@type\":\"ImageObject\",\"inLanguage\":\"pt-PT\",\"@id\":\"https:\/\/portaltela.pt\/noticias\/2026\/01\/16\/navegador-portugues-aproxima-se-da-vitoria-no-dakar-2026\/#primaryimage\",\"url\":\"https:\/\/portaltela.pt\/s.01k8rhncp4jt1\/2026\/01\/2059881.jpg\",\"contentUrl\":\"https:\/\/portaltela.pt\/s.01k8rhncp4jt1\/2026\/01\/2059881.jpg\",\"width\":796,\"height\":448,\"caption\":\"O Dakar 2026 termina nesta s\u00e1bado\"},{\"@type\":\"BreadcrumbList\",\"@id\":\"https:\/\/portaltela.pt\/noticias\/2026\/01\/16\/navegador-portugues-aproxima-se-da-vitoria-no-dakar-2026\/#breadcrumb\",\"itemListElement\":[{\"@type\":\"ListItem\",\"position\":1,\"name\":\"In\u00edcio\",\"item\":\"https:\/\/portaltela.pt\/\"},{\"@type\":\"ListItem\",\"position\":2,\"name\":\"Navegador portugu\u00eas aproxima-se da vit\u00f3ria no Dakar 2026\"}]},{\"@type\":\"WebSite\",\"@id\":\"https:\/\/portaltela.pt\/#website\",\"url\":\"https:\/\/portaltela.pt\/\",\"name\":\"Portal Tela Portugal\",\"description\":\"\",\"potentialAction\":[{\"@type\":\"SearchAction\",\"target\":{\"@type\":\"EntryPoint\",\"urlTemplate\":\"https:\/\/portaltela.pt\/?s={search_term_string}\"},\"query-input\":{\"@type\":\"PropertyValueSpecification\",\"valueRequired\":true,\"valueName\":\"search_term_string\"}}],\"inLanguage\":\"pt-PT\"},{\"@type\":\"Person\",\"@id\":\"https:\/\/portaltela.pt\/#\/schema\/person\/c4278d4a6028830caff9ee44b42d32ed\",\"name\":\"Telinha\",\"image\":{\"@type\":\"ImageObject\",\"inLanguage\":\"pt-PT\",\"@id\":\"https:\/\/portaltela.pt\/s.01k8rhncp4jt1\/2025\/11\/talking-bot-125x125.png\",\"url\":\"https:\/\/portaltela.pt\/s.01k8rhncp4jt1\/2025\/11\/talking-bot-125x125.png\",\"contentUrl\":\"https:\/\/portaltela.pt\/s.01k8rhncp4jt1\/2025\/11\/talking-bot-125x125.png\",\"caption\":\"Telinha\"},\"sameAs\":[\"https:\/\/portaltela.pt\/\"],\"url\":\"https:\/\/portaltela.pt\/por\/367410592786\/\"}]}<\/script>\n<!-- \/ Yoast SEO plugin. -->","yoast_head_json":{"title":"Navegador portugu\u00eas aproxima-se da vit\u00f3ria no Dakar 2026 - Portal Tela Portugal","robots":{"index":"index","follow":"follow","max-snippet":"max-snippet:-1","max-image-preview":"max-image-preview:large","max-video-preview":"max-video-preview:-1"},"og_locale":"pt_PT","og_type":"article","og_title":"Navegador portugu\u00eas aproxima-se da vit\u00f3ria no Dakar 2026 - Portal Tela Portugal","og_description":"O portugu\u00eas Paulo Fi\u00faza aproxima-se de vencer no Dakar 2026 ao manter a lideran\u00e7a na classe de cami\u00f5es para a equipa de Vaidotas Zala, com 21m24s de avan\u00e7o sobre o checo Ales Loprais, na pen\u00faltima etapa. Nesta sexta-feira, a dupla Zala\/Fi\u00faza terminou a etapa em segundo lugar, a 6m56s do vencedor, Mitchel van den Brink, que corre pela equipa MM Technology. Nos autom\u00f3veis, Jo\u00e3o Ferreira terminou a etapa entre Al Henakiyah e Yanbu em 19.\u00ba, ap\u00f3s dois furos, mantendo o mesmo lugar na classifica\u00e7\u00e3o geral. A etapa foi ganha por Nasser Al-Attiyah, que igualou o recorde de vit\u00f3rias em etapas do Dakar, com 50 triunfos, estabelecendo novo equil\u00edbrio entre carros e motos no palmar\u00e9s. Nas motos, o norte-americano Ricky Brabec venceu a etapa e assume a lideran\u00e7a do rali, com 3m20s de vantagem sobre Luciano Benavides; Martim Ventura \u00e9 o segundo entre Rally 2. O rali termina s\u00e1bado, em Yanbu, com uma especial final de 105 quil\u00f3metros cronometrados.","og_url":"https:\/\/portaltela.pt\/noticias\/2026\/01\/16\/navegador-portugues-aproxima-se-da-vitoria-no-dakar-2026\/","og_site_name":"Portal Tela Portugal","article_published_time":"2026-01-16T17:17:00+00:00","author":"Telinha","twitter_card":"summary_large_image","twitter_misc":{"Escrito por":"Telinha","Tempo estimado de leitura":"2 minutos"},"schema":{"@context":"https:\/\/schema.org","@graph":[{"@type":"Article","@id":"https:\/\/portaltela.pt\/noticias\/2026\/01\/16\/navegador-portugues-aproxima-se-da-vitoria-no-dakar-2026\/#article","isPartOf":{"@id":"https:\/\/portaltela.pt\/noticias\/2026\/01\/16\/navegador-portugues-aproxima-se-da-vitoria-no-dakar-2026\/"},"author":{"name":"Telinha","@id":"https:\/\/portaltela.pt\/#\/schema\/person\/c4278d4a6028830caff9ee44b42d32ed"},"headline":"Navegador portugu\u00eas aproxima-se da vit\u00f3ria no Dakar 2026","datePublished":"2026-01-16T17:17:00+00:00","mainEntityOfPage":{"@id":"https:\/\/portaltela.pt\/noticias\/2026\/01\/16\/navegador-portugues-aproxima-se-da-vitoria-no-dakar-2026\/"},"wordCount":363,"image":{"@id":"https:\/\/portaltela.pt\/noticias\/2026\/01\/16\/navegador-portugues-aproxima-se-da-vitoria-no-dakar-2026\/#primaryimage"},"thumbnailUrl":"https:\/\/portaltela.pt\/s.01k8rhncp4jt1\/2026\/01\/2059881.jpg","keywords":["Ar\u00e1bia Saudita","Autom\u00f3veis","Can-Am","desporto","Toyota"],"articleSection":["Desporto"],"inLanguage":"pt-PT"},{"@type":"WebPage","@id":"https:\/\/portaltela.pt\/noticias\/2026\/01\/16\/navegador-portugues-aproxima-se-da-vitoria-no-dakar-2026\/","url":"https:\/\/portaltela.pt\/noticias\/2026\/01\/16\/navegador-portugues-aproxima-se-da-vitoria-no-dakar-2026\/","name":"Navegador portugu\u00eas aproxima-se da vit\u00f3ria no Dakar 2026 - Portal Tela Portugal","isPartOf":{"@id":"https:\/\/portaltela.pt\/#website"},"primaryImageOfPage":{"@id":"https:\/\/portaltela.pt\/noticias\/2026\/01\/16\/navegador-portugues-aproxima-se-da-vitoria-no-dakar-2026\/#primaryimage"},"image":{"@id":"https:\/\/portaltela.pt\/noticias\/2026\/01\/16\/navegador-portugues-aproxima-se-da-vitoria-no-dakar-2026\/#primaryimage"},"thumbnailUrl":"https:\/\/portaltela.pt\/s.01k8rhncp4jt1\/2026\/01\/2059881.jpg","datePublished":"2026-01-16T17:17:00+00:00","author":{"@id":"https:\/\/portaltela.pt\/#\/schema\/person\/c4278d4a6028830caff9ee44b42d32ed"},"breadcrumb":{"@id":"https:\/\/portaltela.pt\/noticias\/2026\/01\/16\/navegador-portugues-aproxima-se-da-vitoria-no-dakar-2026\/#breadcrumb"},"inLanguage":"pt-PT","potentialAction":[{"@type":"ReadAction","target":["https:\/\/portaltela.pt\/noticias\/2026\/01\/16\/navegador-portugues-aproxima-se-da-vitoria-no-dakar-2026\/"]}]},{"@type":"ImageObject","inLanguage":"pt-PT","@id":"https:\/\/portaltela.pt\/noticias\/2026\/01\/16\/navegador-portugues-aproxima-se-da-vitoria-no-dakar-2026\/#primaryimage","url":"https:\/\/portaltela.pt\/s.01k8rhncp4jt1\/2026\/01\/2059881.jpg","contentUrl":"https:\/\/portaltela.pt\/s.01k8rhncp4jt1\/2026\/01\/2059881.jpg","width":796,"height":448,"caption":"O Dakar 2026 termina nesta s\u00e1bado"},{"@type":"BreadcrumbList","@id":"https:\/\/portaltela.pt\/noticias\/2026\/01\/16\/navegador-portugues-aproxima-se-da-vitoria-no-dakar-2026\/#breadcrumb","itemListElement":[{"@type":"ListItem","position":1,"name":"In\u00edcio","item":"https:\/\/portaltela.pt\/"},{"@type":"ListItem","position":2,"name":"Navegador portugu\u00eas aproxima-se da vit\u00f3ria no Dakar 2026"}]},{"@type":"WebSite","@id":"https:\/\/portaltela.pt\/#website","url":"https:\/\/portaltela.pt\/","name":"Portal Tela Portugal","description":"","potentialAction":[{"@type":"SearchAction","target":{"@type":"EntryPoint","urlTemplate":"https:\/\/portaltela.pt\/?s={search_term_string}"},"query-input":{"@type":"PropertyValueSpecification","valueRequired":true,"valueName":"search_term_string"}}],"inLanguage":"pt-PT"},{"@type":"Person","@id":"https:\/\/portaltela.pt\/#\/schema\/person\/c4278d4a6028830caff9ee44b42d32ed","name":"Telinha","image":{"@type":"ImageObject","inLanguage":"pt-PT","@id":"https:\/\/portaltela.pt\/s.01k8rhncp4jt1\/2025\/11\/talking-bot-125x125.png","url":"https:\/\/portaltela.pt\/s.01k8rhncp4jt1\/2025\/11\/talking-bot-125x125.png","contentUrl":"https:\/\/portaltela.pt\/s.01k8rhncp4jt1\/2025\/11\/talking-bot-125x125.png","caption":"Telinha"},"sameAs":["https:\/\/portaltela.pt\/"],"url":"https:\/\/portaltela.pt\/por\/367410592786\/"}]}},"_links":{"self":[{"href":"https:\/\/portaltela.pt\/api\/wp\/v2\/posts\/146075","targetHints":{"allow":["GET"]}}],"collection":[{"href":"https:\/\/portaltela.pt\/api\/wp\/v2\/posts"}],"about":[{"href":"https:\/\/portaltela.pt\/api\/wp\/v2\/types\/post"}],"author":[{"embeddable":true,"href":"https:\/\/portaltela.pt\/api\/wp\/v2\/users\/2"}],"replies":[{"embeddable":true,"href":"https:\/\/portaltela.pt\/api\/wp\/v2\/comments?post=146075"}],"version-history":[{"count":0,"href":"https:\/\/portaltela.pt\/api\/wp\/v2\/posts\/146075\/revisions"}],"wp:featuredmedia":[{"embeddable":true,"href":"https:\/\/portaltela.pt\/api\/wp\/v2\/media\/146078"}],"wp:attachment":[{"href":"https:\/\/portaltela.pt\/api\/wp\/v2\/media?parent=146075"}],"wp:term":[{"taxonomy":"category","embeddable":true,"href":"https:\/\/portaltela.pt\/api\/wp\/v2\/categories?post=146075"},{"taxonomy":"post_tag","embeddable":true,"href":"https:\/\/portaltela.pt\/api\/wp\/v2\/tags?post=146075"}],"curies":[{"name":"wp","href":"https:\/\/api.w.org\/{rel}","templated":true}]}}