{"id":145997,"date":"2026-01-16T14:21:00","date_gmt":"2026-01-16T17:21:00","guid":{"rendered":"https:\/\/portaltela.pt\/noticias\/2026\/01\/16\/porto-metro-com-condicionamentos-devido-a-greve-na-manutencao\/"},"modified":"2026-01-16T14:21:00","modified_gmt":"2026-01-16T17:21:00","slug":"porto-metro-com-condicionamentos-devido-a-greve-na-manutencao","status":"publish","type":"post","link":"https:\/\/portaltela.pt\/noticias\/2026\/01\/16\/porto-metro-com-condicionamentos-devido-a-greve-na-manutencao\/","title":{"rendered":"Porto: Metro com condicionamentos devido \u00e0 greve na manuten\u00e7\u00e3o"},"content":{"rendered":"<p>O Metro do Porto est\u00e1 a sofrer interrup\u00e7\u00f5es na circula\u00e7\u00e3o devido \u00e0 greve no fornecedor de manuten\u00e7\u00e3o de material circulante. A paralisa\u00e7\u00e3o levou \u00e0 supress\u00e3o de viagens e ao uso de ve\u00edculos com menor capacidade.<\/p>\n<p>O an\u00fancio foi feito na sexta-feira, com a Metro do Porto a esclarecer que n\u00e3o participa da greve. Os efeitos podem manter-se durante alguns dias, devendo haver uma normaliza\u00e7\u00e3o gradual a partir do final de janeiro.<\/p>\n<p>Segundo a empresa, algumas liga\u00e7\u00f5es j\u00e1 operam com menos disponibilidade de material, o que se traduz em ve\u00edculos simples, em vez de duplos, em v\u00e1rias linhas. A gest\u00e3o espera minimizar impactos.<\/p>\n<p>A Metro do Porto refor\u00e7a que est\u00e1 a envidar esfor\u00e7os para <strong>mitigar os impactos<\/strong> e priorizar hor\u00e1rios e zonas de maior procura. A institui\u00e7\u00e3o agradece a compreens\u00e3o dos utentes durante esta situa\u00e7\u00e3o excecional.<\/p>\n","protected":false},"excerpt":{"rendered":"<ul>\n<li>A circula\u00e7\u00e3o do Metro do Porto est\u00e1 afetada por uma greve no fornecedor de manuten\u00e7\u00e3o de material circulante.<\/li>\n<li>A greve levou \u00e0 supress\u00e3o de algumas viagens em v\u00e1rias linhas e ao funcionamento com ve\u00edculos de menor capacidade (ve\u00edculos simples em vez de duplos).<\/li>\n<li>A Metro do Porto diz que a greve \u00e9 alheia \u00e0 empresa e que os efeitos podem manter-se ainda durante alguns dias.<\/li>\n<li>A normaliza\u00e7\u00e3o progressiva da disponibilidade de material circulante est\u00e1 prevista para ocorrer a partir do final de janeiro.<\/li>\n<li>A Metro do Porto est\u00e1 a envidar esfor\u00e7os para mitigar os impactos, dando prioridade aos per\u00edodos e eixos de maior procura e agradecendo a compreens\u00e3o.<\/li>\n<\/ul>\n","protected":false},"author":2,"featured_media":146000,"comment_status":"closed","ping_status":"closed","sticky":false,"template":"","format":"standard","meta":{"footnotes":""},"categories":[1],"tags":[1164,1615,2110,202,982,363],"class_list":["post-145997","post","type-post","status-publish","format-standard","has-post-thumbnail","hentry","category-noticias","tag-greve","tag-infraestrutura","tag-mobilidade","tag-mobilidade-urbana-e-cidades-inteligentes","tag-porto","tag-transportes"],"yoast_head":"<!-- This site is optimized with the Yoast SEO plugin v27.2 - https:\/\/yoast.com\/product\/yoast-seo-wordpress\/ -->\n<title>Porto: Metro com condicionamentos devido \u00e0 greve na manuten\u00e7\u00e3o - Portal Tela Portugal<\/title>\n<meta name=\"robots\" content=\"index, follow, max-snippet:-1, max-image-preview:large, max-video-preview:-1\" \/>\n<meta property=\"og:locale\" content=\"pt_PT\" \/>\n<meta property=\"og:type\" content=\"article\" \/>\n<meta property=\"og:title\" content=\"Porto: Metro com condicionamentos devido \u00e0 greve na manuten\u00e7\u00e3o - Portal Tela Portugal\" \/>\n<meta property=\"og:description\" content=\"A circula\u00e7\u00e3o do Metro do Porto est\u00e1 afetada por uma greve no fornecedor de manuten\u00e7\u00e3o de material circulante. A greve levou \u00e0 supress\u00e3o de algumas viagens em v\u00e1rias linhas e ao funcionamento com ve\u00edculos de menor capacidade (ve\u00edculos simples em vez de duplos). A Metro do Porto diz que a greve \u00e9 alheia \u00e0 empresa e que os efeitos podem manter-se ainda durante alguns dias. A normaliza\u00e7\u00e3o progressiva da disponibilidade de material circulante est\u00e1 prevista para ocorrer a partir do final de janeiro. A Metro do Porto est\u00e1 a envidar esfor\u00e7os para mitigar os impactos, dando prioridade aos per\u00edodos e eixos de maior procura e agradecendo a compreens\u00e3o.\" \/>\n<meta property=\"og:url\" content=\"https:\/\/portaltela.pt\/noticias\/2026\/01\/16\/porto-metro-com-condicionamentos-devido-a-greve-na-manutencao\/\" \/>\n<meta property=\"og:site_name\" content=\"Portal Tela Portugal\" \/>\n<meta property=\"article:published_time\" content=\"2026-01-16T17:21:00+00:00\" \/>\n<meta name=\"author\" content=\"Telinha\" \/>\n<meta name=\"twitter:card\" content=\"summary_large_image\" \/>\n<meta name=\"twitter:label1\" content=\"Escrito por\" \/>\n\t<meta name=\"twitter:data1\" content=\"Telinha\" \/>\n\t<meta name=\"twitter:label2\" content=\"Tempo estimado de leitura\" \/>\n\t<meta name=\"twitter:data2\" content=\"1 minuto\" \/>\n<script type=\"application\/ld+json\" class=\"yoast-schema-graph\">{\"@context\":\"https:\/\/schema.org\",\"@graph\":[{\"@type\":\"Article\",\"@id\":\"https:\/\/portaltela.pt\/noticias\/2026\/01\/16\/porto-metro-com-condicionamentos-devido-a-greve-na-manutencao\/#article\",\"isPartOf\":{\"@id\":\"https:\/\/portaltela.pt\/noticias\/2026\/01\/16\/porto-metro-com-condicionamentos-devido-a-greve-na-manutencao\/\"},\"author\":{\"name\":\"Telinha\",\"@id\":\"https:\/\/portaltela.pt\/#\/schema\/person\/c4278d4a6028830caff9ee44b42d32ed\"},\"headline\":\"Porto: Metro com condicionamentos devido \u00e0 greve na manuten\u00e7\u00e3o\",\"datePublished\":\"2026-01-16T17:21:00+00:00\",\"mainEntityOfPage\":{\"@id\":\"https:\/\/portaltela.pt\/noticias\/2026\/01\/16\/porto-metro-com-condicionamentos-devido-a-greve-na-manutencao\/\"},\"wordCount\":161,\"image\":{\"@id\":\"https:\/\/portaltela.pt\/noticias\/2026\/01\/16\/porto-metro-com-condicionamentos-devido-a-greve-na-manutencao\/#primaryimage\"},\"thumbnailUrl\":\"https:\/\/portaltela.pt\/s.01k8rhncp4jt1\/2026\/01\/44033691.jpg\",\"keywords\":[\"greve\",\"infraestrutura\",\"mobilidade\",\"Mobilidade Urbana e Cidades Inteligentes\",\"Porto\",\"transportes\"],\"articleSection\":[\"Not\u00edcias\"],\"inLanguage\":\"pt-PT\"},{\"@type\":\"WebPage\",\"@id\":\"https:\/\/portaltela.pt\/noticias\/2026\/01\/16\/porto-metro-com-condicionamentos-devido-a-greve-na-manutencao\/\",\"url\":\"https:\/\/portaltela.pt\/noticias\/2026\/01\/16\/porto-metro-com-condicionamentos-devido-a-greve-na-manutencao\/\",\"name\":\"Porto: Metro com condicionamentos devido \u00e0 greve na manuten\u00e7\u00e3o - Portal Tela Portugal\",\"isPartOf\":{\"@id\":\"https:\/\/portaltela.pt\/#website\"},\"primaryImageOfPage\":{\"@id\":\"https:\/\/portaltela.pt\/noticias\/2026\/01\/16\/porto-metro-com-condicionamentos-devido-a-greve-na-manutencao\/#primaryimage\"},\"image\":{\"@id\":\"https:\/\/portaltela.pt\/noticias\/2026\/01\/16\/porto-metro-com-condicionamentos-devido-a-greve-na-manutencao\/#primaryimage\"},\"thumbnailUrl\":\"https:\/\/portaltela.pt\/s.01k8rhncp4jt1\/2026\/01\/44033691.jpg\",\"datePublished\":\"2026-01-16T17:21:00+00:00\",\"author\":{\"@id\":\"https:\/\/portaltela.pt\/#\/schema\/person\/c4278d4a6028830caff9ee44b42d32ed\"},\"breadcrumb\":{\"@id\":\"https:\/\/portaltela.pt\/noticias\/2026\/01\/16\/porto-metro-com-condicionamentos-devido-a-greve-na-manutencao\/#breadcrumb\"},\"inLanguage\":\"pt-PT\",\"potentialAction\":[{\"@type\":\"ReadAction\",\"target\":[\"https:\/\/portaltela.pt\/noticias\/2026\/01\/16\/porto-metro-com-condicionamentos-devido-a-greve-na-manutencao\/\"]}]},{\"@type\":\"ImageObject\",\"inLanguage\":\"pt-PT\",\"@id\":\"https:\/\/portaltela.pt\/noticias\/2026\/01\/16\/porto-metro-com-condicionamentos-devido-a-greve-na-manutencao\/#primaryimage\",\"url\":\"https:\/\/portaltela.pt\/s.01k8rhncp4jt1\/2026\/01\/44033691.jpg\",\"contentUrl\":\"https:\/\/portaltela.pt\/s.01k8rhncp4jt1\/2026\/01\/44033691.jpg\",\"width\":796,\"height\":448,\"caption\":\"Passageiros aguardam pela chegada do Metro em dia de Greve geral dos maquinistas do Metro do Porto, Vila Nova de Gaia, 06 de dezembro de 2024. O Sindicato Nacional dos Maquinistas dos Caminhos de Ferro Portugueses avan\u00e7ou para a greve face \u00e0 aus\u00eancia de clarifica\u00e7\u00e3o do Governo sobre a rela\u00e7\u00e3o entre sinistralidade ferrovi\u00e1ria e taxa de \u00e1lcool destes trabalhadores, sugerida pelo ministro Leit\u00e3o Amaro. JOS\u00c9 COELHO\/LUSA\"},{\"@type\":\"BreadcrumbList\",\"@id\":\"https:\/\/portaltela.pt\/noticias\/2026\/01\/16\/porto-metro-com-condicionamentos-devido-a-greve-na-manutencao\/#breadcrumb\",\"itemListElement\":[{\"@type\":\"ListItem\",\"position\":1,\"name\":\"In\u00edcio\",\"item\":\"https:\/\/portaltela.pt\/\"},{\"@type\":\"ListItem\",\"position\":2,\"name\":\"Porto: Metro com condicionamentos devido \u00e0 greve na manuten\u00e7\u00e3o\"}]},{\"@type\":\"WebSite\",\"@id\":\"https:\/\/portaltela.pt\/#website\",\"url\":\"https:\/\/portaltela.pt\/\",\"name\":\"Portal Tela Portugal\",\"description\":\"\",\"potentialAction\":[{\"@type\":\"SearchAction\",\"target\":{\"@type\":\"EntryPoint\",\"urlTemplate\":\"https:\/\/portaltela.pt\/?s={search_term_string}\"},\"query-input\":{\"@type\":\"PropertyValueSpecification\",\"valueRequired\":true,\"valueName\":\"search_term_string\"}}],\"inLanguage\":\"pt-PT\"},{\"@type\":\"Person\",\"@id\":\"https:\/\/portaltela.pt\/#\/schema\/person\/c4278d4a6028830caff9ee44b42d32ed\",\"name\":\"Telinha\",\"image\":{\"@type\":\"ImageObject\",\"inLanguage\":\"pt-PT\",\"@id\":\"https:\/\/portaltela.pt\/s.01k8rhncp4jt1\/2025\/11\/talking-bot-125x125.png\",\"url\":\"https:\/\/portaltela.pt\/s.01k8rhncp4jt1\/2025\/11\/talking-bot-125x125.png\",\"contentUrl\":\"https:\/\/portaltela.pt\/s.01k8rhncp4jt1\/2025\/11\/talking-bot-125x125.png\",\"caption\":\"Telinha\"},\"sameAs\":[\"https:\/\/portaltela.pt\/\"],\"url\":\"https:\/\/portaltela.pt\/por\/367410592786\/\"}]}<\/script>\n<!-- \/ Yoast SEO plugin. -->","yoast_head_json":{"title":"Porto: Metro com condicionamentos devido \u00e0 greve na manuten\u00e7\u00e3o - Portal Tela Portugal","robots":{"index":"index","follow":"follow","max-snippet":"max-snippet:-1","max-image-preview":"max-image-preview:large","max-video-preview":"max-video-preview:-1"},"og_locale":"pt_PT","og_type":"article","og_title":"Porto: Metro com condicionamentos devido \u00e0 greve na manuten\u00e7\u00e3o - Portal Tela Portugal","og_description":"A circula\u00e7\u00e3o do Metro do Porto est\u00e1 afetada por uma greve no fornecedor de manuten\u00e7\u00e3o de material circulante. A greve levou \u00e0 supress\u00e3o de algumas viagens em v\u00e1rias linhas e ao funcionamento com ve\u00edculos de menor capacidade (ve\u00edculos simples em vez de duplos). A Metro do Porto diz que a greve \u00e9 alheia \u00e0 empresa e que os efeitos podem manter-se ainda durante alguns dias. A normaliza\u00e7\u00e3o progressiva da disponibilidade de material circulante est\u00e1 prevista para ocorrer a partir do final de janeiro. A Metro do Porto est\u00e1 a envidar esfor\u00e7os para mitigar os impactos, dando prioridade aos per\u00edodos e eixos de maior procura e agradecendo a compreens\u00e3o.","og_url":"https:\/\/portaltela.pt\/noticias\/2026\/01\/16\/porto-metro-com-condicionamentos-devido-a-greve-na-manutencao\/","og_site_name":"Portal Tela Portugal","article_published_time":"2026-01-16T17:21:00+00:00","author":"Telinha","twitter_card":"summary_large_image","twitter_misc":{"Escrito por":"Telinha","Tempo estimado de leitura":"1 minuto"},"schema":{"@context":"https:\/\/schema.org","@graph":[{"@type":"Article","@id":"https:\/\/portaltela.pt\/noticias\/2026\/01\/16\/porto-metro-com-condicionamentos-devido-a-greve-na-manutencao\/#article","isPartOf":{"@id":"https:\/\/portaltela.pt\/noticias\/2026\/01\/16\/porto-metro-com-condicionamentos-devido-a-greve-na-manutencao\/"},"author":{"name":"Telinha","@id":"https:\/\/portaltela.pt\/#\/schema\/person\/c4278d4a6028830caff9ee44b42d32ed"},"headline":"Porto: Metro com condicionamentos devido \u00e0 greve na manuten\u00e7\u00e3o","datePublished":"2026-01-16T17:21:00+00:00","mainEntityOfPage":{"@id":"https:\/\/portaltela.pt\/noticias\/2026\/01\/16\/porto-metro-com-condicionamentos-devido-a-greve-na-manutencao\/"},"wordCount":161,"image":{"@id":"https:\/\/portaltela.pt\/noticias\/2026\/01\/16\/porto-metro-com-condicionamentos-devido-a-greve-na-manutencao\/#primaryimage"},"thumbnailUrl":"https:\/\/portaltela.pt\/s.01k8rhncp4jt1\/2026\/01\/44033691.jpg","keywords":["greve","infraestrutura","mobilidade","Mobilidade Urbana e Cidades Inteligentes","Porto","transportes"],"articleSection":["Not\u00edcias"],"inLanguage":"pt-PT"},{"@type":"WebPage","@id":"https:\/\/portaltela.pt\/noticias\/2026\/01\/16\/porto-metro-com-condicionamentos-devido-a-greve-na-manutencao\/","url":"https:\/\/portaltela.pt\/noticias\/2026\/01\/16\/porto-metro-com-condicionamentos-devido-a-greve-na-manutencao\/","name":"Porto: Metro com condicionamentos devido \u00e0 greve na manuten\u00e7\u00e3o - Portal Tela Portugal","isPartOf":{"@id":"https:\/\/portaltela.pt\/#website"},"primaryImageOfPage":{"@id":"https:\/\/portaltela.pt\/noticias\/2026\/01\/16\/porto-metro-com-condicionamentos-devido-a-greve-na-manutencao\/#primaryimage"},"image":{"@id":"https:\/\/portaltela.pt\/noticias\/2026\/01\/16\/porto-metro-com-condicionamentos-devido-a-greve-na-manutencao\/#primaryimage"},"thumbnailUrl":"https:\/\/portaltela.pt\/s.01k8rhncp4jt1\/2026\/01\/44033691.jpg","datePublished":"2026-01-16T17:21:00+00:00","author":{"@id":"https:\/\/portaltela.pt\/#\/schema\/person\/c4278d4a6028830caff9ee44b42d32ed"},"breadcrumb":{"@id":"https:\/\/portaltela.pt\/noticias\/2026\/01\/16\/porto-metro-com-condicionamentos-devido-a-greve-na-manutencao\/#breadcrumb"},"inLanguage":"pt-PT","potentialAction":[{"@type":"ReadAction","target":["https:\/\/portaltela.pt\/noticias\/2026\/01\/16\/porto-metro-com-condicionamentos-devido-a-greve-na-manutencao\/"]}]},{"@type":"ImageObject","inLanguage":"pt-PT","@id":"https:\/\/portaltela.pt\/noticias\/2026\/01\/16\/porto-metro-com-condicionamentos-devido-a-greve-na-manutencao\/#primaryimage","url":"https:\/\/portaltela.pt\/s.01k8rhncp4jt1\/2026\/01\/44033691.jpg","contentUrl":"https:\/\/portaltela.pt\/s.01k8rhncp4jt1\/2026\/01\/44033691.jpg","width":796,"height":448,"caption":"Passageiros aguardam pela chegada do Metro em dia de Greve geral dos maquinistas do Metro do Porto, Vila Nova de Gaia, 06 de dezembro de 2024. O Sindicato Nacional dos Maquinistas dos Caminhos de Ferro Portugueses avan\u00e7ou para a greve face \u00e0 aus\u00eancia de clarifica\u00e7\u00e3o do Governo sobre a rela\u00e7\u00e3o entre sinistralidade ferrovi\u00e1ria e taxa de \u00e1lcool destes trabalhadores, sugerida pelo ministro Leit\u00e3o Amaro. JOS\u00c9 COELHO\/LUSA"},{"@type":"BreadcrumbList","@id":"https:\/\/portaltela.pt\/noticias\/2026\/01\/16\/porto-metro-com-condicionamentos-devido-a-greve-na-manutencao\/#breadcrumb","itemListElement":[{"@type":"ListItem","position":1,"name":"In\u00edcio","item":"https:\/\/portaltela.pt\/"},{"@type":"ListItem","position":2,"name":"Porto: Metro com condicionamentos devido \u00e0 greve na manuten\u00e7\u00e3o"}]},{"@type":"WebSite","@id":"https:\/\/portaltela.pt\/#website","url":"https:\/\/portaltela.pt\/","name":"Portal Tela Portugal","description":"","potentialAction":[{"@type":"SearchAction","target":{"@type":"EntryPoint","urlTemplate":"https:\/\/portaltela.pt\/?s={search_term_string}"},"query-input":{"@type":"PropertyValueSpecification","valueRequired":true,"valueName":"search_term_string"}}],"inLanguage":"pt-PT"},{"@type":"Person","@id":"https:\/\/portaltela.pt\/#\/schema\/person\/c4278d4a6028830caff9ee44b42d32ed","name":"Telinha","image":{"@type":"ImageObject","inLanguage":"pt-PT","@id":"https:\/\/portaltela.pt\/s.01k8rhncp4jt1\/2025\/11\/talking-bot-125x125.png","url":"https:\/\/portaltela.pt\/s.01k8rhncp4jt1\/2025\/11\/talking-bot-125x125.png","contentUrl":"https:\/\/portaltela.pt\/s.01k8rhncp4jt1\/2025\/11\/talking-bot-125x125.png","caption":"Telinha"},"sameAs":["https:\/\/portaltela.pt\/"],"url":"https:\/\/portaltela.pt\/por\/367410592786\/"}]}},"_links":{"self":[{"href":"https:\/\/portaltela.pt\/api\/wp\/v2\/posts\/145997","targetHints":{"allow":["GET"]}}],"collection":[{"href":"https:\/\/portaltela.pt\/api\/wp\/v2\/posts"}],"about":[{"href":"https:\/\/portaltela.pt\/api\/wp\/v2\/types\/post"}],"author":[{"embeddable":true,"href":"https:\/\/portaltela.pt\/api\/wp\/v2\/users\/2"}],"replies":[{"embeddable":true,"href":"https:\/\/portaltela.pt\/api\/wp\/v2\/comments?post=145997"}],"version-history":[{"count":0,"href":"https:\/\/portaltela.pt\/api\/wp\/v2\/posts\/145997\/revisions"}],"wp:featuredmedia":[{"embeddable":true,"href":"https:\/\/portaltela.pt\/api\/wp\/v2\/media\/146000"}],"wp:attachment":[{"href":"https:\/\/portaltela.pt\/api\/wp\/v2\/media?parent=145997"}],"wp:term":[{"taxonomy":"category","embeddable":true,"href":"https:\/\/portaltela.pt\/api\/wp\/v2\/categories?post=145997"},{"taxonomy":"post_tag","embeddable":true,"href":"https:\/\/portaltela.pt\/api\/wp\/v2\/tags?post=145997"}],"curies":[{"name":"wp","href":"https:\/\/api.w.org\/{rel}","templated":true}]}}