{"id":145990,"date":"2026-01-16T12:47:42","date_gmt":"2026-01-16T15:47:42","guid":{"rendered":"https:\/\/portaltela.pt\/noticias\/2026\/01\/16\/candidato-vieira-chega-a-imprensa-internacional-com-destaque-no-the-guardian\/"},"modified":"2026-01-16T12:47:42","modified_gmt":"2026-01-16T15:47:42","slug":"candidato-vieira-chega-a-imprensa-internacional-com-destaque-no-the-guardian","status":"publish","type":"post","link":"https:\/\/portaltela.pt\/noticias\/politica\/2026\/01\/16\/candidato-vieira-chega-a-imprensa-internacional-com-destaque-no-the-guardian\/","title":{"rendered":"Candidato Vieira chega \u00e0 imprensa internacional com destaque no The Guardian"},"content":{"rendered":"<p>O jornal The Guardian destacou a figura de Manuel Jo\u00e3o Vieira, artista pl\u00e1stico e m\u00fasico portugu\u00eas que criou a personagem Candidato Vieira. A cobertura foca nas promessas eleitorais inusitadas associadas ao personagem, como a oferta de um Ferrari a cada portugu\u00eas e o envio de vinho canalizado para as casas.<\/p>\n<p>A pe\u00e7a, escrita pela jornalista Catarina Fernandes Martins, analisa o posicionamento de Vieira nas sondagens e as raz\u00f5es da sua candidatura. O texto situa o fen\u00f3meno no atual cen\u00e1rio pol\u00edtico de Portugal, com a interven\u00e7\u00e3o de Ant\u00f3nio Costa Pinto, cientista pol\u00edtico, para contextualizar as elei\u00e7\u00f5es.<\/p>\n<p>Segundo o especialista, estas elei\u00e7\u00f5es encerram uma tradi\u00e7\u00e3o de presidenciais associadas a figuras pol\u00edticas fortes ligadas ao regime e \u00e0 elite. O analista aponta que alguns eleitores, mesmo sem entusiasmo pelo candidato social-democrata Ant\u00f3nio Jos\u00e9 Seguro, podem votar para conter a influ\u00eancia da extrema-direita representada por Andr\u00e9 Ventura.<\/p>\n<p>Na conclus\u00e3o da reportagem, Vieira explica a abordagem da sua candidatura. O artista afirma que usa linguagem metaf\u00f3rica e que pretende fundir fantasia com realidade, sublinhando que, se h\u00e1 desejo pelo absurdo, \u00e9 melhor que seja assumido como surrealismo dos sonhos.<\/p>\n","protected":false},"excerpt":{"rendered":"<ul>\n<li>O Candidato Vieira, personagem de Manuel Jo\u00e3o Vieira, ganhou destaque na imprensa internacional, nomeadamente no jornal The Guardian.<\/li>\n<li>O artigo evidencia promessas eleitorais inusitadas, como oferecer um Ferrari a cada portugu\u00eas e vinho canalizado para cada casa.<\/li>\n<li>A jornalista Catarina Fernandes Martins analisa o posicionamento nas sondagens e a raz\u00e3o da candidatura, contextualizando as elei\u00e7\u00f5es com a an\u00e1lise do cientista pol\u00edtico Ant\u00f3nio Costa Pinto.<\/li>\n<li>Costa Pinto afirma que estas elei\u00e7\u00f5es sinalizam o fim de uma tradi\u00e7\u00e3o de presid\u00eancia associada \u00e0 elite, e que alguns eleitores podem votar no candidato socialista para combater a extrema-direita, nomeadamente Andr\u00e9 Ventura.<\/li>\n<li>Manuel Jo\u00e3o Vieira defende o uso de linguagem metaf\u00f3rica e a mistura de fantasia com realidade, com o artigo a sublinhar que, se se apostar no absurdo, deve-se faz\u00ea-lo atrav\u00e9s do surrealismo dos sonhos.<\/li>\n<\/ul>\n","protected":false},"author":2,"featured_media":145992,"comment_status":"closed","ping_status":"closed","sticky":false,"template":"","format":"standard","meta":{"footnotes":""},"categories":[1,5],"tags":[70,68,2832,1014,30,3064],"class_list":["post-145990","post","type-post","status-publish","format-standard","has-post-thumbnail","hentry","category-noticias","category-politica","tag-arte","tag-eleicoes","tag-politica","tag-portugal","tag-presidente","tag-surrealismo"],"yoast_head":"<!-- This site is optimized with the Yoast SEO plugin v27.2 - https:\/\/yoast.com\/product\/yoast-seo-wordpress\/ -->\n<title>Candidato Vieira chega \u00e0 imprensa internacional com destaque no The Guardian - Portal Tela Portugal<\/title>\n<meta name=\"robots\" content=\"index, follow, max-snippet:-1, max-image-preview:large, max-video-preview:-1\" \/>\n<meta property=\"og:locale\" content=\"pt_PT\" \/>\n<meta property=\"og:type\" content=\"article\" \/>\n<meta property=\"og:title\" content=\"Candidato Vieira chega \u00e0 imprensa internacional com destaque no The Guardian - Portal Tela Portugal\" \/>\n<meta property=\"og:description\" content=\"O Candidato Vieira, personagem de Manuel Jo\u00e3o Vieira, ganhou destaque na imprensa internacional, nomeadamente no jornal The Guardian. O artigo evidencia promessas eleitorais inusitadas, como oferecer um Ferrari a cada portugu\u00eas e vinho canalizado para cada casa. A jornalista Catarina Fernandes Martins analisa o posicionamento nas sondagens e a raz\u00e3o da candidatura, contextualizando as elei\u00e7\u00f5es com a an\u00e1lise do cientista pol\u00edtico Ant\u00f3nio Costa Pinto. Costa Pinto afirma que estas elei\u00e7\u00f5es sinalizam o fim de uma tradi\u00e7\u00e3o de presid\u00eancia associada \u00e0 elite, e que alguns eleitores podem votar no candidato socialista para combater a extrema-direita, nomeadamente Andr\u00e9 Ventura. Manuel Jo\u00e3o Vieira defende o uso de linguagem metaf\u00f3rica e a mistura de fantasia com realidade, com o artigo a sublinhar que, se se apostar no absurdo, deve-se faz\u00ea-lo atrav\u00e9s do surrealismo dos sonhos.\" \/>\n<meta property=\"og:url\" content=\"https:\/\/portaltela.pt\/noticias\/2026\/01\/16\/candidato-vieira-chega-a-imprensa-internacional-com-destaque-no-the-guardian\/\" \/>\n<meta property=\"og:site_name\" content=\"Portal Tela Portugal\" \/>\n<meta property=\"article:published_time\" content=\"2026-01-16T15:47:42+00:00\" \/>\n<meta name=\"author\" content=\"Telinha\" \/>\n<meta name=\"twitter:card\" content=\"summary_large_image\" \/>\n<meta name=\"twitter:label1\" content=\"Escrito por\" \/>\n\t<meta name=\"twitter:data1\" content=\"Telinha\" \/>\n\t<meta name=\"twitter:label2\" content=\"Tempo estimado de leitura\" \/>\n\t<meta name=\"twitter:data2\" content=\"1 minuto\" \/>\n<script type=\"application\/ld+json\" class=\"yoast-schema-graph\">{\"@context\":\"https:\/\/schema.org\",\"@graph\":[{\"@type\":\"Article\",\"@id\":\"https:\/\/portaltela.pt\/noticias\/2026\/01\/16\/candidato-vieira-chega-a-imprensa-internacional-com-destaque-no-the-guardian\/#article\",\"isPartOf\":{\"@id\":\"https:\/\/portaltela.pt\/noticias\/2026\/01\/16\/candidato-vieira-chega-a-imprensa-internacional-com-destaque-no-the-guardian\/\"},\"author\":{\"name\":\"Telinha\",\"@id\":\"https:\/\/portaltela.pt\/#\/schema\/person\/c4278d4a6028830caff9ee44b42d32ed\"},\"headline\":\"Candidato Vieira chega \u00e0 imprensa internacional com destaque no The Guardian\",\"datePublished\":\"2026-01-16T15:47:42+00:00\",\"mainEntityOfPage\":{\"@id\":\"https:\/\/portaltela.pt\/noticias\/2026\/01\/16\/candidato-vieira-chega-a-imprensa-internacional-com-destaque-no-the-guardian\/\"},\"wordCount\":213,\"image\":{\"@id\":\"https:\/\/portaltela.pt\/noticias\/2026\/01\/16\/candidato-vieira-chega-a-imprensa-internacional-com-destaque-no-the-guardian\/#primaryimage\"},\"thumbnailUrl\":\"https:\/\/portaltela.pt\/s.01k8rhncp4jt1\/2026\/01\/img_1200x721uu2026-01-14-17-02-10-2414683-2.jpg\",\"keywords\":[\"arte\",\"elei\u00e7\u00f5es\",\"pol\u00edtica\",\"Portugal\",\"presidente\",\"surrealismo\"],\"articleSection\":[\"Not\u00edcias\",\"Pol\u00edtica\"],\"inLanguage\":\"pt-PT\"},{\"@type\":\"WebPage\",\"@id\":\"https:\/\/portaltela.pt\/noticias\/2026\/01\/16\/candidato-vieira-chega-a-imprensa-internacional-com-destaque-no-the-guardian\/\",\"url\":\"https:\/\/portaltela.pt\/noticias\/2026\/01\/16\/candidato-vieira-chega-a-imprensa-internacional-com-destaque-no-the-guardian\/\",\"name\":\"Candidato Vieira chega \u00e0 imprensa internacional com destaque no The Guardian - Portal Tela Portugal\",\"isPartOf\":{\"@id\":\"https:\/\/portaltela.pt\/#website\"},\"primaryImageOfPage\":{\"@id\":\"https:\/\/portaltela.pt\/noticias\/2026\/01\/16\/candidato-vieira-chega-a-imprensa-internacional-com-destaque-no-the-guardian\/#primaryimage\"},\"image\":{\"@id\":\"https:\/\/portaltela.pt\/noticias\/2026\/01\/16\/candidato-vieira-chega-a-imprensa-internacional-com-destaque-no-the-guardian\/#primaryimage\"},\"thumbnailUrl\":\"https:\/\/portaltela.pt\/s.01k8rhncp4jt1\/2026\/01\/img_1200x721uu2026-01-14-17-02-10-2414683-2.jpg\",\"datePublished\":\"2026-01-16T15:47:42+00:00\",\"author\":{\"@id\":\"https:\/\/portaltela.pt\/#\/schema\/person\/c4278d4a6028830caff9ee44b42d32ed\"},\"breadcrumb\":{\"@id\":\"https:\/\/portaltela.pt\/noticias\/2026\/01\/16\/candidato-vieira-chega-a-imprensa-internacional-com-destaque-no-the-guardian\/#breadcrumb\"},\"inLanguage\":\"pt-PT\",\"potentialAction\":[{\"@type\":\"ReadAction\",\"target\":[\"https:\/\/portaltela.pt\/noticias\/2026\/01\/16\/candidato-vieira-chega-a-imprensa-internacional-com-destaque-no-the-guardian\/\"]}]},{\"@type\":\"ImageObject\",\"inLanguage\":\"pt-PT\",\"@id\":\"https:\/\/portaltela.pt\/noticias\/2026\/01\/16\/candidato-vieira-chega-a-imprensa-internacional-com-destaque-no-the-guardian\/#primaryimage\",\"url\":\"https:\/\/portaltela.pt\/s.01k8rhncp4jt1\/2026\/01\/img_1200x721uu2026-01-14-17-02-10-2414683-2.jpg\",\"contentUrl\":\"https:\/\/portaltela.pt\/s.01k8rhncp4jt1\/2026\/01\/img_1200x721uu2026-01-14-17-02-10-2414683-2.jpg\",\"width\":796,\"height\":448,\"caption\":\"Photo\"},{\"@type\":\"BreadcrumbList\",\"@id\":\"https:\/\/portaltela.pt\/noticias\/2026\/01\/16\/candidato-vieira-chega-a-imprensa-internacional-com-destaque-no-the-guardian\/#breadcrumb\",\"itemListElement\":[{\"@type\":\"ListItem\",\"position\":1,\"name\":\"In\u00edcio\",\"item\":\"https:\/\/portaltela.pt\/\"},{\"@type\":\"ListItem\",\"position\":2,\"name\":\"Candidato Vieira chega \u00e0 imprensa internacional com destaque no The Guardian\"}]},{\"@type\":\"WebSite\",\"@id\":\"https:\/\/portaltela.pt\/#website\",\"url\":\"https:\/\/portaltela.pt\/\",\"name\":\"Portal Tela Portugal\",\"description\":\"\",\"potentialAction\":[{\"@type\":\"SearchAction\",\"target\":{\"@type\":\"EntryPoint\",\"urlTemplate\":\"https:\/\/portaltela.pt\/?s={search_term_string}\"},\"query-input\":{\"@type\":\"PropertyValueSpecification\",\"valueRequired\":true,\"valueName\":\"search_term_string\"}}],\"inLanguage\":\"pt-PT\"},{\"@type\":\"Person\",\"@id\":\"https:\/\/portaltela.pt\/#\/schema\/person\/c4278d4a6028830caff9ee44b42d32ed\",\"name\":\"Telinha\",\"image\":{\"@type\":\"ImageObject\",\"inLanguage\":\"pt-PT\",\"@id\":\"https:\/\/portaltela.pt\/s.01k8rhncp4jt1\/2025\/11\/talking-bot-125x125.png\",\"url\":\"https:\/\/portaltela.pt\/s.01k8rhncp4jt1\/2025\/11\/talking-bot-125x125.png\",\"contentUrl\":\"https:\/\/portaltela.pt\/s.01k8rhncp4jt1\/2025\/11\/talking-bot-125x125.png\",\"caption\":\"Telinha\"},\"sameAs\":[\"https:\/\/portaltela.pt\/\"],\"url\":\"https:\/\/portaltela.pt\/por\/367410592786\/\"}]}<\/script>\n<!-- \/ Yoast SEO plugin. -->","yoast_head_json":{"title":"Candidato Vieira chega \u00e0 imprensa internacional com destaque no The Guardian - Portal Tela Portugal","robots":{"index":"index","follow":"follow","max-snippet":"max-snippet:-1","max-image-preview":"max-image-preview:large","max-video-preview":"max-video-preview:-1"},"og_locale":"pt_PT","og_type":"article","og_title":"Candidato Vieira chega \u00e0 imprensa internacional com destaque no The Guardian - Portal Tela Portugal","og_description":"O Candidato Vieira, personagem de Manuel Jo\u00e3o Vieira, ganhou destaque na imprensa internacional, nomeadamente no jornal The Guardian. O artigo evidencia promessas eleitorais inusitadas, como oferecer um Ferrari a cada portugu\u00eas e vinho canalizado para cada casa. A jornalista Catarina Fernandes Martins analisa o posicionamento nas sondagens e a raz\u00e3o da candidatura, contextualizando as elei\u00e7\u00f5es com a an\u00e1lise do cientista pol\u00edtico Ant\u00f3nio Costa Pinto. Costa Pinto afirma que estas elei\u00e7\u00f5es sinalizam o fim de uma tradi\u00e7\u00e3o de presid\u00eancia associada \u00e0 elite, e que alguns eleitores podem votar no candidato socialista para combater a extrema-direita, nomeadamente Andr\u00e9 Ventura. Manuel Jo\u00e3o Vieira defende o uso de linguagem metaf\u00f3rica e a mistura de fantasia com realidade, com o artigo a sublinhar que, se se apostar no absurdo, deve-se faz\u00ea-lo atrav\u00e9s do surrealismo dos sonhos.","og_url":"https:\/\/portaltela.pt\/noticias\/2026\/01\/16\/candidato-vieira-chega-a-imprensa-internacional-com-destaque-no-the-guardian\/","og_site_name":"Portal Tela Portugal","article_published_time":"2026-01-16T15:47:42+00:00","author":"Telinha","twitter_card":"summary_large_image","twitter_misc":{"Escrito por":"Telinha","Tempo estimado de leitura":"1 minuto"},"schema":{"@context":"https:\/\/schema.org","@graph":[{"@type":"Article","@id":"https:\/\/portaltela.pt\/noticias\/2026\/01\/16\/candidato-vieira-chega-a-imprensa-internacional-com-destaque-no-the-guardian\/#article","isPartOf":{"@id":"https:\/\/portaltela.pt\/noticias\/2026\/01\/16\/candidato-vieira-chega-a-imprensa-internacional-com-destaque-no-the-guardian\/"},"author":{"name":"Telinha","@id":"https:\/\/portaltela.pt\/#\/schema\/person\/c4278d4a6028830caff9ee44b42d32ed"},"headline":"Candidato Vieira chega \u00e0 imprensa internacional com destaque no The Guardian","datePublished":"2026-01-16T15:47:42+00:00","mainEntityOfPage":{"@id":"https:\/\/portaltela.pt\/noticias\/2026\/01\/16\/candidato-vieira-chega-a-imprensa-internacional-com-destaque-no-the-guardian\/"},"wordCount":213,"image":{"@id":"https:\/\/portaltela.pt\/noticias\/2026\/01\/16\/candidato-vieira-chega-a-imprensa-internacional-com-destaque-no-the-guardian\/#primaryimage"},"thumbnailUrl":"https:\/\/portaltela.pt\/s.01k8rhncp4jt1\/2026\/01\/img_1200x721uu2026-01-14-17-02-10-2414683-2.jpg","keywords":["arte","elei\u00e7\u00f5es","pol\u00edtica","Portugal","presidente","surrealismo"],"articleSection":["Not\u00edcias","Pol\u00edtica"],"inLanguage":"pt-PT"},{"@type":"WebPage","@id":"https:\/\/portaltela.pt\/noticias\/2026\/01\/16\/candidato-vieira-chega-a-imprensa-internacional-com-destaque-no-the-guardian\/","url":"https:\/\/portaltela.pt\/noticias\/2026\/01\/16\/candidato-vieira-chega-a-imprensa-internacional-com-destaque-no-the-guardian\/","name":"Candidato Vieira chega \u00e0 imprensa internacional com destaque no The Guardian - Portal Tela Portugal","isPartOf":{"@id":"https:\/\/portaltela.pt\/#website"},"primaryImageOfPage":{"@id":"https:\/\/portaltela.pt\/noticias\/2026\/01\/16\/candidato-vieira-chega-a-imprensa-internacional-com-destaque-no-the-guardian\/#primaryimage"},"image":{"@id":"https:\/\/portaltela.pt\/noticias\/2026\/01\/16\/candidato-vieira-chega-a-imprensa-internacional-com-destaque-no-the-guardian\/#primaryimage"},"thumbnailUrl":"https:\/\/portaltela.pt\/s.01k8rhncp4jt1\/2026\/01\/img_1200x721uu2026-01-14-17-02-10-2414683-2.jpg","datePublished":"2026-01-16T15:47:42+00:00","author":{"@id":"https:\/\/portaltela.pt\/#\/schema\/person\/c4278d4a6028830caff9ee44b42d32ed"},"breadcrumb":{"@id":"https:\/\/portaltela.pt\/noticias\/2026\/01\/16\/candidato-vieira-chega-a-imprensa-internacional-com-destaque-no-the-guardian\/#breadcrumb"},"inLanguage":"pt-PT","potentialAction":[{"@type":"ReadAction","target":["https:\/\/portaltela.pt\/noticias\/2026\/01\/16\/candidato-vieira-chega-a-imprensa-internacional-com-destaque-no-the-guardian\/"]}]},{"@type":"ImageObject","inLanguage":"pt-PT","@id":"https:\/\/portaltela.pt\/noticias\/2026\/01\/16\/candidato-vieira-chega-a-imprensa-internacional-com-destaque-no-the-guardian\/#primaryimage","url":"https:\/\/portaltela.pt\/s.01k8rhncp4jt1\/2026\/01\/img_1200x721uu2026-01-14-17-02-10-2414683-2.jpg","contentUrl":"https:\/\/portaltela.pt\/s.01k8rhncp4jt1\/2026\/01\/img_1200x721uu2026-01-14-17-02-10-2414683-2.jpg","width":796,"height":448,"caption":"Photo"},{"@type":"BreadcrumbList","@id":"https:\/\/portaltela.pt\/noticias\/2026\/01\/16\/candidato-vieira-chega-a-imprensa-internacional-com-destaque-no-the-guardian\/#breadcrumb","itemListElement":[{"@type":"ListItem","position":1,"name":"In\u00edcio","item":"https:\/\/portaltela.pt\/"},{"@type":"ListItem","position":2,"name":"Candidato Vieira chega \u00e0 imprensa internacional com destaque no The Guardian"}]},{"@type":"WebSite","@id":"https:\/\/portaltela.pt\/#website","url":"https:\/\/portaltela.pt\/","name":"Portal Tela Portugal","description":"","potentialAction":[{"@type":"SearchAction","target":{"@type":"EntryPoint","urlTemplate":"https:\/\/portaltela.pt\/?s={search_term_string}"},"query-input":{"@type":"PropertyValueSpecification","valueRequired":true,"valueName":"search_term_string"}}],"inLanguage":"pt-PT"},{"@type":"Person","@id":"https:\/\/portaltela.pt\/#\/schema\/person\/c4278d4a6028830caff9ee44b42d32ed","name":"Telinha","image":{"@type":"ImageObject","inLanguage":"pt-PT","@id":"https:\/\/portaltela.pt\/s.01k8rhncp4jt1\/2025\/11\/talking-bot-125x125.png","url":"https:\/\/portaltela.pt\/s.01k8rhncp4jt1\/2025\/11\/talking-bot-125x125.png","contentUrl":"https:\/\/portaltela.pt\/s.01k8rhncp4jt1\/2025\/11\/talking-bot-125x125.png","caption":"Telinha"},"sameAs":["https:\/\/portaltela.pt\/"],"url":"https:\/\/portaltela.pt\/por\/367410592786\/"}]}},"_links":{"self":[{"href":"https:\/\/portaltela.pt\/api\/wp\/v2\/posts\/145990","targetHints":{"allow":["GET"]}}],"collection":[{"href":"https:\/\/portaltela.pt\/api\/wp\/v2\/posts"}],"about":[{"href":"https:\/\/portaltela.pt\/api\/wp\/v2\/types\/post"}],"author":[{"embeddable":true,"href":"https:\/\/portaltela.pt\/api\/wp\/v2\/users\/2"}],"replies":[{"embeddable":true,"href":"https:\/\/portaltela.pt\/api\/wp\/v2\/comments?post=145990"}],"version-history":[{"count":0,"href":"https:\/\/portaltela.pt\/api\/wp\/v2\/posts\/145990\/revisions"}],"wp:featuredmedia":[{"embeddable":true,"href":"https:\/\/portaltela.pt\/api\/wp\/v2\/media\/145992"}],"wp:attachment":[{"href":"https:\/\/portaltela.pt\/api\/wp\/v2\/media?parent=145990"}],"wp:term":[{"taxonomy":"category","embeddable":true,"href":"https:\/\/portaltela.pt\/api\/wp\/v2\/categories?post=145990"},{"taxonomy":"post_tag","embeddable":true,"href":"https:\/\/portaltela.pt\/api\/wp\/v2\/tags?post=145990"}],"curies":[{"name":"wp","href":"https:\/\/api.w.org\/{rel}","templated":true}]}}