{"id":145945,"date":"2026-01-16T12:03:09","date_gmt":"2026-01-16T15:03:09","guid":{"rendered":"https:\/\/portaltela.pt\/noticias\/2026\/01\/16\/bruno-santos-enfrenta-12-a-etapa-do-dakar-2026-mais-exigente-do-que-o-previsto\/"},"modified":"2026-01-16T12:03:09","modified_gmt":"2026-01-16T15:03:09","slug":"bruno-santos-enfrenta-12-a-etapa-do-dakar-2026-mais-exigente-do-que-o-previsto","status":"publish","type":"post","link":"https:\/\/portaltela.pt\/desporto\/2026\/01\/16\/bruno-santos-enfrenta-12-a-etapa-do-dakar-2026-mais-exigente-do-que-o-previsto\/","title":{"rendered":"Bruno Santos enfrenta 12.\u00aa etapa do Dakar 2026 mais exigente do que o previsto"},"content":{"rendered":"<p>Bruno Santos est\u00e1 a apenas um dia de terminar a Dakar Rally 2026, ap\u00f3s concluir a 12.\u00aa etapa. O piloto portugu\u00eas disputa a prova mais dura de todo-o-terreno com uma Husqvarna 450 Rally.<\/p>\n<p>Nesta edi\u00e7\u00e3o, Santos tem- se destacado como o melhor representante da marca sueca entre os non-profissionais, ocupando o 7.\u00ba lugar entre os pilotos da categoria Rally 2. Al\u00e9m disso, manteve-se no Top 20 absoluto desde a 4.\u00aa etapa, num universo com mais de uma centena de concorrentes.<\/p>\n<p>O desempenho de Santos surge numa edi\u00e7\u00e3o marcada por adversidades de percurso e condi\u00e7\u00f5es desafiantes. O piloto tem apresentado consist\u00eancia e ritmo ao longo das etapas, consolidando a sua posi\u00e7\u00e3o na geral.<\/p>\n<p>\u00c0 chegada ao est\u00e1gio final, o foco mant\u00e9m-se na conclus\u00e3o da prova e na confirma\u00e7\u00e3o de uma das melhores presta\u00e7\u00f5es de um piloto n\u00e3o profissional nesta Dakar 2026, com a Husqvarna 450 Rally a demonstrar competitividade.<\/p>\n","protected":false},"excerpt":{"rendered":"<ul>\n<li>Bruno Santos est\u00e1 a um dia de terminar o Dakar Rally 2026, a conduzir uma Husqvarna 450 Rally.<\/li>\n<li>O piloto portugu\u00eas apresenta a melhor presta\u00e7\u00e3o da sua participa\u00e7\u00e3o na prova mais exigente de todo-o-terreno.<\/li>\n<li>Ocupa o 7.\u00ba lugar entre os pilotos da categoria Rally 2 e tem mantido um lugar no Top 20 geral desde a 4.\u00aa etapa.<\/li>\n<li>No Dakar deste ano, com mais de uma centena de concorrentes, Santos \u00e9 o melhor piloto n\u00e3o profissional.<\/li>\n<\/ul>\n","protected":false},"author":2,"featured_media":145947,"comment_status":"closed","ping_status":"closed","sticky":false,"template":"","format":"standard","meta":{"footnotes":""},"categories":[21],"tags":[2371,152,2467,81,1014,3144],"class_list":["post-145945","post","type-post","status-publish","format-standard","has-post-thumbnail","hentry","category-desporto","tag-automoveis","tag-desporto","tag-desportos-motorizados","tag-internacionais","tag-portugal","tag-rally-2"],"yoast_head":"<!-- This site is optimized with the Yoast SEO plugin v27.2 - https:\/\/yoast.com\/product\/yoast-seo-wordpress\/ -->\n<title>Bruno Santos enfrenta 12.\u00aa etapa do Dakar 2026 mais exigente do que o previsto - Portal Tela Portugal<\/title>\n<meta name=\"robots\" content=\"index, follow, max-snippet:-1, max-image-preview:large, max-video-preview:-1\" \/>\n<meta property=\"og:locale\" content=\"pt_PT\" \/>\n<meta property=\"og:type\" content=\"article\" \/>\n<meta property=\"og:title\" content=\"Bruno Santos enfrenta 12.\u00aa etapa do Dakar 2026 mais exigente do que o previsto - Portal Tela Portugal\" \/>\n<meta property=\"og:description\" content=\"Bruno Santos est\u00e1 a um dia de terminar o Dakar Rally 2026, a conduzir uma Husqvarna 450 Rally. O piloto portugu\u00eas apresenta a melhor presta\u00e7\u00e3o da sua participa\u00e7\u00e3o na prova mais exigente de todo-o-terreno. Ocupa o 7.\u00ba lugar entre os pilotos da categoria Rally 2 e tem mantido um lugar no Top 20 geral desde a 4.\u00aa etapa. No Dakar deste ano, com mais de uma centena de concorrentes, Santos \u00e9 o melhor piloto n\u00e3o profissional.\" \/>\n<meta property=\"og:url\" content=\"https:\/\/portaltela.pt\/noticias\/2026\/01\/16\/bruno-santos-enfrenta-12-a-etapa-do-dakar-2026-mais-exigente-do-que-o-previsto\/\" \/>\n<meta property=\"og:site_name\" content=\"Portal Tela Portugal\" \/>\n<meta property=\"article:published_time\" content=\"2026-01-16T15:03:09+00:00\" \/>\n<meta name=\"author\" content=\"Telinha\" \/>\n<meta name=\"twitter:card\" content=\"summary_large_image\" \/>\n<meta name=\"twitter:label1\" content=\"Escrito por\" \/>\n\t<meta name=\"twitter:data1\" content=\"Telinha\" \/>\n\t<meta name=\"twitter:label2\" content=\"Tempo estimado de leitura\" \/>\n\t<meta name=\"twitter:data2\" content=\"1 minuto\" \/>\n<script type=\"application\/ld+json\" class=\"yoast-schema-graph\">{\"@context\":\"https:\/\/schema.org\",\"@graph\":[{\"@type\":\"Article\",\"@id\":\"https:\/\/portaltela.pt\/noticias\/2026\/01\/16\/bruno-santos-enfrenta-12-a-etapa-do-dakar-2026-mais-exigente-do-que-o-previsto\/#article\",\"isPartOf\":{\"@id\":\"https:\/\/portaltela.pt\/noticias\/2026\/01\/16\/bruno-santos-enfrenta-12-a-etapa-do-dakar-2026-mais-exigente-do-que-o-previsto\/\"},\"author\":{\"name\":\"Telinha\",\"@id\":\"https:\/\/portaltela.pt\/#\/schema\/person\/c4278d4a6028830caff9ee44b42d32ed\"},\"headline\":\"Bruno Santos enfrenta 12.\u00aa etapa do Dakar 2026 mais exigente do que o previsto\",\"datePublished\":\"2026-01-16T15:03:09+00:00\",\"mainEntityOfPage\":{\"@id\":\"https:\/\/portaltela.pt\/noticias\/2026\/01\/16\/bruno-santos-enfrenta-12-a-etapa-do-dakar-2026-mais-exigente-do-que-o-previsto\/\"},\"wordCount\":164,\"image\":{\"@id\":\"https:\/\/portaltela.pt\/noticias\/2026\/01\/16\/bruno-santos-enfrenta-12-a-etapa-do-dakar-2026-mais-exigente-do-que-o-previsto\/#primaryimage\"},\"thumbnailUrl\":\"https:\/\/portaltela.pt\/s.01k8rhncp4jt1\/2026\/01\/img_1200x721uu2026-01-16-15-01-43-2415149.jpg\",\"keywords\":[\"Autom\u00f3veis\",\"desporto\",\"Desportos Motorizados\",\"internacionais\",\"Portugal\",\"Rally 2\"],\"articleSection\":[\"Desporto\"],\"inLanguage\":\"pt-PT\"},{\"@type\":\"WebPage\",\"@id\":\"https:\/\/portaltela.pt\/noticias\/2026\/01\/16\/bruno-santos-enfrenta-12-a-etapa-do-dakar-2026-mais-exigente-do-que-o-previsto\/\",\"url\":\"https:\/\/portaltela.pt\/noticias\/2026\/01\/16\/bruno-santos-enfrenta-12-a-etapa-do-dakar-2026-mais-exigente-do-que-o-previsto\/\",\"name\":\"Bruno Santos enfrenta 12.\u00aa etapa do Dakar 2026 mais exigente do que o previsto - Portal Tela Portugal\",\"isPartOf\":{\"@id\":\"https:\/\/portaltela.pt\/#website\"},\"primaryImageOfPage\":{\"@id\":\"https:\/\/portaltela.pt\/noticias\/2026\/01\/16\/bruno-santos-enfrenta-12-a-etapa-do-dakar-2026-mais-exigente-do-que-o-previsto\/#primaryimage\"},\"image\":{\"@id\":\"https:\/\/portaltela.pt\/noticias\/2026\/01\/16\/bruno-santos-enfrenta-12-a-etapa-do-dakar-2026-mais-exigente-do-que-o-previsto\/#primaryimage\"},\"thumbnailUrl\":\"https:\/\/portaltela.pt\/s.01k8rhncp4jt1\/2026\/01\/img_1200x721uu2026-01-16-15-01-43-2415149.jpg\",\"datePublished\":\"2026-01-16T15:03:09+00:00\",\"author\":{\"@id\":\"https:\/\/portaltela.pt\/#\/schema\/person\/c4278d4a6028830caff9ee44b42d32ed\"},\"breadcrumb\":{\"@id\":\"https:\/\/portaltela.pt\/noticias\/2026\/01\/16\/bruno-santos-enfrenta-12-a-etapa-do-dakar-2026-mais-exigente-do-que-o-previsto\/#breadcrumb\"},\"inLanguage\":\"pt-PT\",\"potentialAction\":[{\"@type\":\"ReadAction\",\"target\":[\"https:\/\/portaltela.pt\/noticias\/2026\/01\/16\/bruno-santos-enfrenta-12-a-etapa-do-dakar-2026-mais-exigente-do-que-o-previsto\/\"]}]},{\"@type\":\"ImageObject\",\"inLanguage\":\"pt-PT\",\"@id\":\"https:\/\/portaltela.pt\/noticias\/2026\/01\/16\/bruno-santos-enfrenta-12-a-etapa-do-dakar-2026-mais-exigente-do-que-o-previsto\/#primaryimage\",\"url\":\"https:\/\/portaltela.pt\/s.01k8rhncp4jt1\/2026\/01\/img_1200x721uu2026-01-16-15-01-43-2415149.jpg\",\"contentUrl\":\"https:\/\/portaltela.pt\/s.01k8rhncp4jt1\/2026\/01\/img_1200x721uu2026-01-16-15-01-43-2415149.jpg\",\"width\":796,\"height\":448,\"caption\":\"Bruno Santos e a 12.\u00aa etapa do Dakar'2026: \u00abBem mais dif\u00edcil do que vinha anunciado\u00bb\"},{\"@type\":\"BreadcrumbList\",\"@id\":\"https:\/\/portaltela.pt\/noticias\/2026\/01\/16\/bruno-santos-enfrenta-12-a-etapa-do-dakar-2026-mais-exigente-do-que-o-previsto\/#breadcrumb\",\"itemListElement\":[{\"@type\":\"ListItem\",\"position\":1,\"name\":\"In\u00edcio\",\"item\":\"https:\/\/portaltela.pt\/\"},{\"@type\":\"ListItem\",\"position\":2,\"name\":\"Bruno Santos enfrenta 12.\u00aa etapa do Dakar 2026 mais exigente do que o previsto\"}]},{\"@type\":\"WebSite\",\"@id\":\"https:\/\/portaltela.pt\/#website\",\"url\":\"https:\/\/portaltela.pt\/\",\"name\":\"Portal Tela Portugal\",\"description\":\"\",\"potentialAction\":[{\"@type\":\"SearchAction\",\"target\":{\"@type\":\"EntryPoint\",\"urlTemplate\":\"https:\/\/portaltela.pt\/?s={search_term_string}\"},\"query-input\":{\"@type\":\"PropertyValueSpecification\",\"valueRequired\":true,\"valueName\":\"search_term_string\"}}],\"inLanguage\":\"pt-PT\"},{\"@type\":\"Person\",\"@id\":\"https:\/\/portaltela.pt\/#\/schema\/person\/c4278d4a6028830caff9ee44b42d32ed\",\"name\":\"Telinha\",\"image\":{\"@type\":\"ImageObject\",\"inLanguage\":\"pt-PT\",\"@id\":\"https:\/\/portaltela.pt\/s.01k8rhncp4jt1\/2025\/11\/talking-bot-125x125.png\",\"url\":\"https:\/\/portaltela.pt\/s.01k8rhncp4jt1\/2025\/11\/talking-bot-125x125.png\",\"contentUrl\":\"https:\/\/portaltela.pt\/s.01k8rhncp4jt1\/2025\/11\/talking-bot-125x125.png\",\"caption\":\"Telinha\"},\"sameAs\":[\"https:\/\/portaltela.pt\/\"],\"url\":\"https:\/\/portaltela.pt\/por\/367410592786\/\"}]}<\/script>\n<!-- \/ Yoast SEO plugin. -->","yoast_head_json":{"title":"Bruno Santos enfrenta 12.\u00aa etapa do Dakar 2026 mais exigente do que o previsto - Portal Tela Portugal","robots":{"index":"index","follow":"follow","max-snippet":"max-snippet:-1","max-image-preview":"max-image-preview:large","max-video-preview":"max-video-preview:-1"},"og_locale":"pt_PT","og_type":"article","og_title":"Bruno Santos enfrenta 12.\u00aa etapa do Dakar 2026 mais exigente do que o previsto - Portal Tela Portugal","og_description":"Bruno Santos est\u00e1 a um dia de terminar o Dakar Rally 2026, a conduzir uma Husqvarna 450 Rally. O piloto portugu\u00eas apresenta a melhor presta\u00e7\u00e3o da sua participa\u00e7\u00e3o na prova mais exigente de todo-o-terreno. Ocupa o 7.\u00ba lugar entre os pilotos da categoria Rally 2 e tem mantido um lugar no Top 20 geral desde a 4.\u00aa etapa. No Dakar deste ano, com mais de uma centena de concorrentes, Santos \u00e9 o melhor piloto n\u00e3o profissional.","og_url":"https:\/\/portaltela.pt\/noticias\/2026\/01\/16\/bruno-santos-enfrenta-12-a-etapa-do-dakar-2026-mais-exigente-do-que-o-previsto\/","og_site_name":"Portal Tela Portugal","article_published_time":"2026-01-16T15:03:09+00:00","author":"Telinha","twitter_card":"summary_large_image","twitter_misc":{"Escrito por":"Telinha","Tempo estimado de leitura":"1 minuto"},"schema":{"@context":"https:\/\/schema.org","@graph":[{"@type":"Article","@id":"https:\/\/portaltela.pt\/noticias\/2026\/01\/16\/bruno-santos-enfrenta-12-a-etapa-do-dakar-2026-mais-exigente-do-que-o-previsto\/#article","isPartOf":{"@id":"https:\/\/portaltela.pt\/noticias\/2026\/01\/16\/bruno-santos-enfrenta-12-a-etapa-do-dakar-2026-mais-exigente-do-que-o-previsto\/"},"author":{"name":"Telinha","@id":"https:\/\/portaltela.pt\/#\/schema\/person\/c4278d4a6028830caff9ee44b42d32ed"},"headline":"Bruno Santos enfrenta 12.\u00aa etapa do Dakar 2026 mais exigente do que o previsto","datePublished":"2026-01-16T15:03:09+00:00","mainEntityOfPage":{"@id":"https:\/\/portaltela.pt\/noticias\/2026\/01\/16\/bruno-santos-enfrenta-12-a-etapa-do-dakar-2026-mais-exigente-do-que-o-previsto\/"},"wordCount":164,"image":{"@id":"https:\/\/portaltela.pt\/noticias\/2026\/01\/16\/bruno-santos-enfrenta-12-a-etapa-do-dakar-2026-mais-exigente-do-que-o-previsto\/#primaryimage"},"thumbnailUrl":"https:\/\/portaltela.pt\/s.01k8rhncp4jt1\/2026\/01\/img_1200x721uu2026-01-16-15-01-43-2415149.jpg","keywords":["Autom\u00f3veis","desporto","Desportos Motorizados","internacionais","Portugal","Rally 2"],"articleSection":["Desporto"],"inLanguage":"pt-PT"},{"@type":"WebPage","@id":"https:\/\/portaltela.pt\/noticias\/2026\/01\/16\/bruno-santos-enfrenta-12-a-etapa-do-dakar-2026-mais-exigente-do-que-o-previsto\/","url":"https:\/\/portaltela.pt\/noticias\/2026\/01\/16\/bruno-santos-enfrenta-12-a-etapa-do-dakar-2026-mais-exigente-do-que-o-previsto\/","name":"Bruno Santos enfrenta 12.\u00aa etapa do Dakar 2026 mais exigente do que o previsto - Portal Tela Portugal","isPartOf":{"@id":"https:\/\/portaltela.pt\/#website"},"primaryImageOfPage":{"@id":"https:\/\/portaltela.pt\/noticias\/2026\/01\/16\/bruno-santos-enfrenta-12-a-etapa-do-dakar-2026-mais-exigente-do-que-o-previsto\/#primaryimage"},"image":{"@id":"https:\/\/portaltela.pt\/noticias\/2026\/01\/16\/bruno-santos-enfrenta-12-a-etapa-do-dakar-2026-mais-exigente-do-que-o-previsto\/#primaryimage"},"thumbnailUrl":"https:\/\/portaltela.pt\/s.01k8rhncp4jt1\/2026\/01\/img_1200x721uu2026-01-16-15-01-43-2415149.jpg","datePublished":"2026-01-16T15:03:09+00:00","author":{"@id":"https:\/\/portaltela.pt\/#\/schema\/person\/c4278d4a6028830caff9ee44b42d32ed"},"breadcrumb":{"@id":"https:\/\/portaltela.pt\/noticias\/2026\/01\/16\/bruno-santos-enfrenta-12-a-etapa-do-dakar-2026-mais-exigente-do-que-o-previsto\/#breadcrumb"},"inLanguage":"pt-PT","potentialAction":[{"@type":"ReadAction","target":["https:\/\/portaltela.pt\/noticias\/2026\/01\/16\/bruno-santos-enfrenta-12-a-etapa-do-dakar-2026-mais-exigente-do-que-o-previsto\/"]}]},{"@type":"ImageObject","inLanguage":"pt-PT","@id":"https:\/\/portaltela.pt\/noticias\/2026\/01\/16\/bruno-santos-enfrenta-12-a-etapa-do-dakar-2026-mais-exigente-do-que-o-previsto\/#primaryimage","url":"https:\/\/portaltela.pt\/s.01k8rhncp4jt1\/2026\/01\/img_1200x721uu2026-01-16-15-01-43-2415149.jpg","contentUrl":"https:\/\/portaltela.pt\/s.01k8rhncp4jt1\/2026\/01\/img_1200x721uu2026-01-16-15-01-43-2415149.jpg","width":796,"height":448,"caption":"Bruno Santos e a 12.\u00aa etapa do Dakar'2026: \u00abBem mais dif\u00edcil do que vinha anunciado\u00bb"},{"@type":"BreadcrumbList","@id":"https:\/\/portaltela.pt\/noticias\/2026\/01\/16\/bruno-santos-enfrenta-12-a-etapa-do-dakar-2026-mais-exigente-do-que-o-previsto\/#breadcrumb","itemListElement":[{"@type":"ListItem","position":1,"name":"In\u00edcio","item":"https:\/\/portaltela.pt\/"},{"@type":"ListItem","position":2,"name":"Bruno Santos enfrenta 12.\u00aa etapa do Dakar 2026 mais exigente do que o previsto"}]},{"@type":"WebSite","@id":"https:\/\/portaltela.pt\/#website","url":"https:\/\/portaltela.pt\/","name":"Portal Tela Portugal","description":"","potentialAction":[{"@type":"SearchAction","target":{"@type":"EntryPoint","urlTemplate":"https:\/\/portaltela.pt\/?s={search_term_string}"},"query-input":{"@type":"PropertyValueSpecification","valueRequired":true,"valueName":"search_term_string"}}],"inLanguage":"pt-PT"},{"@type":"Person","@id":"https:\/\/portaltela.pt\/#\/schema\/person\/c4278d4a6028830caff9ee44b42d32ed","name":"Telinha","image":{"@type":"ImageObject","inLanguage":"pt-PT","@id":"https:\/\/portaltela.pt\/s.01k8rhncp4jt1\/2025\/11\/talking-bot-125x125.png","url":"https:\/\/portaltela.pt\/s.01k8rhncp4jt1\/2025\/11\/talking-bot-125x125.png","contentUrl":"https:\/\/portaltela.pt\/s.01k8rhncp4jt1\/2025\/11\/talking-bot-125x125.png","caption":"Telinha"},"sameAs":["https:\/\/portaltela.pt\/"],"url":"https:\/\/portaltela.pt\/por\/367410592786\/"}]}},"_links":{"self":[{"href":"https:\/\/portaltela.pt\/api\/wp\/v2\/posts\/145945","targetHints":{"allow":["GET"]}}],"collection":[{"href":"https:\/\/portaltela.pt\/api\/wp\/v2\/posts"}],"about":[{"href":"https:\/\/portaltela.pt\/api\/wp\/v2\/types\/post"}],"author":[{"embeddable":true,"href":"https:\/\/portaltela.pt\/api\/wp\/v2\/users\/2"}],"replies":[{"embeddable":true,"href":"https:\/\/portaltela.pt\/api\/wp\/v2\/comments?post=145945"}],"version-history":[{"count":0,"href":"https:\/\/portaltela.pt\/api\/wp\/v2\/posts\/145945\/revisions"}],"wp:featuredmedia":[{"embeddable":true,"href":"https:\/\/portaltela.pt\/api\/wp\/v2\/media\/145947"}],"wp:attachment":[{"href":"https:\/\/portaltela.pt\/api\/wp\/v2\/media?parent=145945"}],"wp:term":[{"taxonomy":"category","embeddable":true,"href":"https:\/\/portaltela.pt\/api\/wp\/v2\/categories?post=145945"},{"taxonomy":"post_tag","embeddable":true,"href":"https:\/\/portaltela.pt\/api\/wp\/v2\/tags?post=145945"}],"curies":[{"name":"wp","href":"https:\/\/api.w.org\/{rel}","templated":true}]}}