{"id":145872,"date":"2026-01-16T11:04:00","date_gmt":"2026-01-16T14:04:00","guid":{"rendered":"https:\/\/portaltela.pt\/noticias\/2026\/01\/16\/maioria-das-escolas-utiliza-profissionais-sem-formacao-docente-para-lecionar\/"},"modified":"2026-01-16T11:04:00","modified_gmt":"2026-01-16T14:04:00","slug":"maioria-das-escolas-utiliza-profissionais-sem-formacao-docente-para-lecionar","status":"publish","type":"post","link":"https:\/\/portaltela.pt\/noticias\/2026\/01\/16\/maioria-das-escolas-utiliza-profissionais-sem-formacao-docente-para-lecionar\/","title":{"rendered":"Maioria das escolas utiliza profissionais sem forma\u00e7\u00e3o docente para lecionar"},"content":{"rendered":"<p>Desde o norte ao sul do pa\u00eds, diretores de escolas voltaram a enfrentar a falta de docentes e a dificuldade de preencher vagas. O desafio surgiu no primeiro per\u00edodo letivo, quando foi necess\u00e1rio encontrar solu\u00e7\u00f5es r\u00e1pidas para manter as aulas.<\/p>\n<p>Um inqu\u00e9rito do movimento Miss\u00e3o Escola P\u00fablica revelou que 171 escolas ou agrupamentos, correspondentes a 75% do universo estudado, recorreram a profissionais sem forma\u00e7\u00e3o em ensino para preencher hor\u00e1rios vazios. O levantamento envolveu 222 escolas e agrupamentos de v\u00e1rias dimens\u00f5es.<\/p>\n<p>O inqu\u00e9rito indica que a solu\u00e7\u00e3o mais comum foi atribuir hor\u00e1rios a profissionais sem habilita\u00e7\u00e3o pedag\u00f3gica. Em m\u00e9dia, foram criados at\u00e9 10 hor\u00e1rios por institui\u00e7\u00e3o, com 9% a registar entre 11 e 20 hor\u00e1rios. Dois diretores indicaram ter tido mais de 50 hor\u00e1rios atribu\u00eddos sem forma\u00e7\u00e3o pedag\u00f3gica.<\/p>\n<p>Para o movimento, a pr\u00e1tica exige cautela: substitui professores qualificados por pessoal sem prepara\u00e7\u00e3o espec\u00edfica, o que pode colocar em risco a qualidade do ensino. A organiza\u00e7\u00e3o sustenta que o problema n\u00e3o est\u00e1 mais apenas no sul, mas \u00e9 uma realidade nacional.<\/p>\n<h3>Dados regionais e perspetivas<\/h3>\n<p>O inqu\u00e9rito abrangeu escolas de diferentes dimens\u00f5es, desde estabelecimentos com menos de 500 alunos at\u00e9 outros com mais de 2000, e com quadros docentes desde menos de 50 at\u00e9 acima de 200. Os resultados destacam a gravidade da maior parte das escolas a lidar com o mesmo desafio.<\/p>\n<p>Especialistas ouvidos no estudo lembram que a solu\u00e7\u00e3o tempor\u00e1ria pode agravar dificuldades pedag\u00f3gicas a longo prazo. A Miss\u00e3o Escola P\u00fablica refor\u00e7a a necessidade de medidas estruturais para atrair e reter profissionais qualificados.<\/p>\n","protected":false},"excerpt":{"rendered":"<ul>\n<li>Um inqu\u00e9rito junto 222 escolas e agrupamentos (27% do total nacional) mostrou que a maioria recorreu a profissionais sem mestrado em ensino para dar aulas no primeiro per\u00edodo.<\/li>\n<li>Em 171 escolas (75% do universo analisado) a solu\u00e7\u00e3o foi atribuir hor\u00e1rios vazios a profissionais sem forma\u00e7\u00e3o em ensino.<\/li>\n<li>A distribui\u00e7\u00e3o foi de at\u00e9 dez hor\u00e1rios dispon\u00edveis para docentes com habilita\u00e7\u00e3o pr\u00f3pria, 9% atribu\u00edram entre 11 e 20 hor\u00e1rios, e houve dois casos com mais de 50 hor\u00e1rios.<\/li>\n<li>O movimento Miss\u00e3o Escola P\u00fablica considera que esta solu\u00e7\u00e3o ultrapassa uma medida de emerg\u00eancia e implica riscos para a qualidade de ensino.<\/li>\n<li>A organiza\u00e7\u00e3o alerta que o problema da falta de professores \u00e9 nacional, n\u00e3o ficando limitado ao sul do pa\u00eds.<\/li>\n<\/ul>\n","protected":false},"author":2,"featured_media":145878,"comment_status":"closed","ping_status":"closed","sticky":false,"template":"","format":"standard","meta":{"footnotes":""},"categories":[1],"tags":[163,2153,2443,92,1806,97],"class_list":["post-145872","post","type-post","status-publish","format-standard","has-post-thumbnail","hentry","category-noticias","tag-educacao","tag-educacao-escolar","tag-educacao-publica","tag-ensino","tag-falta-de-habilitacao","tag-professores"],"yoast_head":"<!-- This site is optimized with the Yoast SEO plugin v27.2 - https:\/\/yoast.com\/product\/yoast-seo-wordpress\/ -->\n<title>Maioria das escolas utiliza profissionais sem forma\u00e7\u00e3o docente para lecionar - Portal Tela Portugal<\/title>\n<meta name=\"robots\" content=\"index, follow, max-snippet:-1, max-image-preview:large, max-video-preview:-1\" \/>\n<meta property=\"og:locale\" content=\"pt_PT\" \/>\n<meta property=\"og:type\" content=\"article\" \/>\n<meta property=\"og:title\" content=\"Maioria das escolas utiliza profissionais sem forma\u00e7\u00e3o docente para lecionar - Portal Tela Portugal\" \/>\n<meta property=\"og:description\" content=\"Um inqu\u00e9rito junto 222 escolas e agrupamentos (27% do total nacional) mostrou que a maioria recorreu a profissionais sem mestrado em ensino para dar aulas no primeiro per\u00edodo. Em 171 escolas (75% do universo analisado) a solu\u00e7\u00e3o foi atribuir hor\u00e1rios vazios a profissionais sem forma\u00e7\u00e3o em ensino. A distribui\u00e7\u00e3o foi de at\u00e9 dez hor\u00e1rios dispon\u00edveis para docentes com habilita\u00e7\u00e3o pr\u00f3pria, 9% atribu\u00edram entre 11 e 20 hor\u00e1rios, e houve dois casos com mais de 50 hor\u00e1rios. O movimento Miss\u00e3o Escola P\u00fablica considera que esta solu\u00e7\u00e3o ultrapassa uma medida de emerg\u00eancia e implica riscos para a qualidade de ensino. A organiza\u00e7\u00e3o alerta que o problema da falta de professores \u00e9 nacional, n\u00e3o ficando limitado ao sul do pa\u00eds.\" \/>\n<meta property=\"og:url\" content=\"https:\/\/portaltela.pt\/noticias\/2026\/01\/16\/maioria-das-escolas-utiliza-profissionais-sem-formacao-docente-para-lecionar\/\" \/>\n<meta property=\"og:site_name\" content=\"Portal Tela Portugal\" \/>\n<meta property=\"article:published_time\" content=\"2026-01-16T14:04:00+00:00\" \/>\n<meta name=\"author\" content=\"Telinha\" \/>\n<meta name=\"twitter:card\" content=\"summary_large_image\" \/>\n<meta name=\"twitter:label1\" content=\"Escrito por\" \/>\n\t<meta name=\"twitter:data1\" content=\"Telinha\" \/>\n\t<meta name=\"twitter:label2\" content=\"Tempo estimado de leitura\" \/>\n\t<meta name=\"twitter:data2\" content=\"1 minuto\" \/>\n<script type=\"application\/ld+json\" class=\"yoast-schema-graph\">{\"@context\":\"https:\/\/schema.org\",\"@graph\":[{\"@type\":\"Article\",\"@id\":\"https:\/\/portaltela.pt\/noticias\/2026\/01\/16\/maioria-das-escolas-utiliza-profissionais-sem-formacao-docente-para-lecionar\/#article\",\"isPartOf\":{\"@id\":\"https:\/\/portaltela.pt\/noticias\/2026\/01\/16\/maioria-das-escolas-utiliza-profissionais-sem-formacao-docente-para-lecionar\/\"},\"author\":{\"name\":\"Telinha\",\"@id\":\"https:\/\/portaltela.pt\/#\/schema\/person\/c4278d4a6028830caff9ee44b42d32ed\"},\"headline\":\"Maioria das escolas utiliza profissionais sem forma\u00e7\u00e3o docente para lecionar\",\"datePublished\":\"2026-01-16T14:04:00+00:00\",\"mainEntityOfPage\":{\"@id\":\"https:\/\/portaltela.pt\/noticias\/2026\/01\/16\/maioria-das-escolas-utiliza-profissionais-sem-formacao-docente-para-lecionar\/\"},\"wordCount\":289,\"image\":{\"@id\":\"https:\/\/portaltela.pt\/noticias\/2026\/01\/16\/maioria-das-escolas-utiliza-profissionais-sem-formacao-docente-para-lecionar\/#primaryimage\"},\"thumbnailUrl\":\"https:\/\/portaltela.pt\/s.01k8rhncp4jt1\/2026\/01\/img_1280x721uu2019-12-23-22-50-51-912103.jpg\",\"keywords\":[\"educa\u00e7\u00e3o\",\"educa\u00e7\u00e3o escolar\",\"educa\u00e7\u00e3o p\u00fablica\",\"ensino\",\"falta de habilita\u00e7\u00e3o\",\"professores\"],\"articleSection\":[\"Not\u00edcias\"],\"inLanguage\":\"pt-PT\"},{\"@type\":\"WebPage\",\"@id\":\"https:\/\/portaltela.pt\/noticias\/2026\/01\/16\/maioria-das-escolas-utiliza-profissionais-sem-formacao-docente-para-lecionar\/\",\"url\":\"https:\/\/portaltela.pt\/noticias\/2026\/01\/16\/maioria-das-escolas-utiliza-profissionais-sem-formacao-docente-para-lecionar\/\",\"name\":\"Maioria das escolas utiliza profissionais sem forma\u00e7\u00e3o docente para lecionar - Portal Tela Portugal\",\"isPartOf\":{\"@id\":\"https:\/\/portaltela.pt\/#website\"},\"primaryImageOfPage\":{\"@id\":\"https:\/\/portaltela.pt\/noticias\/2026\/01\/16\/maioria-das-escolas-utiliza-profissionais-sem-formacao-docente-para-lecionar\/#primaryimage\"},\"image\":{\"@id\":\"https:\/\/portaltela.pt\/noticias\/2026\/01\/16\/maioria-das-escolas-utiliza-profissionais-sem-formacao-docente-para-lecionar\/#primaryimage\"},\"thumbnailUrl\":\"https:\/\/portaltela.pt\/s.01k8rhncp4jt1\/2026\/01\/img_1280x721uu2019-12-23-22-50-51-912103.jpg\",\"datePublished\":\"2026-01-16T14:04:00+00:00\",\"author\":{\"@id\":\"https:\/\/portaltela.pt\/#\/schema\/person\/c4278d4a6028830caff9ee44b42d32ed\"},\"breadcrumb\":{\"@id\":\"https:\/\/portaltela.pt\/noticias\/2026\/01\/16\/maioria-das-escolas-utiliza-profissionais-sem-formacao-docente-para-lecionar\/#breadcrumb\"},\"inLanguage\":\"pt-PT\",\"potentialAction\":[{\"@type\":\"ReadAction\",\"target\":[\"https:\/\/portaltela.pt\/noticias\/2026\/01\/16\/maioria-das-escolas-utiliza-profissionais-sem-formacao-docente-para-lecionar\/\"]}]},{\"@type\":\"ImageObject\",\"inLanguage\":\"pt-PT\",\"@id\":\"https:\/\/portaltela.pt\/noticias\/2026\/01\/16\/maioria-das-escolas-utiliza-profissionais-sem-formacao-docente-para-lecionar\/#primaryimage\",\"url\":\"https:\/\/portaltela.pt\/s.01k8rhncp4jt1\/2026\/01\/img_1280x721uu2019-12-23-22-50-51-912103.jpg\",\"contentUrl\":\"https:\/\/portaltela.pt\/s.01k8rhncp4jt1\/2026\/01\/img_1280x721uu2019-12-23-22-50-51-912103.jpg\",\"width\":796,\"height\":448,\"caption\":\"Escolas\"},{\"@type\":\"BreadcrumbList\",\"@id\":\"https:\/\/portaltela.pt\/noticias\/2026\/01\/16\/maioria-das-escolas-utiliza-profissionais-sem-formacao-docente-para-lecionar\/#breadcrumb\",\"itemListElement\":[{\"@type\":\"ListItem\",\"position\":1,\"name\":\"In\u00edcio\",\"item\":\"https:\/\/portaltela.pt\/\"},{\"@type\":\"ListItem\",\"position\":2,\"name\":\"Maioria das escolas utiliza profissionais sem forma\u00e7\u00e3o docente para lecionar\"}]},{\"@type\":\"WebSite\",\"@id\":\"https:\/\/portaltela.pt\/#website\",\"url\":\"https:\/\/portaltela.pt\/\",\"name\":\"Portal Tela Portugal\",\"description\":\"\",\"potentialAction\":[{\"@type\":\"SearchAction\",\"target\":{\"@type\":\"EntryPoint\",\"urlTemplate\":\"https:\/\/portaltela.pt\/?s={search_term_string}\"},\"query-input\":{\"@type\":\"PropertyValueSpecification\",\"valueRequired\":true,\"valueName\":\"search_term_string\"}}],\"inLanguage\":\"pt-PT\"},{\"@type\":\"Person\",\"@id\":\"https:\/\/portaltela.pt\/#\/schema\/person\/c4278d4a6028830caff9ee44b42d32ed\",\"name\":\"Telinha\",\"image\":{\"@type\":\"ImageObject\",\"inLanguage\":\"pt-PT\",\"@id\":\"https:\/\/portaltela.pt\/s.01k8rhncp4jt1\/2025\/11\/talking-bot-125x125.png\",\"url\":\"https:\/\/portaltela.pt\/s.01k8rhncp4jt1\/2025\/11\/talking-bot-125x125.png\",\"contentUrl\":\"https:\/\/portaltela.pt\/s.01k8rhncp4jt1\/2025\/11\/talking-bot-125x125.png\",\"caption\":\"Telinha\"},\"sameAs\":[\"https:\/\/portaltela.pt\/\"],\"url\":\"https:\/\/portaltela.pt\/por\/367410592786\/\"}]}<\/script>\n<!-- \/ Yoast SEO plugin. -->","yoast_head_json":{"title":"Maioria das escolas utiliza profissionais sem forma\u00e7\u00e3o docente para lecionar - Portal Tela Portugal","robots":{"index":"index","follow":"follow","max-snippet":"max-snippet:-1","max-image-preview":"max-image-preview:large","max-video-preview":"max-video-preview:-1"},"og_locale":"pt_PT","og_type":"article","og_title":"Maioria das escolas utiliza profissionais sem forma\u00e7\u00e3o docente para lecionar - Portal Tela Portugal","og_description":"Um inqu\u00e9rito junto 222 escolas e agrupamentos (27% do total nacional) mostrou que a maioria recorreu a profissionais sem mestrado em ensino para dar aulas no primeiro per\u00edodo. Em 171 escolas (75% do universo analisado) a solu\u00e7\u00e3o foi atribuir hor\u00e1rios vazios a profissionais sem forma\u00e7\u00e3o em ensino. A distribui\u00e7\u00e3o foi de at\u00e9 dez hor\u00e1rios dispon\u00edveis para docentes com habilita\u00e7\u00e3o pr\u00f3pria, 9% atribu\u00edram entre 11 e 20 hor\u00e1rios, e houve dois casos com mais de 50 hor\u00e1rios. O movimento Miss\u00e3o Escola P\u00fablica considera que esta solu\u00e7\u00e3o ultrapassa uma medida de emerg\u00eancia e implica riscos para a qualidade de ensino. A organiza\u00e7\u00e3o alerta que o problema da falta de professores \u00e9 nacional, n\u00e3o ficando limitado ao sul do pa\u00eds.","og_url":"https:\/\/portaltela.pt\/noticias\/2026\/01\/16\/maioria-das-escolas-utiliza-profissionais-sem-formacao-docente-para-lecionar\/","og_site_name":"Portal Tela Portugal","article_published_time":"2026-01-16T14:04:00+00:00","author":"Telinha","twitter_card":"summary_large_image","twitter_misc":{"Escrito por":"Telinha","Tempo estimado de leitura":"1 minuto"},"schema":{"@context":"https:\/\/schema.org","@graph":[{"@type":"Article","@id":"https:\/\/portaltela.pt\/noticias\/2026\/01\/16\/maioria-das-escolas-utiliza-profissionais-sem-formacao-docente-para-lecionar\/#article","isPartOf":{"@id":"https:\/\/portaltela.pt\/noticias\/2026\/01\/16\/maioria-das-escolas-utiliza-profissionais-sem-formacao-docente-para-lecionar\/"},"author":{"name":"Telinha","@id":"https:\/\/portaltela.pt\/#\/schema\/person\/c4278d4a6028830caff9ee44b42d32ed"},"headline":"Maioria das escolas utiliza profissionais sem forma\u00e7\u00e3o docente para lecionar","datePublished":"2026-01-16T14:04:00+00:00","mainEntityOfPage":{"@id":"https:\/\/portaltela.pt\/noticias\/2026\/01\/16\/maioria-das-escolas-utiliza-profissionais-sem-formacao-docente-para-lecionar\/"},"wordCount":289,"image":{"@id":"https:\/\/portaltela.pt\/noticias\/2026\/01\/16\/maioria-das-escolas-utiliza-profissionais-sem-formacao-docente-para-lecionar\/#primaryimage"},"thumbnailUrl":"https:\/\/portaltela.pt\/s.01k8rhncp4jt1\/2026\/01\/img_1280x721uu2019-12-23-22-50-51-912103.jpg","keywords":["educa\u00e7\u00e3o","educa\u00e7\u00e3o escolar","educa\u00e7\u00e3o p\u00fablica","ensino","falta de habilita\u00e7\u00e3o","professores"],"articleSection":["Not\u00edcias"],"inLanguage":"pt-PT"},{"@type":"WebPage","@id":"https:\/\/portaltela.pt\/noticias\/2026\/01\/16\/maioria-das-escolas-utiliza-profissionais-sem-formacao-docente-para-lecionar\/","url":"https:\/\/portaltela.pt\/noticias\/2026\/01\/16\/maioria-das-escolas-utiliza-profissionais-sem-formacao-docente-para-lecionar\/","name":"Maioria das escolas utiliza profissionais sem forma\u00e7\u00e3o docente para lecionar - Portal Tela Portugal","isPartOf":{"@id":"https:\/\/portaltela.pt\/#website"},"primaryImageOfPage":{"@id":"https:\/\/portaltela.pt\/noticias\/2026\/01\/16\/maioria-das-escolas-utiliza-profissionais-sem-formacao-docente-para-lecionar\/#primaryimage"},"image":{"@id":"https:\/\/portaltela.pt\/noticias\/2026\/01\/16\/maioria-das-escolas-utiliza-profissionais-sem-formacao-docente-para-lecionar\/#primaryimage"},"thumbnailUrl":"https:\/\/portaltela.pt\/s.01k8rhncp4jt1\/2026\/01\/img_1280x721uu2019-12-23-22-50-51-912103.jpg","datePublished":"2026-01-16T14:04:00+00:00","author":{"@id":"https:\/\/portaltela.pt\/#\/schema\/person\/c4278d4a6028830caff9ee44b42d32ed"},"breadcrumb":{"@id":"https:\/\/portaltela.pt\/noticias\/2026\/01\/16\/maioria-das-escolas-utiliza-profissionais-sem-formacao-docente-para-lecionar\/#breadcrumb"},"inLanguage":"pt-PT","potentialAction":[{"@type":"ReadAction","target":["https:\/\/portaltela.pt\/noticias\/2026\/01\/16\/maioria-das-escolas-utiliza-profissionais-sem-formacao-docente-para-lecionar\/"]}]},{"@type":"ImageObject","inLanguage":"pt-PT","@id":"https:\/\/portaltela.pt\/noticias\/2026\/01\/16\/maioria-das-escolas-utiliza-profissionais-sem-formacao-docente-para-lecionar\/#primaryimage","url":"https:\/\/portaltela.pt\/s.01k8rhncp4jt1\/2026\/01\/img_1280x721uu2019-12-23-22-50-51-912103.jpg","contentUrl":"https:\/\/portaltela.pt\/s.01k8rhncp4jt1\/2026\/01\/img_1280x721uu2019-12-23-22-50-51-912103.jpg","width":796,"height":448,"caption":"Escolas"},{"@type":"BreadcrumbList","@id":"https:\/\/portaltela.pt\/noticias\/2026\/01\/16\/maioria-das-escolas-utiliza-profissionais-sem-formacao-docente-para-lecionar\/#breadcrumb","itemListElement":[{"@type":"ListItem","position":1,"name":"In\u00edcio","item":"https:\/\/portaltela.pt\/"},{"@type":"ListItem","position":2,"name":"Maioria das escolas utiliza profissionais sem forma\u00e7\u00e3o docente para lecionar"}]},{"@type":"WebSite","@id":"https:\/\/portaltela.pt\/#website","url":"https:\/\/portaltela.pt\/","name":"Portal Tela Portugal","description":"","potentialAction":[{"@type":"SearchAction","target":{"@type":"EntryPoint","urlTemplate":"https:\/\/portaltela.pt\/?s={search_term_string}"},"query-input":{"@type":"PropertyValueSpecification","valueRequired":true,"valueName":"search_term_string"}}],"inLanguage":"pt-PT"},{"@type":"Person","@id":"https:\/\/portaltela.pt\/#\/schema\/person\/c4278d4a6028830caff9ee44b42d32ed","name":"Telinha","image":{"@type":"ImageObject","inLanguage":"pt-PT","@id":"https:\/\/portaltela.pt\/s.01k8rhncp4jt1\/2025\/11\/talking-bot-125x125.png","url":"https:\/\/portaltela.pt\/s.01k8rhncp4jt1\/2025\/11\/talking-bot-125x125.png","contentUrl":"https:\/\/portaltela.pt\/s.01k8rhncp4jt1\/2025\/11\/talking-bot-125x125.png","caption":"Telinha"},"sameAs":["https:\/\/portaltela.pt\/"],"url":"https:\/\/portaltela.pt\/por\/367410592786\/"}]}},"_links":{"self":[{"href":"https:\/\/portaltela.pt\/api\/wp\/v2\/posts\/145872","targetHints":{"allow":["GET"]}}],"collection":[{"href":"https:\/\/portaltela.pt\/api\/wp\/v2\/posts"}],"about":[{"href":"https:\/\/portaltela.pt\/api\/wp\/v2\/types\/post"}],"author":[{"embeddable":true,"href":"https:\/\/portaltela.pt\/api\/wp\/v2\/users\/2"}],"replies":[{"embeddable":true,"href":"https:\/\/portaltela.pt\/api\/wp\/v2\/comments?post=145872"}],"version-history":[{"count":0,"href":"https:\/\/portaltela.pt\/api\/wp\/v2\/posts\/145872\/revisions"}],"wp:featuredmedia":[{"embeddable":true,"href":"https:\/\/portaltela.pt\/api\/wp\/v2\/media\/145878"}],"wp:attachment":[{"href":"https:\/\/portaltela.pt\/api\/wp\/v2\/media?parent=145872"}],"wp:term":[{"taxonomy":"category","embeddable":true,"href":"https:\/\/portaltela.pt\/api\/wp\/v2\/categories?post=145872"},{"taxonomy":"post_tag","embeddable":true,"href":"https:\/\/portaltela.pt\/api\/wp\/v2\/tags?post=145872"}],"curies":[{"name":"wp","href":"https:\/\/api.w.org\/{rel}","templated":true}]}}